{"id":11647,"date":"2020-12-02T10:52:41","date_gmt":"2020-12-02T09:52:41","guid":{"rendered":"https:\/\/www.rekubik.de\/magazin\/?p=11647"},"modified":"2020-12-02T12:40:39","modified_gmt":"2020-12-02T11:40:39","slug":"mostfass-maischetank-obsternte","status":"publish","type":"post","link":"https:\/\/www.rekubik.de\/magazin\/mostfass-maischetank-obsternte\/","title":{"rendered":"Mit\u00a0Mostfass\u00a0und Maischetank die herbstliche Obsternte veredeln"},"content":{"rendered":"<p style=\"text-align: justify;\"><b><span data-contrast=\"auto\">Die Fr\u00fcchte des eigenen Gartens machen es meist problemlos m\u00f6glich, Most oder Obstwein selbst herzustellen. Das wichtigste Zubeh\u00f6r daf\u00fcr\u00a0<\/span><\/b><b><span data-contrast=\"auto\">sind<\/span><\/b><b><span data-contrast=\"auto\">\u00a0ein\u00a0<\/span><\/b><a href=\"https:\/\/www.rekubik.de\/kanister-zubehoer\/kanister-faesser\/\"><b><span data-contrast=\"none\">Maischefass bzw. ein\u00a0<\/span><\/b><b><span data-contrast=\"none\">Mostfass<\/span><\/b><\/a><b><span data-contrast=\"auto\">\u00a0<\/span><\/b><b><span data-contrast=\"auto\">\u2013<\/span><\/b><b><span data-contrast=\"auto\">\u00a0und nat\u00fcrlich die Fr\u00fcchte selbst. Die Herstellung selbst bis hin zur G\u00e4rung\u00a0<\/span><\/b><b><span data-contrast=\"auto\">ist relativ<\/span><\/b><b><span data-contrast=\"auto\">\u00a0einfach und erfordert nur geringe Kenntnisse. Worauf es dabei ankommt und worauf es beim F\u00e4sser-Kauf zu achten gilt, erfahren Sie hier.<\/span><\/b><\/p>\n<h2><span data-contrast=\"auto\">Herbstzeit ist Erntezeit<\/span><\/h2>\n<p style=\"text-align: justify;\"><span data-contrast=\"auto\">Das gilt auch f\u00fcr den eigenen Garten. Zu dieser Jahreszeit tragen B\u00e4ume und Str\u00e4ucher in der Regel Obst in H\u00fclle und F\u00fclle. Meist ist der Trag sogar derart gro\u00df, dass man ihn zusammen mit der Familie gar nicht verzehren kann. Dann stellt sich\u00a0<\/span><span data-contrast=\"auto\">nat\u00fcrlich die<\/span><span data-contrast=\"auto\">\u00a0Frage: Was tun mit dem ganzen Obst? Es einwecken oder an Freunde und Nachbarn verschenken<\/span><span data-contrast=\"auto\">,<\/span><span data-contrast=\"auto\">\u00a0ist die h\u00e4ufigste Antwort auf<\/span><span data-contrast=\"auto\">\u00a0diese Frage<\/span><span data-contrast=\"auto\">. Es gibt allerdings auch eine L\u00f6sung, mit der mittlerweile immer mehr Gartenbesitzer zumindest lieb\u00e4ugeln.<\/span><\/p>\n<figure id=\"attachment_11667\" aria-describedby=\"caption-attachment-11667\" style=\"width: 900px\" class=\"wp-caption aligncenter\"><img loading=\"lazy\" decoding=\"async\" class=\"wp-image-11667 size-full\" title=\"Die Herstellung von Most oder Fruchtwein kann schnell zum Hobby werden\" src=\"https:\/\/www.rekubik.de\/magazin\/wp-content\/uploads\/2020\/12\/winzer-eigenbedarf.jpg\" alt=\"winzer-eigenbedarf-mostfass-maischetank-obsternte\" width=\"900\" height=\"599\" srcset=\"https:\/\/www.rekubik.de\/magazin\/wp-content\/uploads\/2020\/12\/winzer-eigenbedarf.jpg 900w, https:\/\/www.rekubik.de\/magazin\/wp-content\/uploads\/2020\/12\/winzer-eigenbedarf-300x200.jpg 300w, https:\/\/www.rekubik.de\/magazin\/wp-content\/uploads\/2020\/12\/winzer-eigenbedarf-768x511.jpg 768w, https:\/\/www.rekubik.de\/magazin\/wp-content\/uploads\/2020\/12\/winzer-eigenbedarf-352x233.jpg 352w\" sizes=\"(max-width: 900px) 100vw, 900px\" \/><figcaption id=\"caption-attachment-11667\" class=\"wp-caption-text\">\u00a9 barmalini \u2013 stock.adobe.com<\/figcaption><\/figure>\n<p style=\"text-align: justify;\"><span data-contrast=\"auto\">Warum nicht Most oder Obstwein daraus machen? Dann w\u00fcrden die vorhandenen Fr\u00fcchte nicht <\/span><span data-contrast=\"auto\">einfach nur<\/span><span data-contrast=\"auto\">\u00a0verwertet, sondern\u00a0<\/span><span data-contrast=\"auto\">sogar<\/span><span data-contrast=\"auto\">\u00a0veredelt werden. Man k\u00f6nnte sie dann auch viel sp\u00e4ter genie\u00dfen und sich beispielsweise an Weihnachten auf Apfelmost oder Kirschwein aus dem eigenen Garten freuen. Most oder Fruchtwein herzustellen ist verh\u00e4ltnism\u00e4\u00dfig einfach. Man braucht dazu kaum Ger\u00e4te und nur wenige Kenntnisse\u00a0<\/span><span data-contrast=\"auto\">\u2013<\/span><span data-contrast=\"auto\">\u00a0jedenfalls am Anfang. Und wer wei\u00df, vielleicht entdeckt man dadurch ein faszinierendes Hobby, das einen mehr und mehr zum Winzer f\u00fcr den Eigenbedarf werden l\u00e4sst.<\/span><\/p>\n<h2><span data-contrast=\"auto\">Mit einem\u00a0<\/span><span data-contrast=\"auto\">Mostfass<\/span><span data-contrast=\"auto\">\u00a0beginnt der Weg von der Frucht zum Wein<\/span><\/h2>\n<p style=\"text-align: justify;\"><span data-contrast=\"auto\">Hat man sich dazu entschlossen, aus den Fr\u00fcchten im Garten Most oder Fruchtwein zu machen, braucht man zun\u00e4chst einmal ein geeignetes Fass. Mit ihm\u00a0<\/span><span data-contrast=\"auto\">beginnt<\/span><span data-contrast=\"auto\">\u00a0der Prozess des Weinmachens. Der Grund daf\u00fcr ist einfach: In diesem Fass wird nicht nur die Maische zubereitet, es dient h\u00e4ufig auch als Lagerbeh\u00e4lter f\u00fcr den fertigen Most. Maische? Dabei handelt es sich um einen recht fl\u00fcssigen Brei aus zerkleinertem Obst. Die Maische bzw. der Saft der Maische w<\/span><span data-contrast=\"auto\">erden<\/span><span data-contrast=\"auto\">\u00a0anschlie\u00dfend zum G\u00e4ren gebracht. So\u00a0<\/span><span data-contrast=\"auto\">entsteht\u00a0<\/span><span data-contrast=\"auto\">letztlich<\/span><span data-contrast=\"auto\">\u00a0Wein. Werden dabei vornehmlich \u00c4pfel und Birnen verarbeitet<\/span><span data-contrast=\"auto\">,<\/span><span data-contrast=\"auto\">\u00a0spricht man<\/span><span data-contrast=\"auto\">\u00a0klassisch<\/span><span data-contrast=\"auto\">\u00a0von Most. Aus Kirschen, Erdbeeren, Zwetschgen\u00a0<\/span><span data-contrast=\"auto\">und anderen<\/span><span data-contrast=\"auto\"> Fr\u00fcchten gewinnt man Obstwein.<\/span><\/p>\n<figure id=\"attachment_11664\" aria-describedby=\"caption-attachment-11664\" style=\"width: 900px\" class=\"wp-caption aligncenter\"><img loading=\"lazy\" decoding=\"async\" class=\"wp-image-11664 size-full\" title=\"Obstwein wird aus Kirschen, Erdbeeren, Zwetschgen und anderen Fr\u00fcchten gewonnen\" src=\"https:\/\/www.rekubik.de\/magazin\/wp-content\/uploads\/2020\/12\/kirschwein.jpg\" alt=\"kirschwein-mostfass-maischetank-obsternte\" width=\"900\" height=\"618\" srcset=\"https:\/\/www.rekubik.de\/magazin\/wp-content\/uploads\/2020\/12\/kirschwein.jpg 900w, https:\/\/www.rekubik.de\/magazin\/wp-content\/uploads\/2020\/12\/kirschwein-300x206.jpg 300w, https:\/\/www.rekubik.de\/magazin\/wp-content\/uploads\/2020\/12\/kirschwein-768x527.jpg 768w, https:\/\/www.rekubik.de\/magazin\/wp-content\/uploads\/2020\/12\/kirschwein-110x75.jpg 110w\" sizes=\"(max-width: 900px) 100vw, 900px\" \/><figcaption id=\"caption-attachment-11664\" class=\"wp-caption-text\">\u00a9 alicja neumiler \u2013 stock.adobe.com<\/figcaption><\/figure>\n<p style=\"text-align: justify;\"><span data-contrast=\"auto\">Damit das Ganze auch wirklich gelingt, muss das\u00a0<\/span><span data-contrast=\"auto\">Mostfass<\/span><span data-contrast=\"auto\">\u00a0ein paar unabdingbare Voraussetzungen erf\u00fcllen. Zun\u00e4chst einmal sollte es unbedingt ein sogenanntes Weithalsfass sein. Die \u00d6ffnung sollte also im Wesentlichen denselben Durchmesser haben wie der gesamte restliche Korpus. Im Fass soll schlie\u00dflich das Maischen, also das Pressen und Zerdr\u00fccken der Fr\u00fcchte stattfinden. Dazu braucht es einen leichten Zugang von oben, \u00fcber den der gesamte Fassinnenraum bequem erreicht werden kann. Daher\u00a0<\/span><span data-contrast=\"auto\">kommt letztlich<\/span><span data-contrast=\"auto\"> auch die alternative Bezeichnung Maischefass. Es sollte bei der privaten Nutzung unbedingt aus Kunststoff sein. Ein Kunststofffass l\u00e4sst sich nach der Verwendung viel leichter und gr\u00fcndlicher reinigen als ein Holzfass. Au\u00dferdem trocknet es nach der Reinigung erheblich schneller.<\/span><\/p>\n<p><a href=\"https:\/\/www.rekubik.de\/kanister-zubehoer\/kanister-faesser\/weithalsfass-maischefass-mit-spannring\"><img loading=\"lazy\" decoding=\"async\" class=\"aligncenter wp-image-11652 size-full\" title=\"Maischef\u00e4sser in verschiedenen Ausf\u00fchrungen mit Spannring | Weithalsfass\" src=\"https:\/\/www.rekubik.de\/magazin\/wp-content\/uploads\/2020\/12\/weithalsfass-maischefaesser-mit-spannring.jpg\" alt=\"weithalsfass-maischefaesser-mit-spannring-mostfass-maischetank-obsternte\" width=\"700\" height=\"470\" srcset=\"https:\/\/www.rekubik.de\/magazin\/wp-content\/uploads\/2020\/12\/weithalsfass-maischefaesser-mit-spannring.jpg 700w, https:\/\/www.rekubik.de\/magazin\/wp-content\/uploads\/2020\/12\/weithalsfass-maischefaesser-mit-spannring-300x201.jpg 300w, https:\/\/www.rekubik.de\/magazin\/wp-content\/uploads\/2020\/12\/weithalsfass-maischefaesser-mit-spannring-110x75.jpg 110w\" sizes=\"(max-width: 700px) 100vw, 700px\" \/><\/a><\/p>\n<p style=\"text-align: justify;\"><span data-contrast=\"auto\">Man sollte immer im Hinterkopf behalten, dass Schimmelbildung eine stete Gefahr darstellt. Hygiene und Trockenheit bei der Lagerung des Fasses sind deshalb unbedingt peinlichst genau einzuhalten. Auch wichtig: Das\u00a0<\/span><span data-contrast=\"auto\">Kunststofffass muss lebensmittelecht sein. Das hei\u00dft, der Kunststoff darf nicht mit dem Inhalt reagieren. Es soll schlie\u00dflich verhindert werden, dass der Most nach Plastik schmeckt. Ob F\u00e4sser lebensmittelecht sind, muss der Hersteller in der Spezifikation zum Fass ausweisen.<\/span><\/p>\n<h2><span data-contrast=\"auto\">Auf was es bei einem\u00a0<\/span><span data-contrast=\"auto\">Mostfass<\/span><span data-contrast=\"auto\">\u00a0sonst noch ankommt<\/span><\/h2>\n<p style=\"text-align: justify;\"><span data-contrast=\"auto\">Das\u00a0<\/span><span data-contrast=\"auto\">Mostfass<\/span><span data-contrast=\"auto\">\u00a0bzw. das Maischefass braucht auf jeden Fall einen gut verschlie\u00dfbaren Deckel<\/span><span data-contrast=\"auto\">, denn die\u00a0<\/span><span data-contrast=\"auto\">Maische<\/span><span data-contrast=\"auto\">\u00a0<\/span><span data-contrast=\"auto\">g\u00e4hrt<\/span><span data-contrast=\"auto\">. Ideal ist dabei ein Kunststoffdeckel, der sich mittels eines Spannrings aus Metall luftdicht befestigen l\u00e4sst. Auch der Deckel muss lebensmittelecht sein. Hilfreich ist es au\u00dferdem, wenn der Deckel \u00fcber ein Spundloch verf\u00fcgt, in das sp\u00e4ter der G\u00e4raufsatz gesteckt werden kann. Die entstehenden\u00a0<\/span><span data-contrast=\"auto\">G\u00e4rgase<\/span><span data-contrast=\"auto\">\u00a0der<\/span><span data-contrast=\"auto\">\u00a0<\/span><span data-contrast=\"auto\">Maische<\/span><span data-contrast=\"auto\"> m\u00fcssen schlie\u00dflich irgendwie entweichen k\u00f6nnen.<\/span><\/p>\n<p style=\"text-align: justify;\"><span data-contrast=\"auto\"><a href=\"https:\/\/www.rekubik.de\/kanister-zubehoer\/kanister-faesser\/weithalsfass-maischefass-mit-spannring\"><img loading=\"lazy\" decoding=\"async\" class=\"alignleft wp-image-11658 size-full\" title=\"Spannring am Maischefass\" src=\"https:\/\/www.rekubik.de\/magazin\/wp-content\/uploads\/2020\/12\/weithalsfass-maischefass-spannring.jpg\" alt=\"weithalsfass-maischefass-spannring\" width=\"350\" height=\"350\" srcset=\"https:\/\/www.rekubik.de\/magazin\/wp-content\/uploads\/2020\/12\/weithalsfass-maischefass-spannring.jpg 350w, https:\/\/www.rekubik.de\/magazin\/wp-content\/uploads\/2020\/12\/weithalsfass-maischefass-spannring-300x300.jpg 300w, https:\/\/www.rekubik.de\/magazin\/wp-content\/uploads\/2020\/12\/weithalsfass-maischefass-spannring-150x150.jpg 150w\" sizes=\"(max-width: 350px) 100vw, 350px\" \/><\/a>Im Vordergrund steht aber immer der luftdichte Verschluss. Das gilt im \u00dcbrigen auch, wenn man mit einem <\/span><a href=\"https:\/\/www.rekubik.de\/ibc-container\/\"><span data-contrast=\"none\">Intermediate\u00a0<\/span><span data-contrast=\"none\">Bulk<\/span><span data-contrast=\"none\">\u00a0Container (IBC)<\/span><\/a><span data-contrast=\"auto\">\u00a0arbeitet und ihn als Maischetank nutzt. W\u00e4hrend ein\u00a0<\/span><span data-contrast=\"auto\">Mostfass<\/span><span data-contrast=\"auto\">\u00a0eher f\u00fcr kleinere Mengen gedacht ist, fas<\/span><span data-contrast=\"auto\">s<\/span><span data-contrast=\"auto\">t ein IBC-Container nat\u00fcrlich deutlich mehr. F\u00fcr was man sich entscheidet\u00a0<\/span><span data-contrast=\"auto\">h\u00e4ngt letztlich<\/span><span data-contrast=\"auto\">\u00a0von der Menge des Obstes ab, das einem zur Verf\u00fcgung steht. Ein\u00a0<\/span><span data-contrast=\"auto\">Mostfass<\/span><span data-contrast=\"auto\">\u00a0hat idealerweise ein Fassungsverm\u00f6gen von 30 oder 60 Litern. IBC-Container gibt es ab einem Fassungsverm\u00f6gen von 300 Litern. Bei Bedarf stehen aber auch IBCs mit einem Fassungsverm\u00f6gen von 1500 Litern und mehr zur Verf\u00fcgung. Da kann man dann\u00a0<\/span><span data-contrast=\"auto\">tats\u00e4chlich von<\/span><span data-contrast=\"auto\">\u00a0einem Maischetank sprechen.<\/span><span data-contrast=\"auto\">\u00a0Die Maische muss dann allerdings vor dem Einf\u00fcllen in den Tank gemaischt werden.<\/span><\/p>\n<h2><span data-contrast=\"auto\">Ein\u00a0<\/span><span data-contrast=\"auto\">Mostfass<\/span><span data-contrast=\"auto\">\u00a0unbedingt richtig pflegen und reinigen<\/span><\/h2>\n<p style=\"text-align: justify;\"><span data-contrast=\"auto\">Wie bereits erw\u00e4hnt<\/span><span data-contrast=\"auto\">,<\/span><span data-contrast=\"auto\">\u00a0spielt die Hygiene bei der Weinbereitung eine gro\u00dfe Rolle. Man stellt mit dem Wein schlie\u00dflich ein Lebensmittel her, das ohne Bedenken genossen werden soll. Deshalb muss das\u00a0<\/span><span data-contrast=\"auto\">Mostfass<\/span><span data-contrast=\"auto\">\u00a0nach der Nutzung unbedingt sehr gr\u00fcndlich mit hei\u00dfe<\/span><span data-contrast=\"auto\">m<\/span><span data-contrast=\"auto\">\u00a0Wasser und\u00a0<\/span><span data-contrast=\"auto\">S<\/span><span data-contrast=\"auto\">p\u00fclmittel gereinigt werden. Am besten benutzt man daf\u00fcr eine saubere B\u00fcrste. Nach der Reinigung wird das Maischefass mit kaltem, klarem Wasser sorgf\u00e4ltig gesp\u00fclt und dann zum Trocknen aufgestellt. Eine Trocknung ist wichtig, um der Schimmelbildung effektiv vorzubeugen.<\/span><\/p>\n<p><a href=\"https:\/\/www.rekubik.de\/ibc-zubehoer\/deckel\/verschlussdeckel\/werit-ibc-deckel-dn-400-mannlochdeckel\"><img loading=\"lazy\" decoding=\"async\" class=\"aligncenter wp-image-11671\" title=\"WERIT IBC Deckel DN 400 Mannlochdeckel\" src=\"https:\/\/www.rekubik.de\/magazin\/wp-content\/uploads\/2020\/12\/werit-ibc-deckel-dn-400-mannlochdeckel.jpg\" alt=\"werit-ibc-deckel-dn-400-mannlochdeckel\" width=\"400\" height=\"240\" srcset=\"https:\/\/www.rekubik.de\/magazin\/wp-content\/uploads\/2020\/12\/werit-ibc-deckel-dn-400-mannlochdeckel.jpg 500w, https:\/\/www.rekubik.de\/magazin\/wp-content\/uploads\/2020\/12\/werit-ibc-deckel-dn-400-mannlochdeckel-300x180.jpg 300w\" sizes=\"(max-width: 400px) 100vw, 400px\" \/><\/a><\/p>\n<p style=\"text-align: justify;\"><span data-contrast=\"auto\">Alle diese Hinweise <\/span><span data-contrast=\"auto\">gelten \u00fcbrigens<\/span><span data-contrast=\"auto\">\u00a0ganz allgemein f\u00fcr ein Weithalsfass, das in der Landwirtschaft oder der lebensmittelverarbeitenden Industrie eingesetzt wird. Denn: Derartige F\u00e4sser eignen sich auch perfekt f\u00fcr Milch, Milchprodukte oder beispielsweise\u00a0<\/span><span data-contrast=\"auto\">Fl\u00fcssigei<\/span><span data-contrast=\"auto\">. Und selbstverst\u00e4ndlich m\u00fcssen sie auch daf\u00fcr immer lebensmittelecht sein. Als Hobbyg\u00e4rtner und Hobbywinzer ist die Nutzung als\u00a0<\/span><span data-contrast=\"auto\">Mostfass<\/span><span data-contrast=\"auto\">\u00a0aber sicherlich die sch\u00f6nste Variante.<\/span><\/p>\n","protected":false},"excerpt":{"rendered":"<p>Die Fr\u00fcchte des eigenen Gartens machen es meist problemlos m\u00f6glich, Most oder Obstwein selbst herzustellen. Das wichtigste Zubeh\u00f6r daf\u00fcr\u00a0sind\u00a0ein\u00a0Maischefass bzw. ein\u00a0Mostfass\u00a0\u2013\u00a0und nat\u00fcrlich die Fr\u00fcchte selbst. Die Herstellung selbst bis hin zur G\u00e4rung\u00a0ist relativ\u00a0einfach und erfordert nur geringe Kenntnisse. Worauf es dabei ankommt und worauf es beim F\u00e4sser-Kauf zu achten gilt, erfahren Sie hier. Herbstzeit ist &hellip;<\/p>\n","protected":false},"author":1,"featured_media":11669,"comment_status":"closed","ping_status":"open","sticky":false,"template":"","format":"standard","meta":{"footnotes":""},"categories":[2],"tags":[1091,478,1350,1351,1348,1147,1347,1349,1149,947],"class_list":["post-11647","post","type-post","status-publish","format-standard","has-post-thumbnail","","category-ibc-unternehmen","tag-ernte","tag-faesser","tag-herbst","tag-maischefass","tag-maischetank","tag-most","tag-mostfass","tag-obst","tag-wein","tag-weithalsfass-mit-spannring"],"yoast_head":"<!-- This site is optimized with the Yoast SEO plugin v23.5 - https:\/\/yoast.com\/wordpress\/plugins\/seo\/ -->\n<title>Mit\u00a0Mostfass\u00a0und Maischetank die herbstliche Obsternte veredeln - REKUBIK\u00ae Magazin<\/title>\n<meta name=\"description\" content=\"Das Rekubik Magazin diskutiert \u00fcber passende Gef\u00e4\u00dfe f\u00fcr Most und Maische\u00a0\u2714\u00a0Mit\u00a0Mostfass \u2714\u00a0und Maischetank \u2714\u00a0die\u00a0herbstliche Obsternte veredeln!\" \/>\n<meta name=\"robots\" content=\"index, follow, max-snippet:-1, max-image-preview:large, max-video-preview:-1\" \/>\n<link rel=\"canonical\" href=\"https:\/\/www.rekubik.de\/magazin\/mostfass-maischetank-obsternte\/\" \/>\n<meta property=\"og:locale\" content=\"de_DE\" \/>\n<meta property=\"og:type\" content=\"article\" \/>\n<meta property=\"og:title\" content=\"Mit\u00a0Mostfass\u00a0und Maischetank die herbstliche Obsternte veredeln - REKUBIK\u00ae Magazin\" \/>\n<meta property=\"og:description\" content=\"Das Rekubik Magazin diskutiert \u00fcber passende Gef\u00e4\u00dfe f\u00fcr Most und Maische\u00a0\u2714\u00a0Mit\u00a0Mostfass \u2714\u00a0und Maischetank \u2714\u00a0die\u00a0herbstliche Obsternte veredeln!\" \/>\n<meta property=\"og:url\" content=\"https:\/\/www.rekubik.de\/magazin\/mostfass-maischetank-obsternte\/\" \/>\n<meta property=\"og:site_name\" content=\"REKUBIK\u00ae Magazin\" \/>\n<meta property=\"article:published_time\" content=\"2020-12-02T09:52:41+00:00\" \/>\n<meta property=\"article:modified_time\" content=\"2020-12-02T11:40:39+00:00\" \/>\n<meta property=\"og:image\" content=\"https:\/\/www.rekubik.de\/magazin\/wp-content\/uploads\/2020\/12\/Mit-Mostfass-und-Maischetank-die-herbstliche-Obsternte-veredeln.jpg\" \/>\n\t<meta property=\"og:image:width\" content=\"900\" \/>\n\t<meta property=\"og:image:height\" content=\"600\" \/>\n\t<meta property=\"og:image:type\" content=\"image\/jpeg\" \/>\n<meta name=\"author\" content=\"admin\" \/>\n<meta name=\"twitter:card\" content=\"summary_large_image\" \/>\n<meta name=\"twitter:label1\" content=\"Geschrieben von\" \/>\n\t<meta name=\"twitter:data1\" content=\"admin\" \/>\n\t<meta name=\"twitter:label2\" content=\"Gesch\u00e4tzte Lesezeit\" \/>\n\t<meta name=\"twitter:data2\" content=\"5\u00a0Minuten\" \/>\n<script type=\"application\/ld+json\" class=\"yoast-schema-graph\">{\"@context\":\"https:\/\/schema.org\",\"@graph\":[{\"@type\":\"Article\",\"@id\":\"https:\/\/www.rekubik.de\/magazin\/mostfass-maischetank-obsternte\/#article\",\"isPartOf\":{\"@id\":\"https:\/\/www.rekubik.de\/magazin\/mostfass-maischetank-obsternte\/\"},\"author\":{\"name\":\"admin\",\"@id\":\"https:\/\/www.rekubik.de\/magazin\/#\/schema\/person\/d5faea021aac94edeeb8e47cf06771c7\"},\"headline\":\"Mit\u00a0Mostfass\u00a0und Maischetank die herbstliche Obsternte veredeln\",\"datePublished\":\"2020-12-02T09:52:41+00:00\",\"dateModified\":\"2020-12-02T11:40:39+00:00\",\"mainEntityOfPage\":{\"@id\":\"https:\/\/www.rekubik.de\/magazin\/mostfass-maischetank-obsternte\/\"},\"wordCount\":975,\"publisher\":{\"@id\":\"https:\/\/www.rekubik.de\/magazin\/#organization\"},\"image\":{\"@id\":\"https:\/\/www.rekubik.de\/magazin\/mostfass-maischetank-obsternte\/#primaryimage\"},\"thumbnailUrl\":\"https:\/\/www.rekubik.de\/magazin\/wp-content\/uploads\/2020\/12\/Mit-Mostfass-und-Maischetank-die-herbstliche-Obsternte-veredeln.jpg\",\"keywords\":[\"Ernte\",\"F\u00e4sser\",\"Herbst\",\"Maischefass\",\"Maischetank\",\"Most\",\"Mostfass\",\"Obst\",\"Wein\",\"Weithalsfass mit Spannring\"],\"articleSection\":[\"IBC IN UNTERNEHMEN\"],\"inLanguage\":\"de\"},{\"@type\":\"WebPage\",\"@id\":\"https:\/\/www.rekubik.de\/magazin\/mostfass-maischetank-obsternte\/\",\"url\":\"https:\/\/www.rekubik.de\/magazin\/mostfass-maischetank-obsternte\/\",\"name\":\"Mit\u00a0Mostfass\u00a0und Maischetank die herbstliche Obsternte veredeln - REKUBIK\u00ae Magazin\",\"isPartOf\":{\"@id\":\"https:\/\/www.rekubik.de\/magazin\/#website\"},\"primaryImageOfPage\":{\"@id\":\"https:\/\/www.rekubik.de\/magazin\/mostfass-maischetank-obsternte\/#primaryimage\"},\"image\":{\"@id\":\"https:\/\/www.rekubik.de\/magazin\/mostfass-maischetank-obsternte\/#primaryimage\"},\"thumbnailUrl\":\"https:\/\/www.rekubik.de\/magazin\/wp-content\/uploads\/2020\/12\/Mit-Mostfass-und-Maischetank-die-herbstliche-Obsternte-veredeln.jpg\",\"datePublished\":\"2020-12-02T09:52:41+00:00\",\"dateModified\":\"2020-12-02T11:40:39+00:00\",\"description\":\"Das Rekubik Magazin diskutiert \u00fcber passende Gef\u00e4\u00dfe f\u00fcr Most und Maische\u00a0\u2714\u00a0Mit\u00a0Mostfass \u2714\u00a0und Maischetank \u2714\u00a0die\u00a0herbstliche Obsternte veredeln!\",\"breadcrumb\":{\"@id\":\"https:\/\/www.rekubik.de\/magazin\/mostfass-maischetank-obsternte\/#breadcrumb\"},\"inLanguage\":\"de\",\"potentialAction\":[{\"@type\":\"ReadAction\",\"target\":[\"https:\/\/www.rekubik.de\/magazin\/mostfass-maischetank-obsternte\/\"]}]},{\"@type\":\"ImageObject\",\"inLanguage\":\"de\",\"@id\":\"https:\/\/www.rekubik.de\/magazin\/mostfass-maischetank-obsternte\/#primaryimage\",\"url\":\"https:\/\/www.rekubik.de\/magazin\/wp-content\/uploads\/2020\/12\/Mit-Mostfass-und-Maischetank-die-herbstliche-Obsternte-veredeln.jpg\",\"contentUrl\":\"https:\/\/www.rekubik.de\/magazin\/wp-content\/uploads\/2020\/12\/Mit-Mostfass-und-Maischetank-die-herbstliche-Obsternte-veredeln.jpg\",\"width\":900,\"height\":600,\"caption\":\"\u00a9 alter_photo \u2013 stock.adobe.com\"},{\"@type\":\"BreadcrumbList\",\"@id\":\"https:\/\/www.rekubik.de\/magazin\/mostfass-maischetank-obsternte\/#breadcrumb\",\"itemListElement\":[{\"@type\":\"ListItem\",\"position\":1,\"name\":\"Home\",\"item\":\"https:\/\/www.rekubik.de\/magazin\/\"},{\"@type\":\"ListItem\",\"position\":2,\"name\":\"Mit\u00a0Mostfass\u00a0und Maischetank die herbstliche Obsternte veredeln\"}]},{\"@type\":\"WebSite\",\"@id\":\"https:\/\/www.rekubik.de\/magazin\/#website\",\"url\":\"https:\/\/www.rekubik.de\/magazin\/\",\"name\":\"REKUBIK\u00ae Magazin\",\"description\":\"\",\"publisher\":{\"@id\":\"https:\/\/www.rekubik.de\/magazin\/#organization\"},\"potentialAction\":[{\"@type\":\"SearchAction\",\"target\":{\"@type\":\"EntryPoint\",\"urlTemplate\":\"https:\/\/www.rekubik.de\/magazin\/?s={search_term_string}\"},\"query-input\":{\"@type\":\"PropertyValueSpecification\",\"valueRequired\":true,\"valueName\":\"search_term_string\"}}],\"inLanguage\":\"de\"},{\"@type\":\"Organization\",\"@id\":\"https:\/\/www.rekubik.de\/magazin\/#organization\",\"name\":\"Rekubik\",\"url\":\"https:\/\/www.rekubik.de\/magazin\/\",\"logo\":{\"@type\":\"ImageObject\",\"inLanguage\":\"de\",\"@id\":\"https:\/\/www.rekubik.de\/magazin\/#\/schema\/logo\/image\/\",\"url\":\"https:\/\/www.rekubik.de\/magazin\/wp-content\/uploads\/2017\/12\/rekubik-LOGO-Shopware.png\",\"contentUrl\":\"https:\/\/www.rekubik.de\/magazin\/wp-content\/uploads\/2017\/12\/rekubik-LOGO-Shopware.png\",\"width\":200,\"height\":50,\"caption\":\"Rekubik\"},\"image\":{\"@id\":\"https:\/\/www.rekubik.de\/magazin\/#\/schema\/logo\/image\/\"}},{\"@type\":\"Person\",\"@id\":\"https:\/\/www.rekubik.de\/magazin\/#\/schema\/person\/d5faea021aac94edeeb8e47cf06771c7\",\"name\":\"admin\",\"image\":{\"@type\":\"ImageObject\",\"inLanguage\":\"de\",\"@id\":\"https:\/\/www.rekubik.de\/magazin\/#\/schema\/person\/image\/\",\"url\":\"https:\/\/secure.gravatar.com\/avatar\/a794a4fe8a9b9c52241597eb381dfa2e?s=96&d=mm&r=g\",\"contentUrl\":\"https:\/\/secure.gravatar.com\/avatar\/a794a4fe8a9b9c52241597eb381dfa2e?s=96&d=mm&r=g\",\"caption\":\"admin\"}}]}<\/script>\n<!-- \/ Yoast SEO plugin. -->","yoast_head_json":{"title":"Mit\u00a0Mostfass\u00a0und Maischetank die herbstliche Obsternte veredeln - REKUBIK\u00ae Magazin","description":"Das Rekubik Magazin diskutiert \u00fcber passende Gef\u00e4\u00dfe f\u00fcr Most und Maische\u00a0\u2714\u00a0Mit\u00a0Mostfass \u2714\u00a0und Maischetank \u2714\u00a0die\u00a0herbstliche Obsternte veredeln!","robots":{"index":"index","follow":"follow","max-snippet":"max-snippet:-1","max-image-preview":"max-image-preview:large","max-video-preview":"max-video-preview:-1"},"canonical":"https:\/\/www.rekubik.de\/magazin\/mostfass-maischetank-obsternte\/","og_locale":"de_DE","og_type":"article","og_title":"Mit\u00a0Mostfass\u00a0und Maischetank die herbstliche Obsternte veredeln - REKUBIK\u00ae Magazin","og_description":"Das Rekubik Magazin diskutiert \u00fcber passende Gef\u00e4\u00dfe f\u00fcr Most und Maische\u00a0\u2714\u00a0Mit\u00a0Mostfass \u2714\u00a0und Maischetank \u2714\u00a0die\u00a0herbstliche Obsternte veredeln!","og_url":"https:\/\/www.rekubik.de\/magazin\/mostfass-maischetank-obsternte\/","og_site_name":"REKUBIK\u00ae Magazin","article_published_time":"2020-12-02T09:52:41+00:00","article_modified_time":"2020-12-02T11:40:39+00:00","og_image":[{"width":900,"height":600,"url":"https:\/\/www.rekubik.de\/magazin\/wp-content\/uploads\/2020\/12\/Mit-Mostfass-und-Maischetank-die-herbstliche-Obsternte-veredeln.jpg","type":"image\/jpeg"}],"author":"admin","twitter_card":"summary_large_image","twitter_misc":{"Geschrieben von":"admin","Gesch\u00e4tzte Lesezeit":"5\u00a0Minuten"},"schema":{"@context":"https:\/\/schema.org","@graph":[{"@type":"Article","@id":"https:\/\/www.rekubik.de\/magazin\/mostfass-maischetank-obsternte\/#article","isPartOf":{"@id":"https:\/\/www.rekubik.de\/magazin\/mostfass-maischetank-obsternte\/"},"author":{"name":"admin","@id":"https:\/\/www.rekubik.de\/magazin\/#\/schema\/person\/d5faea021aac94edeeb8e47cf06771c7"},"headline":"Mit\u00a0Mostfass\u00a0und Maischetank die herbstliche Obsternte veredeln","datePublished":"2020-12-02T09:52:41+00:00","dateModified":"2020-12-02T11:40:39+00:00","mainEntityOfPage":{"@id":"https:\/\/www.rekubik.de\/magazin\/mostfass-maischetank-obsternte\/"},"wordCount":975,"publisher":{"@id":"https:\/\/www.rekubik.de\/magazin\/#organization"},"image":{"@id":"https:\/\/www.rekubik.de\/magazin\/mostfass-maischetank-obsternte\/#primaryimage"},"thumbnailUrl":"https:\/\/www.rekubik.de\/magazin\/wp-content\/uploads\/2020\/12\/Mit-Mostfass-und-Maischetank-die-herbstliche-Obsternte-veredeln.jpg","keywords":["Ernte","F\u00e4sser","Herbst","Maischefass","Maischetank","Most","Mostfass","Obst","Wein","Weithalsfass mit Spannring"],"articleSection":["IBC IN UNTERNEHMEN"],"inLanguage":"de"},{"@type":"WebPage","@id":"https:\/\/www.rekubik.de\/magazin\/mostfass-maischetank-obsternte\/","url":"https:\/\/www.rekubik.de\/magazin\/mostfass-maischetank-obsternte\/","name":"Mit\u00a0Mostfass\u00a0und Maischetank die herbstliche Obsternte veredeln - REKUBIK\u00ae Magazin","isPartOf":{"@id":"https:\/\/www.rekubik.de\/magazin\/#website"},"primaryImageOfPage":{"@id":"https:\/\/www.rekubik.de\/magazin\/mostfass-maischetank-obsternte\/#primaryimage"},"image":{"@id":"https:\/\/www.rekubik.de\/magazin\/mostfass-maischetank-obsternte\/#primaryimage"},"thumbnailUrl":"https:\/\/www.rekubik.de\/magazin\/wp-content\/uploads\/2020\/12\/Mit-Mostfass-und-Maischetank-die-herbstliche-Obsternte-veredeln.jpg","datePublished":"2020-12-02T09:52:41+00:00","dateModified":"2020-12-02T11:40:39+00:00","description":"Das Rekubik Magazin diskutiert \u00fcber passende Gef\u00e4\u00dfe f\u00fcr Most und Maische\u00a0\u2714\u00a0Mit\u00a0Mostfass \u2714\u00a0und Maischetank \u2714\u00a0die\u00a0herbstliche Obsternte veredeln!","breadcrumb":{"@id":"https:\/\/www.rekubik.de\/magazin\/mostfass-maischetank-obsternte\/#breadcrumb"},"inLanguage":"de","potentialAction":[{"@type":"ReadAction","target":["https:\/\/www.rekubik.de\/magazin\/mostfass-maischetank-obsternte\/"]}]},{"@type":"ImageObject","inLanguage":"de","@id":"https:\/\/www.rekubik.de\/magazin\/mostfass-maischetank-obsternte\/#primaryimage","url":"https:\/\/www.rekubik.de\/magazin\/wp-content\/uploads\/2020\/12\/Mit-Mostfass-und-Maischetank-die-herbstliche-Obsternte-veredeln.jpg","contentUrl":"https:\/\/www.rekubik.de\/magazin\/wp-content\/uploads\/2020\/12\/Mit-Mostfass-und-Maischetank-die-herbstliche-Obsternte-veredeln.jpg","width":900,"height":600,"caption":"\u00a9 alter_photo \u2013 stock.adobe.com"},{"@type":"BreadcrumbList","@id":"https:\/\/www.rekubik.de\/magazin\/mostfass-maischetank-obsternte\/#breadcrumb","itemListElement":[{"@type":"ListItem","position":1,"name":"Home","item":"https:\/\/www.rekubik.de\/magazin\/"},{"@type":"ListItem","position":2,"name":"Mit\u00a0Mostfass\u00a0und Maischetank die herbstliche Obsternte veredeln"}]},{"@type":"WebSite","@id":"https:\/\/www.rekubik.de\/magazin\/#website","url":"https:\/\/www.rekubik.de\/magazin\/","name":"REKUBIK\u00ae Magazin","description":"","publisher":{"@id":"https:\/\/www.rekubik.de\/magazin\/#organization"},"potentialAction":[{"@type":"SearchAction","target":{"@type":"EntryPoint","urlTemplate":"https:\/\/www.rekubik.de\/magazin\/?s={search_term_string}"},"query-input":{"@type":"PropertyValueSpecification","valueRequired":true,"valueName":"search_term_string"}}],"inLanguage":"de"},{"@type":"Organization","@id":"https:\/\/www.rekubik.de\/magazin\/#organization","name":"Rekubik","url":"https:\/\/www.rekubik.de\/magazin\/","logo":{"@type":"ImageObject","inLanguage":"de","@id":"https:\/\/www.rekubik.de\/magazin\/#\/schema\/logo\/image\/","url":"https:\/\/www.rekubik.de\/magazin\/wp-content\/uploads\/2017\/12\/rekubik-LOGO-Shopware.png","contentUrl":"https:\/\/www.rekubik.de\/magazin\/wp-content\/uploads\/2017\/12\/rekubik-LOGO-Shopware.png","width":200,"height":50,"caption":"Rekubik"},"image":{"@id":"https:\/\/www.rekubik.de\/magazin\/#\/schema\/logo\/image\/"}},{"@type":"Person","@id":"https:\/\/www.rekubik.de\/magazin\/#\/schema\/person\/d5faea021aac94edeeb8e47cf06771c7","name":"admin","image":{"@type":"ImageObject","inLanguage":"de","@id":"https:\/\/www.rekubik.de\/magazin\/#\/schema\/person\/image\/","url":"https:\/\/secure.gravatar.com\/avatar\/a794a4fe8a9b9c52241597eb381dfa2e?s=96&d=mm&r=g","contentUrl":"https:\/\/secure.gravatar.com\/avatar\/a794a4fe8a9b9c52241597eb381dfa2e?s=96&d=mm&r=g","caption":"admin"}}]}},"_links":{"self":[{"href":"https:\/\/www.rekubik.de\/magazin\/wp-json\/wp\/v2\/posts\/11647"}],"collection":[{"href":"https:\/\/www.rekubik.de\/magazin\/wp-json\/wp\/v2\/posts"}],"about":[{"href":"https:\/\/www.rekubik.de\/magazin\/wp-json\/wp\/v2\/types\/post"}],"author":[{"embeddable":true,"href":"https:\/\/www.rekubik.de\/magazin\/wp-json\/wp\/v2\/users\/1"}],"replies":[{"embeddable":true,"href":"https:\/\/www.rekubik.de\/magazin\/wp-json\/wp\/v2\/comments?post=11647"}],"version-history":[{"count":20,"href":"https:\/\/www.rekubik.de\/magazin\/wp-json\/wp\/v2\/posts\/11647\/revisions"}],"predecessor-version":[{"id":11674,"href":"https:\/\/www.rekubik.de\/magazin\/wp-json\/wp\/v2\/posts\/11647\/revisions\/11674"}],"wp:featuredmedia":[{"embeddable":true,"href":"https:\/\/www.rekubik.de\/magazin\/wp-json\/wp\/v2\/media\/11669"}],"wp:attachment":[{"href":"https:\/\/www.rekubik.de\/magazin\/wp-json\/wp\/v2\/media?parent=11647"}],"wp:term":[{"taxonomy":"category","embeddable":true,"href":"https:\/\/www.rekubik.de\/magazin\/wp-json\/wp\/v2\/categories?post=11647"},{"taxonomy":"post_tag","embeddable":true,"href":"https:\/\/www.rekubik.de\/magazin\/wp-json\/wp\/v2\/tags?post=11647"}],"curies":[{"name":"wp","href":"https:\/\/api.w.org\/{rel}","templated":true}]}}