{"id":12141,"date":"2021-01-14T14:22:45","date_gmt":"2021-01-14T13:22:45","guid":{"rendered":"https:\/\/www.rekubik.de\/magazin\/?p=12141"},"modified":"2024-10-01T16:17:34","modified_gmt":"2024-10-01T14:17:34","slug":"traenkebecken-fuer-das-weidefass-und-ibc-container","status":"publish","type":"post","link":"https:\/\/www.rekubik.de\/magazin\/traenkebecken-fuer-das-weidefass-und-ibc-container\/","title":{"rendered":"Tr\u00e4nkebecken f\u00fcr das Weidefass und IBC-Container"},"content":{"rendered":"<h2>\u00ab Flexible Wasserversorgung von Weidevieh \u00bb<\/h2>\n<p style=\"text-align: justify;\"><strong>Nutztiere wie Pferde, Rinder oder auch Schafe auf einer Weide zu halten, ist nachhaltig und artgerecht. Doch f\u00fcr Landwirte und Tierhalter ist die Versorgung der Tiere mit Frischwasser oft keine leichte Aufgabe. Eine mobile L\u00f6sung stellt das Tr\u00e4nkebecken am Weidefass oder am <\/strong><a href=\"https:\/\/www.rekubik.de\/ibc-container\/\"><strong>IBC-Container<\/strong><\/a><strong> dar. Wie genau das funktioniert und welche Vorteile dabei <\/strong><a href=\"https:\/\/www.rekubik.de\/ibc-zubehoer\/traenkebecken\/\"><strong>moderne Tr\u00e4nkebecken<\/strong><\/a><strong> bringen, erfahren Sie in diesem Artikel. <\/strong><\/p>\n<h2>Enormer Wasserbedarf von Weidevieh \u2013 eine logistische Herausforderung<\/h2>\n<p style=\"text-align: justify;\">So richtig wohl f\u00fchlen sich Pferde, K\u00fche oder Schafe nur auf der Weide. Kein Wunder: Die Weidehaltung \u00e4hnelt den nat\u00fcrlichen Lebensbedingungen der Tiere, anders als das bei der Stallhaltung der Fall ist. Diese Form der Tierhaltung entspricht dem Ideal von artgerechter und nachhaltiger Landwirtschaft. Deswegen kehren immer mehr Landwirte zu dieser traditionellen Form der Viehwirtschaft zur\u00fcck. Im Sommer f\u00fchren sie ihre Tiere auf die Weide, wo sie die warmen Monate verbringen k\u00f6nnen.<\/p>\n<p><a href=\"https:\/\/www.rekubik.de\/ibc-container\/ibc-mit-traenke\/1000l-ibc-wassertank-in-schwarz-mit-traenkebecken-auf-pe-palette-neu\"><img loading=\"lazy\" decoding=\"async\" class=\"aligncenter wp-image-12147 size-full\" title=\"1000l IBC Wassertank, schwarz, mit Tr\u00e4nkebecken auf PE-Palette NEU\" src=\"https:\/\/www.rekubik.de\/magazin\/wp-content\/uploads\/2023\/01\/DSC_0001-1.jpg\" alt=\"1000l IBC Wassertank, schwarz, mit Tr\u00e4nkebecken auf PE-Palette NEU\" width=\"850\" height=\"571\" srcset=\"https:\/\/www.rekubik.de\/magazin\/wp-content\/uploads\/2023\/01\/DSC_0001-1.jpg 850w, https:\/\/www.rekubik.de\/magazin\/wp-content\/uploads\/2023\/01\/DSC_0001-1-300x202.jpg 300w, https:\/\/www.rekubik.de\/magazin\/wp-content\/uploads\/2023\/01\/DSC_0001-1-768x516.jpg 768w, https:\/\/www.rekubik.de\/magazin\/wp-content\/uploads\/2023\/01\/DSC_0001-1-110x75.jpg 110w\" sizes=\"(max-width: 850px) 100vw, 850px\" \/><\/a><\/p>\n<p style=\"text-align: justify;\">Das Problem dabei ist jedoch h\u00e4ufig die Wasserversorgung. Ein Tier muss gerade im Sommer bei hei\u00dfen Temperaturen sehr viel Wasser aufnehmen, um keine gesundheitlichen Beeintr\u00e4chtigungen zu erleiden. Ein Pferd beispielsweise ben\u00f6tigt pro Tag etwa 60 Liter Wasser &#8211; selbst dann, wenn es die meiste Zeit in Ruhe verbringt und im Schatten d\u00f6st. Doch nur in den seltensten F\u00e4llen verf\u00fcgt die Weide \u00fcber einen \u00f6ffentlichen Wasseranschluss. Auch ein nat\u00fcrlicher Wasserlauf wie etwa ein Bach ist eher selten. In der Regel muss der Landwirt f\u00fcr eine Tr\u00e4nke sorgen, aus der sich die Tiere nach Herzenslust bedienen k\u00f6nnen. Daf\u00fcr gibt es grunds\u00e4tzlich diverse M\u00f6glichkeiten. Als sehr effektiv hat sich die Kombination aus einem Intermediate Bulk Container (IBC) bzw. einem Weidefass und einem Tr\u00e4nkebecken erwiesen.<\/p>\n<figure id=\"attachment_12146\" aria-describedby=\"caption-attachment-12146\" style=\"width: 850px\" class=\"wp-caption aligncenter\"><img loading=\"lazy\" decoding=\"async\" class=\"wp-image-12146 size-full\" title=\"Besonders kritisch f\u00fcr die Wasserversorgung sind Hochsommer und Frostzeiten\" src=\"https:\/\/www.rekubik.de\/magazin\/wp-content\/uploads\/2023\/01\/Viehtr\u00e4nke.jpg\" alt=\"Weidefass mit Tr\u00e4nke\" width=\"850\" height=\"495\" srcset=\"https:\/\/www.rekubik.de\/magazin\/wp-content\/uploads\/2023\/01\/Viehtr\u00e4nke.jpg 850w, https:\/\/www.rekubik.de\/magazin\/wp-content\/uploads\/2023\/01\/Viehtr\u00e4nke-300x175.jpg 300w, https:\/\/www.rekubik.de\/magazin\/wp-content\/uploads\/2023\/01\/Viehtr\u00e4nke-768x447.jpg 768w\" sizes=\"(max-width: 850px) 100vw, 850px\" \/><figcaption id=\"caption-attachment-12146\" class=\"wp-caption-text\">\u00a9 Michael M\u00f6ller &#8211; stock.adobe.com<\/figcaption><\/figure>\n<h2 style=\"text-align: justify;\">Die Wasserversorgung auf der Weide sicherstellen<\/h2>\n<p style=\"text-align: justify;\">Um das Vieh auf der Weide mit Trinkwasser versorgen zu k\u00f6nnen, ist zun\u00e4chst einmal ein Wasserspeicher bzw. ein Wassertank vonn\u00f6ten. Dazu eignen sich vor allem IBCs oder Weidef\u00e4sser. Beide Beh\u00e4ltnisse haben in der Regel ein gro\u00dfes Fassungsverm\u00f6gen, sodass ausreichend Wasser bevorratet werden kann. F\u00fcr eine gr\u00f6\u00dfere Herde ist auf jeden Fall ein IBC-Container zu empfehlen. Gr\u00f6\u00dfere Modelle k\u00f6nnen bis zu 3 000 Liter Wasser aufnehmen. In der Praxis bew\u00e4hrt hat sich allerdings die Standardgr\u00f6\u00dfe von 1 000 Liter.<\/p>\n<p><a href=\"https:\/\/www.rekubik.de\/ibc-container\/ibc-mit-traenke\/1000l-ibc-wassertank-mit-traenkebecken-auf-stahl\/pe-palette-neu\"><img loading=\"lazy\" decoding=\"async\" class=\"aligncenter wp-image-12151 size-full\" title=\"1000l IBC Wassertank mit Tr\u00e4nkebecken auf Stahl\/PE-Palette NEU\" src=\"https:\/\/www.rekubik.de\/magazin\/wp-content\/uploads\/2023\/01\/1000l-IBC-Wassertank-mit-Traenkebecken-auf-Stahl-PE-Palette-NEU-1-2.jpg\" alt=\"1000l IBC Wassertank mit Tr\u00e4nkebecken auf Stahl\/PE-Palette NEU\" width=\"600\" height=\"600\" srcset=\"https:\/\/www.rekubik.de\/magazin\/wp-content\/uploads\/2023\/01\/1000l-IBC-Wassertank-mit-Traenkebecken-auf-Stahl-PE-Palette-NEU-1-2.jpg 600w, https:\/\/www.rekubik.de\/magazin\/wp-content\/uploads\/2023\/01\/1000l-IBC-Wassertank-mit-Traenkebecken-auf-Stahl-PE-Palette-NEU-1-2-300x300.jpg 300w, https:\/\/www.rekubik.de\/magazin\/wp-content\/uploads\/2023\/01\/1000l-IBC-Wassertank-mit-Traenkebecken-auf-Stahl-PE-Palette-NEU-1-2-150x150.jpg 150w\" sizes=\"(max-width: 600px) 100vw, 600px\" \/><\/a><\/p>\n<p style=\"text-align: justify;\">Der Vorteil dieser gro\u00dfen Kapazit\u00e4t: Das Wasserreservoir muss nicht so oft aufgef\u00fcllt werden. Klar, dass sich auf diese Weise Zeit und M\u00fche sparen lassen. Ein Weidefass hat demgegen\u00fcber in der Regel ein geringeres Fassungsverm\u00f6gen von maximal 500 Litern. Weidef\u00e4sser eignen sich deshalb in erster Linie f\u00fcr kleinere Herden. Neben der Wahl des Wasserreservoirs ist auch das Tr\u00e4nkesystem von entscheidender Bedeutung. Daf\u00fcr gibt es eine Reihe von standardisierten Tr\u00e4nkebecken, die sich unkompliziert an den <a href=\"https:\/\/www.rekubik.de\/ibc-zubehoer\/auslaufhahn\/\">Auslauf\u00f6ffnungen bzw. Auslaufstutzen des Containers<\/a> oder des Weidefasses anbringen lassen.<\/p>\n<p><a href=\"https:\/\/www.rekubik.de\/ibc-container\/ibc-mit-traenke\/600l-ibc-wassertank-in-schwarz-mit-traenkebecken-auf-pe-palette-neu\"><img loading=\"lazy\" decoding=\"async\" class=\"aligncenter wp-image-12148 size-full\" title=\"600l IBC Wassertank (schwarz) mit Tr\u00e4nkebecken auf PE-Palette NEU\" src=\"https:\/\/www.rekubik.de\/magazin\/wp-content\/uploads\/2023\/01\/DSC_0007-1.jpg\" alt=\"600l IBC Wassertank (schwarz) mit Tr\u00e4nkebecken auf PE-Palette NEU\" width=\"850\" height=\"532\" srcset=\"https:\/\/www.rekubik.de\/magazin\/wp-content\/uploads\/2023\/01\/DSC_0007-1.jpg 850w, https:\/\/www.rekubik.de\/magazin\/wp-content\/uploads\/2023\/01\/DSC_0007-1-300x188.jpg 300w, https:\/\/www.rekubik.de\/magazin\/wp-content\/uploads\/2023\/01\/DSC_0007-1-768x481.jpg 768w\" sizes=\"(max-width: 850px) 100vw, 850px\" \/><\/a><\/p>\n<h2>So funktioniert ein modernes Tr\u00e4nkesystem<\/h2>\n<p style=\"text-align: justify;\">Die Tiertr\u00e4nke, die direkt mit einem Tank verbunden ist, ist heute in der Regel mit einem Mechanismus ausgestattet, der es dem Weidevieh erm\u00f6glich, selbstst\u00e4ndig frisches Wasser zu trinken. Sobald ein Tier den Mechanismus mit der Schnauze bet\u00e4tigt, \u00f6ffnet sich ein Verschluss und frisches Wasser aus dem Tank l\u00e4uft heraus. Hat das Tier seinen Durst gestillt, stoppt der Mechanismus den Wasserfluss. Da immer nur so viel Fl\u00fcssigkeit nachflie\u00dft, wie auch tats\u00e4chlich getrunken wird, wird das kostbare Nass nicht verschwendet. Die Tiertr\u00e4nke an einem Weidefass oder an der Tankblase eines IBCs ist eine sehr ressourcenschonende und nachhaltige M\u00f6glichkeit, das Vieh mit Trinkwasser zu versorgen. Zudem l\u00e4sst sich ein solches Tr\u00e4nkesystem auch in der kalten Jahreszeit nutzen, denn es kann winterfest und frostsicher gestaltet werden. Durch <a href=\"https:\/\/www.rekubik.de\/ibc-zubehoer\/thermohaube\/\">spezielle Thermoschutzh\u00fcllen<\/a>, die man um die IBCs oder die Weidef\u00e4sser legt, kann der Frostschutz weitgehend gew\u00e4hrleistet werden.<\/p>\n<p><iframe loading=\"lazy\" src=\"https:\/\/www.youtube.com\/embed\/hUm3-QwD76U\" width=\"583\" height=\"430\" frameborder=\"0\" allowfullscreen=\"allowfullscreen\"><\/iframe><\/p>\n<p style=\"text-align: justify;\">Ein weiterer Vorteil der Tr\u00e4nkebecken besteht darin, dass sie ein hohes Ma\u00df an Hygiene bieten. Pferde, Rinder, Schafe und Ziegen k\u00f6nnen durch ihre Schnauzen immer auch Schmutz und Bakterien in das Tr\u00e4nkebecken eintragen, dies stellt eine permanente Gefahr dar. Da sich aber immer nur eine geringe Menge Wasser im Becken befindet, dass zudem stetig gewechselt wird, l\u00e4sst sich das Wachstum der Microorganismen und die Verbreitung von Keimen wirksam reduzieren. Innovative Modelle wie die Frostschutztr\u00e4nken des Bacto Protect-Programms gehen noch einen Schritt weiter. Sie sind aus speziellen Materialien gefertigt, die \u00fcber eine antibakterielle Wirkung verf\u00fcgen &#8211; 90 Prozent der sch\u00e4dlichen Keime und Microorganismen sterben durch den Kontakt mit diesen Oberfl\u00e4chen innerhalb von 24 Stunden ab.<\/p>\n<p><a href=\"https:\/\/www.rekubik.de\/ibc-zubehoer\/traenkebecken\/ibc-traenkebecken-set\/ibc-adapter-s60x6-pferdetraenke-bacto-protect-sb-112-inkl.-anschlussset\"><img loading=\"lazy\" decoding=\"async\" class=\"aligncenter wp-image-12156\" title=\"IBC Adapter S60x6 - Pferdetr\u00e4nke PE Bacto Protect inkl. Anschlu\u00dfset\" src=\"https:\/\/www.rekubik.de\/magazin\/wp-content\/uploads\/2023\/01\/IBC-Adapter-S60x6-Pferdetr\u00e4nke-PE-Bacto-Protect-inkl.-Anschlu\u00dfset-1.jpg\" alt=\"IBC Adapter S60x6 - Pferdetr\u00e4nke PE Bacto Protect inkl. Anschlu\u00dfset\" width=\"481\" height=\"395\" srcset=\"https:\/\/www.rekubik.de\/magazin\/wp-content\/uploads\/2023\/01\/IBC-Adapter-S60x6-Pferdetr\u00e4nke-PE-Bacto-Protect-inkl.-Anschlu\u00dfset-1.jpg 600w, https:\/\/www.rekubik.de\/magazin\/wp-content\/uploads\/2023\/01\/IBC-Adapter-S60x6-Pferdetr\u00e4nke-PE-Bacto-Protect-inkl.-Anschlu\u00dfset-1-300x247.jpg 300w\" sizes=\"(max-width: 481px) 100vw, 481px\" \/><\/a><\/p>\n<h2>Materialeigenschaften und Dimensionierung von Tr\u00e4nkebecken f\u00fcr Weidef\u00e4sser und IBCs<\/h2>\n<p style=\"text-align: justify;\">Eine moderne Tr\u00e4nke ist heute \u00fcberwiegend aus dem Kunststoff Polyethylen gefertigt. Lediglich die funktionalen Teile des Ausl\u00f6semechanismus besteht aus Metall, meistens Edelstahl. Die Systeme sind deswegen nicht anf\u00e4llig f\u00fcr Verschlei\u00df und Besch\u00e4digungen. Das Fassungsverm\u00f6gen einer zeitgem\u00e4\u00dfen Tiertr\u00e4nke kann sich enorm unterscheiden. Bei Becken, die an Weidef\u00e4ssern verwendet werden, betr\u00e4gt es im Durchschnitt rund 30 Liter. Letztlich ist das genaue Fassungsverm\u00f6gen abh\u00e4ngig von der Dimensionierung des Beckens. Die Abmessungen wiederum, also die eigentliche Gr\u00f6\u00dfe, richtet sich nach der Gr\u00f6\u00dfe des Viehs, das daraus trinken soll.<\/p>\n<p><a href=\"https:\/\/www.rekubik.de\/ibc-zubehoer\/traenkebecken\/pferde-viehtraenke\/32-liter-weidefass-anbautraenke-1\/2-ag-mit-niederdruck-schwimmerventil\"><img loading=\"lazy\" decoding=\"async\" class=\"aligncenter wp-image-12154 size-full\" title=\"32 Liter Weidefass Anbautr\u00e4nke 1\/2&quot; AG mit Niederdruck Schwimmerventil\" src=\"https:\/\/www.rekubik.de\/magazin\/wp-content\/uploads\/2023\/01\/32-Liter-Weidefassanbautraenke-mit-Niederdruck-Schwimmerventil-1.jpg\" alt=\"32 Liter Weidefass Anbautr\u00e4nke 1\/2&quot; AG mit Niederdruck Schwimmerventil\" width=\"600\" height=\"403\" srcset=\"https:\/\/www.rekubik.de\/magazin\/wp-content\/uploads\/2023\/01\/32-Liter-Weidefassanbautraenke-mit-Niederdruck-Schwimmerventil-1.jpg 600w, https:\/\/www.rekubik.de\/magazin\/wp-content\/uploads\/2023\/01\/32-Liter-Weidefassanbautraenke-mit-Niederdruck-Schwimmerventil-1-300x202.jpg 300w, https:\/\/www.rekubik.de\/magazin\/wp-content\/uploads\/2023\/01\/32-Liter-Weidefassanbautraenke-mit-Niederdruck-Schwimmerventil-1-110x75.jpg 110w\" sizes=\"(max-width: 600px) 100vw, 600px\" \/><\/a><\/p>\n<p style=\"text-align: justify;\">Ein Pferd oder eine Kuh verlangen nach einem gr\u00f6\u00dferen Becken als etwa eine Ziege oder ein Schaf. Besonders praktisch ist, dass solche Becken h\u00e4ufig auch mit einem sogenannten Schwimmerventil ausgestattet sind. Dieses Ventil sorgt daf\u00fcr, dass nur dann Wasser nachflie\u00dft, wenn ein bestimmter, individuell einstellbarer F\u00fcllstand unterschritten wird. Es leistet also ebenfalls einen wichtigen Beitrag zum Wassersparen.<\/p>\n","protected":false},"excerpt":{"rendered":"<p>\u00ab Flexible Wasserversorgung von Weidevieh \u00bb Nutztiere wie Pferde, Rinder oder auch Schafe auf einer Weide zu halten, ist nachhaltig und artgerecht. Doch f\u00fcr Landwirte und Tierhalter ist die Versorgung der Tiere mit Frischwasser oft keine leichte Aufgabe. Eine mobile L\u00f6sung stellt das Tr\u00e4nkebecken am Weidefass oder am IBC-Container dar. Wie genau das funktioniert und &hellip;<\/p>\n","protected":false},"author":1,"featured_media":12143,"comment_status":"closed","ping_status":"open","sticky":false,"template":"","format":"standard","meta":{"footnotes":""},"categories":[1],"tags":[1397,409,417,1424,100,454,1425,1426,775,101,1423,1396,797,103],"class_list":["post-12141","post","type-post","status-publish","format-standard","has-post-thumbnail","","category-ibc-garten","tag-bactoprotect","tag-frostschutz","tag-hygiene","tag-nutztiere","tag-pferde","tag-polyethylen","tag-rinder","tag-schafe-und-ziegen","tag-tierhaltung","tag-traenke","tag-traenkebecken-fuer-das-weidefass-und-ibc-container","tag-traenkesystem","tag-wasserreservoir","tag-wasserversorgung"],"yoast_head":"<!-- This site is optimized with the Yoast SEO plugin v23.5 - https:\/\/yoast.com\/wordpress\/plugins\/seo\/ -->\n<title>Tr\u00e4nkebecken f\u00fcr das Weidefass und IBC-Container - REKUBIK\u00ae Magazin<\/title>\n<meta name=\"description\" content=\"Das Rekubik Magazin stellt Tr\u00e4nkebecken f\u00fcr Weidef\u00e4sser und IBC-Container vor! Alles zu den Vorteilen von modernen Tr\u00e4nkesystemen! \u2714Frostsicher\u2714 antibakteriell.\" \/>\n<meta name=\"robots\" content=\"index, follow, max-snippet:-1, max-image-preview:large, max-video-preview:-1\" \/>\n<link rel=\"canonical\" href=\"https:\/\/www.rekubik.de\/magazin\/traenkebecken-fuer-das-weidefass-und-ibc-container\/\" \/>\n<meta property=\"og:locale\" content=\"de_DE\" \/>\n<meta property=\"og:type\" content=\"article\" \/>\n<meta property=\"og:title\" content=\"Tr\u00e4nkebecken f\u00fcr das Weidefass und IBC-Container - REKUBIK\u00ae Magazin\" \/>\n<meta property=\"og:description\" content=\"Das Rekubik Magazin stellt Tr\u00e4nkebecken f\u00fcr Weidef\u00e4sser und IBC-Container vor! Alles zu den Vorteilen von modernen Tr\u00e4nkesystemen! \u2714Frostsicher\u2714 antibakteriell.\" \/>\n<meta property=\"og:url\" content=\"https:\/\/www.rekubik.de\/magazin\/traenkebecken-fuer-das-weidefass-und-ibc-container\/\" \/>\n<meta property=\"og:site_name\" content=\"REKUBIK\u00ae Magazin\" \/>\n<meta property=\"article:published_time\" content=\"2021-01-14T13:22:45+00:00\" \/>\n<meta property=\"article:modified_time\" content=\"2024-10-01T14:17:34+00:00\" \/>\n<meta property=\"og:image\" content=\"https:\/\/www.rekubik.de\/magazin\/wp-content\/uploads\/2023\/01\/Weidefass.jpg\" \/>\n\t<meta property=\"og:image:width\" content=\"850\" \/>\n\t<meta property=\"og:image:height\" content=\"524\" \/>\n\t<meta property=\"og:image:type\" content=\"image\/jpeg\" \/>\n<meta name=\"author\" content=\"admin\" \/>\n<meta name=\"twitter:card\" content=\"summary_large_image\" \/>\n<meta name=\"twitter:label1\" content=\"Geschrieben von\" \/>\n\t<meta name=\"twitter:data1\" content=\"admin\" \/>\n\t<meta name=\"twitter:label2\" content=\"Gesch\u00e4tzte Lesezeit\" \/>\n\t<meta name=\"twitter:data2\" content=\"5\u00a0Minuten\" \/>\n<script type=\"application\/ld+json\" class=\"yoast-schema-graph\">{\"@context\":\"https:\/\/schema.org\",\"@graph\":[{\"@type\":\"Article\",\"@id\":\"https:\/\/www.rekubik.de\/magazin\/traenkebecken-fuer-das-weidefass-und-ibc-container\/#article\",\"isPartOf\":{\"@id\":\"https:\/\/www.rekubik.de\/magazin\/traenkebecken-fuer-das-weidefass-und-ibc-container\/\"},\"author\":{\"name\":\"admin\",\"@id\":\"https:\/\/www.rekubik.de\/magazin\/#\/schema\/person\/d5faea021aac94edeeb8e47cf06771c7\"},\"headline\":\"Tr\u00e4nkebecken f\u00fcr das Weidefass und IBC-Container\",\"datePublished\":\"2021-01-14T13:22:45+00:00\",\"dateModified\":\"2024-10-01T14:17:34+00:00\",\"mainEntityOfPage\":{\"@id\":\"https:\/\/www.rekubik.de\/magazin\/traenkebecken-fuer-das-weidefass-und-ibc-container\/\"},\"wordCount\":949,\"publisher\":{\"@id\":\"https:\/\/www.rekubik.de\/magazin\/#organization\"},\"image\":{\"@id\":\"https:\/\/www.rekubik.de\/magazin\/traenkebecken-fuer-das-weidefass-und-ibc-container\/#primaryimage\"},\"thumbnailUrl\":\"https:\/\/www.rekubik.de\/magazin\/wp-content\/uploads\/2023\/01\/Weidefass.jpg\",\"keywords\":[\"Bacto\u00a0Protect\",\"Frostschutz\",\"Hygiene\",\"Nutztiere\",\"Pferde\",\"Polyethylen\",\"Rinder\",\"Schafe und Ziegen\",\"Tierhaltung\",\"Tr\u00e4nke\",\"Tr\u00e4nkebecken f\u00fcr das Weidefass und IBC-Container\",\"Tr\u00e4nkesystem\",\"Wasserreservoir\",\"Wasserversorgung\"],\"articleSection\":[\"IBC IM GARTEN\"],\"inLanguage\":\"de\"},{\"@type\":\"WebPage\",\"@id\":\"https:\/\/www.rekubik.de\/magazin\/traenkebecken-fuer-das-weidefass-und-ibc-container\/\",\"url\":\"https:\/\/www.rekubik.de\/magazin\/traenkebecken-fuer-das-weidefass-und-ibc-container\/\",\"name\":\"Tr\u00e4nkebecken f\u00fcr das Weidefass und IBC-Container - REKUBIK\u00ae Magazin\",\"isPartOf\":{\"@id\":\"https:\/\/www.rekubik.de\/magazin\/#website\"},\"primaryImageOfPage\":{\"@id\":\"https:\/\/www.rekubik.de\/magazin\/traenkebecken-fuer-das-weidefass-und-ibc-container\/#primaryimage\"},\"image\":{\"@id\":\"https:\/\/www.rekubik.de\/magazin\/traenkebecken-fuer-das-weidefass-und-ibc-container\/#primaryimage\"},\"thumbnailUrl\":\"https:\/\/www.rekubik.de\/magazin\/wp-content\/uploads\/2023\/01\/Weidefass.jpg\",\"datePublished\":\"2021-01-14T13:22:45+00:00\",\"dateModified\":\"2024-10-01T14:17:34+00:00\",\"description\":\"Das Rekubik Magazin stellt Tr\u00e4nkebecken f\u00fcr Weidef\u00e4sser und IBC-Container vor! Alles zu den Vorteilen von modernen Tr\u00e4nkesystemen! \u2714Frostsicher\u2714 antibakteriell.\",\"breadcrumb\":{\"@id\":\"https:\/\/www.rekubik.de\/magazin\/traenkebecken-fuer-das-weidefass-und-ibc-container\/#breadcrumb\"},\"inLanguage\":\"de\",\"potentialAction\":[{\"@type\":\"ReadAction\",\"target\":[\"https:\/\/www.rekubik.de\/magazin\/traenkebecken-fuer-das-weidefass-und-ibc-container\/\"]}]},{\"@type\":\"ImageObject\",\"inLanguage\":\"de\",\"@id\":\"https:\/\/www.rekubik.de\/magazin\/traenkebecken-fuer-das-weidefass-und-ibc-container\/#primaryimage\",\"url\":\"https:\/\/www.rekubik.de\/magazin\/wp-content\/uploads\/2023\/01\/Weidefass.jpg\",\"contentUrl\":\"https:\/\/www.rekubik.de\/magazin\/wp-content\/uploads\/2023\/01\/Weidefass.jpg\",\"width\":850,\"height\":524,\"caption\":\"\u00a9 Natalia - stock.adobe.com\"},{\"@type\":\"BreadcrumbList\",\"@id\":\"https:\/\/www.rekubik.de\/magazin\/traenkebecken-fuer-das-weidefass-und-ibc-container\/#breadcrumb\",\"itemListElement\":[{\"@type\":\"ListItem\",\"position\":1,\"name\":\"Home\",\"item\":\"https:\/\/www.rekubik.de\/magazin\/\"},{\"@type\":\"ListItem\",\"position\":2,\"name\":\"Tr\u00e4nkebecken f\u00fcr das Weidefass und IBC-Container\"}]},{\"@type\":\"WebSite\",\"@id\":\"https:\/\/www.rekubik.de\/magazin\/#website\",\"url\":\"https:\/\/www.rekubik.de\/magazin\/\",\"name\":\"REKUBIK\u00ae Magazin\",\"description\":\"\",\"publisher\":{\"@id\":\"https:\/\/www.rekubik.de\/magazin\/#organization\"},\"potentialAction\":[{\"@type\":\"SearchAction\",\"target\":{\"@type\":\"EntryPoint\",\"urlTemplate\":\"https:\/\/www.rekubik.de\/magazin\/?s={search_term_string}\"},\"query-input\":{\"@type\":\"PropertyValueSpecification\",\"valueRequired\":true,\"valueName\":\"search_term_string\"}}],\"inLanguage\":\"de\"},{\"@type\":\"Organization\",\"@id\":\"https:\/\/www.rekubik.de\/magazin\/#organization\",\"name\":\"Rekubik\",\"url\":\"https:\/\/www.rekubik.de\/magazin\/\",\"logo\":{\"@type\":\"ImageObject\",\"inLanguage\":\"de\",\"@id\":\"https:\/\/www.rekubik.de\/magazin\/#\/schema\/logo\/image\/\",\"url\":\"https:\/\/www.rekubik.de\/magazin\/wp-content\/uploads\/2017\/12\/rekubik-LOGO-Shopware.png\",\"contentUrl\":\"https:\/\/www.rekubik.de\/magazin\/wp-content\/uploads\/2017\/12\/rekubik-LOGO-Shopware.png\",\"width\":200,\"height\":50,\"caption\":\"Rekubik\"},\"image\":{\"@id\":\"https:\/\/www.rekubik.de\/magazin\/#\/schema\/logo\/image\/\"}},{\"@type\":\"Person\",\"@id\":\"https:\/\/www.rekubik.de\/magazin\/#\/schema\/person\/d5faea021aac94edeeb8e47cf06771c7\",\"name\":\"admin\",\"image\":{\"@type\":\"ImageObject\",\"inLanguage\":\"de\",\"@id\":\"https:\/\/www.rekubik.de\/magazin\/#\/schema\/person\/image\/\",\"url\":\"https:\/\/secure.gravatar.com\/avatar\/a794a4fe8a9b9c52241597eb381dfa2e?s=96&d=mm&r=g\",\"contentUrl\":\"https:\/\/secure.gravatar.com\/avatar\/a794a4fe8a9b9c52241597eb381dfa2e?s=96&d=mm&r=g\",\"caption\":\"admin\"}}]}<\/script>\n<!-- \/ Yoast SEO plugin. -->","yoast_head_json":{"title":"Tr\u00e4nkebecken f\u00fcr das Weidefass und IBC-Container - REKUBIK\u00ae Magazin","description":"Das Rekubik Magazin stellt Tr\u00e4nkebecken f\u00fcr Weidef\u00e4sser und IBC-Container vor! Alles zu den Vorteilen von modernen Tr\u00e4nkesystemen! \u2714Frostsicher\u2714 antibakteriell.","robots":{"index":"index","follow":"follow","max-snippet":"max-snippet:-1","max-image-preview":"max-image-preview:large","max-video-preview":"max-video-preview:-1"},"canonical":"https:\/\/www.rekubik.de\/magazin\/traenkebecken-fuer-das-weidefass-und-ibc-container\/","og_locale":"de_DE","og_type":"article","og_title":"Tr\u00e4nkebecken f\u00fcr das Weidefass und IBC-Container - REKUBIK\u00ae Magazin","og_description":"Das Rekubik Magazin stellt Tr\u00e4nkebecken f\u00fcr Weidef\u00e4sser und IBC-Container vor! Alles zu den Vorteilen von modernen Tr\u00e4nkesystemen! \u2714Frostsicher\u2714 antibakteriell.","og_url":"https:\/\/www.rekubik.de\/magazin\/traenkebecken-fuer-das-weidefass-und-ibc-container\/","og_site_name":"REKUBIK\u00ae Magazin","article_published_time":"2021-01-14T13:22:45+00:00","article_modified_time":"2024-10-01T14:17:34+00:00","og_image":[{"width":850,"height":524,"url":"https:\/\/www.rekubik.de\/magazin\/wp-content\/uploads\/2023\/01\/Weidefass.jpg","type":"image\/jpeg"}],"author":"admin","twitter_card":"summary_large_image","twitter_misc":{"Geschrieben von":"admin","Gesch\u00e4tzte Lesezeit":"5\u00a0Minuten"},"schema":{"@context":"https:\/\/schema.org","@graph":[{"@type":"Article","@id":"https:\/\/www.rekubik.de\/magazin\/traenkebecken-fuer-das-weidefass-und-ibc-container\/#article","isPartOf":{"@id":"https:\/\/www.rekubik.de\/magazin\/traenkebecken-fuer-das-weidefass-und-ibc-container\/"},"author":{"name":"admin","@id":"https:\/\/www.rekubik.de\/magazin\/#\/schema\/person\/d5faea021aac94edeeb8e47cf06771c7"},"headline":"Tr\u00e4nkebecken f\u00fcr das Weidefass und IBC-Container","datePublished":"2021-01-14T13:22:45+00:00","dateModified":"2024-10-01T14:17:34+00:00","mainEntityOfPage":{"@id":"https:\/\/www.rekubik.de\/magazin\/traenkebecken-fuer-das-weidefass-und-ibc-container\/"},"wordCount":949,"publisher":{"@id":"https:\/\/www.rekubik.de\/magazin\/#organization"},"image":{"@id":"https:\/\/www.rekubik.de\/magazin\/traenkebecken-fuer-das-weidefass-und-ibc-container\/#primaryimage"},"thumbnailUrl":"https:\/\/www.rekubik.de\/magazin\/wp-content\/uploads\/2023\/01\/Weidefass.jpg","keywords":["Bacto\u00a0Protect","Frostschutz","Hygiene","Nutztiere","Pferde","Polyethylen","Rinder","Schafe und Ziegen","Tierhaltung","Tr\u00e4nke","Tr\u00e4nkebecken f\u00fcr das Weidefass und IBC-Container","Tr\u00e4nkesystem","Wasserreservoir","Wasserversorgung"],"articleSection":["IBC IM GARTEN"],"inLanguage":"de"},{"@type":"WebPage","@id":"https:\/\/www.rekubik.de\/magazin\/traenkebecken-fuer-das-weidefass-und-ibc-container\/","url":"https:\/\/www.rekubik.de\/magazin\/traenkebecken-fuer-das-weidefass-und-ibc-container\/","name":"Tr\u00e4nkebecken f\u00fcr das Weidefass und IBC-Container - REKUBIK\u00ae Magazin","isPartOf":{"@id":"https:\/\/www.rekubik.de\/magazin\/#website"},"primaryImageOfPage":{"@id":"https:\/\/www.rekubik.de\/magazin\/traenkebecken-fuer-das-weidefass-und-ibc-container\/#primaryimage"},"image":{"@id":"https:\/\/www.rekubik.de\/magazin\/traenkebecken-fuer-das-weidefass-und-ibc-container\/#primaryimage"},"thumbnailUrl":"https:\/\/www.rekubik.de\/magazin\/wp-content\/uploads\/2023\/01\/Weidefass.jpg","datePublished":"2021-01-14T13:22:45+00:00","dateModified":"2024-10-01T14:17:34+00:00","description":"Das Rekubik Magazin stellt Tr\u00e4nkebecken f\u00fcr Weidef\u00e4sser und IBC-Container vor! Alles zu den Vorteilen von modernen Tr\u00e4nkesystemen! \u2714Frostsicher\u2714 antibakteriell.","breadcrumb":{"@id":"https:\/\/www.rekubik.de\/magazin\/traenkebecken-fuer-das-weidefass-und-ibc-container\/#breadcrumb"},"inLanguage":"de","potentialAction":[{"@type":"ReadAction","target":["https:\/\/www.rekubik.de\/magazin\/traenkebecken-fuer-das-weidefass-und-ibc-container\/"]}]},{"@type":"ImageObject","inLanguage":"de","@id":"https:\/\/www.rekubik.de\/magazin\/traenkebecken-fuer-das-weidefass-und-ibc-container\/#primaryimage","url":"https:\/\/www.rekubik.de\/magazin\/wp-content\/uploads\/2023\/01\/Weidefass.jpg","contentUrl":"https:\/\/www.rekubik.de\/magazin\/wp-content\/uploads\/2023\/01\/Weidefass.jpg","width":850,"height":524,"caption":"\u00a9 Natalia - stock.adobe.com"},{"@type":"BreadcrumbList","@id":"https:\/\/www.rekubik.de\/magazin\/traenkebecken-fuer-das-weidefass-und-ibc-container\/#breadcrumb","itemListElement":[{"@type":"ListItem","position":1,"name":"Home","item":"https:\/\/www.rekubik.de\/magazin\/"},{"@type":"ListItem","position":2,"name":"Tr\u00e4nkebecken f\u00fcr das Weidefass und IBC-Container"}]},{"@type":"WebSite","@id":"https:\/\/www.rekubik.de\/magazin\/#website","url":"https:\/\/www.rekubik.de\/magazin\/","name":"REKUBIK\u00ae Magazin","description":"","publisher":{"@id":"https:\/\/www.rekubik.de\/magazin\/#organization"},"potentialAction":[{"@type":"SearchAction","target":{"@type":"EntryPoint","urlTemplate":"https:\/\/www.rekubik.de\/magazin\/?s={search_term_string}"},"query-input":{"@type":"PropertyValueSpecification","valueRequired":true,"valueName":"search_term_string"}}],"inLanguage":"de"},{"@type":"Organization","@id":"https:\/\/www.rekubik.de\/magazin\/#organization","name":"Rekubik","url":"https:\/\/www.rekubik.de\/magazin\/","logo":{"@type":"ImageObject","inLanguage":"de","@id":"https:\/\/www.rekubik.de\/magazin\/#\/schema\/logo\/image\/","url":"https:\/\/www.rekubik.de\/magazin\/wp-content\/uploads\/2017\/12\/rekubik-LOGO-Shopware.png","contentUrl":"https:\/\/www.rekubik.de\/magazin\/wp-content\/uploads\/2017\/12\/rekubik-LOGO-Shopware.png","width":200,"height":50,"caption":"Rekubik"},"image":{"@id":"https:\/\/www.rekubik.de\/magazin\/#\/schema\/logo\/image\/"}},{"@type":"Person","@id":"https:\/\/www.rekubik.de\/magazin\/#\/schema\/person\/d5faea021aac94edeeb8e47cf06771c7","name":"admin","image":{"@type":"ImageObject","inLanguage":"de","@id":"https:\/\/www.rekubik.de\/magazin\/#\/schema\/person\/image\/","url":"https:\/\/secure.gravatar.com\/avatar\/a794a4fe8a9b9c52241597eb381dfa2e?s=96&d=mm&r=g","contentUrl":"https:\/\/secure.gravatar.com\/avatar\/a794a4fe8a9b9c52241597eb381dfa2e?s=96&d=mm&r=g","caption":"admin"}}]}},"_links":{"self":[{"href":"https:\/\/www.rekubik.de\/magazin\/wp-json\/wp\/v2\/posts\/12141"}],"collection":[{"href":"https:\/\/www.rekubik.de\/magazin\/wp-json\/wp\/v2\/posts"}],"about":[{"href":"https:\/\/www.rekubik.de\/magazin\/wp-json\/wp\/v2\/types\/post"}],"author":[{"embeddable":true,"href":"https:\/\/www.rekubik.de\/magazin\/wp-json\/wp\/v2\/users\/1"}],"replies":[{"embeddable":true,"href":"https:\/\/www.rekubik.de\/magazin\/wp-json\/wp\/v2\/comments?post=12141"}],"version-history":[{"count":15,"href":"https:\/\/www.rekubik.de\/magazin\/wp-json\/wp\/v2\/posts\/12141\/revisions"}],"predecessor-version":[{"id":23203,"href":"https:\/\/www.rekubik.de\/magazin\/wp-json\/wp\/v2\/posts\/12141\/revisions\/23203"}],"wp:featuredmedia":[{"embeddable":true,"href":"https:\/\/www.rekubik.de\/magazin\/wp-json\/wp\/v2\/media\/12143"}],"wp:attachment":[{"href":"https:\/\/www.rekubik.de\/magazin\/wp-json\/wp\/v2\/media?parent=12141"}],"wp:term":[{"taxonomy":"category","embeddable":true,"href":"https:\/\/www.rekubik.de\/magazin\/wp-json\/wp\/v2\/categories?post=12141"},{"taxonomy":"post_tag","embeddable":true,"href":"https:\/\/www.rekubik.de\/magazin\/wp-json\/wp\/v2\/tags?post=12141"}],"curies":[{"name":"wp","href":"https:\/\/api.w.org\/{rel}","templated":true}]}}