{"id":12737,"date":"2021-02-22T11:05:01","date_gmt":"2021-02-22T10:05:01","guid":{"rendered":"https:\/\/www.rekubik.de\/magazin\/?p=12737"},"modified":"2024-10-01T16:13:39","modified_gmt":"2024-10-01T14:13:39","slug":"den-garten-im-fruehjahr-richtig-giessen","status":"publish","type":"post","link":"https:\/\/www.rekubik.de\/magazin\/den-garten-im-fruehjahr-richtig-giessen\/","title":{"rendered":"Den Garten im Fr\u00fchjahr richtig gie\u00dfen"},"content":{"rendered":"<h2>\u00ab Jetzt ist die optimale Bew\u00e4sserung besonders wichtig \u00bb<\/h2>\n<p style=\"text-align: justify;\"><strong>Jedes Jahr, wenn der Fr\u00fchling naht, beginnt die Arbeit im Garten so richtig. Die winterliche Pause ist vorbei und das Gartenjahr nimmt richtig Fahrt auf. Sp\u00e4testens nach dem Umzug der ersten Setzlinge ins Freie muss wieder flei\u00dfig gegossen werden. Denn ohne Wasser geht bei der richtigen Gartenpflege im Fr\u00fchjahr nichts. Warum es sich lohnt, dabei auf ein <\/strong><a href=\"https:\/\/www.rekubik.de\/bewaesserung\/\"><strong>automatisches Bew\u00e4sserungssystem<\/strong><\/a><strong> zu setzen, das erfahren Sie in diesem Artikel.<\/strong><\/p>\n<h2>Warum bereits im Fr\u00fchjahr gie\u00dfen?<\/h2>\n<p style=\"text-align: justify;\">Eigentlich sollte man meinen, dass die \u00fcppigen Regenf\u00e4lle, die das Fr\u00fchjahr mit sich bringt, f\u00fcr ausreichend Feuchtigkeit sorgen, um alle Pflanzen \u00fcber die ersten Wachstumsschritte hinweg gut mit dem erforderlichen Nass zu versorgen. Doch gerade die jungen Setzlinge m\u00fcssen verst\u00e4rkt gegossen werden, da ihre Wurzeln noch nicht weit ins Erdreich hineinreichen. Denn an der Oberfl\u00e4che und in den oberen Bodenschichten, trocknet das Erdreich auch in dieser Jahreszeit schnell aus. Hinzu kommt, dass gerade die jungen Setzlinge besonders viel Wasser brauchen, um an Kraft und Gr\u00f6\u00dfe hinzuzugewinnen. Trocknen sie aus, dann stoppen sie ihr Wachstum und ihre Entwicklung verz\u00f6gert sich.<\/p>\n<figure id=\"attachment_12741\" aria-describedby=\"caption-attachment-12741\" style=\"width: 850px\" class=\"wp-caption aligncenter\"><img loading=\"lazy\" decoding=\"async\" class=\"wp-image-12741 size-full\" title=\"Gerade im Fr\u00fchjahr muss auf gleichm\u00e4\u00dfige Bew\u00e4sserung geachtet werden\" src=\"https:\/\/www.rekubik.de\/magazin\/wp-content\/uploads\/2023\/02\/Fruehling-Bewaesserung.jpg\" alt=\"Bew\u00e4sserungssystem f\u00fcr junge Pflanzen im Fr\u00fchjahr\" width=\"850\" height=\"449\" srcset=\"https:\/\/www.rekubik.de\/magazin\/wp-content\/uploads\/2023\/02\/Fruehling-Bewaesserung.jpg 850w, https:\/\/www.rekubik.de\/magazin\/wp-content\/uploads\/2023\/02\/Fruehling-Bewaesserung-300x158.jpg 300w, https:\/\/www.rekubik.de\/magazin\/wp-content\/uploads\/2023\/02\/Fruehling-Bewaesserung-768x406.jpg 768w, https:\/\/www.rekubik.de\/magazin\/wp-content\/uploads\/2023\/02\/Fruehling-Bewaesserung-310x165.jpg 310w\" sizes=\"(max-width: 850px) 100vw, 850px\" \/><figcaption id=\"caption-attachment-12741\" class=\"wp-caption-text\">\u00a9 Photozi &#8211; stock.adobe.com<\/figcaption><\/figure>\n<h2>Den Garten richtig gie\u00dfen &#8211; Wie oft und wie viel?<\/h2>\n<p style=\"text-align: justify;\">Unabh\u00e4ngig von der Jahreszeit gilt es einiges zu beachten, wenn man den Garten richtig gie\u00dfen will. Manche G\u00e4rtner sehen, dass ihre Beete trocken liegen und versuchen nun, mit m\u00f6glichst viel Wasser zu retten, was noch zu retten ist. Doch viel hilft in diesem Fall leider nicht viel. Zu viel Gie\u00dfen f\u00fchrt zu \u00fcberm\u00e4\u00dfiger N\u00e4sse und die geschw\u00e4chte Pflanze wird von Schimmel und F\u00e4ulnis dahingerafft. Besser ist es, m\u00f6glichst gleichf\u00f6rmig f\u00fcr eine moderate Bodenfeuchte zu sorgen. Und genau hier liegt h\u00e4ufig das Problem w\u00e4hrend des Fr\u00fchjahrs: Noch wechseln Temperaturen, Sonneneinstrahlung und Niederschl\u00e4ge stark. Besonders f\u00fcr die Sch\u00f6sslinge sind das keine optimalen Bedingungen.<\/p>\n<p><a href=\"https:\/\/www.rekubik.de\/bewaesserung\/mikrobewaesserung\/mikroleitung\/pvc-mikroschlauch-5-x-3-40-mm-25m-fuer-tropfer\"><img loading=\"lazy\" decoding=\"async\" class=\"alignnone wp-image-12744\" title=\"PVC-Mikroschlauch 5 x 3,40 mm (25m) f\u00fcr Tropfer\" src=\"https:\/\/www.rekubik.de\/magazin\/wp-content\/uploads\/2023\/02\/PVC-Mikroschlauch-5-x-340-mm-25m-fuer-Tropfer-1.jpg\" alt=\"PVC-Mikroschlauch 5 x 3,40 mm (25m) f\u00fcr Tropfer\" width=\"411\" height=\"328\" srcset=\"https:\/\/www.rekubik.de\/magazin\/wp-content\/uploads\/2023\/02\/PVC-Mikroschlauch-5-x-340-mm-25m-fuer-Tropfer-1.jpg 500w, https:\/\/www.rekubik.de\/magazin\/wp-content\/uploads\/2023\/02\/PVC-Mikroschlauch-5-x-340-mm-25m-fuer-Tropfer-1-300x239.jpg 300w\" sizes=\"(max-width: 411px) 100vw, 411px\" \/><\/a> <a href=\"https:\/\/www.rekubik.de\/bewaesserung\/mikrobewaesserung\/einzeltropfer\/10x-tropfer-sk-selbstkompensierend\"><img loading=\"lazy\" decoding=\"async\" class=\"alignnone wp-image-12746\" title=\"10x Tropfer (SK) Selbstkompensierend\" src=\"https:\/\/www.rekubik.de\/magazin\/wp-content\/uploads\/2023\/02\/10x-Tropfer-SK-Selbstkompensierend-1.jpg\" alt=\"10x Tropfer (SK) Selbstkompensierend - gut f\u00fcr Bew\u00e4sserung junger Pflanzen im Fr\u00fchjahr\" width=\"305\" height=\"234\" srcset=\"https:\/\/www.rekubik.de\/magazin\/wp-content\/uploads\/2023\/02\/10x-Tropfer-SK-Selbstkompensierend-1.jpg 400w, https:\/\/www.rekubik.de\/magazin\/wp-content\/uploads\/2023\/02\/10x-Tropfer-SK-Selbstkompensierend-1-300x230.jpg 300w\" sizes=\"(max-width: 305px) 100vw, 305px\" \/><\/a><\/p>\n<h2>Zukunftsweisende L\u00f6sungen f\u00fcr die Gartenbew\u00e4sserung<\/h2>\n<p style=\"text-align: justify;\">Damit Ihr Garten im Fr\u00fchjahr auch tats\u00e4chlich die optimale Menge an Wasser bekommt, hie\u00df es in der Vergangenheit vor allem eines: Gie\u00dfkannen schleppen. Die moderne Technik sorgt heute daf\u00fcr, dass automatische Bew\u00e4sserungssysteme gro\u00dfe Teile des Aufwands f\u00fcr Sie \u00fcbernehmen k\u00f6nnen. Diese Systeme sorgen daf\u00fcr, dass auch die G\u00e4rten der weniger technikaffinen Eigent\u00fcmer heute zunehmend automatisch und kontrolliert bew\u00e4ssert werden k\u00f6nnen. So wird besonders das verst\u00e4rkte Gie\u00dfen des Gartens im Fr\u00fchjahr erheblich erleichtert. Denn gerade zu dieser Jahreszeit haben G\u00e4rtner eh alle H\u00e4nde voll zu tun.<\/p>\n<h2>Der IBC-Container als praktischer Regenwassertank<\/h2>\n<p style=\"text-align: justify;\">Eine ideale Voraussetzung f\u00fcr das automatisierte Bew\u00e4ssern ist es, Regenwasser zu sammeln und das Bew\u00e4sserungssystem mit diesem Wasser zu speisen. Das ist nicht nur eine nachhaltige Methode, so l\u00e4sst sich auch einiges an Geld sparen. Um Regenwasser zu sammeln muss nat\u00fcrlich ein geeigneter Sammelbeh\u00e4lter zur Verf\u00fcgung stehen. Urspr\u00fcnglich aus der Industrie stammend, haben sich heute <a href=\"https:\/\/www.rekubik.de\/ibc-container\/\">Intermediate Bulk Container<\/a>, die so genannten IBCs, in vielen G\u00e4rten als bew\u00e4hrter und beliebter Speicher etabliert. Die \u00fcblichen Modelle bieten ein Volumen von 1.000 Liter und bieten so gen\u00fcgend Kapazit\u00e4t, um gen\u00fcgend Wasser zu bevorraten, um auch l\u00e4ngere Trockenperioden zu \u00fcberstehen. Ausgestattet mit <a href=\"https:\/\/www.rekubik.de\/ibc-zubehoer\/adapter\/\">standardisierten Adaptern<\/a> bieten sie die idealen Voraussetzungen, um <a href=\"https:\/\/www.rekubik.de\/bewaesserung\/schlauch-rohr\/\">Schl\u00e4uche<\/a> oder spezielle H\u00e4hne anzuschlie\u00dfen. Sie stellen also eine ideale Basis f\u00fcr die Wasserversorgung des Gartens dar.<\/p>\n<p><a href=\"https:\/\/www.rekubik.de\/ibc-container\/neue-ibc\/600l-ibc-container-schwarz-auf-pe-palette-neu\"><img loading=\"lazy\" decoding=\"async\" class=\"wp-image-12749 alignnone\" title=\"600l IBC Container SCHWARZ auf PE-Palette NEU\" src=\"https:\/\/www.rekubik.de\/magazin\/wp-content\/uploads\/2023\/02\/600l-IBC-Container-SCHWARZ-auf-PE-Palette-NEU-1.jpg\" alt=\"600l IBC Container SCHWARZ auf PE-Palette NEU\" width=\"426\" height=\"436\" srcset=\"https:\/\/www.rekubik.de\/magazin\/wp-content\/uploads\/2023\/02\/600l-IBC-Container-SCHWARZ-auf-PE-Palette-NEU-1.jpg 600w, https:\/\/www.rekubik.de\/magazin\/wp-content\/uploads\/2023\/02\/600l-IBC-Container-SCHWARZ-auf-PE-Palette-NEU-1-293x300.jpg 293w\" sizes=\"(max-width: 426px) 100vw, 426px\" \/><\/a> <a href=\"https:\/\/www.rekubik.de\/ibc-zubehoer\/adapter\/s60x6-grobgewinde\/ibc-adapter-s60x6-storz-c-52-kupplung-inkl.-schlauch\"><img loading=\"lazy\" decoding=\"async\" class=\"alignnone wp-image-12752\" title=\"IBC Adapter S60x6 - STORZ C-52 Kupplung inkl. Schlauch\" src=\"https:\/\/www.rekubik.de\/magazin\/wp-content\/uploads\/2023\/02\/IBC-Adapter-S60x6-STORZ-C-52-Kupplung-inkl-Schlauch-1.jpg\" alt=\"IBC Adapter S60x6 - STORZ C-52 Kupplung inkl. Schlauch\" width=\"318\" height=\"265\" \/><\/a><\/p>\n<h2>Regenwasser sammeln und verteilen &#8211; Leitungsnetze<\/h2>\n<p style=\"text-align: justify;\">Allerdings ist es mit dem Sammeln des Regenwassers noch lange nicht getan. Nat\u00fcrlich muss das Wasser auch dorthin gelangen, wo Sie es tats\u00e4chlich ben\u00f6tigen. Einerseits besteht die M\u00f6glichkeit, mobile Schl\u00e4uche zu nutzen, die sich am Ende der Gartensaison wieder einfach aufwickeln und einlagern lassen. Allerdings sind diese Leitungen bereits bei der Gartenpflege im Fr\u00fchjahr h\u00e4ufig im Weg und stellen oft eine Stolperfalle dar. Au\u00dferdem st\u00f6ren Sie auch den optischen Eindruck. Deswegen bietet eine feste Leitungsinstallation innerhalb des Gartens erhebliche Vorteile.<\/p>\n<p><a href=\"https:\/\/www.rekubik.de\/ibc-container\/ibc-komplettset\/1000l-ibc-regenwassertank-neuwertig-mit-fallrohranschluss-schwanenhals\"><img loading=\"lazy\" decoding=\"async\" class=\"aligncenter wp-image-12617 \" title=\"1000l IBC Regenwassertank mit 80m\u00b2 Fallrohrautomat + Schwanenhals\" src=\"https:\/\/www.rekubik.de\/magazin\/wp-content\/uploads\/2022\/02\/1000l-IBC-Regenwassertank-mit-80m^2-Fallrohrautomat-Schwanenhals.jpg\" alt=\"1000l IBC Regenwassertank mit 80m\u00b2 Fallrohrautomat + Schwanenhals\" width=\"565\" height=\"549\" srcset=\"https:\/\/www.rekubik.de\/magazin\/wp-content\/uploads\/2022\/02\/1000l-IBC-Regenwassertank-mit-80m^2-Fallrohrautomat-Schwanenhals.jpg 800w, https:\/\/www.rekubik.de\/magazin\/wp-content\/uploads\/2022\/02\/1000l-IBC-Regenwassertank-mit-80m^2-Fallrohrautomat-Schwanenhals-300x291.jpg 300w, https:\/\/www.rekubik.de\/magazin\/wp-content\/uploads\/2022\/02\/1000l-IBC-Regenwassertank-mit-80m^2-Fallrohrautomat-Schwanenhals-768x746.jpg 768w\" sizes=\"(max-width: 565px) 100vw, 565px\" \/><\/a><\/p>\n<h2>Das Bew\u00e4sserungssystem &#8211; automatisch und zuverl\u00e4ssig<\/h2>\n<p style=\"text-align: justify;\">Ob es um das Garten Gie\u00dfen im Fr\u00fchjahr, Sommer oder Herbst geht, automatische Bew\u00e4sserungssysteme sorgen nicht nur f\u00fcr Zeit- und Kraftersparnis. Sie sind dar\u00fcber hinaus auch in der Lage, die Aufgabe wesentlich zuverl\u00e4ssiger und gleichm\u00e4\u00dfiger zu erledigen. Welcher G\u00e4rtner schaut schon auf die Uhr und misst die Wassermenge genau ab? Heute bieten elektronische Steuerungen eine Pr\u00e4zision, die selbst unter ungew\u00f6hnlichen Umgebungsbedingungen f\u00fcr die richtige Wassergabe zur rechten Zeit sorgen kann.<\/p>\n<h3>Sprenger und Kreisregner<\/h3>\n<p style=\"text-align: justify;\">Wenn Sie Ihren Garten bisher manuell gegossen haben, kennen Sie sicher auch die klassischen Regner. Diese Elemente lassen sich ohne viel Aufwand automatisieren und so gezielt einzelne Gartenbereiche bew\u00e4ssern. Je nach Ausf\u00fchrung stehen <a href=\"https:\/\/www.rekubik.de\/bewaesserung\/beregnung\/\">die Regner<\/a> entweder dauerhaft sichtbar an vorgegebenen Punkten, oder sie lassen sich im Boden versenken.<\/p>\n<p><a href=\"https:\/\/www.rekubik.de\/bewaesserung\/beregnung\/rain-bird-versenkduesengehaeuse-1804\"><img loading=\"lazy\" decoding=\"async\" class=\"aligncenter wp-image-12761 size-full\" title=\"Rain Bird Spr\u00fchkopfsprinkler \" src=\"https:\/\/www.rekubik.de\/magazin\/wp-content\/uploads\/2023\/02\/20200730_065718-2.jpg\" alt=\"Rain Bird Spr\u00fchkopfsprinkler \" width=\"850\" height=\"505\" srcset=\"https:\/\/www.rekubik.de\/magazin\/wp-content\/uploads\/2023\/02\/20200730_065718-2.jpg 850w, https:\/\/www.rekubik.de\/magazin\/wp-content\/uploads\/2023\/02\/20200730_065718-2-300x178.jpg 300w, https:\/\/www.rekubik.de\/magazin\/wp-content\/uploads\/2023\/02\/20200730_065718-2-768x456.jpg 768w\" sizes=\"(max-width: 850px) 100vw, 850px\" \/><\/a><\/p>\n<h3>Die Microbew\u00e4sserung<\/h3>\n<p style=\"text-align: justify;\">Anders sieht es dagegen bei <a href=\"https:\/\/www.rekubik.de\/bewaesserung\/mikrobewaesserung\/\">der Microbew\u00e4sserung<\/a> aus. M\u00f6glicherweise sind die Leitungen im Garten im Fr\u00fchjahr noch sichtbar. Sie verschwinden aber sp\u00e4testens mit dem Wachstum der Bl\u00e4tter nahezu unsichtbar unter den Gew\u00e4chsen. Mit einer Mikroperforation versehen, lassen die Leitungen das Gie\u00dfwasser kontinuierlich tropfenweise austreten. Ein gro\u00dfer Vorteil ist, dass die Microbew\u00e4sserung direkt den Wurzelbereich mit Wasser versorgt. Das bietet Schutz f\u00fcr die Pflanzen und spart au\u00dferdem zus\u00e4tzlich Wasser.<\/p>\n<p>\u00a0 \u00a0 \u00a0 \u00a0 \u00a0 \u00a0 \u00a0 \u00a0 <a href=\"https:\/\/www.rekubik.de\/bewaesserung\/mikrobewaesserung\/mikrosprueher\/mikrosprueher-omega-3600-70-500-l\/h-auf-steckdorn-inkl.-anschluss\"><img loading=\"lazy\" decoding=\"async\" class=\"wp-image-12763 alignnone\" title=\"Mikrospr\u00fcher Spezial 360\u00b0 70-400 l\/h auf Steckdorn inkl. Anschluss\" src=\"https:\/\/www.rekubik.de\/magazin\/wp-content\/uploads\/2023\/02\/Mikrosprueher-360grad-70-400-lh-auf-Steckdorn-inkl-Anschluss-1.jpg\" alt=\"Mikrospr\u00fcher Spezial 360\u00b0 70-400 l\/h auf Steckdorn inkl. Anschluss\" width=\"250\" height=\"601\" srcset=\"https:\/\/www.rekubik.de\/magazin\/wp-content\/uploads\/2023\/02\/Mikrosprueher-360grad-70-400-lh-auf-Steckdorn-inkl-Anschluss-1.jpg 300w, https:\/\/www.rekubik.de\/magazin\/wp-content\/uploads\/2023\/02\/Mikrosprueher-360grad-70-400-lh-auf-Steckdorn-inkl-Anschluss-1-125x300.jpg 125w\" sizes=\"(max-width: 250px) 100vw, 250px\" \/><\/a>\u00a0 \u00a0 \u00a0 \u00a0 \u00a0 \u00a0 \u00a0 \u00a0 \u00a0<a href=\"https:\/\/www.rekubik.de\/bewaesserung\/mikrobewaesserung\/mikrosprueher\/10x-mikrosprueher-1800-90-120-l\/h\"><img loading=\"lazy\" decoding=\"async\" class=\"alignnone wp-image-12765\" title=\"10x Mikrospr\u00fcher 180\u00b0 90-120 l\/h\" src=\"https:\/\/www.rekubik.de\/magazin\/wp-content\/uploads\/2023\/02\/10x-Mikrosprueher-180\u00b0-90-120-h.jpg\" alt=\"10x Mikrospr\u00fcher 180\u00b0 90-120 l\/h\" width=\"278\" height=\"352\" srcset=\"https:\/\/www.rekubik.de\/magazin\/wp-content\/uploads\/2023\/02\/10x-Mikrosprueher-180\u00b0-90-120-h.jpg 400w, https:\/\/www.rekubik.de\/magazin\/wp-content\/uploads\/2023\/02\/10x-Mikrosprueher-180\u00b0-90-120-h-237x300.jpg 237w\" sizes=\"(max-width: 278px) 100vw, 278px\" \/><\/a><\/p>\n<h2>Fazit &#8211; Garten gie\u00dfen im Fr\u00fchjahr mit automatischen Bew\u00e4sserungssystem Kosten und M\u00fchen sparen<\/h2>\n<p style=\"text-align: justify;\">Automatische Bew\u00e4sserungssysteme stellen f\u00fcr jeden G\u00e4rtner eine erhebliche Erleichterung dar, das gilt nicht nur im Fr\u00fchjahr. Mit so einem System ist die heimische Gartenparzelle das gesamte Jahr hindurch optimal versorgt und Ihnen bleibt viel Arbeit erspart. Nat\u00fcrlich verbleibt mehr als genug Arbeit mit Anpflanzung, Pflege und Ernte. Durch den Entfall des Gie\u00dfens finden Sie aber mehr Zeit, um die Sch\u00f6nheit Ihrer Parzelle wirklich zu genie\u00dfen.<\/p>\n","protected":false},"excerpt":{"rendered":"<p>\u00ab Jetzt ist die optimale Bew\u00e4sserung besonders wichtig \u00bb Jedes Jahr, wenn der Fr\u00fchling naht, beginnt die Arbeit im Garten so richtig. Die winterliche Pause ist vorbei und das Gartenjahr nimmt richtig Fahrt auf. Sp\u00e4testens nach dem Umzug der ersten Setzlinge ins Freie muss wieder flei\u00dfig gegossen werden. Denn ohne Wasser geht bei der richtigen &hellip;<\/p>\n","protected":false},"author":1,"featured_media":12742,"comment_status":"closed","ping_status":"open","sticky":false,"template":"","format":"standard","meta":{"footnotes":""},"categories":[1],"tags":[221,1512,1507,9,205,1508,1509,1514,859,1511,235,1510,1513,382],"class_list":["post-12737","post","type-post","status-publish","format-standard","has-post-thumbnail","","category-ibc-garten","tag-bewaesserungssystem","tag-fruehling","tag-garten-im-fruehjahr","tag-gartenbewaesserung","tag-ibc-container","tag-im-fruehjahr-richtig-giessen","tag-junge-pflanzen","tag-kreisregner","tag-microbewaesserung","tag-regelmaessige-bewaesserung","tag-regenwassertank","tag-setzlinge","tag-sprenger","tag-tropfbewaesserung"],"yoast_head":"<!-- This site is optimized with the Yoast SEO plugin v23.5 - https:\/\/yoast.com\/wordpress\/plugins\/seo\/ -->\n<title>Den Garten im Fr\u00fchjahr richtig gie\u00dfen - REKUBIK\u00ae Magazin<\/title>\n<meta name=\"description\" content=\"Das Fr\u00fchjahr ist Hochsaison f\u00fcr G\u00e4rtner. Das Rekubik Magazin gibt Tipps \u2714und stellt die Vorteile eines automatischen Bew\u00e4sserungssystems vor!\" \/>\n<meta name=\"robots\" content=\"index, follow, max-snippet:-1, max-image-preview:large, max-video-preview:-1\" \/>\n<link rel=\"canonical\" href=\"https:\/\/www.rekubik.de\/magazin\/den-garten-im-fruehjahr-richtig-giessen\/\" \/>\n<meta property=\"og:locale\" content=\"de_DE\" \/>\n<meta property=\"og:type\" content=\"article\" \/>\n<meta property=\"og:title\" content=\"Den Garten im Fr\u00fchjahr richtig gie\u00dfen - REKUBIK\u00ae Magazin\" \/>\n<meta property=\"og:description\" content=\"Das Fr\u00fchjahr ist Hochsaison f\u00fcr G\u00e4rtner. Das Rekubik Magazin gibt Tipps \u2714und stellt die Vorteile eines automatischen Bew\u00e4sserungssystems vor!\" \/>\n<meta property=\"og:url\" content=\"https:\/\/www.rekubik.de\/magazin\/den-garten-im-fruehjahr-richtig-giessen\/\" \/>\n<meta property=\"og:site_name\" content=\"REKUBIK\u00ae Magazin\" \/>\n<meta property=\"article:published_time\" content=\"2021-02-22T10:05:01+00:00\" \/>\n<meta property=\"article:modified_time\" content=\"2024-10-01T14:13:39+00:00\" \/>\n<meta property=\"og:image\" content=\"https:\/\/www.rekubik.de\/magazin\/wp-content\/uploads\/2023\/02\/Setzlinge-Bewaesserung.jpg\" \/>\n\t<meta property=\"og:image:width\" content=\"850\" \/>\n\t<meta property=\"og:image:height\" content=\"493\" \/>\n\t<meta property=\"og:image:type\" content=\"image\/jpeg\" \/>\n<meta name=\"author\" content=\"admin\" \/>\n<meta name=\"twitter:card\" content=\"summary_large_image\" \/>\n<meta name=\"twitter:label1\" content=\"Geschrieben von\" \/>\n\t<meta name=\"twitter:data1\" content=\"admin\" \/>\n\t<meta name=\"twitter:label2\" content=\"Gesch\u00e4tzte Lesezeit\" \/>\n\t<meta name=\"twitter:data2\" content=\"6\u00a0Minuten\" \/>\n<script type=\"application\/ld+json\" class=\"yoast-schema-graph\">{\"@context\":\"https:\/\/schema.org\",\"@graph\":[{\"@type\":\"Article\",\"@id\":\"https:\/\/www.rekubik.de\/magazin\/den-garten-im-fruehjahr-richtig-giessen\/#article\",\"isPartOf\":{\"@id\":\"https:\/\/www.rekubik.de\/magazin\/den-garten-im-fruehjahr-richtig-giessen\/\"},\"author\":{\"name\":\"admin\",\"@id\":\"https:\/\/www.rekubik.de\/magazin\/#\/schema\/person\/d5faea021aac94edeeb8e47cf06771c7\"},\"headline\":\"Den Garten im Fr\u00fchjahr richtig gie\u00dfen\",\"datePublished\":\"2021-02-22T10:05:01+00:00\",\"dateModified\":\"2024-10-01T14:13:39+00:00\",\"mainEntityOfPage\":{\"@id\":\"https:\/\/www.rekubik.de\/magazin\/den-garten-im-fruehjahr-richtig-giessen\/\"},\"wordCount\":1011,\"publisher\":{\"@id\":\"https:\/\/www.rekubik.de\/magazin\/#organization\"},\"image\":{\"@id\":\"https:\/\/www.rekubik.de\/magazin\/den-garten-im-fruehjahr-richtig-giessen\/#primaryimage\"},\"thumbnailUrl\":\"https:\/\/www.rekubik.de\/magazin\/wp-content\/uploads\/2023\/02\/Setzlinge-Bewaesserung.jpg\",\"keywords\":[\"Bew\u00e4sserungssystem\",\"Fr\u00fchling\",\"Garten im Fr\u00fchjahr\",\"Gartenbew\u00e4sserung\",\"IBC Container\",\"im Fr\u00fchjahr richtig gie\u00dfen\",\"junge Pflanzen\",\"Kreisregner\",\"Microbew\u00e4sserung\",\"regelm\u00e4\u00dfige Bew\u00e4sserung\",\"Regenwassertank\",\"Setzlinge\",\"Sprenger\",\"Tropfbew\u00e4sserung\"],\"articleSection\":[\"IBC IM GARTEN\"],\"inLanguage\":\"de\"},{\"@type\":\"WebPage\",\"@id\":\"https:\/\/www.rekubik.de\/magazin\/den-garten-im-fruehjahr-richtig-giessen\/\",\"url\":\"https:\/\/www.rekubik.de\/magazin\/den-garten-im-fruehjahr-richtig-giessen\/\",\"name\":\"Den Garten im Fr\u00fchjahr richtig gie\u00dfen - REKUBIK\u00ae Magazin\",\"isPartOf\":{\"@id\":\"https:\/\/www.rekubik.de\/magazin\/#website\"},\"primaryImageOfPage\":{\"@id\":\"https:\/\/www.rekubik.de\/magazin\/den-garten-im-fruehjahr-richtig-giessen\/#primaryimage\"},\"image\":{\"@id\":\"https:\/\/www.rekubik.de\/magazin\/den-garten-im-fruehjahr-richtig-giessen\/#primaryimage\"},\"thumbnailUrl\":\"https:\/\/www.rekubik.de\/magazin\/wp-content\/uploads\/2023\/02\/Setzlinge-Bewaesserung.jpg\",\"datePublished\":\"2021-02-22T10:05:01+00:00\",\"dateModified\":\"2024-10-01T14:13:39+00:00\",\"description\":\"Das Fr\u00fchjahr ist Hochsaison f\u00fcr G\u00e4rtner. Das Rekubik Magazin gibt Tipps \u2714und stellt die Vorteile eines automatischen Bew\u00e4sserungssystems vor!\",\"breadcrumb\":{\"@id\":\"https:\/\/www.rekubik.de\/magazin\/den-garten-im-fruehjahr-richtig-giessen\/#breadcrumb\"},\"inLanguage\":\"de\",\"potentialAction\":[{\"@type\":\"ReadAction\",\"target\":[\"https:\/\/www.rekubik.de\/magazin\/den-garten-im-fruehjahr-richtig-giessen\/\"]}]},{\"@type\":\"ImageObject\",\"inLanguage\":\"de\",\"@id\":\"https:\/\/www.rekubik.de\/magazin\/den-garten-im-fruehjahr-richtig-giessen\/#primaryimage\",\"url\":\"https:\/\/www.rekubik.de\/magazin\/wp-content\/uploads\/2023\/02\/Setzlinge-Bewaesserung.jpg\",\"contentUrl\":\"https:\/\/www.rekubik.de\/magazin\/wp-content\/uploads\/2023\/02\/Setzlinge-Bewaesserung.jpg\",\"width\":850,\"height\":493,\"caption\":\"\u00a9 Victor - stock..adobe.com\"},{\"@type\":\"BreadcrumbList\",\"@id\":\"https:\/\/www.rekubik.de\/magazin\/den-garten-im-fruehjahr-richtig-giessen\/#breadcrumb\",\"itemListElement\":[{\"@type\":\"ListItem\",\"position\":1,\"name\":\"Home\",\"item\":\"https:\/\/www.rekubik.de\/magazin\/\"},{\"@type\":\"ListItem\",\"position\":2,\"name\":\"Den Garten im Fr\u00fchjahr richtig gie\u00dfen\"}]},{\"@type\":\"WebSite\",\"@id\":\"https:\/\/www.rekubik.de\/magazin\/#website\",\"url\":\"https:\/\/www.rekubik.de\/magazin\/\",\"name\":\"REKUBIK\u00ae Magazin\",\"description\":\"\",\"publisher\":{\"@id\":\"https:\/\/www.rekubik.de\/magazin\/#organization\"},\"potentialAction\":[{\"@type\":\"SearchAction\",\"target\":{\"@type\":\"EntryPoint\",\"urlTemplate\":\"https:\/\/www.rekubik.de\/magazin\/?s={search_term_string}\"},\"query-input\":{\"@type\":\"PropertyValueSpecification\",\"valueRequired\":true,\"valueName\":\"search_term_string\"}}],\"inLanguage\":\"de\"},{\"@type\":\"Organization\",\"@id\":\"https:\/\/www.rekubik.de\/magazin\/#organization\",\"name\":\"Rekubik\",\"url\":\"https:\/\/www.rekubik.de\/magazin\/\",\"logo\":{\"@type\":\"ImageObject\",\"inLanguage\":\"de\",\"@id\":\"https:\/\/www.rekubik.de\/magazin\/#\/schema\/logo\/image\/\",\"url\":\"https:\/\/www.rekubik.de\/magazin\/wp-content\/uploads\/2017\/12\/rekubik-LOGO-Shopware.png\",\"contentUrl\":\"https:\/\/www.rekubik.de\/magazin\/wp-content\/uploads\/2017\/12\/rekubik-LOGO-Shopware.png\",\"width\":200,\"height\":50,\"caption\":\"Rekubik\"},\"image\":{\"@id\":\"https:\/\/www.rekubik.de\/magazin\/#\/schema\/logo\/image\/\"}},{\"@type\":\"Person\",\"@id\":\"https:\/\/www.rekubik.de\/magazin\/#\/schema\/person\/d5faea021aac94edeeb8e47cf06771c7\",\"name\":\"admin\",\"image\":{\"@type\":\"ImageObject\",\"inLanguage\":\"de\",\"@id\":\"https:\/\/www.rekubik.de\/magazin\/#\/schema\/person\/image\/\",\"url\":\"https:\/\/secure.gravatar.com\/avatar\/a794a4fe8a9b9c52241597eb381dfa2e?s=96&d=mm&r=g\",\"contentUrl\":\"https:\/\/secure.gravatar.com\/avatar\/a794a4fe8a9b9c52241597eb381dfa2e?s=96&d=mm&r=g\",\"caption\":\"admin\"}}]}<\/script>\n<!-- \/ Yoast SEO plugin. -->","yoast_head_json":{"title":"Den Garten im Fr\u00fchjahr richtig gie\u00dfen - REKUBIK\u00ae Magazin","description":"Das Fr\u00fchjahr ist Hochsaison f\u00fcr G\u00e4rtner. Das Rekubik Magazin gibt Tipps \u2714und stellt die Vorteile eines automatischen Bew\u00e4sserungssystems vor!","robots":{"index":"index","follow":"follow","max-snippet":"max-snippet:-1","max-image-preview":"max-image-preview:large","max-video-preview":"max-video-preview:-1"},"canonical":"https:\/\/www.rekubik.de\/magazin\/den-garten-im-fruehjahr-richtig-giessen\/","og_locale":"de_DE","og_type":"article","og_title":"Den Garten im Fr\u00fchjahr richtig gie\u00dfen - REKUBIK\u00ae Magazin","og_description":"Das Fr\u00fchjahr ist Hochsaison f\u00fcr G\u00e4rtner. Das Rekubik Magazin gibt Tipps \u2714und stellt die Vorteile eines automatischen Bew\u00e4sserungssystems vor!","og_url":"https:\/\/www.rekubik.de\/magazin\/den-garten-im-fruehjahr-richtig-giessen\/","og_site_name":"REKUBIK\u00ae Magazin","article_published_time":"2021-02-22T10:05:01+00:00","article_modified_time":"2024-10-01T14:13:39+00:00","og_image":[{"width":850,"height":493,"url":"https:\/\/www.rekubik.de\/magazin\/wp-content\/uploads\/2023\/02\/Setzlinge-Bewaesserung.jpg","type":"image\/jpeg"}],"author":"admin","twitter_card":"summary_large_image","twitter_misc":{"Geschrieben von":"admin","Gesch\u00e4tzte Lesezeit":"6\u00a0Minuten"},"schema":{"@context":"https:\/\/schema.org","@graph":[{"@type":"Article","@id":"https:\/\/www.rekubik.de\/magazin\/den-garten-im-fruehjahr-richtig-giessen\/#article","isPartOf":{"@id":"https:\/\/www.rekubik.de\/magazin\/den-garten-im-fruehjahr-richtig-giessen\/"},"author":{"name":"admin","@id":"https:\/\/www.rekubik.de\/magazin\/#\/schema\/person\/d5faea021aac94edeeb8e47cf06771c7"},"headline":"Den Garten im Fr\u00fchjahr richtig gie\u00dfen","datePublished":"2021-02-22T10:05:01+00:00","dateModified":"2024-10-01T14:13:39+00:00","mainEntityOfPage":{"@id":"https:\/\/www.rekubik.de\/magazin\/den-garten-im-fruehjahr-richtig-giessen\/"},"wordCount":1011,"publisher":{"@id":"https:\/\/www.rekubik.de\/magazin\/#organization"},"image":{"@id":"https:\/\/www.rekubik.de\/magazin\/den-garten-im-fruehjahr-richtig-giessen\/#primaryimage"},"thumbnailUrl":"https:\/\/www.rekubik.de\/magazin\/wp-content\/uploads\/2023\/02\/Setzlinge-Bewaesserung.jpg","keywords":["Bew\u00e4sserungssystem","Fr\u00fchling","Garten im Fr\u00fchjahr","Gartenbew\u00e4sserung","IBC Container","im Fr\u00fchjahr richtig gie\u00dfen","junge Pflanzen","Kreisregner","Microbew\u00e4sserung","regelm\u00e4\u00dfige Bew\u00e4sserung","Regenwassertank","Setzlinge","Sprenger","Tropfbew\u00e4sserung"],"articleSection":["IBC IM GARTEN"],"inLanguage":"de"},{"@type":"WebPage","@id":"https:\/\/www.rekubik.de\/magazin\/den-garten-im-fruehjahr-richtig-giessen\/","url":"https:\/\/www.rekubik.de\/magazin\/den-garten-im-fruehjahr-richtig-giessen\/","name":"Den Garten im Fr\u00fchjahr richtig gie\u00dfen - REKUBIK\u00ae Magazin","isPartOf":{"@id":"https:\/\/www.rekubik.de\/magazin\/#website"},"primaryImageOfPage":{"@id":"https:\/\/www.rekubik.de\/magazin\/den-garten-im-fruehjahr-richtig-giessen\/#primaryimage"},"image":{"@id":"https:\/\/www.rekubik.de\/magazin\/den-garten-im-fruehjahr-richtig-giessen\/#primaryimage"},"thumbnailUrl":"https:\/\/www.rekubik.de\/magazin\/wp-content\/uploads\/2023\/02\/Setzlinge-Bewaesserung.jpg","datePublished":"2021-02-22T10:05:01+00:00","dateModified":"2024-10-01T14:13:39+00:00","description":"Das Fr\u00fchjahr ist Hochsaison f\u00fcr G\u00e4rtner. Das Rekubik Magazin gibt Tipps \u2714und stellt die Vorteile eines automatischen Bew\u00e4sserungssystems vor!","breadcrumb":{"@id":"https:\/\/www.rekubik.de\/magazin\/den-garten-im-fruehjahr-richtig-giessen\/#breadcrumb"},"inLanguage":"de","potentialAction":[{"@type":"ReadAction","target":["https:\/\/www.rekubik.de\/magazin\/den-garten-im-fruehjahr-richtig-giessen\/"]}]},{"@type":"ImageObject","inLanguage":"de","@id":"https:\/\/www.rekubik.de\/magazin\/den-garten-im-fruehjahr-richtig-giessen\/#primaryimage","url":"https:\/\/www.rekubik.de\/magazin\/wp-content\/uploads\/2023\/02\/Setzlinge-Bewaesserung.jpg","contentUrl":"https:\/\/www.rekubik.de\/magazin\/wp-content\/uploads\/2023\/02\/Setzlinge-Bewaesserung.jpg","width":850,"height":493,"caption":"\u00a9 Victor - stock..adobe.com"},{"@type":"BreadcrumbList","@id":"https:\/\/www.rekubik.de\/magazin\/den-garten-im-fruehjahr-richtig-giessen\/#breadcrumb","itemListElement":[{"@type":"ListItem","position":1,"name":"Home","item":"https:\/\/www.rekubik.de\/magazin\/"},{"@type":"ListItem","position":2,"name":"Den Garten im Fr\u00fchjahr richtig gie\u00dfen"}]},{"@type":"WebSite","@id":"https:\/\/www.rekubik.de\/magazin\/#website","url":"https:\/\/www.rekubik.de\/magazin\/","name":"REKUBIK\u00ae Magazin","description":"","publisher":{"@id":"https:\/\/www.rekubik.de\/magazin\/#organization"},"potentialAction":[{"@type":"SearchAction","target":{"@type":"EntryPoint","urlTemplate":"https:\/\/www.rekubik.de\/magazin\/?s={search_term_string}"},"query-input":{"@type":"PropertyValueSpecification","valueRequired":true,"valueName":"search_term_string"}}],"inLanguage":"de"},{"@type":"Organization","@id":"https:\/\/www.rekubik.de\/magazin\/#organization","name":"Rekubik","url":"https:\/\/www.rekubik.de\/magazin\/","logo":{"@type":"ImageObject","inLanguage":"de","@id":"https:\/\/www.rekubik.de\/magazin\/#\/schema\/logo\/image\/","url":"https:\/\/www.rekubik.de\/magazin\/wp-content\/uploads\/2017\/12\/rekubik-LOGO-Shopware.png","contentUrl":"https:\/\/www.rekubik.de\/magazin\/wp-content\/uploads\/2017\/12\/rekubik-LOGO-Shopware.png","width":200,"height":50,"caption":"Rekubik"},"image":{"@id":"https:\/\/www.rekubik.de\/magazin\/#\/schema\/logo\/image\/"}},{"@type":"Person","@id":"https:\/\/www.rekubik.de\/magazin\/#\/schema\/person\/d5faea021aac94edeeb8e47cf06771c7","name":"admin","image":{"@type":"ImageObject","inLanguage":"de","@id":"https:\/\/www.rekubik.de\/magazin\/#\/schema\/person\/image\/","url":"https:\/\/secure.gravatar.com\/avatar\/a794a4fe8a9b9c52241597eb381dfa2e?s=96&d=mm&r=g","contentUrl":"https:\/\/secure.gravatar.com\/avatar\/a794a4fe8a9b9c52241597eb381dfa2e?s=96&d=mm&r=g","caption":"admin"}}]}},"_links":{"self":[{"href":"https:\/\/www.rekubik.de\/magazin\/wp-json\/wp\/v2\/posts\/12737"}],"collection":[{"href":"https:\/\/www.rekubik.de\/magazin\/wp-json\/wp\/v2\/posts"}],"about":[{"href":"https:\/\/www.rekubik.de\/magazin\/wp-json\/wp\/v2\/types\/post"}],"author":[{"embeddable":true,"href":"https:\/\/www.rekubik.de\/magazin\/wp-json\/wp\/v2\/users\/1"}],"replies":[{"embeddable":true,"href":"https:\/\/www.rekubik.de\/magazin\/wp-json\/wp\/v2\/comments?post=12737"}],"version-history":[{"count":27,"href":"https:\/\/www.rekubik.de\/magazin\/wp-json\/wp\/v2\/posts\/12737\/revisions"}],"predecessor-version":[{"id":23118,"href":"https:\/\/www.rekubik.de\/magazin\/wp-json\/wp\/v2\/posts\/12737\/revisions\/23118"}],"wp:featuredmedia":[{"embeddable":true,"href":"https:\/\/www.rekubik.de\/magazin\/wp-json\/wp\/v2\/media\/12742"}],"wp:attachment":[{"href":"https:\/\/www.rekubik.de\/magazin\/wp-json\/wp\/v2\/media?parent=12737"}],"wp:term":[{"taxonomy":"category","embeddable":true,"href":"https:\/\/www.rekubik.de\/magazin\/wp-json\/wp\/v2\/categories?post=12737"},{"taxonomy":"post_tag","embeddable":true,"href":"https:\/\/www.rekubik.de\/magazin\/wp-json\/wp\/v2\/tags?post=12737"}],"curies":[{"name":"wp","href":"https:\/\/api.w.org\/{rel}","templated":true}]}}