{"id":15341,"date":"2021-09-16T13:49:08","date_gmt":"2021-09-16T11:49:08","guid":{"rendered":"https:\/\/www.rekubik.de\/magazin\/?p=15341"},"modified":"2025-11-04T12:54:48","modified_gmt":"2025-11-04T11:54:48","slug":"beheizbare-pferdetraenken-ibc-container","status":"publish","type":"post","link":"https:\/\/www.rekubik.de\/magazin\/beheizbare-pferdetraenken-ibc-container\/","title":{"rendered":"Beheizbare Pferdetr\u00e4nken f\u00fcr den IBC-Container"},"content":{"rendered":"<h2>\u00ab Optimale L\u00f6sungen f\u00fcr Stall und Weide \u00bb<\/h2>\n<p style=\"text-align: justify;\"><strong>Pferdehalter tragen f\u00fcr ihre Tiere eine gro\u00dfe Verantwortung. Nicht zuletzt m\u00fcssen sie gew\u00e4hrleisten, dass ihre Tiere auf der Koppel und im Stall stets ausreichend zu trinken haben. Eine geeignete <\/strong><a href=\"https:\/\/www.rekubik.de\/ibc-zubehoer\/traenkebecken\/\"><strong>Pferdetr\u00e4nke wie beispielsweise eine IBC-Tr\u00e4nke<\/strong><\/a><strong> ist daf\u00fcr sehr wichtig. In den kalten Monaten ist es zudem von Vorteil, wenn solch eine Pferdetr\u00e4nke beheizt werden kann.<\/strong><\/p>\n<h2>Pferden Gutes tun: ausreichend Wasser muss sein!<\/h2>\n<p style=\"text-align: justify;\">Der Trinkbedarf von Pferden ist nicht gering. Bei erwachsenen Tieren erreicht er durchaus 30 bis etwa 60 Liter pro Tag.<\/p>\n<div class=\"box info  \"><div class=\"box-inner-block\"><i class=\"fa tie-shortcode-boxicon\"><\/i>\n\t\t\tAbh\u00e4ngig ist er unter anderem von der Art des Futters, nat\u00fcrlich von den Witterungsbedingungen sowie von der Intensit\u00e4t der Arbeit, die die Tiere gegebenenfalls leisten m\u00fcssen.\n\t\t\t<\/div><\/div>\n<p style=\"text-align: justify;\">Auf der Weide ist der Wasserbedarf eines Tieres oft etwas geringer als etwa im Stall, weil es einen Teil der ben\u00f6tigten Fl\u00fcssigkeit \u00fcber das gefressene Gras aufnimmt. Aber auch das macht eine Pferdetr\u00e4nke nat\u00fcrlich nicht komplett \u00fcberfl\u00fcssig.<\/p>\n<figure id=\"attachment_15384\" aria-describedby=\"caption-attachment-15384\" style=\"width: 900px\" class=\"wp-caption aligncenter\"><img loading=\"lazy\" decoding=\"async\" class=\"wp-image-15384 size-full\" title=\"Der Zugang zum Wasser muss f\u00fcr Pferde zu jeder Zeit problemlos m\u00f6glich sein\" src=\"https:\/\/www.rekubik.de\/magazin\/wp-content\/uploads\/2021\/10\/auch-im-winter-ausreichend-wasser-pferd.jpg\" alt=\"auch-im-winter-ausreichend-wasser-pferd\" width=\"900\" height=\"600\" srcset=\"https:\/\/www.rekubik.de\/magazin\/wp-content\/uploads\/2021\/10\/auch-im-winter-ausreichend-wasser-pferd.jpg 900w, https:\/\/www.rekubik.de\/magazin\/wp-content\/uploads\/2021\/10\/auch-im-winter-ausreichend-wasser-pferd-300x200.jpg 300w, https:\/\/www.rekubik.de\/magazin\/wp-content\/uploads\/2021\/10\/auch-im-winter-ausreichend-wasser-pferd-768x512.jpg 768w\" sizes=\"(max-width: 900px) 100vw, 900px\" \/><figcaption id=\"caption-attachment-15384\" class=\"wp-caption-text\">\u00a9 Pavel \u2013 stock.adobe.com<\/figcaption><\/figure>\n<p style=\"text-align: justify;\">Experten empfehlen, dass die Pferdetr\u00e4nke f\u00fcr Ponys auf einer H\u00f6he von etwa 60 bis 90 Zentimetern angebracht wird. Bei ausgewachsenen Pferden liegt die empfohlene H\u00f6he bei etwa 1 bis 1,2 Metern. Eine bedeutende Rolle bei einer Pferdetr\u00e4nke, die von den Pferden selbst bedient wird, spielt die Durchflussrate. Ein Pferd kann durchaus 7 Liter\/Minute trinken. Ist die Durchflussrate zu gering, schafft das Tier es eventuell nicht, ausreichend Fl\u00fcssigkeit zu sich zu nehmen.<\/p>\n<p><a href=\"https:\/\/www.rekubik.de\/ibc-zubehoer\/traenkebecken\/ibc-traenkebecken-set\/ibc-adapter-s60x6-frostschutztraenke-bacto-protect-250c-sb-112-inkl.-anschlussset\"><img loading=\"lazy\" decoding=\"async\" class=\"aligncenter wp-image-15373 size-full\" title=\"IBC Adapter S60x6 - Frostschutztr\u00e4nke PE Bacto Protect (-25\u00b0C) inkl. Anschlussset\" src=\"https:\/\/www.rekubik.de\/magazin\/wp-content\/uploads\/2021\/10\/IBC-Adapter-S60x6-Frostschutztraenke-PE-Bacto-Protect-inklusive-Anschlussset.jpg\" alt=\"IBC Adapter S60x6 Frostschutztraenke PE Bacto Protect inklusive Anschlussset beheizbare-pferdetraenken\" width=\"500\" height=\"410\" srcset=\"https:\/\/www.rekubik.de\/magazin\/wp-content\/uploads\/2021\/10\/IBC-Adapter-S60x6-Frostschutztraenke-PE-Bacto-Protect-inklusive-Anschlussset.jpg 500w, https:\/\/www.rekubik.de\/magazin\/wp-content\/uploads\/2021\/10\/IBC-Adapter-S60x6-Frostschutztraenke-PE-Bacto-Protect-inklusive-Anschlussset-300x246.jpg 300w\" sizes=\"(max-width: 500px) 100vw, 500px\" \/><\/a><\/p>\n<p style=\"text-align: justify;\">Nat\u00fcrlich ist Sauberkeit bei den Tr\u00e4nkevorrichtungen im Stall oder auf der Weide Pflicht. Es sollte zuletzt gew\u00e4hrleistet sein, dass die Pferde immer dann trinken k\u00f6nnen, wenn sie trinken wollen. Teils lassen sich daf\u00fcr L\u00f6sungen mit einem Tank realisieren, der mit einer installierten Tr\u00e4nke sowie einem Anschluss an eine Trinkwasserleitung ausgestattet ist.<\/p>\n<div class=\"box success  \"><div class=\"box-inner-block\"><i class=\"fa tie-shortcode-boxicon\"><\/i>\n\t\t\tEin Schwimmer im Tank kann dann ein Ventil \u00f6ffnen, um neues Trinkwasser einzuleiten. Das Ventil schlie\u00dft sich, wenn der Wasserpegel einen bestimmten Stand erreicht hat.\n\t\t\t<\/div><\/div>\n<h2>IBC-Container sind als Pferdetr\u00e4nke eine gute Option<\/h2>\n<p style=\"text-align: justify;\">Die eigentliche Tr\u00e4nke l\u00e4sst sich ebenfalls mit einem Schwimmer ausstatten. Sinkt der Wasserstand in der Tr\u00e4nke dann unter ein bestimmtes Level, sorgt der Schwimmer daf\u00fcr, dass ausreichend Wasser nachflie\u00dft. Ist kein Wasseranschluss vorhanden, muss der Tank regelm\u00e4\u00dfig manuell mit Trinkwasser aufgef\u00fcllt werden.<\/p>\n<p><a href=\"https:\/\/www.rekubik.de\/ibc-container\/ibc-mit-traenke\/1000l-ibc-wassertank-in-schwarz-mit-traenkebecken-auf-pe-palette-neu\"><img loading=\"lazy\" decoding=\"async\" class=\"aligncenter wp-image-15357 size-full\" title=\"1000l IBC Wassertank in SCHWARZ mit Tr\u00e4nkebecken auf PE-Palette NEU\" src=\"https:\/\/www.rekubik.de\/magazin\/wp-content\/uploads\/2021\/10\/1000l-IBC-Wassertank-in-SCHWARZ-mit-Traenkebecken-auf-PE-Palette-NEU.jpg\" alt=\"1000l IBC Wassertank in SCHWARZ mit Tr\u00e4nkebecken auf PE-Palette NEU\" width=\"600\" height=\"580\" srcset=\"https:\/\/www.rekubik.de\/magazin\/wp-content\/uploads\/2021\/10\/1000l-IBC-Wassertank-in-SCHWARZ-mit-Traenkebecken-auf-PE-Palette-NEU.jpg 600w, https:\/\/www.rekubik.de\/magazin\/wp-content\/uploads\/2021\/10\/1000l-IBC-Wassertank-in-SCHWARZ-mit-Traenkebecken-auf-PE-Palette-NEU-300x290.jpg 300w\" sizes=\"(max-width: 600px) 100vw, 600px\" \/><\/a><\/p>\n<p style=\"text-align: justify;\">Als Tank eignet sich beispielsweise ein <a href=\"https:\/\/www.rekubik.de\/ibc-container\/\">sogenannter IBC (Intermediate Bulk Container)<\/a>, der urspr\u00fcnglich aus Industrie und Logistik stammt. Er besteht in der Regel aus einem Kunststoffbeh\u00e4lter, der fest auf eine Palette montiert ist. Umgeben wird der Beh\u00e4lter h\u00e4ufig von einem Metallgitter. Er ist ausgesprochen robust und kann durchaus ein Volumen von \u00fcber 1.000 Litern besitzen.<\/p>\n<p><a href=\"https:\/\/www.rekubik.de\/ibc-zubehoer\/traenkebecken\/ibc-traenkebecken-set\/ibc-adapter-s60x6-frostschutztraenke-250c-sb-112-inkl.-anschlussset\"><img loading=\"lazy\" decoding=\"async\" class=\"aligncenter wp-image-15366 size-full\" title=\"IBC Adapter S60x6 - Frostschutztr\u00e4nke PE (-25\u00b0C) inkl. Anschlusssset\" src=\"https:\/\/www.rekubik.de\/magazin\/wp-content\/uploads\/2021\/10\/IBC-Adapter-S60x6-Frostschutztraenke-PE-inklusive-Anschlussset.jpg\" alt=\"IBC Adapter S60x6 Frostschutztraenke PE inklusive Anschlussset beheizbare-pferdetraenken\" width=\"500\" height=\"410\" srcset=\"https:\/\/www.rekubik.de\/magazin\/wp-content\/uploads\/2021\/10\/IBC-Adapter-S60x6-Frostschutztraenke-PE-inklusive-Anschlussset.jpg 500w, https:\/\/www.rekubik.de\/magazin\/wp-content\/uploads\/2021\/10\/IBC-Adapter-S60x6-Frostschutztraenke-PE-inklusive-Anschlussset-300x246.jpg 300w\" sizes=\"(max-width: 500px) 100vw, 500px\" \/><\/a><\/p>\n<p style=\"text-align: justify;\">Im gewerblichen Umfeld nutzt man IBCs daf\u00fcr, rieself\u00e4higes oder fl\u00fcssiges Material zu lagern oder zu transportieren. Allerdings macht man sich ihre guten Eigenschaften jetzt auch f\u00fcr diverse andere Zwecke zunutze. So wird der Container zum Beispiel in G\u00e4rten als <a href=\"https:\/\/www.rekubik.de\/ibc-container\/gebrauchte-ibc\/\">Tank zur Regenwassernutzung<\/a> eingesetzt. Umgebaut eignet er sich unter anderem als <a href=\"https:\/\/www.rekubik.de\/ibc-container\/ibc-hochbeet\/\">Hochbeet, Aquaponik-Anlage<\/a> (zur kombinierten Fisch- und Pflanzenzucht) oder als leuchtendes Dekoobjekt. Und auch als unbeheizte oder beheizbare Pferdetr\u00e4nke kann er \u00fcberzeugen. Im Gegensatz zum offenen Wassertrog h\u00e4lt sie das Trinkwasser viel sauberer.<\/p>\n<figure id=\"attachment_15361\" aria-describedby=\"caption-attachment-15361\" style=\"width: 900px\" class=\"wp-caption aligncenter\"><img loading=\"lazy\" decoding=\"async\" class=\"wp-image-15361 size-full\" title=\"Auch in der kalten Jahreszeit ist der IBC Container eine praktische Tr\u00e4nke f\u00fcr Pferde\" src=\"https:\/\/www.rekubik.de\/magazin\/wp-content\/uploads\/2021\/10\/ausreichend-wasser-fuer-pferde-im-winter.jpg\" alt=\"ausreichend-wasser-fuer-pferde-im-winter\" width=\"900\" height=\"675\" srcset=\"https:\/\/www.rekubik.de\/magazin\/wp-content\/uploads\/2021\/10\/ausreichend-wasser-fuer-pferde-im-winter.jpg 900w, https:\/\/www.rekubik.de\/magazin\/wp-content\/uploads\/2021\/10\/ausreichend-wasser-fuer-pferde-im-winter-300x225.jpg 300w, https:\/\/www.rekubik.de\/magazin\/wp-content\/uploads\/2021\/10\/ausreichend-wasser-fuer-pferde-im-winter-768x576.jpg 768w\" sizes=\"(max-width: 900px) 100vw, 900px\" \/><figcaption id=\"caption-attachment-15361\" class=\"wp-caption-text\">\u00a9 Daniel \u2013 stock.adobe.com<\/figcaption><\/figure>\n<p style=\"text-align: justify;\">Die Beh\u00e4lter bestehen zum Beispiel aus HDPE (Hart-Polyethylen), das zu den sehr widerstandsf\u00e4higen und stabilen Materialien z\u00e4hlt. Eine IBC-Tr\u00e4nke l\u00e4sst sich mit einer Vorrichtung ausstatten, die das Pferd mit dem Maul bedienen kann, damit Wasser aus dem Tank flie\u00dft.<\/p>\n<div class=\"box note  \"><div class=\"box-inner-block\"><i class=\"fa tie-shortcode-boxicon\"><\/i>\n\t\t\tTr\u00e4nken wie solch eine Rohrventil-Tr\u00e4nke geh\u00f6ren zu den sogenannten Selbsttr\u00e4nken. Das bedeutet, dass die Tiere sie selbst bedienen k\u00f6nnen.\n\t\t\t<\/div><\/div>\n<p style=\"text-align: justify;\">Zungenventilbecken sind ebenfalls Selbsttr\u00e4nken, aber schwerg\u00e4ngiger. F\u00fcr K\u00fche ist das kein Problem, w\u00e4hrend es Pferden durchaus Probleme bereiten kann, solche Tr\u00e4nken zu benutzen.<\/p>\n<h2>Frostsichere Tr\u00e4nke f\u00fcr Pferde? Eine Herausforderung!<\/h2>\n<p style=\"text-align: justify;\">Nat\u00fcrlich muss auch im Winter gew\u00e4hrleistet bleiben, dass die Pferde Zugang zu Trinkwasser haben. Selbst Schnee kann kein Ersatz daf\u00fcr sein. Eine frostsichere Tr\u00e4nke f\u00fcr Pferde ist deshalb eine w\u00fcnschenswerte Option, die sich aber nicht immer einfach realisieren l\u00e4sst. Auf einer Weide ohne einen Stromanschluss sind die M\u00f6glichkeiten beschr\u00e4nkt, da sich eine beheizbare Pferdetr\u00e4nke kaum ohne Strom realisieren l\u00e4sst. In solchen F\u00e4llen kann man deshalb nur auf eine m\u00f6glichst gute Isolierung der Pferdetr\u00e4nke setzen.<\/p>\n<figure id=\"attachment_15368\" aria-describedby=\"caption-attachment-15368\" style=\"width: 900px\" class=\"wp-caption aligncenter\"><img loading=\"lazy\" decoding=\"async\" class=\"wp-image-15368 size-full\" title=\"Auch im Winter muss gew\u00e4hrleistet bleiben, dass die Pferde Zugang zu Trinkwasser haben\" src=\"https:\/\/www.rekubik.de\/magazin\/wp-content\/uploads\/2021\/10\/frost-im-winter-pferd.jpg\" alt=\"frost-im-winter-pferd beheizbare-pferdetraenken\" width=\"900\" height=\"599\" srcset=\"https:\/\/www.rekubik.de\/magazin\/wp-content\/uploads\/2021\/10\/frost-im-winter-pferd.jpg 900w, https:\/\/www.rekubik.de\/magazin\/wp-content\/uploads\/2021\/10\/frost-im-winter-pferd-300x200.jpg 300w, https:\/\/www.rekubik.de\/magazin\/wp-content\/uploads\/2021\/10\/frost-im-winter-pferd-768x511.jpg 768w, https:\/\/www.rekubik.de\/magazin\/wp-content\/uploads\/2021\/10\/frost-im-winter-pferd-352x233.jpg 352w\" sizes=\"(max-width: 900px) 100vw, 900px\" \/><figcaption id=\"caption-attachment-15368\" class=\"wp-caption-text\">\u00a9 Pelana \u2013 stock.adobe.com<\/figcaption><\/figure>\n<p style=\"text-align: justify;\">Wer so etwas mit einem IBC-Container umsetzen m\u00f6chte, erh\u00e4lt im Handel passende <a href=\"https:\/\/www.rekubik.de\/ibc-zubehoer\/thermohaube\/\">Thermoschutzh\u00fcllen<\/a>. Die k\u00f6nnen das Trinkwasser im Tank nicht nur vor Frost sch\u00fctzen. Sie reduzieren bei hei\u00dfen Temperaturen auch das Risiko einer Algenbildung. Allerdings sind manche dieser H\u00fcllen nicht best\u00e4ndig gegen UV-Licht. Dann ben\u00f6tigt man zus\u00e4tzlich noch eine <a href=\"https:\/\/www.rekubik.de\/ibc-zubehoer\/schutzhuelle\/\">UV-Schutzh\u00fclle<\/a>.<\/p>\n<h2>Es ist sehr kalt? Am besten wird die Pferdetr\u00e4nke beheizt!<\/h2>\n<p style=\"text-align: justify;\">Bei sehr kalten Temperaturen kann Wasser selbst im Stall einfrieren. Hier ist dann oft eine beheizbare Pferdetr\u00e4nke die richtige Wahl, um das Einfrieren zu verhindern. Solch eine IBC-Tr\u00e4nke kann zum Beispiel mit einer Bodenheizmatte ausgestattet sein, die mithilfe des Stromanschlusses aufgeheizt wird und ihrerseits die Pferdetr\u00e4nke beheizt. Wichtig ist dabei auch ein gewisser Schutz gegen mechanische Beanspruchung und Feuchtigkeit.<\/p>\n<figure id=\"attachment_15344\" aria-describedby=\"caption-attachment-15344\" style=\"width: 900px\" class=\"wp-caption aligncenter\"><img loading=\"lazy\" decoding=\"async\" class=\"wp-image-15344 size-full\" title=\"Bei sehr kalten Temperaturen kann Wasser selbst im Stall einfrieren\" src=\"https:\/\/www.rekubik.de\/magazin\/wp-content\/uploads\/2021\/10\/kalte-temperaturen-pferdestall.jpg\" alt=\"kalte-temperaturen-pferdestall\" width=\"900\" height=\"599\" srcset=\"https:\/\/www.rekubik.de\/magazin\/wp-content\/uploads\/2021\/10\/kalte-temperaturen-pferdestall.jpg 900w, https:\/\/www.rekubik.de\/magazin\/wp-content\/uploads\/2021\/10\/kalte-temperaturen-pferdestall-300x200.jpg 300w, https:\/\/www.rekubik.de\/magazin\/wp-content\/uploads\/2021\/10\/kalte-temperaturen-pferdestall-768x511.jpg 768w, https:\/\/www.rekubik.de\/magazin\/wp-content\/uploads\/2021\/10\/kalte-temperaturen-pferdestall-352x233.jpg 352w\" sizes=\"(max-width: 900px) 100vw, 900px\" \/><figcaption id=\"caption-attachment-15344\" class=\"wp-caption-text\">\u00a9 Tomasz Zajda \u2013 stock.adobe.com<\/figcaption><\/figure>\n<p style=\"text-align: justify;\">Die Schutzart elektrischer Bauteile wird mit dem sogenannten IP Code angegeben. &#8222;IP&#8220; bedeutet International Protection. Ein IP-Code besteht aus den beiden Buchstaben sowie in der Regel aus zwei Zahlen. Die erste gibt Auskunft \u00fcber den Schutz gegen Ber\u00fchrung, die zweite \u00fcber den Schutz gegen Wasser. Je h\u00f6her die Zahl ist, desto gr\u00f6\u00dfer f\u00e4llt der Schutz f\u00fcr die beheizbare Pferdetr\u00e4nke aus.<\/p>\n<div class=\"box note  \"><div class=\"box-inner-block\"><i class=\"fa tie-shortcode-boxicon\"><\/i>\n\t\t\tWichtig ist einfach, dass der Stromanschluss die beheizbare und frostsichere Tr\u00e4nke f\u00fcr Pferde nicht zu einem Risiko macht. Bei qualitativ hochwertigen IBC-Tr\u00e4nken muss man sich keine Sorgen machen.\n\t\t\t<\/div><\/div>\n","protected":false},"excerpt":{"rendered":"<p>\u00ab Optimale L\u00f6sungen f\u00fcr Stall und Weide \u00bb Pferdehalter tragen f\u00fcr ihre Tiere eine gro\u00dfe Verantwortung. Nicht zuletzt m\u00fcssen sie gew\u00e4hrleisten, dass ihre Tiere auf der Koppel und im Stall stets ausreichend zu trinken haben. Eine geeignete Pferdetr\u00e4nke wie beispielsweise eine IBC-Tr\u00e4nke ist daf\u00fcr sehr wichtig. In den kalten Monaten ist es zudem von Vorteil, &hellip;<\/p>\n","protected":false},"author":1,"featured_media":15351,"comment_status":"closed","ping_status":"open","sticky":false,"template":"","format":"standard","meta":{"footnotes":""},"categories":[1],"tags":[1618,1397,1855,28,46,837,7,1053,205,319,106,799,1399,105,354,12,595,337],"class_list":["post-15341","post","type-post","status-publish","format-standard","has-post-thumbnail","","category-ibc-garten","tag-anschluss-set","tag-bactoprotect","tag-beheizbar","tag-container","tag-frost","tag-frostschutztraenke","tag-ibc","tag-ibc-adapter","tag-ibc-container","tag-kaelte","tag-pferdetraenke","tag-schnee","tag-stall","tag-traenkebecken","tag-wasser","tag-wassertank","tag-weide","tag-winter"],"yoast_head":"<!-- This site is optimized with the Yoast SEO plugin v23.5 - https:\/\/yoast.com\/wordpress\/plugins\/seo\/ -->\n<title>Beheizbare Pferdetr\u00e4nken f\u00fcr den IBC-Container - REKUBIK\u00ae Magazin<\/title>\n<meta name=\"description\" content=\"Tr\u00e4nkesysteme bei denen an kalte Temperaturen und Hygiene gedacht wurde \u2714 Beheizbare Pferdetr\u00e4nken f\u00fcr den IBC-Container in Stall und Weide!\" \/>\n<meta name=\"robots\" content=\"index, follow, max-snippet:-1, max-image-preview:large, max-video-preview:-1\" \/>\n<link rel=\"canonical\" href=\"https:\/\/www.rekubik.de\/magazin\/beheizbare-pferdetraenken-ibc-container\/\" \/>\n<meta property=\"og:locale\" content=\"de_DE\" \/>\n<meta property=\"og:type\" content=\"article\" \/>\n<meta property=\"og:title\" content=\"Beheizbare Pferdetr\u00e4nken f\u00fcr den IBC-Container - REKUBIK\u00ae Magazin\" \/>\n<meta property=\"og:description\" content=\"Tr\u00e4nkesysteme bei denen an kalte Temperaturen und Hygiene gedacht wurde \u2714 Beheizbare Pferdetr\u00e4nken f\u00fcr den IBC-Container in Stall und Weide!\" \/>\n<meta property=\"og:url\" content=\"https:\/\/www.rekubik.de\/magazin\/beheizbare-pferdetraenken-ibc-container\/\" \/>\n<meta property=\"og:site_name\" content=\"REKUBIK\u00ae Magazin\" \/>\n<meta property=\"article:published_time\" content=\"2021-09-16T11:49:08+00:00\" \/>\n<meta property=\"article:modified_time\" content=\"2025-11-04T11:54:48+00:00\" \/>\n<meta property=\"og:image\" content=\"https:\/\/www.rekubik.de\/magazin\/wp-content\/uploads\/2021\/10\/Beheizbare-Pferdetraenken-fuer-den-IBC-Container.jpg\" \/>\n\t<meta property=\"og:image:width\" content=\"900\" \/>\n\t<meta property=\"og:image:height\" content=\"600\" \/>\n\t<meta property=\"og:image:type\" content=\"image\/jpeg\" \/>\n<meta name=\"author\" content=\"admin\" \/>\n<meta name=\"twitter:card\" content=\"summary_large_image\" \/>\n<meta name=\"twitter:label1\" content=\"Geschrieben von\" \/>\n\t<meta name=\"twitter:data1\" content=\"admin\" \/>\n\t<meta name=\"twitter:label2\" content=\"Gesch\u00e4tzte Lesezeit\" \/>\n\t<meta name=\"twitter:data2\" content=\"7\u00a0Minuten\" \/>\n<script type=\"application\/ld+json\" class=\"yoast-schema-graph\">{\"@context\":\"https:\/\/schema.org\",\"@graph\":[{\"@type\":\"Article\",\"@id\":\"https:\/\/www.rekubik.de\/magazin\/beheizbare-pferdetraenken-ibc-container\/#article\",\"isPartOf\":{\"@id\":\"https:\/\/www.rekubik.de\/magazin\/beheizbare-pferdetraenken-ibc-container\/\"},\"author\":{\"name\":\"admin\",\"@id\":\"https:\/\/www.rekubik.de\/magazin\/#\/schema\/person\/d5faea021aac94edeeb8e47cf06771c7\"},\"headline\":\"Beheizbare Pferdetr\u00e4nken f\u00fcr den IBC-Container\",\"datePublished\":\"2021-09-16T11:49:08+00:00\",\"dateModified\":\"2025-11-04T11:54:48+00:00\",\"mainEntityOfPage\":{\"@id\":\"https:\/\/www.rekubik.de\/magazin\/beheizbare-pferdetraenken-ibc-container\/\"},\"wordCount\":1033,\"publisher\":{\"@id\":\"https:\/\/www.rekubik.de\/magazin\/#organization\"},\"image\":{\"@id\":\"https:\/\/www.rekubik.de\/magazin\/beheizbare-pferdetraenken-ibc-container\/#primaryimage\"},\"thumbnailUrl\":\"https:\/\/www.rekubik.de\/magazin\/wp-content\/uploads\/2021\/10\/Beheizbare-Pferdetraenken-fuer-den-IBC-Container.jpg\",\"keywords\":[\"Anschluss-Set\",\"Bacto\u00a0Protect\",\"beheizbar\",\"Container\",\"Frost\",\"Frostschutztr\u00e4nke\",\"IBC\",\"IBC Adapter\",\"IBC Container\",\"K\u00e4lte\",\"Pferdetr\u00e4nke\",\"Schnee\",\"Stall\",\"Tr\u00e4nkebecken\",\"Wasser\",\"Wassertank\",\"Weide\",\"Winter\"],\"articleSection\":[\"IBC IM GARTEN\"],\"inLanguage\":\"de\"},{\"@type\":\"WebPage\",\"@id\":\"https:\/\/www.rekubik.de\/magazin\/beheizbare-pferdetraenken-ibc-container\/\",\"url\":\"https:\/\/www.rekubik.de\/magazin\/beheizbare-pferdetraenken-ibc-container\/\",\"name\":\"Beheizbare Pferdetr\u00e4nken f\u00fcr den IBC-Container - REKUBIK\u00ae Magazin\",\"isPartOf\":{\"@id\":\"https:\/\/www.rekubik.de\/magazin\/#website\"},\"primaryImageOfPage\":{\"@id\":\"https:\/\/www.rekubik.de\/magazin\/beheizbare-pferdetraenken-ibc-container\/#primaryimage\"},\"image\":{\"@id\":\"https:\/\/www.rekubik.de\/magazin\/beheizbare-pferdetraenken-ibc-container\/#primaryimage\"},\"thumbnailUrl\":\"https:\/\/www.rekubik.de\/magazin\/wp-content\/uploads\/2021\/10\/Beheizbare-Pferdetraenken-fuer-den-IBC-Container.jpg\",\"datePublished\":\"2021-09-16T11:49:08+00:00\",\"dateModified\":\"2025-11-04T11:54:48+00:00\",\"description\":\"Tr\u00e4nkesysteme bei denen an kalte Temperaturen und Hygiene gedacht wurde \u2714 Beheizbare Pferdetr\u00e4nken f\u00fcr den IBC-Container in Stall und Weide!\",\"breadcrumb\":{\"@id\":\"https:\/\/www.rekubik.de\/magazin\/beheizbare-pferdetraenken-ibc-container\/#breadcrumb\"},\"inLanguage\":\"de\",\"potentialAction\":[{\"@type\":\"ReadAction\",\"target\":[\"https:\/\/www.rekubik.de\/magazin\/beheizbare-pferdetraenken-ibc-container\/\"]}]},{\"@type\":\"ImageObject\",\"inLanguage\":\"de\",\"@id\":\"https:\/\/www.rekubik.de\/magazin\/beheizbare-pferdetraenken-ibc-container\/#primaryimage\",\"url\":\"https:\/\/www.rekubik.de\/magazin\/wp-content\/uploads\/2021\/10\/Beheizbare-Pferdetraenken-fuer-den-IBC-Container.jpg\",\"contentUrl\":\"https:\/\/www.rekubik.de\/magazin\/wp-content\/uploads\/2021\/10\/Beheizbare-Pferdetraenken-fuer-den-IBC-Container.jpg\",\"width\":900,\"height\":600,\"caption\":\"\u00a9 Lari \u2013 stock.adobe.com\"},{\"@type\":\"BreadcrumbList\",\"@id\":\"https:\/\/www.rekubik.de\/magazin\/beheizbare-pferdetraenken-ibc-container\/#breadcrumb\",\"itemListElement\":[{\"@type\":\"ListItem\",\"position\":1,\"name\":\"Home\",\"item\":\"https:\/\/www.rekubik.de\/magazin\/\"},{\"@type\":\"ListItem\",\"position\":2,\"name\":\"Beheizbare Pferdetr\u00e4nken f\u00fcr den IBC-Container\"}]},{\"@type\":\"WebSite\",\"@id\":\"https:\/\/www.rekubik.de\/magazin\/#website\",\"url\":\"https:\/\/www.rekubik.de\/magazin\/\",\"name\":\"REKUBIK\u00ae Magazin\",\"description\":\"\",\"publisher\":{\"@id\":\"https:\/\/www.rekubik.de\/magazin\/#organization\"},\"potentialAction\":[{\"@type\":\"SearchAction\",\"target\":{\"@type\":\"EntryPoint\",\"urlTemplate\":\"https:\/\/www.rekubik.de\/magazin\/?s={search_term_string}\"},\"query-input\":{\"@type\":\"PropertyValueSpecification\",\"valueRequired\":true,\"valueName\":\"search_term_string\"}}],\"inLanguage\":\"de\"},{\"@type\":\"Organization\",\"@id\":\"https:\/\/www.rekubik.de\/magazin\/#organization\",\"name\":\"Rekubik\",\"url\":\"https:\/\/www.rekubik.de\/magazin\/\",\"logo\":{\"@type\":\"ImageObject\",\"inLanguage\":\"de\",\"@id\":\"https:\/\/www.rekubik.de\/magazin\/#\/schema\/logo\/image\/\",\"url\":\"https:\/\/www.rekubik.de\/magazin\/wp-content\/uploads\/2017\/12\/rekubik-LOGO-Shopware.png\",\"contentUrl\":\"https:\/\/www.rekubik.de\/magazin\/wp-content\/uploads\/2017\/12\/rekubik-LOGO-Shopware.png\",\"width\":200,\"height\":50,\"caption\":\"Rekubik\"},\"image\":{\"@id\":\"https:\/\/www.rekubik.de\/magazin\/#\/schema\/logo\/image\/\"}},{\"@type\":\"Person\",\"@id\":\"https:\/\/www.rekubik.de\/magazin\/#\/schema\/person\/d5faea021aac94edeeb8e47cf06771c7\",\"name\":\"admin\",\"image\":{\"@type\":\"ImageObject\",\"inLanguage\":\"de\",\"@id\":\"https:\/\/www.rekubik.de\/magazin\/#\/schema\/person\/image\/\",\"url\":\"https:\/\/secure.gravatar.com\/avatar\/a794a4fe8a9b9c52241597eb381dfa2e?s=96&d=mm&r=g\",\"contentUrl\":\"https:\/\/secure.gravatar.com\/avatar\/a794a4fe8a9b9c52241597eb381dfa2e?s=96&d=mm&r=g\",\"caption\":\"admin\"}}]}<\/script>\n<!-- \/ Yoast SEO plugin. -->","yoast_head_json":{"title":"Beheizbare Pferdetr\u00e4nken f\u00fcr den IBC-Container - REKUBIK\u00ae Magazin","description":"Tr\u00e4nkesysteme bei denen an kalte Temperaturen und Hygiene gedacht wurde \u2714 Beheizbare Pferdetr\u00e4nken f\u00fcr den IBC-Container in Stall und Weide!","robots":{"index":"index","follow":"follow","max-snippet":"max-snippet:-1","max-image-preview":"max-image-preview:large","max-video-preview":"max-video-preview:-1"},"canonical":"https:\/\/www.rekubik.de\/magazin\/beheizbare-pferdetraenken-ibc-container\/","og_locale":"de_DE","og_type":"article","og_title":"Beheizbare Pferdetr\u00e4nken f\u00fcr den IBC-Container - REKUBIK\u00ae Magazin","og_description":"Tr\u00e4nkesysteme bei denen an kalte Temperaturen und Hygiene gedacht wurde \u2714 Beheizbare Pferdetr\u00e4nken f\u00fcr den IBC-Container in Stall und Weide!","og_url":"https:\/\/www.rekubik.de\/magazin\/beheizbare-pferdetraenken-ibc-container\/","og_site_name":"REKUBIK\u00ae Magazin","article_published_time":"2021-09-16T11:49:08+00:00","article_modified_time":"2025-11-04T11:54:48+00:00","og_image":[{"width":900,"height":600,"url":"https:\/\/www.rekubik.de\/magazin\/wp-content\/uploads\/2021\/10\/Beheizbare-Pferdetraenken-fuer-den-IBC-Container.jpg","type":"image\/jpeg"}],"author":"admin","twitter_card":"summary_large_image","twitter_misc":{"Geschrieben von":"admin","Gesch\u00e4tzte Lesezeit":"7\u00a0Minuten"},"schema":{"@context":"https:\/\/schema.org","@graph":[{"@type":"Article","@id":"https:\/\/www.rekubik.de\/magazin\/beheizbare-pferdetraenken-ibc-container\/#article","isPartOf":{"@id":"https:\/\/www.rekubik.de\/magazin\/beheizbare-pferdetraenken-ibc-container\/"},"author":{"name":"admin","@id":"https:\/\/www.rekubik.de\/magazin\/#\/schema\/person\/d5faea021aac94edeeb8e47cf06771c7"},"headline":"Beheizbare Pferdetr\u00e4nken f\u00fcr den IBC-Container","datePublished":"2021-09-16T11:49:08+00:00","dateModified":"2025-11-04T11:54:48+00:00","mainEntityOfPage":{"@id":"https:\/\/www.rekubik.de\/magazin\/beheizbare-pferdetraenken-ibc-container\/"},"wordCount":1033,"publisher":{"@id":"https:\/\/www.rekubik.de\/magazin\/#organization"},"image":{"@id":"https:\/\/www.rekubik.de\/magazin\/beheizbare-pferdetraenken-ibc-container\/#primaryimage"},"thumbnailUrl":"https:\/\/www.rekubik.de\/magazin\/wp-content\/uploads\/2021\/10\/Beheizbare-Pferdetraenken-fuer-den-IBC-Container.jpg","keywords":["Anschluss-Set","Bacto\u00a0Protect","beheizbar","Container","Frost","Frostschutztr\u00e4nke","IBC","IBC Adapter","IBC Container","K\u00e4lte","Pferdetr\u00e4nke","Schnee","Stall","Tr\u00e4nkebecken","Wasser","Wassertank","Weide","Winter"],"articleSection":["IBC IM GARTEN"],"inLanguage":"de"},{"@type":"WebPage","@id":"https:\/\/www.rekubik.de\/magazin\/beheizbare-pferdetraenken-ibc-container\/","url":"https:\/\/www.rekubik.de\/magazin\/beheizbare-pferdetraenken-ibc-container\/","name":"Beheizbare Pferdetr\u00e4nken f\u00fcr den IBC-Container - REKUBIK\u00ae Magazin","isPartOf":{"@id":"https:\/\/www.rekubik.de\/magazin\/#website"},"primaryImageOfPage":{"@id":"https:\/\/www.rekubik.de\/magazin\/beheizbare-pferdetraenken-ibc-container\/#primaryimage"},"image":{"@id":"https:\/\/www.rekubik.de\/magazin\/beheizbare-pferdetraenken-ibc-container\/#primaryimage"},"thumbnailUrl":"https:\/\/www.rekubik.de\/magazin\/wp-content\/uploads\/2021\/10\/Beheizbare-Pferdetraenken-fuer-den-IBC-Container.jpg","datePublished":"2021-09-16T11:49:08+00:00","dateModified":"2025-11-04T11:54:48+00:00","description":"Tr\u00e4nkesysteme bei denen an kalte Temperaturen und Hygiene gedacht wurde \u2714 Beheizbare Pferdetr\u00e4nken f\u00fcr den IBC-Container in Stall und Weide!","breadcrumb":{"@id":"https:\/\/www.rekubik.de\/magazin\/beheizbare-pferdetraenken-ibc-container\/#breadcrumb"},"inLanguage":"de","potentialAction":[{"@type":"ReadAction","target":["https:\/\/www.rekubik.de\/magazin\/beheizbare-pferdetraenken-ibc-container\/"]}]},{"@type":"ImageObject","inLanguage":"de","@id":"https:\/\/www.rekubik.de\/magazin\/beheizbare-pferdetraenken-ibc-container\/#primaryimage","url":"https:\/\/www.rekubik.de\/magazin\/wp-content\/uploads\/2021\/10\/Beheizbare-Pferdetraenken-fuer-den-IBC-Container.jpg","contentUrl":"https:\/\/www.rekubik.de\/magazin\/wp-content\/uploads\/2021\/10\/Beheizbare-Pferdetraenken-fuer-den-IBC-Container.jpg","width":900,"height":600,"caption":"\u00a9 Lari \u2013 stock.adobe.com"},{"@type":"BreadcrumbList","@id":"https:\/\/www.rekubik.de\/magazin\/beheizbare-pferdetraenken-ibc-container\/#breadcrumb","itemListElement":[{"@type":"ListItem","position":1,"name":"Home","item":"https:\/\/www.rekubik.de\/magazin\/"},{"@type":"ListItem","position":2,"name":"Beheizbare Pferdetr\u00e4nken f\u00fcr den IBC-Container"}]},{"@type":"WebSite","@id":"https:\/\/www.rekubik.de\/magazin\/#website","url":"https:\/\/www.rekubik.de\/magazin\/","name":"REKUBIK\u00ae Magazin","description":"","publisher":{"@id":"https:\/\/www.rekubik.de\/magazin\/#organization"},"potentialAction":[{"@type":"SearchAction","target":{"@type":"EntryPoint","urlTemplate":"https:\/\/www.rekubik.de\/magazin\/?s={search_term_string}"},"query-input":{"@type":"PropertyValueSpecification","valueRequired":true,"valueName":"search_term_string"}}],"inLanguage":"de"},{"@type":"Organization","@id":"https:\/\/www.rekubik.de\/magazin\/#organization","name":"Rekubik","url":"https:\/\/www.rekubik.de\/magazin\/","logo":{"@type":"ImageObject","inLanguage":"de","@id":"https:\/\/www.rekubik.de\/magazin\/#\/schema\/logo\/image\/","url":"https:\/\/www.rekubik.de\/magazin\/wp-content\/uploads\/2017\/12\/rekubik-LOGO-Shopware.png","contentUrl":"https:\/\/www.rekubik.de\/magazin\/wp-content\/uploads\/2017\/12\/rekubik-LOGO-Shopware.png","width":200,"height":50,"caption":"Rekubik"},"image":{"@id":"https:\/\/www.rekubik.de\/magazin\/#\/schema\/logo\/image\/"}},{"@type":"Person","@id":"https:\/\/www.rekubik.de\/magazin\/#\/schema\/person\/d5faea021aac94edeeb8e47cf06771c7","name":"admin","image":{"@type":"ImageObject","inLanguage":"de","@id":"https:\/\/www.rekubik.de\/magazin\/#\/schema\/person\/image\/","url":"https:\/\/secure.gravatar.com\/avatar\/a794a4fe8a9b9c52241597eb381dfa2e?s=96&d=mm&r=g","contentUrl":"https:\/\/secure.gravatar.com\/avatar\/a794a4fe8a9b9c52241597eb381dfa2e?s=96&d=mm&r=g","caption":"admin"}}]}},"_links":{"self":[{"href":"https:\/\/www.rekubik.de\/magazin\/wp-json\/wp\/v2\/posts\/15341"}],"collection":[{"href":"https:\/\/www.rekubik.de\/magazin\/wp-json\/wp\/v2\/posts"}],"about":[{"href":"https:\/\/www.rekubik.de\/magazin\/wp-json\/wp\/v2\/types\/post"}],"author":[{"embeddable":true,"href":"https:\/\/www.rekubik.de\/magazin\/wp-json\/wp\/v2\/users\/1"}],"replies":[{"embeddable":true,"href":"https:\/\/www.rekubik.de\/magazin\/wp-json\/wp\/v2\/comments?post=15341"}],"version-history":[{"count":40,"href":"https:\/\/www.rekubik.de\/magazin\/wp-json\/wp\/v2\/posts\/15341\/revisions"}],"predecessor-version":[{"id":15345,"href":"https:\/\/www.rekubik.de\/magazin\/wp-json\/wp\/v2\/posts\/15341\/revisions\/15345"}],"wp:featuredmedia":[{"embeddable":true,"href":"https:\/\/www.rekubik.de\/magazin\/wp-json\/wp\/v2\/media\/15351"}],"wp:attachment":[{"href":"https:\/\/www.rekubik.de\/magazin\/wp-json\/wp\/v2\/media?parent=15341"}],"wp:term":[{"taxonomy":"category","embeddable":true,"href":"https:\/\/www.rekubik.de\/magazin\/wp-json\/wp\/v2\/categories?post=15341"},{"taxonomy":"post_tag","embeddable":true,"href":"https:\/\/www.rekubik.de\/magazin\/wp-json\/wp\/v2\/tags?post=15341"}],"curies":[{"name":"wp","href":"https:\/\/api.w.org\/{rel}","templated":true}]}}