{"id":18259,"date":"2022-08-17T12:00:15","date_gmt":"2022-08-17T10:00:15","guid":{"rendered":"https:\/\/www.rekubik.de\/magazin\/?p=18259"},"modified":"2022-08-17T11:32:04","modified_gmt":"2022-08-17T09:32:04","slug":"welches-gemuese-im-herbst-pflanzen","status":"publish","type":"post","link":"https:\/\/www.rekubik.de\/magazin\/welches-gemuese-im-herbst-pflanzen\/","title":{"rendered":"Welches Gem\u00fcse im Herbst pflanzen?"},"content":{"rendered":"<h2>\u00ab Tipps zu Aussaat und Aufzucht \u00bb<\/h2>\n<p style=\"text-align: justify;\"><strong>Leider endet auch der Sommer irgendwann \u2013 doch das Gartenjahr l\u00e4uft weiter. Denn auch wenn die Tage wieder etwas k\u00fcrzer werden und sich die Bl\u00e4tter allm\u00e4hlich gelb-rot f\u00e4rben, bieten sich noch etliche M\u00f6glichkeiten f\u00fcr den Gem\u00fcseanbau. Klar! F\u00fcr manche Gem\u00fcsesorten muss man sich bis zur n\u00e4chsten Sommersaison gedulden. Anderes s\u00e4t man im Fr\u00fchjahr an. Dennoch m\u00fcssen Hobby-G\u00e4rtner ihre Beete nicht brachliegen lassen. Welches Gem\u00fcse Sie im Herbst pflanzen k\u00f6nnen und welche Bew\u00e4sserung zu empfehlen ist, erfahren Sie hier.<\/strong><\/p>\n<h2>Den Herbst ausgiebig nutzen<\/h2>\n<p style=\"text-align: justify;\">Ab September ist nicht nur die Zeit, um im Garten eine reiche Ernte einzufahren, vielmehr k\u00f6nnen zu dieser Jahreszeit neue Gem\u00fcsesorten ausgebracht werden. Die Frage lautet dabei nur: Welches Gem\u00fcse im Herbst pflanzen? Hier bestehen einige M\u00f6glichkeiten. Und auch \u00fcber die Bew\u00e4sserung sollte man sich Gedanken machen. Auch wenn wir oft an graue und regnerische Herbstmonate denken, ist die Wahrheit, dass es von September bis November nicht unbedingt mehr Niederschlag in Bezug auf die Menge gibt, allenfalls steigt die Regenh\u00e4ufigkeit. Dementsprechend kann es durchaus sein, dass auch im Sp\u00e4tjahr <a href=\"https:\/\/www.rekubik.de\/bewaesserung\/\">Gartenbew\u00e4sserung<\/a> notwendig ist, um Pflanzen und Beete ausreichend mit Wasser zu versorgen. Daher verrichtet zum Beispiel ein <a href=\"https:\/\/www.rekubik.de\/ibc-container\/\">IBC Container<\/a> auch im Herbst treu seinen Dienst.<\/p>\n<figure id=\"attachment_18262\" aria-describedby=\"caption-attachment-18262\" style=\"width: 850px\" class=\"wp-caption aligncenter\"><img loading=\"lazy\" decoding=\"async\" class=\"wp-image-18262 size-full\" title=\"Es gibt diverse Gem\u00fcsearten, die frosthart sind und bis in den Fr\u00fchling geerntet werden k\u00f6nnen\" src=\"https:\/\/www.rekubik.de\/magazin\/wp-content\/uploads\/2024\/08\/Gruenkohl-bei-Frost.jpg\" alt=\"Gr\u00fcnkohl-bei-Frost\" width=\"850\" height=\"570\" srcset=\"https:\/\/www.rekubik.de\/magazin\/wp-content\/uploads\/2024\/08\/Gruenkohl-bei-Frost.jpg 850w, https:\/\/www.rekubik.de\/magazin\/wp-content\/uploads\/2024\/08\/Gruenkohl-bei-Frost-300x201.jpg 300w, https:\/\/www.rekubik.de\/magazin\/wp-content\/uploads\/2024\/08\/Gruenkohl-bei-Frost-768x515.jpg 768w, https:\/\/www.rekubik.de\/magazin\/wp-content\/uploads\/2024\/08\/Gruenkohl-bei-Frost-110x75.jpg 110w\" sizes=\"(max-width: 850px) 100vw, 850px\" \/><figcaption id=\"caption-attachment-18262\" class=\"wp-caption-text\">\u00a9 Inga &#8211; stock.aqdobe.com<\/figcaption><\/figure>\n<h2>Welche Gem\u00fcsesorten im Herbst Konjunktur haben<\/h2>\n<p style=\"text-align: justify;\">Ideal f\u00fcr den Anbau in der Herbstzeit sind Salate, Gem\u00fcsepflanzen und Kr\u00e4uter, die m\u00f6glichst schnell wachsen. Zu empfehlen sind vor allem Feldsalat, Pfl\u00fccksalat, Rucola oder auch Radieschen. Diese Sorten gedeihen so rasch, dass sie schon vor dem Winter geerntet werden k\u00f6nnen. Sollte das aus welchen Gr\u00fcnden auch immer nicht m\u00f6glich sein, \u00fcberstehen die Jungpflanzen normalerweise aber auch die Wintermonate, ohne Schaden zu nehmen.<\/p>\n<p>Ebenfalls geeignet im Herbst sind:<\/p>\n<ul>\n<li>Mangold<\/li>\n<li>Spinat<\/li>\n<li>Karotten<\/li>\n<li>Steckr\u00fcben<\/li>\n<li>Knoblauch<\/li>\n<li>Blumenkohl<\/li>\n<li>Pak Choi<\/li>\n<\/ul>\n<figure id=\"attachment_18265\" aria-describedby=\"caption-attachment-18265\" style=\"width: 850px\" class=\"wp-caption aligncenter\"><img loading=\"lazy\" decoding=\"async\" class=\"wp-image-18265 size-full\" title=\"Wer im Sp\u00e4therbst ernten will, hat bei der Gem\u00fcseauswahl eine gro\u00dfe Auswahl\" src=\"https:\/\/www.rekubik.de\/magazin\/wp-content\/uploads\/2024\/08\/Karotten-ernten.jpg\" alt=\"Karotten werden geerntet\" width=\"850\" height=\"532\" srcset=\"https:\/\/www.rekubik.de\/magazin\/wp-content\/uploads\/2024\/08\/Karotten-ernten.jpg 850w, https:\/\/www.rekubik.de\/magazin\/wp-content\/uploads\/2024\/08\/Karotten-ernten-300x188.jpg 300w, https:\/\/www.rekubik.de\/magazin\/wp-content\/uploads\/2024\/08\/Karotten-ernten-768x481.jpg 768w\" sizes=\"(max-width: 850px) 100vw, 850px\" \/><figcaption id=\"caption-attachment-18265\" class=\"wp-caption-text\">\u00a9 st.kolesnikov &#8211; stock.adobe.com<\/figcaption><\/figure>\n<p style=\"text-align: justify;\">Grunds\u00e4tzlich ist dabei f\u00fcr die meisten Gem\u00fcsesorten zu empfehlen, diese so Ende August bis Mitte\/Ende September zu pflanzen bzw. zu s\u00e4en. Manches ist jedoch noch im Oktober anbaubar. Knoblauch, Wintersalat, Kerbelr\u00fcben, Spinat und Winterportulak etwa k\u00f6nnen dann noch au\u00dfen angebaut werden. Winterportulak zu pflanzen ist sogar noch im sp\u00e4ten Herbst, im November m\u00f6glich.<\/p>\n<h2>Was es beim Herbst-Anbau zu beachten gilt<\/h2>\n<p style=\"text-align: justify;\">F\u00fcr das Herbstgem\u00fcse gelten ganz allgemein die gleichen Regeln wie f\u00fcr das Sommergem\u00fcse. Soll es gut wachsen und gedeihen, m\u00fcssen also die jeweiligen Standort- und Bodenbedingungen stimmen. Dabei sollte man unbedingt im Hinterkopf behalten, dass w\u00e4hrend der Herbstmonate vor allem im September und im Oktober die Sonneneinstrahlung auch noch besonders stark sein kann. Die meisten f\u00fcr den Herbst geeigneten Gem\u00fcsesorten haben einen mittleren W\u00e4rmebedarf um die 20 Grad herum. Manches Gem\u00fcse braucht sogar noch weniger W\u00e4rme \u2013 etwa Mangold, Radieschen, Feldsalat, Rosenkohl und Spinat.<\/p>\n<figure id=\"attachment_18266\" aria-describedby=\"caption-attachment-18266\" style=\"width: 850px\" class=\"wp-caption aligncenter\"><img loading=\"lazy\" decoding=\"async\" class=\"wp-image-18266 size-full\" title=\"Viele Kohlarten lassen sich auch nach dem ersten Frost noch ernten\" src=\"https:\/\/www.rekubik.de\/magazin\/wp-content\/uploads\/2024\/08\/Mangold-Ernte.jpg\" alt=\"Kohl wird geenrtet - Gem\u00fcse im Herbst\" width=\"850\" height=\"567\" srcset=\"https:\/\/www.rekubik.de\/magazin\/wp-content\/uploads\/2024\/08\/Mangold-Ernte.jpg 850w, https:\/\/www.rekubik.de\/magazin\/wp-content\/uploads\/2024\/08\/Mangold-Ernte-300x200.jpg 300w, https:\/\/www.rekubik.de\/magazin\/wp-content\/uploads\/2024\/08\/Mangold-Ernte-768x512.jpg 768w\" sizes=\"(max-width: 850px) 100vw, 850px\" \/><figcaption id=\"caption-attachment-18266\" class=\"wp-caption-text\">\u00a9 JackF &#8211; stock.adobe.com<\/figcaption><\/figure>\n<p style=\"text-align: justify;\">Besonders einfach in der Handhabung und in der Pflege sind Radieschen. Zudem wachsen sie ganz besonders schnell, k\u00f6nnen damit auch alsbald geerntet werden. Wichtig ist allerdings eine ausreichende und gleichm\u00e4\u00dfige Bew\u00e4sserung. Dabei darf es nicht zu gr\u00f6\u00dferen Schwankungen kommen, da das dazu f\u00fchren k\u00f6nnte, dass die Knollen pelzig werden und platzen Sie sollten jedoch auf gar keinen Fall mit Gurken oder Kohlrabi angepflanzt werden, da sich dieses Gem\u00fcse sonst um die gleichen N\u00e4hrstoffe streitet.<\/p>\n<p style=\"text-align: justify;\">Bei Spinat, Rucola oder Mangold sollte man darauf achten, dass die einzelnen Jungpflanzen nicht zu eng aneinander gesetzt werden. Lieber etwas mehr Abstand zu halten ist auf jeden Fall sinnvoller, als sie zu eng aneinander zu platzieren. Dies ist unbedingt schon beim Einsetzen der Jungpflanzen im Hinterkopf zu behalten. Ein Abstand von rund 15 Zentimetern ist in der Regel ideal, da sich die Pflanze beim Wachsen dann noch entfalten kann. Ganz unabh\u00e4ngig von den jeweiligen Gem\u00fcsesorten die Bew\u00e4sserung ein entscheidender Faktor.<\/p>\n<figure id=\"attachment_18268\" aria-describedby=\"caption-attachment-18268\" style=\"width: 850px\" class=\"wp-caption aligncenter\"><img loading=\"lazy\" decoding=\"async\" class=\"wp-image-18268 size-full\" title=\"Der Chinakohl geh\u00f6rt zu den frostharten Gem\u00fcsearten\" src=\"https:\/\/www.rekubik.de\/magazin\/wp-content\/uploads\/2024\/08\/Chinakohl-im-Winter.jpg\" alt=\"Chinakohl im Winter\" width=\"850\" height=\"567\" srcset=\"https:\/\/www.rekubik.de\/magazin\/wp-content\/uploads\/2024\/08\/Chinakohl-im-Winter.jpg 850w, https:\/\/www.rekubik.de\/magazin\/wp-content\/uploads\/2024\/08\/Chinakohl-im-Winter-300x200.jpg 300w, https:\/\/www.rekubik.de\/magazin\/wp-content\/uploads\/2024\/08\/Chinakohl-im-Winter-768x512.jpg 768w\" sizes=\"(max-width: 850px) 100vw, 850px\" \/><figcaption id=\"caption-attachment-18268\" class=\"wp-caption-text\">\u00a9 WR.LILI &#8211; stock.adobe.com<\/figcaption><\/figure>\n<h2>Gem\u00fcse im Herbst pflanzen und richtig bew\u00e4ssern<\/h2>\n<p style=\"text-align: justify;\">Ohne ausreichend Wasser w\u00e4chst nichts im Garten. Das gilt f\u00fcr die Sommermonate ebenso wie f\u00fcr die Herbstzeit. F\u00fcr gew\u00f6hnlich regnet es in den Herbstwochen und -monaten sogar noch einmal deutlich weniger, als w\u00e4hrend des Sommers. Eine ausreichende und vor allem regelm\u00e4\u00dfig Wasserversorgung ist in dieser Zeit deshalb auch ganz besonders wichtig. Als ideale Wasserquelle erweist sich dabei ein IBC Container. In ihm l\u00e4sst sich vortrefflich das Regenwasser sammeln und f\u00fcr die Gartenbew\u00e4sserung nutzen. Auf diese Weise l\u00e4sst sich \u00fcber den IBC Tank nicht nur besonders \u00f6kologisch, sondern auch noch ganz besonders g\u00fcnstig gie\u00dfen.<\/p>\n<p><iframe loading=\"lazy\" title=\"Montage einer IBC Thermohaube\" src=\"https:\/\/www.youtube.com\/embed\/pXfcZSLvWDU\" width=\"706\" height=\"397\" frameborder=\"0\" allowfullscreen=\"allowfullscreen\"><\/iframe><\/p>\n<p style=\"text-align: justify;\">Der Kunststofftank kann au\u00dferdem problemlos in ein Bew\u00e4sserungssystem integriert werden. Kombiniert man dieses System dann auch noch mit einer sogenannten <a href=\"https:\/\/www.rekubik.de\/bewaesserung\/tropfbewaesserung\/\">Tr\u00f6pfchenbew\u00e4sserung<\/a> l\u00e4sst sich \u00fcber das komplette Gartenjahr hinweg sehr viel Wasser sparen. Wichtig ist jedoch in jedem Fall, dass bei der Frage &#8222;Welches Gem\u00fcse im Herbst pflanzen oder s\u00e4hen?&#8220; immer auch an die n\u00f6tige Wasserversorgung gedacht wird. Das gilt nat\u00fcrlich ebenso, wenn Jungpflanzen ausgebracht werden. Mit der richtigen Wasserversorgung steht einer reichen Ernte noch vor dem Winter normalerweise nichts mehr im Wege.<\/p>\n<p><a href=\"https:\/\/www.rekubik.de\/bewaesserung\/tropfbewaesserung\/ldpe-verlegerohr\/16mm-25m-pe-rohr-pn4-fuer-tropfbewaesserung\"><img loading=\"lazy\" decoding=\"async\" class=\"aligncenter wp-image-18271 size-full\" title=\"16mm (25m) PE-Rohr PN4 f\u00fcr Tropfbew\u00e4sserung\" src=\"https:\/\/www.rekubik.de\/magazin\/wp-content\/uploads\/2024\/08\/25m-PE-Rohr-16mm-Brauchwasser-PN-4.jpg\" alt=\"16mm (25m) PE-Rohr PN4 f\u00fcr Tropfbew\u00e4sserung\" width=\"700\" height=\"429\" srcset=\"https:\/\/www.rekubik.de\/magazin\/wp-content\/uploads\/2024\/08\/25m-PE-Rohr-16mm-Brauchwasser-PN-4.jpg 700w, https:\/\/www.rekubik.de\/magazin\/wp-content\/uploads\/2024\/08\/25m-PE-Rohr-16mm-Brauchwasser-PN-4-300x184.jpg 300w\" sizes=\"(max-width: 700px) 100vw, 700px\" \/><\/a><\/p>\n<p style=\"text-align: justify;\">Also: Bringen Sie Ihren Garten im in der Herbstzeit noch mal so richtig in Schwung und schicken Sie ihn nicht zu fr\u00fch in die Winterruhe. Ihr Garten kann selbst in dieser Zeit weit mehr, als Sie vielleicht vermuten. Probieren Sie es einfach aus und beachten Sie die obigen Hinweise.<\/p>\n","protected":false},"excerpt":{"rendered":"<p>\u00ab Tipps zu Aussaat und Aufzucht \u00bb Leider endet auch der Sommer irgendwann \u2013 doch das Gartenjahr l\u00e4uft weiter. Denn auch wenn die Tage wieder etwas k\u00fcrzer werden und sich die Bl\u00e4tter allm\u00e4hlich gelb-rot f\u00e4rben, bieten sich noch etliche M\u00f6glichkeiten f\u00fcr den Gem\u00fcseanbau. Klar! F\u00fcr manche Gem\u00fcsesorten muss man sich bis zur n\u00e4chsten Sommersaison gedulden. &hellip;<\/p>\n","protected":false},"author":1,"featured_media":18261,"comment_status":"closed","ping_status":"open","sticky":false,"template":"","format":"standard","meta":{"footnotes":""},"categories":[1],"tags":[1395,2298,2299,2296,2295,2302,205,2301,2297,49,382,1273,2300],"class_list":["post-18259","post","type-post","status-publish","format-standard","has-post-thumbnail","","category-ibc-garten","tag-bewaesserung-im-winter","tag-ernten-im-fruehling","tag-frostnacht","tag-frsthart","tag-gemuese-im-herbst","tag-herbst-anbau","tag-ibc-container","tag-im-herbst-aussaeen","tag-kohlarten","tag-thermohaube","tag-tropfbewaesserung","tag-winterfest","tag-wintergemuese"],"yoast_head":"<!-- This site is optimized with the Yoast SEO plugin v23.5 - https:\/\/yoast.com\/wordpress\/plugins\/seo\/ -->\n<title>Welches Gem\u00fcse im Herbst pflanzen? - REKUBIK\u00ae Magazin<\/title>\n<meta name=\"description\" content=\"Welches Gem\u00fcse kann man im Herbst pflanzen? \u2714 Wie sieht die ordentliche Bew\u00e4sserung im Herbst aus? \u2714 Erfahren Sie mehr | REKUBIK\" \/>\n<meta name=\"robots\" content=\"index, follow, max-snippet:-1, max-image-preview:large, max-video-preview:-1\" \/>\n<link rel=\"canonical\" href=\"https:\/\/www.rekubik.de\/magazin\/welches-gemuese-im-herbst-pflanzen\/\" \/>\n<meta property=\"og:locale\" content=\"de_DE\" \/>\n<meta property=\"og:type\" content=\"article\" \/>\n<meta property=\"og:title\" content=\"Welches Gem\u00fcse im Herbst pflanzen? - REKUBIK\u00ae Magazin\" \/>\n<meta property=\"og:description\" content=\"Welches Gem\u00fcse kann man im Herbst pflanzen? \u2714 Wie sieht die ordentliche Bew\u00e4sserung im Herbst aus? \u2714 Erfahren Sie mehr | REKUBIK\" \/>\n<meta property=\"og:url\" content=\"https:\/\/www.rekubik.de\/magazin\/welches-gemuese-im-herbst-pflanzen\/\" \/>\n<meta property=\"og:site_name\" content=\"REKUBIK\u00ae Magazin\" \/>\n<meta property=\"article:published_time\" content=\"2022-08-17T10:00:15+00:00\" \/>\n<meta property=\"article:modified_time\" content=\"2022-08-17T09:32:04+00:00\" \/>\n<meta property=\"og:image\" content=\"https:\/\/www.rekubik.de\/magazin\/wp-content\/uploads\/2024\/08\/Rosenkohl-im-Winter.jpg\" \/>\n\t<meta property=\"og:image:width\" content=\"850\" \/>\n\t<meta property=\"og:image:height\" content=\"492\" \/>\n\t<meta property=\"og:image:type\" content=\"image\/jpeg\" \/>\n<meta name=\"author\" content=\"admin\" \/>\n<meta name=\"twitter:card\" content=\"summary_large_image\" \/>\n<meta name=\"twitter:label1\" content=\"Geschrieben von\" \/>\n\t<meta name=\"twitter:data1\" content=\"admin\" \/>\n\t<meta name=\"twitter:label2\" content=\"Gesch\u00e4tzte Lesezeit\" \/>\n\t<meta name=\"twitter:data2\" content=\"6\u00a0Minuten\" \/>\n<script type=\"application\/ld+json\" class=\"yoast-schema-graph\">{\"@context\":\"https:\/\/schema.org\",\"@graph\":[{\"@type\":\"Article\",\"@id\":\"https:\/\/www.rekubik.de\/magazin\/welches-gemuese-im-herbst-pflanzen\/#article\",\"isPartOf\":{\"@id\":\"https:\/\/www.rekubik.de\/magazin\/welches-gemuese-im-herbst-pflanzen\/\"},\"author\":{\"name\":\"admin\",\"@id\":\"https:\/\/www.rekubik.de\/magazin\/#\/schema\/person\/d5faea021aac94edeeb8e47cf06771c7\"},\"headline\":\"Welches Gem\u00fcse im Herbst pflanzen?\",\"datePublished\":\"2022-08-17T10:00:15+00:00\",\"dateModified\":\"2022-08-17T09:32:04+00:00\",\"mainEntityOfPage\":{\"@id\":\"https:\/\/www.rekubik.de\/magazin\/welches-gemuese-im-herbst-pflanzen\/\"},\"wordCount\":958,\"publisher\":{\"@id\":\"https:\/\/www.rekubik.de\/magazin\/#organization\"},\"image\":{\"@id\":\"https:\/\/www.rekubik.de\/magazin\/welches-gemuese-im-herbst-pflanzen\/#primaryimage\"},\"thumbnailUrl\":\"https:\/\/www.rekubik.de\/magazin\/wp-content\/uploads\/2024\/08\/Rosenkohl-im-Winter.jpg\",\"keywords\":[\"Bew\u00e4sserung im Winter\",\"Ernten im Fr\u00fchling\",\"Frostnacht\",\"frsthart\",\"Gem\u00fcse im Herbst\",\"Herbst-Anbau\",\"IBC Container\",\"im Herbst auss\u00e4en\",\"Kohlarten\",\"Thermohaube\",\"Tropfbew\u00e4sserung\",\"winterfest\",\"Wintergem\u00fcse\"],\"articleSection\":[\"IBC IM GARTEN\"],\"inLanguage\":\"de\"},{\"@type\":\"WebPage\",\"@id\":\"https:\/\/www.rekubik.de\/magazin\/welches-gemuese-im-herbst-pflanzen\/\",\"url\":\"https:\/\/www.rekubik.de\/magazin\/welches-gemuese-im-herbst-pflanzen\/\",\"name\":\"Welches Gem\u00fcse im Herbst pflanzen? - REKUBIK\u00ae Magazin\",\"isPartOf\":{\"@id\":\"https:\/\/www.rekubik.de\/magazin\/#website\"},\"primaryImageOfPage\":{\"@id\":\"https:\/\/www.rekubik.de\/magazin\/welches-gemuese-im-herbst-pflanzen\/#primaryimage\"},\"image\":{\"@id\":\"https:\/\/www.rekubik.de\/magazin\/welches-gemuese-im-herbst-pflanzen\/#primaryimage\"},\"thumbnailUrl\":\"https:\/\/www.rekubik.de\/magazin\/wp-content\/uploads\/2024\/08\/Rosenkohl-im-Winter.jpg\",\"datePublished\":\"2022-08-17T10:00:15+00:00\",\"dateModified\":\"2022-08-17T09:32:04+00:00\",\"description\":\"Welches Gem\u00fcse kann man im Herbst pflanzen? \u2714 Wie sieht die ordentliche Bew\u00e4sserung im Herbst aus? \u2714 Erfahren Sie mehr | REKUBIK\",\"breadcrumb\":{\"@id\":\"https:\/\/www.rekubik.de\/magazin\/welches-gemuese-im-herbst-pflanzen\/#breadcrumb\"},\"inLanguage\":\"de\",\"potentialAction\":[{\"@type\":\"ReadAction\",\"target\":[\"https:\/\/www.rekubik.de\/magazin\/welches-gemuese-im-herbst-pflanzen\/\"]}]},{\"@type\":\"ImageObject\",\"inLanguage\":\"de\",\"@id\":\"https:\/\/www.rekubik.de\/magazin\/welches-gemuese-im-herbst-pflanzen\/#primaryimage\",\"url\":\"https:\/\/www.rekubik.de\/magazin\/wp-content\/uploads\/2024\/08\/Rosenkohl-im-Winter.jpg\",\"contentUrl\":\"https:\/\/www.rekubik.de\/magazin\/wp-content\/uploads\/2024\/08\/Rosenkohl-im-Winter.jpg\",\"width\":850,\"height\":492,\"caption\":\"\u00a9 gabort - stock.adobe.com\"},{\"@type\":\"BreadcrumbList\",\"@id\":\"https:\/\/www.rekubik.de\/magazin\/welches-gemuese-im-herbst-pflanzen\/#breadcrumb\",\"itemListElement\":[{\"@type\":\"ListItem\",\"position\":1,\"name\":\"Home\",\"item\":\"https:\/\/www.rekubik.de\/magazin\/\"},{\"@type\":\"ListItem\",\"position\":2,\"name\":\"Welches Gem\u00fcse im Herbst pflanzen?\"}]},{\"@type\":\"WebSite\",\"@id\":\"https:\/\/www.rekubik.de\/magazin\/#website\",\"url\":\"https:\/\/www.rekubik.de\/magazin\/\",\"name\":\"REKUBIK\u00ae Magazin\",\"description\":\"\",\"publisher\":{\"@id\":\"https:\/\/www.rekubik.de\/magazin\/#organization\"},\"potentialAction\":[{\"@type\":\"SearchAction\",\"target\":{\"@type\":\"EntryPoint\",\"urlTemplate\":\"https:\/\/www.rekubik.de\/magazin\/?s={search_term_string}\"},\"query-input\":{\"@type\":\"PropertyValueSpecification\",\"valueRequired\":true,\"valueName\":\"search_term_string\"}}],\"inLanguage\":\"de\"},{\"@type\":\"Organization\",\"@id\":\"https:\/\/www.rekubik.de\/magazin\/#organization\",\"name\":\"Rekubik\",\"url\":\"https:\/\/www.rekubik.de\/magazin\/\",\"logo\":{\"@type\":\"ImageObject\",\"inLanguage\":\"de\",\"@id\":\"https:\/\/www.rekubik.de\/magazin\/#\/schema\/logo\/image\/\",\"url\":\"https:\/\/www.rekubik.de\/magazin\/wp-content\/uploads\/2017\/12\/rekubik-LOGO-Shopware.png\",\"contentUrl\":\"https:\/\/www.rekubik.de\/magazin\/wp-content\/uploads\/2017\/12\/rekubik-LOGO-Shopware.png\",\"width\":200,\"height\":50,\"caption\":\"Rekubik\"},\"image\":{\"@id\":\"https:\/\/www.rekubik.de\/magazin\/#\/schema\/logo\/image\/\"}},{\"@type\":\"Person\",\"@id\":\"https:\/\/www.rekubik.de\/magazin\/#\/schema\/person\/d5faea021aac94edeeb8e47cf06771c7\",\"name\":\"admin\",\"image\":{\"@type\":\"ImageObject\",\"inLanguage\":\"de\",\"@id\":\"https:\/\/www.rekubik.de\/magazin\/#\/schema\/person\/image\/\",\"url\":\"https:\/\/secure.gravatar.com\/avatar\/a794a4fe8a9b9c52241597eb381dfa2e?s=96&d=mm&r=g\",\"contentUrl\":\"https:\/\/secure.gravatar.com\/avatar\/a794a4fe8a9b9c52241597eb381dfa2e?s=96&d=mm&r=g\",\"caption\":\"admin\"}}]}<\/script>\n<!-- \/ Yoast SEO plugin. -->","yoast_head_json":{"title":"Welches Gem\u00fcse im Herbst pflanzen? - REKUBIK\u00ae Magazin","description":"Welches Gem\u00fcse kann man im Herbst pflanzen? \u2714 Wie sieht die ordentliche Bew\u00e4sserung im Herbst aus? \u2714 Erfahren Sie mehr | REKUBIK","robots":{"index":"index","follow":"follow","max-snippet":"max-snippet:-1","max-image-preview":"max-image-preview:large","max-video-preview":"max-video-preview:-1"},"canonical":"https:\/\/www.rekubik.de\/magazin\/welches-gemuese-im-herbst-pflanzen\/","og_locale":"de_DE","og_type":"article","og_title":"Welches Gem\u00fcse im Herbst pflanzen? - REKUBIK\u00ae Magazin","og_description":"Welches Gem\u00fcse kann man im Herbst pflanzen? \u2714 Wie sieht die ordentliche Bew\u00e4sserung im Herbst aus? \u2714 Erfahren Sie mehr | REKUBIK","og_url":"https:\/\/www.rekubik.de\/magazin\/welches-gemuese-im-herbst-pflanzen\/","og_site_name":"REKUBIK\u00ae Magazin","article_published_time":"2022-08-17T10:00:15+00:00","article_modified_time":"2022-08-17T09:32:04+00:00","og_image":[{"width":850,"height":492,"url":"https:\/\/www.rekubik.de\/magazin\/wp-content\/uploads\/2024\/08\/Rosenkohl-im-Winter.jpg","type":"image\/jpeg"}],"author":"admin","twitter_card":"summary_large_image","twitter_misc":{"Geschrieben von":"admin","Gesch\u00e4tzte Lesezeit":"6\u00a0Minuten"},"schema":{"@context":"https:\/\/schema.org","@graph":[{"@type":"Article","@id":"https:\/\/www.rekubik.de\/magazin\/welches-gemuese-im-herbst-pflanzen\/#article","isPartOf":{"@id":"https:\/\/www.rekubik.de\/magazin\/welches-gemuese-im-herbst-pflanzen\/"},"author":{"name":"admin","@id":"https:\/\/www.rekubik.de\/magazin\/#\/schema\/person\/d5faea021aac94edeeb8e47cf06771c7"},"headline":"Welches Gem\u00fcse im Herbst pflanzen?","datePublished":"2022-08-17T10:00:15+00:00","dateModified":"2022-08-17T09:32:04+00:00","mainEntityOfPage":{"@id":"https:\/\/www.rekubik.de\/magazin\/welches-gemuese-im-herbst-pflanzen\/"},"wordCount":958,"publisher":{"@id":"https:\/\/www.rekubik.de\/magazin\/#organization"},"image":{"@id":"https:\/\/www.rekubik.de\/magazin\/welches-gemuese-im-herbst-pflanzen\/#primaryimage"},"thumbnailUrl":"https:\/\/www.rekubik.de\/magazin\/wp-content\/uploads\/2024\/08\/Rosenkohl-im-Winter.jpg","keywords":["Bew\u00e4sserung im Winter","Ernten im Fr\u00fchling","Frostnacht","frsthart","Gem\u00fcse im Herbst","Herbst-Anbau","IBC Container","im Herbst auss\u00e4en","Kohlarten","Thermohaube","Tropfbew\u00e4sserung","winterfest","Wintergem\u00fcse"],"articleSection":["IBC IM GARTEN"],"inLanguage":"de"},{"@type":"WebPage","@id":"https:\/\/www.rekubik.de\/magazin\/welches-gemuese-im-herbst-pflanzen\/","url":"https:\/\/www.rekubik.de\/magazin\/welches-gemuese-im-herbst-pflanzen\/","name":"Welches Gem\u00fcse im Herbst pflanzen? - REKUBIK\u00ae Magazin","isPartOf":{"@id":"https:\/\/www.rekubik.de\/magazin\/#website"},"primaryImageOfPage":{"@id":"https:\/\/www.rekubik.de\/magazin\/welches-gemuese-im-herbst-pflanzen\/#primaryimage"},"image":{"@id":"https:\/\/www.rekubik.de\/magazin\/welches-gemuese-im-herbst-pflanzen\/#primaryimage"},"thumbnailUrl":"https:\/\/www.rekubik.de\/magazin\/wp-content\/uploads\/2024\/08\/Rosenkohl-im-Winter.jpg","datePublished":"2022-08-17T10:00:15+00:00","dateModified":"2022-08-17T09:32:04+00:00","description":"Welches Gem\u00fcse kann man im Herbst pflanzen? \u2714 Wie sieht die ordentliche Bew\u00e4sserung im Herbst aus? \u2714 Erfahren Sie mehr | REKUBIK","breadcrumb":{"@id":"https:\/\/www.rekubik.de\/magazin\/welches-gemuese-im-herbst-pflanzen\/#breadcrumb"},"inLanguage":"de","potentialAction":[{"@type":"ReadAction","target":["https:\/\/www.rekubik.de\/magazin\/welches-gemuese-im-herbst-pflanzen\/"]}]},{"@type":"ImageObject","inLanguage":"de","@id":"https:\/\/www.rekubik.de\/magazin\/welches-gemuese-im-herbst-pflanzen\/#primaryimage","url":"https:\/\/www.rekubik.de\/magazin\/wp-content\/uploads\/2024\/08\/Rosenkohl-im-Winter.jpg","contentUrl":"https:\/\/www.rekubik.de\/magazin\/wp-content\/uploads\/2024\/08\/Rosenkohl-im-Winter.jpg","width":850,"height":492,"caption":"\u00a9 gabort - stock.adobe.com"},{"@type":"BreadcrumbList","@id":"https:\/\/www.rekubik.de\/magazin\/welches-gemuese-im-herbst-pflanzen\/#breadcrumb","itemListElement":[{"@type":"ListItem","position":1,"name":"Home","item":"https:\/\/www.rekubik.de\/magazin\/"},{"@type":"ListItem","position":2,"name":"Welches Gem\u00fcse im Herbst pflanzen?"}]},{"@type":"WebSite","@id":"https:\/\/www.rekubik.de\/magazin\/#website","url":"https:\/\/www.rekubik.de\/magazin\/","name":"REKUBIK\u00ae Magazin","description":"","publisher":{"@id":"https:\/\/www.rekubik.de\/magazin\/#organization"},"potentialAction":[{"@type":"SearchAction","target":{"@type":"EntryPoint","urlTemplate":"https:\/\/www.rekubik.de\/magazin\/?s={search_term_string}"},"query-input":{"@type":"PropertyValueSpecification","valueRequired":true,"valueName":"search_term_string"}}],"inLanguage":"de"},{"@type":"Organization","@id":"https:\/\/www.rekubik.de\/magazin\/#organization","name":"Rekubik","url":"https:\/\/www.rekubik.de\/magazin\/","logo":{"@type":"ImageObject","inLanguage":"de","@id":"https:\/\/www.rekubik.de\/magazin\/#\/schema\/logo\/image\/","url":"https:\/\/www.rekubik.de\/magazin\/wp-content\/uploads\/2017\/12\/rekubik-LOGO-Shopware.png","contentUrl":"https:\/\/www.rekubik.de\/magazin\/wp-content\/uploads\/2017\/12\/rekubik-LOGO-Shopware.png","width":200,"height":50,"caption":"Rekubik"},"image":{"@id":"https:\/\/www.rekubik.de\/magazin\/#\/schema\/logo\/image\/"}},{"@type":"Person","@id":"https:\/\/www.rekubik.de\/magazin\/#\/schema\/person\/d5faea021aac94edeeb8e47cf06771c7","name":"admin","image":{"@type":"ImageObject","inLanguage":"de","@id":"https:\/\/www.rekubik.de\/magazin\/#\/schema\/person\/image\/","url":"https:\/\/secure.gravatar.com\/avatar\/a794a4fe8a9b9c52241597eb381dfa2e?s=96&d=mm&r=g","contentUrl":"https:\/\/secure.gravatar.com\/avatar\/a794a4fe8a9b9c52241597eb381dfa2e?s=96&d=mm&r=g","caption":"admin"}}]}},"_links":{"self":[{"href":"https:\/\/www.rekubik.de\/magazin\/wp-json\/wp\/v2\/posts\/18259"}],"collection":[{"href":"https:\/\/www.rekubik.de\/magazin\/wp-json\/wp\/v2\/posts"}],"about":[{"href":"https:\/\/www.rekubik.de\/magazin\/wp-json\/wp\/v2\/types\/post"}],"author":[{"embeddable":true,"href":"https:\/\/www.rekubik.de\/magazin\/wp-json\/wp\/v2\/users\/1"}],"replies":[{"embeddable":true,"href":"https:\/\/www.rekubik.de\/magazin\/wp-json\/wp\/v2\/comments?post=18259"}],"version-history":[{"count":17,"href":"https:\/\/www.rekubik.de\/magazin\/wp-json\/wp\/v2\/posts\/18259\/revisions"}],"predecessor-version":[{"id":18282,"href":"https:\/\/www.rekubik.de\/magazin\/wp-json\/wp\/v2\/posts\/18259\/revisions\/18282"}],"wp:featuredmedia":[{"embeddable":true,"href":"https:\/\/www.rekubik.de\/magazin\/wp-json\/wp\/v2\/media\/18261"}],"wp:attachment":[{"href":"https:\/\/www.rekubik.de\/magazin\/wp-json\/wp\/v2\/media?parent=18259"}],"wp:term":[{"taxonomy":"category","embeddable":true,"href":"https:\/\/www.rekubik.de\/magazin\/wp-json\/wp\/v2\/categories?post=18259"},{"taxonomy":"post_tag","embeddable":true,"href":"https:\/\/www.rekubik.de\/magazin\/wp-json\/wp\/v2\/tags?post=18259"}],"curies":[{"name":"wp","href":"https:\/\/api.w.org\/{rel}","templated":true}]}}