{"id":20879,"date":"2024-06-08T10:00:52","date_gmt":"2024-06-08T08:00:52","guid":{"rendered":"https:\/\/www.rekubik.de\/magazin\/?p=20879"},"modified":"2026-03-25T13:36:12","modified_gmt":"2026-03-25T12:36:12","slug":"pflanzideen-fuer-den-sommer","status":"publish","type":"post","link":"https:\/\/www.rekubik.de\/magazin\/pflanzideen-fuer-den-sommer\/","title":{"rendered":"Pflanzideen f\u00fcr den Sommer"},"content":{"rendered":"<h2>Blumen, Stauden und Sommergem\u00fcse f\u00fcr Garten, Balkon und Terrasse<\/h2>\n<p style=\"text-align: justify;\"><strong>Welche Pflanzen verwandeln den Garten in einen farbenpr\u00e4chtigen Sommergarten \u2013 und welche Ideen funktionieren auch im Balkonkasten oder auf der Terrasse? Wer sich mit Pflanzideen f\u00fcr den Sommer besch\u00e4ftigt, steht vor einer erfreulichen Auswahl. Sinnvoll l\u00e4sst sie sich in drei Gruppen einteilen: einj\u00e4hrige Bl\u00fcher f\u00fcr schnelle, \u00fcppige Farbe, robuste Sommerstauden f\u00fcr dauerhafte Struktur und ausgew\u00e4hlte Nutzpflanzen mit echtem Zierwert. In diesem Beitrag stellen wir Ihnen die besten Pflanzideen f\u00fcr Garten, Balkonkasten und Terrasse vor \u2013 mit Fokus auf Standortwahl, Pflegeaufwand und das, was im Sommer wirklich funktioniert.<\/strong><\/p>\n<h2>Einj\u00e4hrige Sommerbl\u00fcher: schnelle Farbe f\u00fcr Rabatte, K\u00e4sten und T\u00f6pfe<\/h2>\n<p style=\"text-align: justify;\">Einj\u00e4hrige Sommerbl\u00fcher sind die unkompliziertesten Pflanzideen f\u00fcr den Sommer: Sie werden im Fr\u00fchjahr ges\u00e4t oder als Jungpflanze gesetzt, bl\u00fchen oft bis in den Oktober und m\u00fcssen dann nicht \u00fcberwintert werden. Was sie an Dauerhaftigkeit verlieren, gewinnen sie durch Vielfalt, Bl\u00fchfreudigkeit und die Flexibilit\u00e4t, Rabatten und K\u00e4sten jede Saison neu zu gestalten. Die folgende Auswahl zeigt, wie unterschiedlich einj\u00e4hrige Sommerbl\u00fcher ausfallen k\u00f6nnen \u2013 von der hoch wachsenden Sommerblume bis zur bodendeckenden Topfpflanze.<\/p>\n<h3>Sonnenblume \u2013 die sommerliche Pflanzidee f\u00fcr Rabatte und T\u00f6pfe<\/h3>\n<p style=\"text-align: justify;\">Kaum eine Pflanze steht so klar f\u00fcr den Sommer wie die Sonnenblume. Stattliche Hochsorten erreichen Wuchsh\u00f6hen von 150 bis \u00fcber 300 Zentimetern und brauchen bei Wind eine St\u00fctze. F\u00fcr Balkonk\u00e4sten und T\u00f6pfe sind kompakte Zwergsorten die deutlich verl\u00e4sslichere Wahl: Sie bleiben bei 30 bis 50 Zentimetern, kommen meist ohne Stab aus und bl\u00fchen genauso reichhaltig. Beim Vorziehen am Fensterbrett empfiehlt sich das Pflanzen in Einzelt\u00f6pfe, da Sonnenblumen Umpflanzstress schlecht vertragen.<\/p>\n<ul>\n<li>Standort: Vollsonnig, mindestens 6 Stunden direkte Sonne t\u00e4glich<\/li>\n<li>Bew\u00e4sserung: Hoch, besonders w\u00e4hrend der Bl\u00fctenbildung; Staun\u00e4sse vermeiden<\/li>\n<li>Bl\u00fctezeit: Juli bis Oktober<\/li>\n<li>Eignung: Rabatte (Hochsorten), T\u00f6pfe und Balkonkasten (Zwergsorten)<\/li>\n<\/ul>\n<h3><img loading=\"lazy\" decoding=\"async\" class=\"aligncenter wp-image-25936 size-full\" title=\"Sonnenblumen als klassische Pflanzidee f\u00fcr den Somme\" src=\"https:\/\/www.rekubik.de\/magazin\/wp-content\/uploads\/2024\/06\/sonnenblume.jpg\" alt=\"Nahaufnahme einer Sonnenblume mit Honigbiene auf der Bl\u00fctenscheibe \" width=\"800\" height=\"800\" srcset=\"https:\/\/www.rekubik.de\/magazin\/wp-content\/uploads\/2024\/06\/sonnenblume.jpg 800w, https:\/\/www.rekubik.de\/magazin\/wp-content\/uploads\/2024\/06\/sonnenblume-300x300.jpg 300w, https:\/\/www.rekubik.de\/magazin\/wp-content\/uploads\/2024\/06\/sonnenblume-150x150.jpg 150w, https:\/\/www.rekubik.de\/magazin\/wp-content\/uploads\/2024\/06\/sonnenblume-768x768.jpg 768w\" sizes=\"(max-width: 800px) 100vw, 800px\" \/><\/h3>\n<h3>Zinnie \u2013 farbenfroh, hitzefest und insektenfreundlich<\/h3>\n<p style=\"text-align: justify;\">Zinnien geh\u00f6ren zu den dankbarsten Pflanzideen f\u00fcr den Sommer \u00fcberhaupt. Sie vertragen Hitze problemlos, bl\u00fchen in einem breiten Farbspektrum von Wei\u00df \u00fcber Gelb und Orange bis zu tiefstem Rot und Violett und werden durch regelm\u00e4\u00dfiges Abschneiden der verwelkten Bl\u00fcten noch bl\u00fchfreudiger. F\u00fcr Balkonk\u00e4sten eignen sich niedrige Sorten mit 20 bis 40 Zentimetern Wuchsh\u00f6he besonders gut; in Rabatten d\u00fcrfen es auch die stattlicheren Typen mit bis zu 80 Zentimetern sein. Wichtig beim Insektennutzen: Vor allem einfach bl\u00fchende Sorten sind f\u00fcr Bienen und Schmetterlinge attraktiv \u2013 dicht gef\u00fcllte Z\u00fcchtungen sind f\u00fcr Best\u00e4uber deutlich schwerer zug\u00e4nglich.<\/p>\n<ul>\n<li>Standort: Vollsonnig bis sonnig; w\u00e4rmeliebend, vertr\u00e4gt keine Staun\u00e4sse<\/li>\n<li>Bew\u00e4sserung: M\u00e4\u00dfig bis mittel; Bl\u00e4tter beim Gie\u00dfen m\u00f6glichst trocken halten (Mehltauvorbeugung)<\/li>\n<li>Bl\u00fctezeit: Juni bis Oktober<\/li>\n<li>Eignung: Rabatte, T\u00f6pfe, Balkonkasten<\/li>\n<\/ul>\n<h3><img loading=\"lazy\" decoding=\"async\" class=\"aligncenter wp-image-25937 size-full\" title=\"Mischpflanzung aus Zinnien und Sommerbl\u00fchern sind eine wunderbare Pflanzidee f\u00fcr den Sommer\" src=\"https:\/\/www.rekubik.de\/magazin\/wp-content\/uploads\/2024\/06\/schrebergarten-im-sommer.jpg\" alt=\"Schrebergarten im Sommer mit gro\u00dfem Blumenbeet aus Zinnien, Sonnenblumen und bunten Sommerbl\u00fchern in Orange, Gelb und Pink \" width=\"800\" height=\"800\" srcset=\"https:\/\/www.rekubik.de\/magazin\/wp-content\/uploads\/2024\/06\/schrebergarten-im-sommer.jpg 800w, https:\/\/www.rekubik.de\/magazin\/wp-content\/uploads\/2024\/06\/schrebergarten-im-sommer-300x300.jpg 300w, https:\/\/www.rekubik.de\/magazin\/wp-content\/uploads\/2024\/06\/schrebergarten-im-sommer-150x150.jpg 150w, https:\/\/www.rekubik.de\/magazin\/wp-content\/uploads\/2024\/06\/schrebergarten-im-sommer-768x768.jpg 768w\" sizes=\"(max-width: 800px) 100vw, 800px\" \/><\/h3>\n<h3>Verbene \u2013 ausdauernder Bl\u00fctenteppich f\u00fcr K\u00e4sten und T\u00f6pfe<\/h3>\n<p style=\"text-align: justify;\">Verbenen sind eine der zuverl\u00e4ssigsten Ideen f\u00fcr den vollsonnigen Balkon. Sie bl\u00fchen dicht, h\u00e4ngen bei H\u00e4ngeverbenen elegant \u00fcber den Kastenrand und zeigen sich auch bei Sommerhitze kaum beeindruckt. Die Farben reichen von Wei\u00df und Zartrosa \u00fcber Koralle bis zu kr\u00e4ftigem Violett. Auch wenn Verbenen als hitzetolerant gelten: In K\u00e4sten und T\u00f6pfen sollten Sie regelm\u00e4\u00dfig gie\u00dfen und d\u00fcngen \u2013 flach wurzelnde Sommerpflanzen trocknen in Beh\u00e4ltern schnell aus, was die Bl\u00fchfreudigkeit deutlich mindert.<\/p>\n<ul>\n<li>Standort: Vollsonnig bis sonnig; gut drainiertes Substrat<\/li>\n<li>Bew\u00e4sserung: Hitzetolerant, aber im Gef\u00e4\u00df regelm\u00e4\u00dfig gie\u00dfen und d\u00fcngen<\/li>\n<li>Bl\u00fctezeit: Mai bis Oktober<\/li>\n<li>Eignung: Balkonkasten, Topf, Rabattenrand<\/li>\n<\/ul>\n<h3>Portulakr\u00f6schen \u2013 die Pflanzidee f\u00fcr hei\u00dfe S\u00fcdlagen<\/h3>\n<p style=\"text-align: justify;\">Portulakr\u00f6schen (Portulaca grandiflora) ist die richtige Wahl, wenn Ihr Standort wirklich hei\u00df, sonnig und trocken ist. Die sukkulenten, wasserspeichernden Bl\u00e4tter machen die Pflanze extrem trockenheitsvertr\u00e4glich \u2013 sie ist damit eine der wenigen Sommerbl\u00fcher, die an sehr exponierten S\u00fcdbalkonen und in trockenen Steingartenpflanzungen zuverl\u00e4ssig funktioniert. Die Bl\u00fcten \u00f6ffnen sich an sonnigen Tagen und schlie\u00dfen sich bei bew\u00f6lktem Wetter oder abends; die Farbpalette reicht von Wei\u00df und Gelb \u00fcber Pink bis zu sattem Orange.<\/p>\n<ul>\n<li>Standort: Vollsonnig; durchl\u00e4ssige, eher magere Erde bevorzugt<\/li>\n<li>Bew\u00e4sserung: Gering; vertr\u00e4gt Trockenheit sehr gut, empfindlich gegen\u00fcber Staun\u00e4sse<\/li>\n<li>Bl\u00fctezeit: Juni bis September<\/li>\n<li>Eignung: Balkonkasten (S\u00fcdlage), Steingarten, Topf<\/li>\n<\/ul>\n<h3>Cosmea \u2013 leichte Eleganz f\u00fcr naturnahe G\u00e4rten<\/h3>\n<p style=\"text-align: justify;\">Cosmea (Cosmos bipinnatus) bringt mit ihren filigran gefiederten Bl\u00e4ttern und den zartfarbenen Bl\u00fcten eine leichte, fast wildblumenartige Atmosph\u00e4re in Rabatte und Pflanzfl\u00e4chen. Sie w\u00e4chst schnell, ist gen\u00fcgsam und versamt sich oft selbst, sodass sie im n\u00e4chsten Sommer ohne weiteres Zutun wiederkommt. Cosmeen k\u00f6nnen Wuchsh\u00f6hen von 60 bis 120 Zentimetern erreichen; f\u00fcr Balkonk\u00e4sten sind sie wegen der Gr\u00f6\u00dfe weniger geeignet, wirken aber in gro\u00dfen T\u00f6pfen auf der Terrasse sehr sch\u00f6n.<\/p>\n<ul>\n<li>Standort: Sonnig; n\u00e4hrstoffarme B\u00f6den f\u00f6rdern die Bl\u00fctenbildung<\/li>\n<li>Bew\u00e4sserung: Gering bis m\u00e4\u00dfig; sehr gen\u00fcgsam und trockenheitsvertr\u00e4glich<\/li>\n<li>Bl\u00fctezeit: Juli bis Oktober<\/li>\n<li>Eignung: Rabatte, gro\u00dfer Topf; weniger f\u00fcr Balkonk\u00e4sten<\/li>\n<\/ul>\n<h3><img loading=\"lazy\" decoding=\"async\" class=\"aligncenter wp-image-25939\" title=\"Sommerbl\u00fcher sind auch gut f\u00fcr Insekten\" src=\"https:\/\/www.rekubik.de\/magazin\/wp-content\/uploads\/2024\/06\/insektenwiese1.jpg\" alt=\"Insektenfreundliche Bl\u00fchwiese im Sommer mit gelben und wei\u00dfen Wildblumen, Schmetterling und Bienen vor Holzzaun\" width=\"800\" height=\"800\" srcset=\"https:\/\/www.rekubik.de\/magazin\/wp-content\/uploads\/2024\/06\/insektenwiese1.jpg 1024w, https:\/\/www.rekubik.de\/magazin\/wp-content\/uploads\/2024\/06\/insektenwiese1-300x300.jpg 300w, https:\/\/www.rekubik.de\/magazin\/wp-content\/uploads\/2024\/06\/insektenwiese1-150x150.jpg 150w, https:\/\/www.rekubik.de\/magazin\/wp-content\/uploads\/2024\/06\/insektenwiese1-768x768.jpg 768w\" sizes=\"(max-width: 800px) 100vw, 800px\" \/><\/h3>\n<h3>Studentenblume \u2013 robuste Idee f\u00fcr Sommer, Garten und Gem\u00fcsepflanzung<\/h3>\n<p style=\"text-align: justify;\">Studentenblumen (Tagetes) sind eine der meistgepflanzten Saisonpflanzen f\u00fcr den Sommer \u2013 und das aus gutem Grund. Sie bl\u00fchen von der Pflanzung bis zum ersten Frost, vertragen Hitze und Trockenheit gut und werden im Gem\u00fcsegarten h\u00e4ufig als Mischkulturpartner verwendet. Ein m\u00f6glicher Effekt auf bestimmte Nematoden wird insbesondere einigen Tagetes-Arten wie der Franz\u00f6sischen Studentenblume (Tagetes patula) zugeschrieben; er ist jedoch kein sicherer Pflanzenschutzersatz und sollte nicht als pauschale Wirkung verstanden werden. F\u00fcr Balkonk\u00e4sten eignen sich die niedrigen, kompakten Sorten besonders gut.<\/p>\n<ul>\n<li>Standort: Vollsonnig bis sonnig; sehr anpassungsf\u00e4hig<\/li>\n<li>Bew\u00e4sserung: M\u00e4\u00dfig; gleichm\u00e4\u00dfige Feuchtigkeit f\u00f6rdert die Bl\u00fchfreudigkeit<\/li>\n<li>Bl\u00fctezeit: Mai bis zum ersten Frost<\/li>\n<li>Eignung: Rabatte, Balkonkasten, Topf, Gem\u00fcsegarten<\/li>\n<\/ul>\n<div class=\"box success  \"><div class=\"box-inner-block\"><i class=\"fa tie-shortcode-boxicon\"><\/i>\n\t\t\tGut zu wissen: Einj\u00e4hrige Sommerbl\u00fcher lassen sich wunderbar staffeln: Wer alle drei bis vier Wochen nachs\u00e4t oder Jungpflanzen erg\u00e4nzt, hat von Mai bis Oktober immer frische Bl\u00fcten in Rabatte und Kasten \u2013 eine der einfachsten Ideen f\u00fcr einen durchgehend lebendigen Sommergarten.\n\t\t\t<\/div><\/div>\n<figure id=\"attachment_20886\" aria-describedby=\"caption-attachment-20886\" style=\"width: 850px\" class=\"wp-caption aligncenter\"><img loading=\"lazy\" decoding=\"async\" class=\"wp-image-20886 size-full\" title=\"Sonnenblumen machen (fast) jeden Garten sch\u00f6ner\" src=\"https:\/\/www.rekubik.de\/magazin\/wp-content\/uploads\/2026\/06\/Sonnenblumen.jpg\" alt=\"Sonnenblumen\" width=\"850\" height=\"567\" srcset=\"https:\/\/www.rekubik.de\/magazin\/wp-content\/uploads\/2026\/06\/Sonnenblumen.jpg 850w, https:\/\/www.rekubik.de\/magazin\/wp-content\/uploads\/2026\/06\/Sonnenblumen-300x200.jpg 300w, https:\/\/www.rekubik.de\/magazin\/wp-content\/uploads\/2026\/06\/Sonnenblumen-768x512.jpg 768w\" sizes=\"(max-width: 850px) 100vw, 850px\" \/><figcaption id=\"caption-attachment-20886\" class=\"wp-caption-text\">\u00a9 V. J. Matthew &#8211; stock.adobe.com<\/figcaption><\/figure>\n<h2>Sommerstauden: die langfristige Grundlage f\u00fcr sonnige Pflanzungen<\/h2>\n<p style=\"text-align: justify;\">Wer langfristig denkt, setzt bei Pflanzideen f\u00fcr den Sommer auf Sommerstauden. Sie kommen Jahr f\u00fcr Jahr aus dem Boden, bl\u00fchen verl\u00e4sslich und werden mit der Zeit sogar st\u00e4rker und breiter. Die Frage, wann Sie Sommerstauden pflanzen sollten, l\u00e4sst sich klar beantworten: Der beste Zeitpunkt ist das Fr\u00fchjahr ab April, sobald der Boden frostfrei und durchfeuchtet ist. Alternativ gelingt auch eine Herbstpflanzung bis Mitte Oktober \u2013 dann hat die Staude noch Zeit, Wurzeln zu bilden, bevor der Winter einsetzt. Welche Stauden sich f\u00fcr einen sonnigen Standort eignen, h\u00e4ngt auch vom Feuchtigkeitsangebot ab. Eine hilfreiche Orientierung bietet unser <a href=\"https:\/\/www.rekubik.de\/magazin\/welche-pflanzen-brauchen-besonders-viel-wasser\/\">Ratgeber Welche Pflanzen brauchen besonders viel Wasser<\/a>.<\/p>\n<div class=\"box success  \"><div class=\"box-inner-block\"><i class=\"fa tie-shortcode-boxicon\"><\/i>\n\t\t\tGut zu wissen: Sommerstauden brauchen in der Regel zwei bis drei Jahre, um sich vollst\u00e4ndig zu entwickeln und ihre volle Bl\u00fctenpracht zu entfalten. Im Pflanzjahr investieren sie die meiste Energie in die Wurzelbildung \u2013 Geduld zahlt sich hier aus.\n\t\t\t<\/div><\/div>\n<h3>Sommerstauden f\u00fcr trockene, sonnige Standorte<\/h3>\n<p style=\"text-align: justify;\">Haben Sie einen Standort mit voller Sonneneinstrahlung und eher trockenem Boden, sind trockenheitstolerante Sommerstauden Ihre beste Wahl. Sie kommen mit wenig Wasser aus, brauchen kaum Pflege und sind oft auch f\u00fcr gro\u00dfe T\u00f6pfe und Terrassenpflanzgef\u00e4\u00dfe geeignet.<\/p>\n<p style=\"text-align: justify;\">Schafgarbe (Achillea) geh\u00f6rt zu den verl\u00e4sslichsten Vertretern dieser Gruppe: Mit flachen, tellerf\u00f6rmigen Bl\u00fctenschirmen in Gelb, Wei\u00df oder Rosa, einer Wuchsh\u00f6he von 40 bis 80 cm und ihrer extremen Trockenheitstoleranz ist sie ideal f\u00fcr naturnahe Pflanzungen und Steing\u00e4rten. Sie bl\u00fcht von Juni bis September und zieht Schwebfliegen und Wildbienen zuverl\u00e4ssig an.<\/p>\n<p style=\"text-align: justify;\">Lavendel (Lavandula) ist als aromatischer Halbstrauch mit langen Bl\u00fcten\u00e4hren in Violett, Wei\u00df oder Rosa eine klassische Idee f\u00fcr mediterrane Pflanzungen, Steing\u00e4rten und Terrassent\u00f6pfe. Er w\u00e4chst 30 bis 60 cm hoch, braucht durchl\u00e4ssigen, eher mageren Boden und vertr\u00e4gt Wintern\u00e4sse schlechter als Trockenheit \u2013 ein Punkt, den Sie bei der Standortwahl unbedingt ber\u00fccksichtigen sollten. Die Bl\u00fctezeit liegt von Juni bis August.<\/p>\n<p style=\"text-align: justify;\">Katzenminze (Nepeta) erg\u00e4nzt das Bild mit zart blau-violetten Bl\u00fcten\u00e4hren \u00fcber grau-gr\u00fcnem Laub. Sie wird 30 bis 60 cm hoch, ist sehr robust und trockenheitsvertr\u00e4glich und bl\u00fcht von Mai bis September \u2013 nach einem R\u00fcckschnitt oft sogar ein zweites Mal. Bienen und Hummeln besuchen sie besonders gerne; f\u00fcr Balkonk\u00e4sten und kleine T\u00f6pfe eignet sie sich ebenfalls gut.<\/p>\n<p style=\"text-align: justify;\">Stockmalven bilden als Sonderfall zwischen kurzlebiger Staude und Zweij\u00e4hriger einen beeindruckenden Abschluss dieser Gruppe: Aufragende Bl\u00fctenst\u00e4nde in Wei\u00df, Rosa oder Weinrot erreichen Wuchsh\u00f6hen von bis zu 200 cm, bl\u00fchen Juli bis September und halten sich durch Selbstaussaat dauerhaft im Garten. Als Sichtschutz an Z\u00e4unen und Mauern sind sie kaum zu \u00fcbertreffen; f\u00fcr T\u00f6pfe empfehlen sie sich nur bei sehr gro\u00dfem Volumen.<\/p>\n<h3>Sommerstauden f\u00fcr frischere, n\u00e4hrstoffreichere Standorte<\/h3>\n<p style=\"text-align: justify;\">Nicht alle Sommerstauden kommen mit Trockenheit klar \u2013 manche entfalten ihre volle Pracht erst auf gut versorgten, gleichm\u00e4\u00dfig feuchten Standorten. Wenn Sie eine verl\u00e4ssliche Bew\u00e4sserung sicherstellen k\u00f6nnen, lohnen sich diese Arten besonders.<\/p>\n<p style=\"text-align: justify;\">Sonnenhut (Echinacea) begeistert mit gro\u00dfen, leuchtenden Bl\u00fcten in Rosa, Orange, Wei\u00df oder Dunkelrot und w\u00e4chst 60 bis 100 cm hoch. Er bevorzugt tiefgr\u00fcndige, durchl\u00e4ssige B\u00f6den mit guter Wasserversorgung und bl\u00fcht Juli bis September. Schmetterlinge, Bienen und V\u00f6gel besuchen ihn besonders gerne; wenn Sie die Samenst\u00e4nde im Winter stehen lassen, finden V\u00f6gel dort eine wertvolle Nahrungsquelle.<\/p>\n<p style=\"text-align: justify;\">Phlox (Flammenblume) bringt \u00fcppige Doldenbl\u00fcten in Wei\u00df, Rosa, Lila oder Dunkelrot und kann 60 bis 120 cm hoch werden. Er bevorzugt n\u00e4hrstoffreiche, gleichm\u00e4\u00dfig feuchte Standorte und ist bei Trockenheit anf\u00e4llig f\u00fcr Mehltau \u2013 achten Sie deshalb auf eine regelm\u00e4\u00dfige Wasserversorgung. Phlox bl\u00fcht Juli bis September und ist eine klassische Staude mit langer Gartentradition.<\/p>\n<p style=\"text-align: justify;\">Storchschnabel (Geranium) ist mit zarten, schalenf\u00f6rmigen Bl\u00fcten in Wei\u00df, Rosa oder Blauviolett und einer Wuchsh\u00f6he von 20 bis 60 cm je nach Sorte ein sehr pflegeleichter und langlebiger Begleiter. Er vertr\u00e4gt auch Halbschatten, bl\u00fcht Mai bis August und hat sich als Bodendecker und Rabattenrand-Staude seit Jahrzehnten bew\u00e4hrt.<\/p>\n<h3><a href=\"https:\/\/www.rekubik.de\/ibc-container\/neue-ibc\/1000l-ibc-container-rebottled-food-auf-stahlpalette-neuwertig\"><img loading=\"lazy\" decoding=\"async\" class=\"aligncenter wp-image-25940 size-full\" title=\"1000l IBC Container Rebottled \u00bbFOOD\u00ab DN150\/50 auf Stahlpalette (Neuwertig) \" src=\"https:\/\/www.rekubik.de\/magazin\/wp-content\/uploads\/2024\/06\/1000l-ibc-container-rebottled-food-auf-stahlpalette-neuwertig.jpg\" alt=\"Terrassenpflanzen im Sommer \u2013 bunte Sommerbl\u00fcher in Tont\u00f6pfen mit IBC-Container als Regenwasserspeicher im Hintergrund\" width=\"800\" height=\"800\" srcset=\"https:\/\/www.rekubik.de\/magazin\/wp-content\/uploads\/2024\/06\/1000l-ibc-container-rebottled-food-auf-stahlpalette-neuwertig.jpg 800w, https:\/\/www.rekubik.de\/magazin\/wp-content\/uploads\/2024\/06\/1000l-ibc-container-rebottled-food-auf-stahlpalette-neuwertig-300x300.jpg 300w, https:\/\/www.rekubik.de\/magazin\/wp-content\/uploads\/2024\/06\/1000l-ibc-container-rebottled-food-auf-stahlpalette-neuwertig-150x150.jpg 150w, https:\/\/www.rekubik.de\/magazin\/wp-content\/uploads\/2024\/06\/1000l-ibc-container-rebottled-food-auf-stahlpalette-neuwertig-768x768.jpg 768w\" sizes=\"(max-width: 800px) 100vw, 800px\" \/><\/a><\/h3>\n<h3>Taglilien \u2013 robuster Allrounder f\u00fcr verschiedene Standorte<\/h3>\n<p style=\"text-align: justify;\">Taglilien (Hemerocallis) sind mit trompetenf\u00f6rmigen Bl\u00fcten in Gelb, Orange, Rot und Lachs und einer Wuchsh\u00f6he von 40 bis 90 cm eine der anpassungsf\u00e4higsten Sommerstauden \u00fcberhaupt und eine wunderbare Pflanzidee. Sie tolerieren kurze Trockenheit ebenso wie zeitweise Feuchtigkeit, performen aber besser mit regelm\u00e4\u00dfiger Wasserversorgung. Jede Einzelbl\u00fcte h\u00e4lt zwar nur einen Tag, der Gesamtflor aber mehrere Wochen. Wenn Sie noch keine Erfahrung mit Stauden haben, sind Taglilien ein idealer Einstieg \u2013 pflegeleicht, belastbar und jedes Jahr zuverl\u00e4ssig.<\/p>\n<p style=\"text-align: justify;\">Wer die Bew\u00e4sserung seiner Staudenpflanzungen systematisch planen m\u00f6chte, findet dazu hilfreiche Hinweise im <a href=\"https:\/\/www.rekubik.de\/magazin\/bewaesserungsplanung-fuer-rasen-staudenbeeten-oder-blumenbeeten\/\">Magazin-Artikel Bew\u00e4sserungsplanung f\u00fcr Staudenbeete und Blumenbeete<\/a>.<\/p>\n<figure id=\"attachment_20889\" aria-describedby=\"caption-attachment-20889\" style=\"width: 850px\" class=\"wp-caption aligncenter\"><img loading=\"lazy\" decoding=\"async\" class=\"wp-image-20889 size-full\" title=\"Stockmalven bl\u00fchen in wundersch\u00f6nen, kraftvollen Farben\" src=\"https:\/\/www.rekubik.de\/magazin\/wp-content\/uploads\/2026\/06\/Stockrosen.jpg\" alt=\"Stockrosen -- Stockmalven\" width=\"850\" height=\"598\" srcset=\"https:\/\/www.rekubik.de\/magazin\/wp-content\/uploads\/2026\/06\/Stockrosen.jpg 850w, https:\/\/www.rekubik.de\/magazin\/wp-content\/uploads\/2026\/06\/Stockrosen-300x211.jpg 300w, https:\/\/www.rekubik.de\/magazin\/wp-content\/uploads\/2026\/06\/Stockrosen-768x540.jpg 768w\" sizes=\"(max-width: 850px) 100vw, 850px\" \/><figcaption id=\"caption-attachment-20889\" class=\"wp-caption-text\">Von Jolliro &#8211; Eigenes Werk, CC BY-SA 4.0, https:\/\/commons.wikimedia.org\/w\/index.php?curid=37516730<\/figcaption><\/figure>\n<h2>Pflanzideen f\u00fcr Balkonk\u00e4sten und T\u00f6pfe im Sommer<\/h2>\n<p style=\"text-align: justify;\">Wer keinen Garten hat oder Balkon und Terrasse bepflanzen m\u00f6chte, steht vor einer etwas anderen Ausgangslage. K\u00e4sten und T\u00f6pfe trocknen deutlich schneller aus als Beete \u2013 besonders kleine Beh\u00e4lter und dunkle T\u00f6pfe. Die Standortbedingungen auf einem Balkon sind oft extremer als im Garten: mehr Hitze, mehr Wind, weniger Pufferverm\u00f6gen. Wenn Sie diese Eigenheiten kennen, k\u00f6nnen Sie Ihre Pflanzideen f\u00fcr Balkonk\u00e4sten im Sommer gezielt auf den jeweiligen Standort abstimmen.<\/p>\n<h3>Pflanzideen f\u00fcr vollsonnige S\u00fcdbalkone<\/h3>\n<p style=\"text-align: justify;\">Vollsonnige S\u00fcdlagen sind f\u00fcr viele Pflanzen zu extrem \u2013 f\u00fcr die folgenden Sommerbl\u00fcher sind sie ideal. Alle kommen mit Hitze und kurzen Trockenphasen gut klar und bl\u00fchen trotzdem bis in den Herbst hinein.<\/p>\n<ul>\n<li>Verbene: Dichte Bl\u00fctenkissen, h\u00e4ngende Sorten f\u00fcr den Kastenrand; sehr hitzetolerant; im Gef\u00e4\u00df trotzdem regelm\u00e4\u00dfig gie\u00dfen und d\u00fcngen<\/li>\n<li>Portulakr\u00f6schen: Sukkulente Bl\u00e4tter, extrem trockenheitsvertr\u00e4glich; ideal f\u00fcr sehr hei\u00dfe Lagen<\/li>\n<li>Zinnie (kompakte Sorten): Farbenfroh und bl\u00fchfreudig auch bei gro\u00dfer Hitze; einfach bl\u00fchende Sorten bevorzugen<\/li>\n<li>Studentenblume: Robust, langbl\u00fchend und pflegeleicht<\/li>\n<li>Zwerg-Sonnenblume: Kompakte Sorten ab 30 cm; tolle Pflanzidee, die auch auf kleinstem Raum gedeiht.<\/li>\n<\/ul>\n<h3>Ideen f\u00fcr halbschattige Balkone<\/h3>\n<p style=\"text-align: justify;\">Halbschattige Lagen bieten weniger Auswahl unter den Sommerbl\u00fchern \u2013 daf\u00fcr trocknen Pflanzgef\u00e4\u00dfe hier langsamer aus, was die Pflege erleichtert.<\/p>\n<ul>\n<li>Begonien: \u00dcppige Bl\u00fcten in Wei\u00df, Rosa und Rot; sehr robust und pflegeleicht; vertr\u00e4gt Halbschatten hervorragend; klassische Sommerbl\u00fcher f\u00fcr K\u00e4sten und T\u00f6pfe<\/li>\n<li>Fuchsien: Elegante, h\u00e4ngende Bl\u00fcten; ideal f\u00fcr den \u00fcberdachten Balkon; brauchen gleichm\u00e4\u00dfige Feuchtigkeit<\/li>\n<li>Flei\u00dfige Lieschen (Impatiens): Klassiker f\u00fcr schattigere Lagen; bl\u00fcht dicht und ausdauernd bis zum ersten Frost; diese Pflanzidee ist auch f\u00fcr tiefere T\u00f6pfe geeignet<\/li>\n<\/ul>\n<h3>Praktische Hinweise f\u00fcr K\u00e4sten und T\u00f6pfe<\/h3>\n<p style=\"text-align: justify;\">Unabh\u00e4ngig vom Standort gelten f\u00fcr alle Pflanzgef\u00e4\u00dfe einige grunds\u00e4tzliche Regeln:<\/p>\n<ul>\n<li style=\"list-style-type: none;\">\n<ul>\n<li style=\"text-align: justify;\">Drainage: Wasserabzugsl\u00f6cher sind unverzichtbar; ein geeignetes, luftiges Substrat sorgt daf\u00fcr, dass \u00fcbersch\u00fcssiges Wasser abflie\u00dfen kann \u2013 eine Kiesschicht am Topfboden verbessert die Drainage entgegen weit verbreiteter Annahme nicht zuverl\u00e4ssig<\/li>\n<li>Gef\u00e4\u00dfvolumen: Je gr\u00f6\u00dfer das Erdvolumen, desto stabiler bleiben Feuchte- und N\u00e4hrstoffversorgung; der tats\u00e4chliche Bedarf h\u00e4ngt stark von Pflanzenart und Wuchsgr\u00f6\u00dfe ab<\/li>\n<li>Gie\u00dfh\u00e4ufigkeit: An hei\u00dfen Sommertagen t\u00e4glich gie\u00dfen, morgens bevorzugt; schwarze oder dunkle T\u00f6pfe heizen sich stark auf und trocknen besonders schnell aus<\/li>\n<\/ul>\n<\/li>\n<\/ul>\n<ul>\n<li>D\u00fcngung: Pflanzgef\u00e4\u00dfe brauchen regelm\u00e4\u00dfige N\u00e4hrstoffzufuhr, da N\u00e4hrstoffe durch h\u00e4ufiges Gie\u00dfen ausgewaschen werden<\/li>\n<\/ul>\n<p style=\"text-align: justify;\">Wie Sie Ihre K\u00e4sten und T\u00f6pfe systematisch und wassersparend versorgen, erkl\u00e4rt unser <a href=\"https:\/\/www.rekubik.de\/magazin\/effektive-bewaesserung-von-balkonkaesten\/\">Magazin-Artikel Effektive Bew\u00e4sserung von Balkonk\u00e4sten<\/a>.<\/p>\n<figure id=\"attachment_20891\" aria-describedby=\"caption-attachment-20891\" style=\"width: 850px\" class=\"wp-caption aligncenter\"><img loading=\"lazy\" decoding=\"async\" class=\"wp-image-20891 size-full\" title=\"G\u00e4nsebl\u00fcmchen sind ein stets popul\u00e4rer Klassiker in unseren heimischen G\u00e4rten\" src=\"https:\/\/www.rekubik.de\/magazin\/wp-content\/uploads\/2026\/06\/Gaensebluemchen.jpg\" alt=\"Gaensebluemchen\" width=\"850\" height=\"548\" srcset=\"https:\/\/www.rekubik.de\/magazin\/wp-content\/uploads\/2026\/06\/Gaensebluemchen.jpg 850w, https:\/\/www.rekubik.de\/magazin\/wp-content\/uploads\/2026\/06\/Gaensebluemchen-300x193.jpg 300w, https:\/\/www.rekubik.de\/magazin\/wp-content\/uploads\/2026\/06\/Gaensebluemchen-768x495.jpg 768w\" sizes=\"(max-width: 850px) 100vw, 850px\" \/><figcaption id=\"caption-attachment-20891\" class=\"wp-caption-text\">\u00a9 MNStudio &#8211; stock.adobe.com<\/figcaption><\/figure>\n<h2>Was die Zeit bis zur Sommerbl\u00fcte \u00fcberbr\u00fcckt<\/h2>\n<p style=\"text-align: justify;\">G\u00e4nsebl\u00fcmchen und Vergissmeinnicht sind keine klassischen Sommerbl\u00fcher \u2013 ihre Hauptbl\u00fcte liegt im Fr\u00fchjahr bis Fr\u00fchsommer. Als \u00dcbergangsbl\u00fcher f\u00fcllen sie aber genau die L\u00fccke, bevor Zinnien, Sonnenhut und Verbenen richtig in Fahrt kommen: Sie halten Rabatten und Balkonk\u00e4sten lebendig, selbst wenn die eigentlichen Saisonpflanzen f\u00fcr den Sommer noch nicht so weit sind. Da beide sich durch Selbstaussaat im Garten halten, kehren sie Jahr f\u00fcr Jahr wieder \u2013 ohne nennenswerten Aufwand.<\/p>\n<figure id=\"attachment_20894\" aria-describedby=\"caption-attachment-20894\" style=\"width: 850px\" class=\"wp-caption aligncenter\"><img loading=\"lazy\" decoding=\"async\" class=\"wp-image-20894 size-full\" title=\"F\u00fcr den Blauton im Garten ist Vergissmeinnicht eine wunderbare Option\" src=\"https:\/\/www.rekubik.de\/magazin\/wp-content\/uploads\/2026\/06\/Vergissmeinnicht.jpg\" alt=\"Vergissmeinnicht\" width=\"850\" height=\"566\" srcset=\"https:\/\/www.rekubik.de\/magazin\/wp-content\/uploads\/2026\/06\/Vergissmeinnicht.jpg 850w, https:\/\/www.rekubik.de\/magazin\/wp-content\/uploads\/2026\/06\/Vergissmeinnicht-300x200.jpg 300w, https:\/\/www.rekubik.de\/magazin\/wp-content\/uploads\/2026\/06\/Vergissmeinnicht-768x511.jpg 768w, https:\/\/www.rekubik.de\/magazin\/wp-content\/uploads\/2026\/06\/Vergissmeinnicht-352x233.jpg 352w\" sizes=\"(max-width: 850px) 100vw, 850px\" \/><figcaption id=\"caption-attachment-20894\" class=\"wp-caption-text\">\u00a9 Tim&#8217;s insects &#8211; stock.adobe.com<\/figcaption><\/figure>\n<h2>Sommergem\u00fcse mit Zierwert \u2013 Pflanzideen mit Mehrwert<\/h2>\n<p style=\"text-align: justify;\">Auch einige Gem\u00fcsepflanzen k\u00f6nnen in Sommerpflanzungen dekorativ wirken und bereichern dabei nicht nur das Auge, sondern auch den Esstisch. Gerade bei durstigen Kulturen entscheidet die gleichm\u00e4\u00dfige Wasserversorgung \u00fcber Ertrag und Pflanzengesundheit. Besonders effektiv gelingt das mit <a href=\"https:\/\/www.rekubik.de\/bewaesserung\/tropfbewaesserung\/tropfschlauch-drip-tape\/\">Tropfschl\u00e4uchen<\/a> oder <a href=\"https:\/\/www.rekubik.de\/bewaesserung\/tropfbewaesserung\/einzeltropfer\/\">Einzeltropfern<\/a>, die das Wasser direkt an die Wurzel bringen. Noch nachhaltiger wird die Versorgung, wenn Sie Regenwasser \u00fcber einen <a href=\"https:\/\/www.rekubik.de\/zisterne-abwassertank\/regensammler\/\">Regensammler<\/a> und <a href=\"https:\/\/www.rekubik.de\/ibc-container\/\">IBC-Container<\/a> auffangen \u2013 so haben Sie auch bei anhaltender Sommerhitze eine zuverl\u00e4ssige Reserve, ohne Trinkwasser zu verbrauchen. Ausf\u00fchrliche Hinweise zur Gem\u00fcsebew\u00e4sserung finden Sie in unserem <a href=\"https:\/\/www.rekubik.de\/magazin\/gemuesegarten-bewaessern\/\">Ratgeber Gem\u00fcsegarten bew\u00e4ssern<\/a>.<\/p>\n<p><a href=\"https:\/\/www.rekubik.de\/zisterne-abwassertank\/regensammler\/regendieb-fuer-dn-70-100-fallrohr-bis-200m2-dachflaeche\"><img loading=\"lazy\" decoding=\"async\" class=\"aligncenter wp-image-19146 size-full\" title=\"Regendieb f\u00fcr DN 70-100 Fallrohr bis 200m\u00b2 Dachfl\u00e4che\" src=\"https:\/\/www.rekubik.de\/magazin\/wp-content\/uploads\/2025\/03\/Regendieb-fuer-DN-70-100-Fallrohr-bis-200m2-Dachflaeche.jpg\" alt=\"Regendieb f\u00fcr DN 70-100 Fallrohr bis 200m\u00b2 Dachfl\u00e4che \" width=\"800\" height=\"522\" srcset=\"https:\/\/www.rekubik.de\/magazin\/wp-content\/uploads\/2025\/03\/Regendieb-fuer-DN-70-100-Fallrohr-bis-200m2-Dachflaeche.jpg 800w, https:\/\/www.rekubik.de\/magazin\/wp-content\/uploads\/2025\/03\/Regendieb-fuer-DN-70-100-Fallrohr-bis-200m2-Dachflaeche-300x196.jpg 300w, https:\/\/www.rekubik.de\/magazin\/wp-content\/uploads\/2025\/03\/Regendieb-fuer-DN-70-100-Fallrohr-bis-200m2-Dachflaeche-768x501.jpg 768w\" sizes=\"(max-width: 800px) 100vw, 800px\" \/><\/a><\/p>\n<h3>Mangold \u2013 dekorative Pflanzidee mit langer Erntesaison<\/h3>\n<p style=\"text-align: justify;\">Mangold, der weniger bekannte Verwandte des Spinats, \u00fcberzeugt gleich doppelt als Sommer-Pflanzidee: Die leuchtend roten, gelben oder wei\u00dfen Blattrippen sind so auff\u00e4llig, dass Mangold auch in Zierpflanzungen eine gute Figur macht. Als Gem\u00fcse liefert er von Mai bis November eine kontinuierliche Ernte, ohne dass neu ges\u00e4t werden muss \u2013 entnehmen Sie einfach Einzelbl\u00e4tter von au\u00dfen, die Pflanze w\u00e4chst zuverl\u00e4ssig nach. Als zweij\u00e4hrige Pflanze \u00fcberwintert er oft und treibt im Folgejahr mit kleinen gelben Bl\u00fctenst\u00e4nden aus.<\/p>\n<ul>\n<li>Standort: Sonnig bis halbschattig; gleichm\u00e4\u00dfig feuchter Boden; Reihenabstand 30\u201340 cm<\/li>\n<li>Bew\u00e4sserung: M\u00e4\u00dfig; regelm\u00e4\u00dfiges Gie\u00dfen erh\u00e4lt die Blattqualit\u00e4t<\/li>\n<li>Ernte: Mai bis November<\/li>\n<li>Eignung: Zierpflanzung, gro\u00dfer Topf, ger\u00e4umiger Balkonkasten nur bei ausreichend Volumen<\/li>\n<\/ul>\n<figure id=\"attachment_20899\" aria-describedby=\"caption-attachment-20899\" style=\"width: 850px\" class=\"wp-caption aligncenter\"><img loading=\"lazy\" decoding=\"async\" class=\"wp-image-20899 size-full\" title=\"Mangold kann einen roten Touch zum Garten beisteuern\" src=\"https:\/\/www.rekubik.de\/magazin\/wp-content\/uploads\/2024\/06\/Mangold.jpg\" alt=\"Mangold\" width=\"850\" height=\"567\" srcset=\"https:\/\/www.rekubik.de\/magazin\/wp-content\/uploads\/2024\/06\/Mangold.jpg 850w, https:\/\/www.rekubik.de\/magazin\/wp-content\/uploads\/2024\/06\/Mangold-300x200.jpg 300w, https:\/\/www.rekubik.de\/magazin\/wp-content\/uploads\/2024\/06\/Mangold-768x512.jpg 768w\" sizes=\"(max-width: 850px) 100vw, 850px\" \/><figcaption id=\"caption-attachment-20899\" class=\"wp-caption-text\">\u00a9 Vanchuree &#8211; stock.adobe.com<\/figcaption><\/figure>\n<h3>Fenchel \u2013 raumgreifende Sommer-Pflanzidee f\u00fcr den Gem\u00fcsegarten<\/h3>\n<p style=\"text-align: justify;\">Fenchel ist ein Doldenbl\u00fctler und wird im Gem\u00fcsegarten als Knollen- oder Gew\u00fcrzfenchel kultiviert. Besonders beeindruckend sind die buschigen gelben Bl\u00fctenst\u00e4nde, die Wildbienen und Schwebfliegen anziehen und optisch mit so mancher Zierpflanze im Sommer mithalten. Fenchel braucht Platz \u2013 planen Sie mindestens 30 x 30 cm Abstand ein. Beim Saattermin ist Vorsicht geboten: Als besten Zeitraum f\u00fcr die Direktsaat gilt der fr\u00fche bis mittlere Sommer; fr\u00fchere Saaten im Fr\u00fchjahr erh\u00f6hen das Schossrisiko und f\u00fchren h\u00e4ufiger zur St\u00e4ngelbildung statt zur gew\u00fcnschten Knollenbildung.<\/p>\n<ul>\n<li>Standort: Vollsonnig; tiefgr\u00fcndiger, nicht zu staunasser Boden<\/li>\n<li>Bew\u00e4sserung: M\u00e4\u00dfig; gleichm\u00e4\u00dfige Feuchtigkeit unterst\u00fctzt die Knollenbildung<\/li>\n<li>Ernte: Knollen ab Sommer bis Herbst; Samen erst nach dem Sommer<\/li>\n<li>Eignung: Gem\u00fcsegarten, gro\u00dfer Topf mit ausreichend Volumen<\/li>\n<\/ul>\n<figure id=\"attachment_20905\" aria-describedby=\"caption-attachment-20905\" style=\"width: 850px\" class=\"wp-caption aligncenter\"><img loading=\"lazy\" decoding=\"async\" class=\"wp-image-20905 size-full\" title=\"Fenchel ist nicht nur als Gew\u00fcrz oder Tee eine Bereicherung, sondern auch mit seiner gelben Bl\u00fcte im bunten Garten\" src=\"https:\/\/www.rekubik.de\/magazin\/wp-content\/uploads\/2024\/06\/Fenchelbluete.jpg\" alt=\"Fenchelbluete\" width=\"850\" height=\"567\" srcset=\"https:\/\/www.rekubik.de\/magazin\/wp-content\/uploads\/2024\/06\/Fenchelbluete.jpg 850w, https:\/\/www.rekubik.de\/magazin\/wp-content\/uploads\/2024\/06\/Fenchelbluete-300x200.jpg 300w, https:\/\/www.rekubik.de\/magazin\/wp-content\/uploads\/2024\/06\/Fenchelbluete-768x512.jpg 768w\" sizes=\"(max-width: 850px) 100vw, 850px\" \/><figcaption id=\"caption-attachment-20905\" class=\"wp-caption-text\">\u00a9 Aleksandr &#8211; stock.adobe.com<\/figcaption><\/figure>\n<h3>M\u00f6hren \u2013 vielf\u00e4ltige Idee f\u00fcr Garten und Topf<\/h3>\n<p style=\"text-align: justify;\">Mit unz\u00e4hligen Sorten sind M\u00f6hren weit mehr als das bekannte orange Hasenfutter. Gelbe, wei\u00dfe und lilafarbene Varianten sorgen f\u00fcr optische Abwechslung, das feine Gr\u00fcn wirkt auch im Topf ansprechend. Kurze Sorten wie &#8218;Pariser Markt&#8216; lassen sich sogar in T\u00f6pfen ab 30 cm Tiefe anbauen und sind eine wunderbare Pflanzidee f\u00fcr den Sommer. F\u00fcr gutes Gelingen brauchen Sie lockeren, steinfreien Boden \u2013 Hindernisse f\u00fchren zu Gabelwuchs. Achten Sie au\u00dferdem auf gleichm\u00e4\u00dfige Feuchtigkeit: Trockenheit gefolgt von starker Bew\u00e4sserung ist der h\u00e4ufigste Grund f\u00fcr Risse in den Knollen.<\/p>\n<ul>\n<li>Standort: Sonnig; locker, tiefgr\u00fcndig, steinfrei<\/li>\n<li>Bew\u00e4sserung: Gleichm\u00e4\u00dfig; Trockenheit gefolgt von starker Bew\u00e4sserung f\u00f6rdert Rissbildung<\/li>\n<li>Ernte: Je nach Sorte ab Juni bis Oktober<\/li>\n<li>Eignung: Gem\u00fcsegarten, tiefer Topf ab 30 cm (kurze Sorten)<\/li>\n<\/ul>\n<figure id=\"attachment_20907\" aria-describedby=\"caption-attachment-20907\" style=\"width: 850px\" class=\"wp-caption aligncenter\"><img loading=\"lazy\" decoding=\"async\" class=\"wp-image-20907 size-full\" title=\"\u00dcber M\u00f6hren im heimischen Garten freuen sich nicht nur Hasen und Kaninchen\" src=\"https:\/\/www.rekubik.de\/magazin\/wp-content\/uploads\/2024\/06\/Karotten-Blueten.jpg\" alt=\"Karotten-Blueten\" width=\"850\" height=\"571\" srcset=\"https:\/\/www.rekubik.de\/magazin\/wp-content\/uploads\/2024\/06\/Karotten-Blueten.jpg 850w, https:\/\/www.rekubik.de\/magazin\/wp-content\/uploads\/2024\/06\/Karotten-Blueten-300x202.jpg 300w, https:\/\/www.rekubik.de\/magazin\/wp-content\/uploads\/2024\/06\/Karotten-Blueten-768x516.jpg 768w, https:\/\/www.rekubik.de\/magazin\/wp-content\/uploads\/2024\/06\/Karotten-Blueten-110x75.jpg 110w\" sizes=\"(max-width: 850px) 100vw, 850px\" \/><figcaption id=\"caption-attachment-20907\" class=\"wp-caption-text\">Von Christian Fischer &#8211; Eigene Aufnahme von September 2000 aus S\u00fcd-Niedersachsen (Deutschland)., CC BY-SA 3.0, https:\/\/commons.wikimedia.org\/w\/index.php?curid=16552598<\/figcaption><\/figure>\n<h2>Pflanzideen f\u00fcr den Sommer: Farbe, Struktur und Nutzen im Einklang<\/h2>\n<p style=\"text-align: justify;\">Einj\u00e4hrige Sommerbl\u00fcher bringen schnell Farbe und lassen sich jede Saison neu kombinieren. Sommerstauden sorgen f\u00fcr dauerhafte Struktur und werden mit den Jahren st\u00e4rker. F\u00fcr Balkon und Terrasse entscheidet die standortgerechte Auswahl \u2013 und eine verl\u00e4ssliche Bew\u00e4sserung \u2013 mehr als jede andere Ma\u00dfnahme. Wer seine Sommerpflanzung um einige Gem\u00fcsepflanzen mit echtem Zierwert erg\u00e4nzt, verbindet Nutzen und \u00c4sthetik auf besonders befriedigende Weise. Mit der richtigen Mischung aus diesen drei Gruppen bleibt Ihr Garten, Ihre Terrasse oder Ihr Balkon von Mai bis Oktober lebendig \u2013 ganz ohne Leerlauf zwischen den Bl\u00fcteperioden.<\/p>\n","protected":false},"excerpt":{"rendered":"<p>Blumen, Stauden und Sommergem\u00fcse f\u00fcr Garten, Balkon und Terrasse Welche Pflanzen verwandeln den Garten in einen farbenpr\u00e4chtigen Sommergarten \u2013 und welche Ideen funktionieren auch im Balkonkasten oder auf der Terrasse? Wer sich mit Pflanzideen f\u00fcr den Sommer besch\u00e4ftigt, steht vor einer erfreulichen Auswahl. Sinnvoll l\u00e4sst sie sich in drei Gruppen einteilen: einj\u00e4hrige Bl\u00fcher f\u00fcr schnelle, &hellip;<\/p>\n","protected":false},"author":1,"featured_media":20884,"comment_status":"closed","ping_status":"open","sticky":false,"template":"","format":"standard","meta":{"footnotes":""},"categories":[1],"tags":[771,2683,2686,2687,2684,1090,2685,2677,2688],"class_list":["post-20879","post","type-post","status-publish","format-standard","has-post-thumbnail","","category-ibc-garten","tag-blumen","tag-blueten","tag-bunter-garten","tag-farbenfroher-garten","tag-farbige-pflanzen","tag-gemuese","tag-heimische-pflanzen","tag-pflanzideen-fuer-den-sommer","tag-sommergemuese"],"yoast_head":"<!-- This site is optimized with the Yoast SEO plugin v23.5 - https:\/\/yoast.com\/wordpress\/plugins\/seo\/ -->\n<title>Pflanzideen f\u00fcr den Sommer - REKUBIK\u00ae Magazin<\/title>\n<meta name=\"description\" content=\"Farbenfrohe Pflanzideen f\u00fcr den Sommer im Garten &amp; auf dem Balkon \u2714 Tipps f\u00fcr Aussaat und Bew\u00e4sserung im \u00dcberblick | REKUBIK.de\" \/>\n<meta name=\"robots\" content=\"index, follow, max-snippet:-1, max-image-preview:large, max-video-preview:-1\" \/>\n<link rel=\"canonical\" href=\"https:\/\/www.rekubik.de\/magazin\/pflanzideen-fuer-den-sommer\/\" \/>\n<meta property=\"og:locale\" content=\"de_DE\" \/>\n<meta property=\"og:type\" content=\"article\" \/>\n<meta property=\"og:title\" content=\"Pflanzideen f\u00fcr den Sommer - REKUBIK\u00ae Magazin\" \/>\n<meta property=\"og:description\" content=\"Farbenfrohe Pflanzideen f\u00fcr den Sommer im Garten &amp; auf dem Balkon \u2714 Tipps f\u00fcr Aussaat und Bew\u00e4sserung im \u00dcberblick | REKUBIK.de\" \/>\n<meta property=\"og:url\" content=\"https:\/\/www.rekubik.de\/magazin\/pflanzideen-fuer-den-sommer\/\" \/>\n<meta property=\"og:site_name\" content=\"REKUBIK\u00ae Magazin\" \/>\n<meta property=\"article:published_time\" content=\"2024-06-08T08:00:52+00:00\" \/>\n<meta property=\"article:modified_time\" content=\"2026-03-25T12:36:12+00:00\" \/>\n<meta property=\"og:image\" content=\"https:\/\/www.rekubik.de\/magazin\/wp-content\/uploads\/2026\/06\/Bunter-Garten.jpg\" \/>\n\t<meta property=\"og:image:width\" content=\"850\" \/>\n\t<meta property=\"og:image:height\" content=\"567\" \/>\n\t<meta property=\"og:image:type\" content=\"image\/jpeg\" \/>\n<meta name=\"author\" content=\"admin\" \/>\n<meta name=\"twitter:card\" content=\"summary_large_image\" \/>\n<meta name=\"twitter:label1\" content=\"Geschrieben von\" \/>\n\t<meta name=\"twitter:data1\" content=\"admin\" \/>\n\t<meta name=\"twitter:label2\" content=\"Gesch\u00e4tzte Lesezeit\" \/>\n\t<meta name=\"twitter:data2\" content=\"18\u00a0Minuten\" \/>\n<script type=\"application\/ld+json\" class=\"yoast-schema-graph\">{\"@context\":\"https:\/\/schema.org\",\"@graph\":[{\"@type\":\"Article\",\"@id\":\"https:\/\/www.rekubik.de\/magazin\/pflanzideen-fuer-den-sommer\/#article\",\"isPartOf\":{\"@id\":\"https:\/\/www.rekubik.de\/magazin\/pflanzideen-fuer-den-sommer\/\"},\"author\":{\"name\":\"admin\",\"@id\":\"https:\/\/www.rekubik.de\/magazin\/#\/schema\/person\/d5faea021aac94edeeb8e47cf06771c7\"},\"headline\":\"Pflanzideen f\u00fcr den Sommer\",\"datePublished\":\"2024-06-08T08:00:52+00:00\",\"dateModified\":\"2026-03-25T12:36:12+00:00\",\"mainEntityOfPage\":{\"@id\":\"https:\/\/www.rekubik.de\/magazin\/pflanzideen-fuer-den-sommer\/\"},\"wordCount\":3093,\"publisher\":{\"@id\":\"https:\/\/www.rekubik.de\/magazin\/#organization\"},\"image\":{\"@id\":\"https:\/\/www.rekubik.de\/magazin\/pflanzideen-fuer-den-sommer\/#primaryimage\"},\"thumbnailUrl\":\"https:\/\/www.rekubik.de\/magazin\/wp-content\/uploads\/2026\/06\/Bunter-Garten.jpg\",\"keywords\":[\"Blumen\",\"Bl\u00fcten\",\"bunter Garten\",\"farbenfroher Garten\",\"farbige Pflanzen\",\"Gem\u00fcse\",\"heimische Pflanzen\",\"Pflanzideen f\u00fcr den Sommer\",\"Sommergem\u00fcse\"],\"articleSection\":[\"IBC IM GARTEN\"],\"inLanguage\":\"de\"},{\"@type\":\"WebPage\",\"@id\":\"https:\/\/www.rekubik.de\/magazin\/pflanzideen-fuer-den-sommer\/\",\"url\":\"https:\/\/www.rekubik.de\/magazin\/pflanzideen-fuer-den-sommer\/\",\"name\":\"Pflanzideen f\u00fcr den Sommer - REKUBIK\u00ae Magazin\",\"isPartOf\":{\"@id\":\"https:\/\/www.rekubik.de\/magazin\/#website\"},\"primaryImageOfPage\":{\"@id\":\"https:\/\/www.rekubik.de\/magazin\/pflanzideen-fuer-den-sommer\/#primaryimage\"},\"image\":{\"@id\":\"https:\/\/www.rekubik.de\/magazin\/pflanzideen-fuer-den-sommer\/#primaryimage\"},\"thumbnailUrl\":\"https:\/\/www.rekubik.de\/magazin\/wp-content\/uploads\/2026\/06\/Bunter-Garten.jpg\",\"datePublished\":\"2024-06-08T08:00:52+00:00\",\"dateModified\":\"2026-03-25T12:36:12+00:00\",\"description\":\"Farbenfrohe Pflanzideen f\u00fcr den Sommer im Garten & auf dem Balkon \u2714 Tipps f\u00fcr Aussaat und Bew\u00e4sserung im \u00dcberblick | REKUBIK.de\",\"breadcrumb\":{\"@id\":\"https:\/\/www.rekubik.de\/magazin\/pflanzideen-fuer-den-sommer\/#breadcrumb\"},\"inLanguage\":\"de\",\"potentialAction\":[{\"@type\":\"ReadAction\",\"target\":[\"https:\/\/www.rekubik.de\/magazin\/pflanzideen-fuer-den-sommer\/\"]}]},{\"@type\":\"ImageObject\",\"inLanguage\":\"de\",\"@id\":\"https:\/\/www.rekubik.de\/magazin\/pflanzideen-fuer-den-sommer\/#primaryimage\",\"url\":\"https:\/\/www.rekubik.de\/magazin\/wp-content\/uploads\/2026\/06\/Bunter-Garten.jpg\",\"contentUrl\":\"https:\/\/www.rekubik.de\/magazin\/wp-content\/uploads\/2026\/06\/Bunter-Garten.jpg\",\"width\":850,\"height\":567,\"caption\":\"\u00a9 zabavna - stock.adobe.com\"},{\"@type\":\"BreadcrumbList\",\"@id\":\"https:\/\/www.rekubik.de\/magazin\/pflanzideen-fuer-den-sommer\/#breadcrumb\",\"itemListElement\":[{\"@type\":\"ListItem\",\"position\":1,\"name\":\"Home\",\"item\":\"https:\/\/www.rekubik.de\/magazin\/\"},{\"@type\":\"ListItem\",\"position\":2,\"name\":\"Pflanzideen f\u00fcr den Sommer\"}]},{\"@type\":\"WebSite\",\"@id\":\"https:\/\/www.rekubik.de\/magazin\/#website\",\"url\":\"https:\/\/www.rekubik.de\/magazin\/\",\"name\":\"REKUBIK\u00ae Magazin\",\"description\":\"\",\"publisher\":{\"@id\":\"https:\/\/www.rekubik.de\/magazin\/#organization\"},\"potentialAction\":[{\"@type\":\"SearchAction\",\"target\":{\"@type\":\"EntryPoint\",\"urlTemplate\":\"https:\/\/www.rekubik.de\/magazin\/?s={search_term_string}\"},\"query-input\":{\"@type\":\"PropertyValueSpecification\",\"valueRequired\":true,\"valueName\":\"search_term_string\"}}],\"inLanguage\":\"de\"},{\"@type\":\"Organization\",\"@id\":\"https:\/\/www.rekubik.de\/magazin\/#organization\",\"name\":\"Rekubik\",\"url\":\"https:\/\/www.rekubik.de\/magazin\/\",\"logo\":{\"@type\":\"ImageObject\",\"inLanguage\":\"de\",\"@id\":\"https:\/\/www.rekubik.de\/magazin\/#\/schema\/logo\/image\/\",\"url\":\"https:\/\/www.rekubik.de\/magazin\/wp-content\/uploads\/2017\/12\/rekubik-LOGO-Shopware.png\",\"contentUrl\":\"https:\/\/www.rekubik.de\/magazin\/wp-content\/uploads\/2017\/12\/rekubik-LOGO-Shopware.png\",\"width\":200,\"height\":50,\"caption\":\"Rekubik\"},\"image\":{\"@id\":\"https:\/\/www.rekubik.de\/magazin\/#\/schema\/logo\/image\/\"}},{\"@type\":\"Person\",\"@id\":\"https:\/\/www.rekubik.de\/magazin\/#\/schema\/person\/d5faea021aac94edeeb8e47cf06771c7\",\"name\":\"admin\",\"image\":{\"@type\":\"ImageObject\",\"inLanguage\":\"de\",\"@id\":\"https:\/\/www.rekubik.de\/magazin\/#\/schema\/person\/image\/\",\"url\":\"https:\/\/secure.gravatar.com\/avatar\/a794a4fe8a9b9c52241597eb381dfa2e?s=96&d=mm&r=g\",\"contentUrl\":\"https:\/\/secure.gravatar.com\/avatar\/a794a4fe8a9b9c52241597eb381dfa2e?s=96&d=mm&r=g\",\"caption\":\"admin\"}}]}<\/script>\n<!-- \/ Yoast SEO plugin. -->","yoast_head_json":{"title":"Pflanzideen f\u00fcr den Sommer - REKUBIK\u00ae Magazin","description":"Farbenfrohe Pflanzideen f\u00fcr den Sommer im Garten & auf dem Balkon \u2714 Tipps f\u00fcr Aussaat und Bew\u00e4sserung im \u00dcberblick | REKUBIK.de","robots":{"index":"index","follow":"follow","max-snippet":"max-snippet:-1","max-image-preview":"max-image-preview:large","max-video-preview":"max-video-preview:-1"},"canonical":"https:\/\/www.rekubik.de\/magazin\/pflanzideen-fuer-den-sommer\/","og_locale":"de_DE","og_type":"article","og_title":"Pflanzideen f\u00fcr den Sommer - REKUBIK\u00ae Magazin","og_description":"Farbenfrohe Pflanzideen f\u00fcr den Sommer im Garten & auf dem Balkon \u2714 Tipps f\u00fcr Aussaat und Bew\u00e4sserung im \u00dcberblick | REKUBIK.de","og_url":"https:\/\/www.rekubik.de\/magazin\/pflanzideen-fuer-den-sommer\/","og_site_name":"REKUBIK\u00ae Magazin","article_published_time":"2024-06-08T08:00:52+00:00","article_modified_time":"2026-03-25T12:36:12+00:00","og_image":[{"width":850,"height":567,"url":"https:\/\/www.rekubik.de\/magazin\/wp-content\/uploads\/2026\/06\/Bunter-Garten.jpg","type":"image\/jpeg"}],"author":"admin","twitter_card":"summary_large_image","twitter_misc":{"Geschrieben von":"admin","Gesch\u00e4tzte Lesezeit":"18\u00a0Minuten"},"schema":{"@context":"https:\/\/schema.org","@graph":[{"@type":"Article","@id":"https:\/\/www.rekubik.de\/magazin\/pflanzideen-fuer-den-sommer\/#article","isPartOf":{"@id":"https:\/\/www.rekubik.de\/magazin\/pflanzideen-fuer-den-sommer\/"},"author":{"name":"admin","@id":"https:\/\/www.rekubik.de\/magazin\/#\/schema\/person\/d5faea021aac94edeeb8e47cf06771c7"},"headline":"Pflanzideen f\u00fcr den Sommer","datePublished":"2024-06-08T08:00:52+00:00","dateModified":"2026-03-25T12:36:12+00:00","mainEntityOfPage":{"@id":"https:\/\/www.rekubik.de\/magazin\/pflanzideen-fuer-den-sommer\/"},"wordCount":3093,"publisher":{"@id":"https:\/\/www.rekubik.de\/magazin\/#organization"},"image":{"@id":"https:\/\/www.rekubik.de\/magazin\/pflanzideen-fuer-den-sommer\/#primaryimage"},"thumbnailUrl":"https:\/\/www.rekubik.de\/magazin\/wp-content\/uploads\/2026\/06\/Bunter-Garten.jpg","keywords":["Blumen","Bl\u00fcten","bunter Garten","farbenfroher Garten","farbige Pflanzen","Gem\u00fcse","heimische Pflanzen","Pflanzideen f\u00fcr den Sommer","Sommergem\u00fcse"],"articleSection":["IBC IM GARTEN"],"inLanguage":"de"},{"@type":"WebPage","@id":"https:\/\/www.rekubik.de\/magazin\/pflanzideen-fuer-den-sommer\/","url":"https:\/\/www.rekubik.de\/magazin\/pflanzideen-fuer-den-sommer\/","name":"Pflanzideen f\u00fcr den Sommer - REKUBIK\u00ae Magazin","isPartOf":{"@id":"https:\/\/www.rekubik.de\/magazin\/#website"},"primaryImageOfPage":{"@id":"https:\/\/www.rekubik.de\/magazin\/pflanzideen-fuer-den-sommer\/#primaryimage"},"image":{"@id":"https:\/\/www.rekubik.de\/magazin\/pflanzideen-fuer-den-sommer\/#primaryimage"},"thumbnailUrl":"https:\/\/www.rekubik.de\/magazin\/wp-content\/uploads\/2026\/06\/Bunter-Garten.jpg","datePublished":"2024-06-08T08:00:52+00:00","dateModified":"2026-03-25T12:36:12+00:00","description":"Farbenfrohe Pflanzideen f\u00fcr den Sommer im Garten & auf dem Balkon \u2714 Tipps f\u00fcr Aussaat und Bew\u00e4sserung im \u00dcberblick | REKUBIK.de","breadcrumb":{"@id":"https:\/\/www.rekubik.de\/magazin\/pflanzideen-fuer-den-sommer\/#breadcrumb"},"inLanguage":"de","potentialAction":[{"@type":"ReadAction","target":["https:\/\/www.rekubik.de\/magazin\/pflanzideen-fuer-den-sommer\/"]}]},{"@type":"ImageObject","inLanguage":"de","@id":"https:\/\/www.rekubik.de\/magazin\/pflanzideen-fuer-den-sommer\/#primaryimage","url":"https:\/\/www.rekubik.de\/magazin\/wp-content\/uploads\/2026\/06\/Bunter-Garten.jpg","contentUrl":"https:\/\/www.rekubik.de\/magazin\/wp-content\/uploads\/2026\/06\/Bunter-Garten.jpg","width":850,"height":567,"caption":"\u00a9 zabavna - stock.adobe.com"},{"@type":"BreadcrumbList","@id":"https:\/\/www.rekubik.de\/magazin\/pflanzideen-fuer-den-sommer\/#breadcrumb","itemListElement":[{"@type":"ListItem","position":1,"name":"Home","item":"https:\/\/www.rekubik.de\/magazin\/"},{"@type":"ListItem","position":2,"name":"Pflanzideen f\u00fcr den Sommer"}]},{"@type":"WebSite","@id":"https:\/\/www.rekubik.de\/magazin\/#website","url":"https:\/\/www.rekubik.de\/magazin\/","name":"REKUBIK\u00ae Magazin","description":"","publisher":{"@id":"https:\/\/www.rekubik.de\/magazin\/#organization"},"potentialAction":[{"@type":"SearchAction","target":{"@type":"EntryPoint","urlTemplate":"https:\/\/www.rekubik.de\/magazin\/?s={search_term_string}"},"query-input":{"@type":"PropertyValueSpecification","valueRequired":true,"valueName":"search_term_string"}}],"inLanguage":"de"},{"@type":"Organization","@id":"https:\/\/www.rekubik.de\/magazin\/#organization","name":"Rekubik","url":"https:\/\/www.rekubik.de\/magazin\/","logo":{"@type":"ImageObject","inLanguage":"de","@id":"https:\/\/www.rekubik.de\/magazin\/#\/schema\/logo\/image\/","url":"https:\/\/www.rekubik.de\/magazin\/wp-content\/uploads\/2017\/12\/rekubik-LOGO-Shopware.png","contentUrl":"https:\/\/www.rekubik.de\/magazin\/wp-content\/uploads\/2017\/12\/rekubik-LOGO-Shopware.png","width":200,"height":50,"caption":"Rekubik"},"image":{"@id":"https:\/\/www.rekubik.de\/magazin\/#\/schema\/logo\/image\/"}},{"@type":"Person","@id":"https:\/\/www.rekubik.de\/magazin\/#\/schema\/person\/d5faea021aac94edeeb8e47cf06771c7","name":"admin","image":{"@type":"ImageObject","inLanguage":"de","@id":"https:\/\/www.rekubik.de\/magazin\/#\/schema\/person\/image\/","url":"https:\/\/secure.gravatar.com\/avatar\/a794a4fe8a9b9c52241597eb381dfa2e?s=96&d=mm&r=g","contentUrl":"https:\/\/secure.gravatar.com\/avatar\/a794a4fe8a9b9c52241597eb381dfa2e?s=96&d=mm&r=g","caption":"admin"}}]}},"_links":{"self":[{"href":"https:\/\/www.rekubik.de\/magazin\/wp-json\/wp\/v2\/posts\/20879"}],"collection":[{"href":"https:\/\/www.rekubik.de\/magazin\/wp-json\/wp\/v2\/posts"}],"about":[{"href":"https:\/\/www.rekubik.de\/magazin\/wp-json\/wp\/v2\/types\/post"}],"author":[{"embeddable":true,"href":"https:\/\/www.rekubik.de\/magazin\/wp-json\/wp\/v2\/users\/1"}],"replies":[{"embeddable":true,"href":"https:\/\/www.rekubik.de\/magazin\/wp-json\/wp\/v2\/comments?post=20879"}],"version-history":[{"count":23,"href":"https:\/\/www.rekubik.de\/magazin\/wp-json\/wp\/v2\/posts\/20879\/revisions"}],"predecessor-version":[{"id":20885,"href":"https:\/\/www.rekubik.de\/magazin\/wp-json\/wp\/v2\/posts\/20879\/revisions\/20885"}],"wp:featuredmedia":[{"embeddable":true,"href":"https:\/\/www.rekubik.de\/magazin\/wp-json\/wp\/v2\/media\/20884"}],"wp:attachment":[{"href":"https:\/\/www.rekubik.de\/magazin\/wp-json\/wp\/v2\/media?parent=20879"}],"wp:term":[{"taxonomy":"category","embeddable":true,"href":"https:\/\/www.rekubik.de\/magazin\/wp-json\/wp\/v2\/categories?post=20879"},{"taxonomy":"post_tag","embeddable":true,"href":"https:\/\/www.rekubik.de\/magazin\/wp-json\/wp\/v2\/tags?post=20879"}],"curies":[{"name":"wp","href":"https:\/\/api.w.org\/{rel}","templated":true}]}}