{"id":2271,"date":"2018-08-28T14:08:42","date_gmt":"2018-08-28T12:08:42","guid":{"rendered":"https:\/\/www.rekubik.de\/magazin\/?p=2271"},"modified":"2024-10-01T14:30:42","modified_gmt":"2024-10-01T12:30:42","slug":"ibc-container-verkleiden","status":"publish","type":"post","link":"https:\/\/www.rekubik.de\/magazin\/ibc-container-verkleiden\/","title":{"rendered":"IBC Container verkleiden"},"content":{"rendered":"<h2>\u00ab Den Wassertank dekorativ aufwerten \u00bb<\/h2>\n<p style=\"text-align: justify;\"><strong>Intermediate Bulk Container sind \u00fcberaus praktisch und vielseitig einsetzbar. Einen dekorativen Effekt verbindet man mit ihnen allerdings nicht. Das k\u00f6nnen Sie jedoch einfach \u00e4ndern. Wir geben Ihnen kreative Tipps, wie Sie auf ansprechende Weise Ihren <a href=\"https:\/\/www.rekubik.de\/ibc-container\/\">IBC Container<\/a> verkleiden.<\/strong><\/p>\n<h2>Das heimische Gartenidyll<\/h2>\n<p style=\"text-align: justify;\">Jeder, der einen Garten sein Eigen nennt, wei\u00df: Dabei handelt es sich nicht nur um eine Anbaufl\u00e4che von Obst und Gem\u00fcse. Vielmehr stellt eine Gartenanlage eine Oase der Geruhsamkeit dar, ein idyllisches Pl\u00e4tzchen, an das Sie sich zur\u00fcckziehen und entspannen k\u00f6nnen. Nat\u00fcrlich soll die Gr\u00fcnanlage auch optisch einiges her und vielleicht sogar den Nachbarn neidisch machen. Das ist aber eher nicht der Fall, wenn sich inmitten farbenfroher Geranien, Rosen und Tulpen und gleichm\u00e4\u00dfig gem\u00e4htem Gras ein IBC Beh\u00e4lter mit seiner Industrieoptik emporhebt. So praktisch ein Intermediate Bulk Container auch ist, zur Dekoration ist er urspr\u00fcnglich nicht gedacht. Aber Sie k\u00f6nnen ihn zu einer machen. Es bedarf nur ein wenig Kreativit\u00e4t.<\/p>\n<figure id=\"attachment_2290\" aria-describedby=\"caption-attachment-2290\" style=\"width: 800px\" class=\"wp-caption aligncenter\"><img loading=\"lazy\" decoding=\"async\" class=\"wp-image-2290 size-full\" title=\"Sch\u00f6ner Schrebergarten im Fr\u00fchling\" src=\"https:\/\/www.rekubik.de\/magazin\/wp-content\/uploads\/2018\/09\/Schoener-Scherbergarten-im-Fruehling.jpg\" alt=\"Schoener Schrebergarten im Fruehling\" width=\"800\" height=\"600\" srcset=\"https:\/\/www.rekubik.de\/magazin\/wp-content\/uploads\/2018\/09\/Schoener-Scherbergarten-im-Fruehling.jpg 800w, https:\/\/www.rekubik.de\/magazin\/wp-content\/uploads\/2018\/09\/Schoener-Scherbergarten-im-Fruehling-300x225.jpg 300w, https:\/\/www.rekubik.de\/magazin\/wp-content\/uploads\/2018\/09\/Schoener-Scherbergarten-im-Fruehling-768x576.jpg 768w\" sizes=\"(max-width: 800px) 100vw, 800px\" \/><figcaption id=\"caption-attachment-2290\" class=\"wp-caption-text\">\u00a9 animaflora \/ Fotolia.com<\/figcaption><\/figure>\n<p style=\"text-align: justify;\">Warum versuchen Sie es nicht damit, Ihren IBC Container zu verkleiden, um ihn in ein neues Antlitz zu tauchen. Eine Holzverkleidung stellt f\u00fcr diesen Zweck sogar eine recht einfache M\u00f6glichkeit dar. Eine Steinverkleidung ist zwar aufwendiger, wirkt daf\u00fcr aber edler. Und dann gibt es ja auch noch anderer Tricks und M\u00f6glichkeiten, um den Wassertank \u00e4sthetisch aufzuwerten. <a href=\"https:\/\/www.rekubik.de\/ibc-container\/led-kubik\/\">IBCs mit LED-Beleuchtung<\/a> wirken dar\u00fcber hinaus visuell besonders eindrucksvoll und setzen an gem\u00fctlichen Abenden strahlende Akzente.<\/p>\n<h2>Den Kunststofftank mit Holz verkleiden<\/h2>\n<p style=\"text-align: justify;\">Die Verkleidung k\u00f6nnen Sie sich wie eine Art Behausung f\u00fcr den Beh\u00e4lter vorstellen. Alle Elemente des Wassertanks von der Tankblase \u00fcber die Gitterbox bis hin zur Europalette, werden somit verh\u00fcllt. Holz passt dazu perfekt. Es ist ein wunderbarer und vor allem sehr nat\u00fcrlicher Werkstoff, der sich anbietet, wenn Ihr Garten eine gewisse Urspr\u00fcnglichkeit behalten soll. Holz eignet sich daf\u00fcr nicht zuletzt auch deshalb, weil die Verkleidung relativ leicht anzubringen ist. Am einfachsten und g\u00fcnstigsten k\u00f6nnen Sie den IBC Container verkleiden, wenn Sie Nut-und-Feder-Bretter verwenden, die Sie im Baumarkt kaufen und dort gleich zuschneiden lassen. Die Bretter werden an den vier Seiten des Tanks angebracht.<\/p>\n<figure id=\"attachment_2297\" aria-describedby=\"caption-attachment-2297\" style=\"width: 800px\" class=\"wp-caption aligncenter\"><img loading=\"lazy\" decoding=\"async\" class=\"wp-image-2297 size-full\" title=\"Breite senkrechte Holzbretter in einem warmen Orange-Farbton\" src=\"https:\/\/www.rekubik.de\/magazin\/wp-content\/uploads\/2018\/09\/Breite-senkrechte-Holzbretter-in-einem-warmen-Orange-Farbton.jpg\" alt=\"Breite senkrechte Holzbretter in einem warmen Orange-Farbton\" width=\"800\" height=\"533\" srcset=\"https:\/\/www.rekubik.de\/magazin\/wp-content\/uploads\/2018\/09\/Breite-senkrechte-Holzbretter-in-einem-warmen-Orange-Farbton.jpg 800w, https:\/\/www.rekubik.de\/magazin\/wp-content\/uploads\/2018\/09\/Breite-senkrechte-Holzbretter-in-einem-warmen-Orange-Farbton-300x200.jpg 300w, https:\/\/www.rekubik.de\/magazin\/wp-content\/uploads\/2018\/09\/Breite-senkrechte-Holzbretter-in-einem-warmen-Orange-Farbton-768x512.jpg 768w\" sizes=\"(max-width: 800px) 100vw, 800px\" \/><figcaption id=\"caption-attachment-2297\" class=\"wp-caption-text\">\u00a9 fefufoto \/ Fotolia.com<\/figcaption><\/figure>\n<p style=\"text-align: justify;\">Damit das auch funktioniert m\u00fcssen an der Gitterbox rund um die gesamte Konstruktion zun\u00e4chst zwei F\u00fchrungs- bzw. Befestigungsleisten montiert werden. Dazu reichen herk\u00f6mmliche Vierkanth\u00f6lzer vollkommen aus. Diese werden oben und unten an der Box angeschraubt. Anschlie\u00dfend k\u00f6nnen die Bretter an diese angenagelt werden. Den Deckel schrauben Sie entweder ebenso aus Nut-und-Feder-Brettern zusammen oder Sie verwenden eine Holzplatte in der entsprechenden Gr\u00f6\u00dfe, die dann auf den Seitenbrettern plan aufliegt. Wichtig ist, dass die komplette Holzverkleidung impr\u00e4gniert bzw. lackiert ist, um sie vor Wind und vor allem vor Regen zu sch\u00fctzen. Die farbliche Gestaltung beim Verkleiden bleibt Ihnen selbst \u00fcberlassen. Denken Sie nur daran, eine Aussparung f\u00fcr den <a href=\"https:\/\/www.rekubik.de\/ibc-zubehoer\/auslaufhahn\/\">Auslaufhahn<\/a> zu lassen.<\/p>\n<h2>Besonders hochwertig: die Steinverkleidung<\/h2>\n<p style=\"text-align: justify;\">Eine weitere Option, Ihren IBC Container zu verkleiden, steht mit einer Steinverkleidung zur Verf\u00fcgung. Eine Verkleidung aus Stein wird allerdings nicht direkt am Tank angebracht. Theoretisch w\u00e4re das zwar auch m\u00f6glich, jedoch erfordert es einen relativ gro\u00dfen technischen Aufwand, Steine an der Gitterbox zu befestigen. Im Vergleich dazu ist es viel einfacher, die Ummantelung f\u00fcr den Tank zu mauern. Man baut ihm gewisserma\u00dfen also ein kleines Haus. Daf\u00fcr braucht es entweder ein Fundament oder eine Unterlage aus Steinplatten. Eine derartige Unterlage ist \u00fcbrigens grunds\u00e4tzlich zu empfehlen, wenn die Palette des IBC Beh\u00e4lters aus Holz besteht, da diese sonst leicht verrotten kann.<\/p>\n<figure id=\"attachment_2293\" aria-describedby=\"caption-attachment-2293\" style=\"width: 800px\" class=\"wp-caption aligncenter\"><img loading=\"lazy\" decoding=\"async\" class=\"wp-image-2293 size-full\" title=\"Trockensteinmauer\" src=\"https:\/\/www.rekubik.de\/magazin\/wp-content\/uploads\/2018\/09\/Trockensteinmauer.jpg\" alt=\"Trockensteinmauer\" width=\"800\" height=\"534\" srcset=\"https:\/\/www.rekubik.de\/magazin\/wp-content\/uploads\/2018\/09\/Trockensteinmauer.jpg 800w, https:\/\/www.rekubik.de\/magazin\/wp-content\/uploads\/2018\/09\/Trockensteinmauer-300x200.jpg 300w, https:\/\/www.rekubik.de\/magazin\/wp-content\/uploads\/2018\/09\/Trockensteinmauer-768x513.jpg 768w\" sizes=\"(max-width: 800px) 100vw, 800px\" \/><figcaption id=\"caption-attachment-2293\" class=\"wp-caption-text\">\u00a9 reichdernatur \/ Fotolia.com<\/figcaption><\/figure>\n<p style=\"text-align: justify;\">Anschlie\u00dfend wird der Wassertank im wahrsten Sinne des Wortes einfach an den vier Seiten eingemauert. An der Vorderseite planen Sie auch hier eine Aussparung f\u00fcr den Auslaufhahn ein. Am besten verwenden Sie f\u00fcr die Verkleidung Natursteine und Backsteine. Beide Varianten wirken optisch \u00fcberaus reizvoll und passen ideal in praktisch jeden Garten. Die Oberseite wird schlie\u00dflich mit einer Holzplatte abgedeckt, die auf den vier M\u00e4uerchen aufliegt.<\/p>\n<h2>Weitere Verkleidungsm\u00f6glichkeiten<\/h2>\n<p style=\"text-align: justify;\">M\u00f6chten Sie keinen Aufwand betreiben, dann k\u00f6nnen Sie selbstverst\u00e4ndlich auf einfachere M\u00f6glichkeiten zur\u00fcckgreifen, um Ihren IBC Container zu verkleiden. Optisch aufwerten k\u00f6nnen Sie den Kunststofftank beispielsweise mit einer <a href=\"https:\/\/www.rekubik.de\/ibc-zubehoer\/schutzhuelle\/\">Schutzh\u00fclle<\/a>.<\/p>\n<p style=\"text-align: justify;\">Vor allem eine gr\u00fcne H\u00fclle integriert sich absolut harmonisch in den Garten.<\/p>\n<p><a href=\"https:\/\/www.rekubik.de\/ibc-zubehoer\/schutzhuelle\/ibc-cover-uv-schutz-gewebe-mit-klettverschluss-in-gruen\"><img loading=\"lazy\" decoding=\"async\" class=\"aligncenter wp-image-2281 size-full\" title=\"IBC Schutzh\u00fclle in Gr\u00fcn | Schutzhaube aus PP\/PE-Gewebe | ideal gegen Wind und Wetter, Schmutz und N\u00e4sse\" src=\"https:\/\/www.rekubik.de\/magazin\/wp-content\/uploads\/2018\/09\/ibc-schutzhuelle-gruen.jpg\" alt=\"ibc-schutzhuelle-gruen\" width=\"600\" height=\"585\" srcset=\"https:\/\/www.rekubik.de\/magazin\/wp-content\/uploads\/2018\/09\/ibc-schutzhuelle-gruen.jpg 600w, https:\/\/www.rekubik.de\/magazin\/wp-content\/uploads\/2018\/09\/ibc-schutzhuelle-gruen-300x293.jpg 300w\" sizes=\"(max-width: 600px) 100vw, 600px\" \/><\/a><\/p>\n<p style=\"text-align: justify;\">Freunde der Flora bevorzugen es wom\u00f6glich, den Beh\u00e4lter hinter verschiedenen Pflanzen verschwinden zu lassen. Hecken und buschige Gew\u00e4chse bieten sich hier an, um den Container zu verkleiden und dabei absolute Nat\u00fcrlichkeit zu bewahren. Welche Blumen und Pflanzen Sie hier einsetzen obliegt allein ihrem individuellen Geschmack. Ansprechend wirkt es zudem, wenn Sie an der Gitterbox Geranienk\u00e4sten anbringen, die anschlie\u00dfen mit rankenden Pflanzen best\u00fcckt werden.<\/p>\n<p style=\"text-align: justify;\">Und wer es wirklich ganz einfach haben will, der bemalt oder beklebt die Tankblase.<\/p>\n<figure id=\"attachment_2284\" aria-describedby=\"caption-attachment-2284\" style=\"width: 800px\" class=\"wp-caption aligncenter\"><img loading=\"lazy\" decoding=\"async\" class=\"wp-image-2284 size-full\" title=\"Geranienkasten\" src=\"https:\/\/www.rekubik.de\/magazin\/wp-content\/uploads\/2018\/09\/Geranienkasten.jpg\" alt=\"Geranienkasten\" width=\"800\" height=\"533\" srcset=\"https:\/\/www.rekubik.de\/magazin\/wp-content\/uploads\/2018\/09\/Geranienkasten.jpg 800w, https:\/\/www.rekubik.de\/magazin\/wp-content\/uploads\/2018\/09\/Geranienkasten-300x200.jpg 300w, https:\/\/www.rekubik.de\/magazin\/wp-content\/uploads\/2018\/09\/Geranienkasten-768x512.jpg 768w\" sizes=\"(max-width: 800px) 100vw, 800px\" \/><figcaption id=\"caption-attachment-2284\" class=\"wp-caption-text\">\u00a9 ulianna19970 \/ Fotolia.com<\/figcaption><\/figure>\n<h2>IBC Container verkleiden: Warum es wirklich Sinn macht<\/h2>\n<p style=\"text-align: justify;\">Einen IBC zu verkleiden ist nicht nur aus optischen Gr\u00fcnden sinnvoll. Egal, ob Holzverkleidung, Steinverkleidung oder Schutzh\u00fclle \u2013 alle diese Varianten bieten immer auch jede Menge Schutz f\u00fcr den Kunststofftank. Man sollte nie vergessen, dass er tagein, tagaus Wind und Wetter ausgesetzt ist und dass nat\u00fcrlich zwangsl\u00e4ufig am Material zehrt. Aus dieser Sicht stellt eine Verkleidung eine lohnende Investition dar, da sie dem Wassertank eine h\u00f6here Lebensdauer verleiht.<\/p>\n<p><a href=\"https:\/\/www.rekubik.de\/ibc-container\/gebrauchte-ibc\/1000l-ibc-tank-ballasttank-auf-holzpalette-gebraucht\/gespuelt\"><img loading=\"lazy\" decoding=\"async\" class=\"aligncenter wp-image-2299 size-full\" title=\"Gesp\u00fclter IBC Wassertank auf Holzpalette | Volumen: 1000 Liter\" src=\"https:\/\/www.rekubik.de\/magazin\/wp-content\/uploads\/2018\/09\/1000l-ibc-wassertank-gespuelt-holzpalette.jpg\" alt=\"1000l-ibc-wassertank-gespuelt-holzpalette\" width=\"600\" height=\"585\" srcset=\"https:\/\/www.rekubik.de\/magazin\/wp-content\/uploads\/2018\/09\/1000l-ibc-wassertank-gespuelt-holzpalette.jpg 600w, https:\/\/www.rekubik.de\/magazin\/wp-content\/uploads\/2018\/09\/1000l-ibc-wassertank-gespuelt-holzpalette-300x293.jpg 300w\" sizes=\"(max-width: 600px) 100vw, 600px\" \/><\/a><\/p>\n","protected":false},"excerpt":{"rendered":"<p>\u00ab Den Wassertank dekorativ aufwerten \u00bb Intermediate Bulk Container sind \u00fcberaus praktisch und vielseitig einsetzbar. Einen dekorativen Effekt verbindet man mit ihnen allerdings nicht. Das k\u00f6nnen Sie jedoch einfach \u00e4ndern. Wir geben Ihnen kreative Tipps, wie Sie auf ansprechende Weise Ihren IBC Container verkleiden. Das heimische Gartenidyll Jeder, der einen Garten sein Eigen nennt, wei\u00df: &hellip;<\/p>\n","protected":false},"author":1,"featured_media":2296,"comment_status":"closed","ping_status":"open","sticky":false,"template":"","format":"standard","meta":{"footnotes":""},"categories":[3],"tags":[28,290,293,7,294,26,291,292,289,12],"class_list":["post-2271","post","type-post","status-publish","format-standard","has-post-thumbnail","","category-ibc-kreativ","tag-container","tag-holz","tag-holzverkleidung","tag-ibc","tag-schutzhaube","tag-schutzhuelle","tag-stein","tag-steinverkleidung","tag-verkleidung","tag-wassertank"],"yoast_head":"<!-- This site is optimized with the Yoast SEO plugin v23.5 - https:\/\/yoast.com\/wordpress\/plugins\/seo\/ -->\n<title>IBC Container verkleiden - REKUBIK\u00ae Magazin<\/title>\n<meta name=\"description\" content=\"Werten Sie Ihren IBC Container mit einer optisch ansprechenden Verkleidung auf! \u2013 Das Rekubik Magazin gibt Tipps zu Verkleidungen aus Stein \u2714 Holz \u2714\" \/>\n<meta name=\"robots\" content=\"index, follow, max-snippet:-1, max-image-preview:large, max-video-preview:-1\" \/>\n<link rel=\"canonical\" href=\"https:\/\/www.rekubik.de\/magazin\/ibc-container-verkleiden\/\" \/>\n<meta property=\"og:locale\" content=\"de_DE\" \/>\n<meta property=\"og:type\" content=\"article\" \/>\n<meta property=\"og:title\" content=\"IBC Container verkleiden - REKUBIK\u00ae Magazin\" \/>\n<meta property=\"og:description\" content=\"Werten Sie Ihren IBC Container mit einer optisch ansprechenden Verkleidung auf! \u2013 Das Rekubik Magazin gibt Tipps zu Verkleidungen aus Stein \u2714 Holz \u2714\" \/>\n<meta property=\"og:url\" content=\"https:\/\/www.rekubik.de\/magazin\/ibc-container-verkleiden\/\" \/>\n<meta property=\"og:site_name\" content=\"REKUBIK\u00ae Magazin\" \/>\n<meta property=\"article:published_time\" content=\"2018-08-28T12:08:42+00:00\" \/>\n<meta property=\"article:modified_time\" content=\"2024-10-01T12:30:42+00:00\" \/>\n<meta property=\"og:image\" content=\"https:\/\/www.rekubik.de\/magazin\/wp-content\/uploads\/2018\/09\/IBC-Container-verkleiden.jpg\" \/>\n\t<meta property=\"og:image:width\" content=\"1000\" \/>\n\t<meta property=\"og:image:height\" content=\"668\" \/>\n\t<meta property=\"og:image:type\" content=\"image\/jpeg\" \/>\n<meta name=\"author\" content=\"admin\" \/>\n<meta name=\"twitter:card\" content=\"summary_large_image\" \/>\n<meta name=\"twitter:label1\" content=\"Geschrieben von\" \/>\n\t<meta name=\"twitter:data1\" content=\"admin\" \/>\n\t<meta name=\"twitter:label2\" content=\"Gesch\u00e4tzte Lesezeit\" \/>\n\t<meta name=\"twitter:data2\" content=\"5\u00a0Minuten\" \/>\n<script type=\"application\/ld+json\" class=\"yoast-schema-graph\">{\"@context\":\"https:\/\/schema.org\",\"@graph\":[{\"@type\":\"Article\",\"@id\":\"https:\/\/www.rekubik.de\/magazin\/ibc-container-verkleiden\/#article\",\"isPartOf\":{\"@id\":\"https:\/\/www.rekubik.de\/magazin\/ibc-container-verkleiden\/\"},\"author\":{\"name\":\"admin\",\"@id\":\"https:\/\/www.rekubik.de\/magazin\/#\/schema\/person\/d5faea021aac94edeeb8e47cf06771c7\"},\"headline\":\"IBC Container verkleiden\",\"datePublished\":\"2018-08-28T12:08:42+00:00\",\"dateModified\":\"2024-10-01T12:30:42+00:00\",\"mainEntityOfPage\":{\"@id\":\"https:\/\/www.rekubik.de\/magazin\/ibc-container-verkleiden\/\"},\"wordCount\":930,\"publisher\":{\"@id\":\"https:\/\/www.rekubik.de\/magazin\/#organization\"},\"image\":{\"@id\":\"https:\/\/www.rekubik.de\/magazin\/ibc-container-verkleiden\/#primaryimage\"},\"thumbnailUrl\":\"https:\/\/www.rekubik.de\/magazin\/wp-content\/uploads\/2018\/09\/IBC-Container-verkleiden.jpg\",\"keywords\":[\"Container\",\"Holz\",\"Holzverkleidung\",\"IBC\",\"Schutzhaube\",\"Schutzh\u00fclle\",\"Stein\",\"Steinverkleidung\",\"Verkleidung\",\"Wassertank\"],\"articleSection\":[\"IBC KREATIV\"],\"inLanguage\":\"de\"},{\"@type\":\"WebPage\",\"@id\":\"https:\/\/www.rekubik.de\/magazin\/ibc-container-verkleiden\/\",\"url\":\"https:\/\/www.rekubik.de\/magazin\/ibc-container-verkleiden\/\",\"name\":\"IBC Container verkleiden - REKUBIK\u00ae Magazin\",\"isPartOf\":{\"@id\":\"https:\/\/www.rekubik.de\/magazin\/#website\"},\"primaryImageOfPage\":{\"@id\":\"https:\/\/www.rekubik.de\/magazin\/ibc-container-verkleiden\/#primaryimage\"},\"image\":{\"@id\":\"https:\/\/www.rekubik.de\/magazin\/ibc-container-verkleiden\/#primaryimage\"},\"thumbnailUrl\":\"https:\/\/www.rekubik.de\/magazin\/wp-content\/uploads\/2018\/09\/IBC-Container-verkleiden.jpg\",\"datePublished\":\"2018-08-28T12:08:42+00:00\",\"dateModified\":\"2024-10-01T12:30:42+00:00\",\"description\":\"Werten Sie Ihren IBC Container mit einer optisch ansprechenden Verkleidung auf! \u2013 Das Rekubik Magazin gibt Tipps zu Verkleidungen aus Stein \u2714 Holz \u2714\",\"breadcrumb\":{\"@id\":\"https:\/\/www.rekubik.de\/magazin\/ibc-container-verkleiden\/#breadcrumb\"},\"inLanguage\":\"de\",\"potentialAction\":[{\"@type\":\"ReadAction\",\"target\":[\"https:\/\/www.rekubik.de\/magazin\/ibc-container-verkleiden\/\"]}]},{\"@type\":\"ImageObject\",\"inLanguage\":\"de\",\"@id\":\"https:\/\/www.rekubik.de\/magazin\/ibc-container-verkleiden\/#primaryimage\",\"url\":\"https:\/\/www.rekubik.de\/magazin\/wp-content\/uploads\/2018\/09\/IBC-Container-verkleiden.jpg\",\"contentUrl\":\"https:\/\/www.rekubik.de\/magazin\/wp-content\/uploads\/2018\/09\/IBC-Container-verkleiden.jpg\",\"width\":1000,\"height\":668,\"caption\":\"\u00a9 Wellnhofer Designs \/ Fotolia.com\"},{\"@type\":\"BreadcrumbList\",\"@id\":\"https:\/\/www.rekubik.de\/magazin\/ibc-container-verkleiden\/#breadcrumb\",\"itemListElement\":[{\"@type\":\"ListItem\",\"position\":1,\"name\":\"Home\",\"item\":\"https:\/\/www.rekubik.de\/magazin\/\"},{\"@type\":\"ListItem\",\"position\":2,\"name\":\"IBC Container verkleiden\"}]},{\"@type\":\"WebSite\",\"@id\":\"https:\/\/www.rekubik.de\/magazin\/#website\",\"url\":\"https:\/\/www.rekubik.de\/magazin\/\",\"name\":\"REKUBIK\u00ae Magazin\",\"description\":\"\",\"publisher\":{\"@id\":\"https:\/\/www.rekubik.de\/magazin\/#organization\"},\"potentialAction\":[{\"@type\":\"SearchAction\",\"target\":{\"@type\":\"EntryPoint\",\"urlTemplate\":\"https:\/\/www.rekubik.de\/magazin\/?s={search_term_string}\"},\"query-input\":{\"@type\":\"PropertyValueSpecification\",\"valueRequired\":true,\"valueName\":\"search_term_string\"}}],\"inLanguage\":\"de\"},{\"@type\":\"Organization\",\"@id\":\"https:\/\/www.rekubik.de\/magazin\/#organization\",\"name\":\"Rekubik\",\"url\":\"https:\/\/www.rekubik.de\/magazin\/\",\"logo\":{\"@type\":\"ImageObject\",\"inLanguage\":\"de\",\"@id\":\"https:\/\/www.rekubik.de\/magazin\/#\/schema\/logo\/image\/\",\"url\":\"https:\/\/www.rekubik.de\/magazin\/wp-content\/uploads\/2017\/12\/rekubik-LOGO-Shopware.png\",\"contentUrl\":\"https:\/\/www.rekubik.de\/magazin\/wp-content\/uploads\/2017\/12\/rekubik-LOGO-Shopware.png\",\"width\":200,\"height\":50,\"caption\":\"Rekubik\"},\"image\":{\"@id\":\"https:\/\/www.rekubik.de\/magazin\/#\/schema\/logo\/image\/\"}},{\"@type\":\"Person\",\"@id\":\"https:\/\/www.rekubik.de\/magazin\/#\/schema\/person\/d5faea021aac94edeeb8e47cf06771c7\",\"name\":\"admin\",\"image\":{\"@type\":\"ImageObject\",\"inLanguage\":\"de\",\"@id\":\"https:\/\/www.rekubik.de\/magazin\/#\/schema\/person\/image\/\",\"url\":\"https:\/\/secure.gravatar.com\/avatar\/a794a4fe8a9b9c52241597eb381dfa2e?s=96&d=mm&r=g\",\"contentUrl\":\"https:\/\/secure.gravatar.com\/avatar\/a794a4fe8a9b9c52241597eb381dfa2e?s=96&d=mm&r=g\",\"caption\":\"admin\"}}]}<\/script>\n<!-- \/ Yoast SEO plugin. -->","yoast_head_json":{"title":"IBC Container verkleiden - REKUBIK\u00ae Magazin","description":"Werten Sie Ihren IBC Container mit einer optisch ansprechenden Verkleidung auf! \u2013 Das Rekubik Magazin gibt Tipps zu Verkleidungen aus Stein \u2714 Holz \u2714","robots":{"index":"index","follow":"follow","max-snippet":"max-snippet:-1","max-image-preview":"max-image-preview:large","max-video-preview":"max-video-preview:-1"},"canonical":"https:\/\/www.rekubik.de\/magazin\/ibc-container-verkleiden\/","og_locale":"de_DE","og_type":"article","og_title":"IBC Container verkleiden - REKUBIK\u00ae Magazin","og_description":"Werten Sie Ihren IBC Container mit einer optisch ansprechenden Verkleidung auf! \u2013 Das Rekubik Magazin gibt Tipps zu Verkleidungen aus Stein \u2714 Holz \u2714","og_url":"https:\/\/www.rekubik.de\/magazin\/ibc-container-verkleiden\/","og_site_name":"REKUBIK\u00ae Magazin","article_published_time":"2018-08-28T12:08:42+00:00","article_modified_time":"2024-10-01T12:30:42+00:00","og_image":[{"width":1000,"height":668,"url":"https:\/\/www.rekubik.de\/magazin\/wp-content\/uploads\/2018\/09\/IBC-Container-verkleiden.jpg","type":"image\/jpeg"}],"author":"admin","twitter_card":"summary_large_image","twitter_misc":{"Geschrieben von":"admin","Gesch\u00e4tzte Lesezeit":"5\u00a0Minuten"},"schema":{"@context":"https:\/\/schema.org","@graph":[{"@type":"Article","@id":"https:\/\/www.rekubik.de\/magazin\/ibc-container-verkleiden\/#article","isPartOf":{"@id":"https:\/\/www.rekubik.de\/magazin\/ibc-container-verkleiden\/"},"author":{"name":"admin","@id":"https:\/\/www.rekubik.de\/magazin\/#\/schema\/person\/d5faea021aac94edeeb8e47cf06771c7"},"headline":"IBC Container verkleiden","datePublished":"2018-08-28T12:08:42+00:00","dateModified":"2024-10-01T12:30:42+00:00","mainEntityOfPage":{"@id":"https:\/\/www.rekubik.de\/magazin\/ibc-container-verkleiden\/"},"wordCount":930,"publisher":{"@id":"https:\/\/www.rekubik.de\/magazin\/#organization"},"image":{"@id":"https:\/\/www.rekubik.de\/magazin\/ibc-container-verkleiden\/#primaryimage"},"thumbnailUrl":"https:\/\/www.rekubik.de\/magazin\/wp-content\/uploads\/2018\/09\/IBC-Container-verkleiden.jpg","keywords":["Container","Holz","Holzverkleidung","IBC","Schutzhaube","Schutzh\u00fclle","Stein","Steinverkleidung","Verkleidung","Wassertank"],"articleSection":["IBC KREATIV"],"inLanguage":"de"},{"@type":"WebPage","@id":"https:\/\/www.rekubik.de\/magazin\/ibc-container-verkleiden\/","url":"https:\/\/www.rekubik.de\/magazin\/ibc-container-verkleiden\/","name":"IBC Container verkleiden - REKUBIK\u00ae Magazin","isPartOf":{"@id":"https:\/\/www.rekubik.de\/magazin\/#website"},"primaryImageOfPage":{"@id":"https:\/\/www.rekubik.de\/magazin\/ibc-container-verkleiden\/#primaryimage"},"image":{"@id":"https:\/\/www.rekubik.de\/magazin\/ibc-container-verkleiden\/#primaryimage"},"thumbnailUrl":"https:\/\/www.rekubik.de\/magazin\/wp-content\/uploads\/2018\/09\/IBC-Container-verkleiden.jpg","datePublished":"2018-08-28T12:08:42+00:00","dateModified":"2024-10-01T12:30:42+00:00","description":"Werten Sie Ihren IBC Container mit einer optisch ansprechenden Verkleidung auf! \u2013 Das Rekubik Magazin gibt Tipps zu Verkleidungen aus Stein \u2714 Holz \u2714","breadcrumb":{"@id":"https:\/\/www.rekubik.de\/magazin\/ibc-container-verkleiden\/#breadcrumb"},"inLanguage":"de","potentialAction":[{"@type":"ReadAction","target":["https:\/\/www.rekubik.de\/magazin\/ibc-container-verkleiden\/"]}]},{"@type":"ImageObject","inLanguage":"de","@id":"https:\/\/www.rekubik.de\/magazin\/ibc-container-verkleiden\/#primaryimage","url":"https:\/\/www.rekubik.de\/magazin\/wp-content\/uploads\/2018\/09\/IBC-Container-verkleiden.jpg","contentUrl":"https:\/\/www.rekubik.de\/magazin\/wp-content\/uploads\/2018\/09\/IBC-Container-verkleiden.jpg","width":1000,"height":668,"caption":"\u00a9 Wellnhofer Designs \/ Fotolia.com"},{"@type":"BreadcrumbList","@id":"https:\/\/www.rekubik.de\/magazin\/ibc-container-verkleiden\/#breadcrumb","itemListElement":[{"@type":"ListItem","position":1,"name":"Home","item":"https:\/\/www.rekubik.de\/magazin\/"},{"@type":"ListItem","position":2,"name":"IBC Container verkleiden"}]},{"@type":"WebSite","@id":"https:\/\/www.rekubik.de\/magazin\/#website","url":"https:\/\/www.rekubik.de\/magazin\/","name":"REKUBIK\u00ae Magazin","description":"","publisher":{"@id":"https:\/\/www.rekubik.de\/magazin\/#organization"},"potentialAction":[{"@type":"SearchAction","target":{"@type":"EntryPoint","urlTemplate":"https:\/\/www.rekubik.de\/magazin\/?s={search_term_string}"},"query-input":{"@type":"PropertyValueSpecification","valueRequired":true,"valueName":"search_term_string"}}],"inLanguage":"de"},{"@type":"Organization","@id":"https:\/\/www.rekubik.de\/magazin\/#organization","name":"Rekubik","url":"https:\/\/www.rekubik.de\/magazin\/","logo":{"@type":"ImageObject","inLanguage":"de","@id":"https:\/\/www.rekubik.de\/magazin\/#\/schema\/logo\/image\/","url":"https:\/\/www.rekubik.de\/magazin\/wp-content\/uploads\/2017\/12\/rekubik-LOGO-Shopware.png","contentUrl":"https:\/\/www.rekubik.de\/magazin\/wp-content\/uploads\/2017\/12\/rekubik-LOGO-Shopware.png","width":200,"height":50,"caption":"Rekubik"},"image":{"@id":"https:\/\/www.rekubik.de\/magazin\/#\/schema\/logo\/image\/"}},{"@type":"Person","@id":"https:\/\/www.rekubik.de\/magazin\/#\/schema\/person\/d5faea021aac94edeeb8e47cf06771c7","name":"admin","image":{"@type":"ImageObject","inLanguage":"de","@id":"https:\/\/www.rekubik.de\/magazin\/#\/schema\/person\/image\/","url":"https:\/\/secure.gravatar.com\/avatar\/a794a4fe8a9b9c52241597eb381dfa2e?s=96&d=mm&r=g","contentUrl":"https:\/\/secure.gravatar.com\/avatar\/a794a4fe8a9b9c52241597eb381dfa2e?s=96&d=mm&r=g","caption":"admin"}}]}},"_links":{"self":[{"href":"https:\/\/www.rekubik.de\/magazin\/wp-json\/wp\/v2\/posts\/2271"}],"collection":[{"href":"https:\/\/www.rekubik.de\/magazin\/wp-json\/wp\/v2\/posts"}],"about":[{"href":"https:\/\/www.rekubik.de\/magazin\/wp-json\/wp\/v2\/types\/post"}],"author":[{"embeddable":true,"href":"https:\/\/www.rekubik.de\/magazin\/wp-json\/wp\/v2\/users\/1"}],"replies":[{"embeddable":true,"href":"https:\/\/www.rekubik.de\/magazin\/wp-json\/wp\/v2\/comments?post=2271"}],"version-history":[{"count":25,"href":"https:\/\/www.rekubik.de\/magazin\/wp-json\/wp\/v2\/posts\/2271\/revisions"}],"predecessor-version":[{"id":21629,"href":"https:\/\/www.rekubik.de\/magazin\/wp-json\/wp\/v2\/posts\/2271\/revisions\/21629"}],"wp:featuredmedia":[{"embeddable":true,"href":"https:\/\/www.rekubik.de\/magazin\/wp-json\/wp\/v2\/media\/2296"}],"wp:attachment":[{"href":"https:\/\/www.rekubik.de\/magazin\/wp-json\/wp\/v2\/media?parent=2271"}],"wp:term":[{"taxonomy":"category","embeddable":true,"href":"https:\/\/www.rekubik.de\/magazin\/wp-json\/wp\/v2\/categories?post=2271"},{"taxonomy":"post_tag","embeddable":true,"href":"https:\/\/www.rekubik.de\/magazin\/wp-json\/wp\/v2\/tags?post=2271"}],"curies":[{"name":"wp","href":"https:\/\/api.w.org\/{rel}","templated":true}]}}