{"id":23527,"date":"2024-11-08T15:05:51","date_gmt":"2024-11-08T14:05:51","guid":{"rendered":"https:\/\/www.rekubik.de\/magazin\/?p=23527"},"modified":"2026-01-20T10:40:31","modified_gmt":"2026-01-20T09:40:31","slug":"gartenarbeit-im-dezember","status":"publish","type":"post","link":"https:\/\/www.rekubik.de\/magazin\/gartenarbeit-im-dezember\/","title":{"rendered":"Gartenarbeit im Dezember"},"content":{"rendered":"<h2>\u00ab Die wichtigsten Aufgaben f\u00fcr den Winter und den Start ins neue Jahr \u00bb<\/h2>\n<p style=\"text-align: justify;\"><strong>Der Winter bedeutet nicht, dass der Garten stillsteht. Auch im Dezember gibt es im Garten viel zu tun, um ihn auf das kommende Jahr vorzubereiten. Jetzt ist die Zeit, um Altes zu entfernen und Neues zu planen. Vom R\u00fcckschnitt \u00fcber das Mulchen bis hin zur Vorbereitung von Pflanzungen: Diese Arbeiten sind entscheidend, damit Pflanzen und Beete gut durch den Winter kommen und im neuen Jahr kraftvoll wachsen. Welche Arbeiten im Dezember anstehen und wie Sie Ihren Garten optimal auf das neue Jahr vorbereiten, stellen wir Ihnen in diesem Artikel vor.<\/strong><\/p>\n<h2>Gartenarbeit im Dezember \u2013 Warum gerade jetzt?<\/h2>\n<p style=\"text-align: justify;\">Der Dezember bietet optimale Bedingungen f\u00fcr viele Gartenarbeiten, die die Grundlage f\u00fcr eine erfolgreiche n\u00e4chste Saison legen. Die kalten Temperaturen sorgen daf\u00fcr, dass einj\u00e4hrige Triebe durch den Frost absterben und der Boden fest wird \u2013 ideal, um Pflanzenreste zu entfernen und Beete vorzubereiten. Nutzen Sie diese Ruhephase des Gartens, um R\u00fcckschnitt, Mulchen und andere wichtige Arbeiten durchzuf\u00fchren. Wichtig dabei: Planen Sie Ihre Gartenarbeiten an frostfreien Tagen, da viele T\u00e4tigkeiten bei Frost erschwert werden und sogar Sch\u00e4den verursachen k\u00f6nnen. Indem Sie den richtigen Zeitpunkt w\u00e4hlen, schaffen Sie die besten Voraussetzungen f\u00fcr gesundes Wachstum im Fr\u00fchjahr.<\/p>\n<figure id=\"attachment_23531\" aria-describedby=\"caption-attachment-23531\" style=\"width: 850px\" class=\"wp-caption aligncenter\"><img loading=\"lazy\" decoding=\"async\" class=\"wp-image-23531 size-full\" title=\"Wenn nicht schon geschehen, wird es im Dezember h\u00f6chste Zeit, das Laub aus dem Garten zu entfernen\" src=\"https:\/\/www.rekubik.de\/magazin\/wp-content\/uploads\/2026\/11\/Garten-von-Laub-befreien.jpg\" alt=\"Garten-von-Laub-befreien - Gartenarbeit im Dezember\" width=\"850\" height=\"465\" srcset=\"https:\/\/www.rekubik.de\/magazin\/wp-content\/uploads\/2026\/11\/Garten-von-Laub-befreien.jpg 850w, https:\/\/www.rekubik.de\/magazin\/wp-content\/uploads\/2026\/11\/Garten-von-Laub-befreien-300x164.jpg 300w, https:\/\/www.rekubik.de\/magazin\/wp-content\/uploads\/2026\/11\/Garten-von-Laub-befreien-768x420.jpg 768w\" sizes=\"(max-width: 850px) 100vw, 850px\" \/><figcaption id=\"caption-attachment-23531\" class=\"wp-caption-text\">\u00a9 Sebastian &#8211; stock.adobe.com<\/figcaption><\/figure>\n<h2>Diese Gartenarbeiten erwarten Sie im Dezember<\/h2>\n<p style=\"text-align: justify;\">Auch wenn der Dezember weniger g\u00e4rtnerische T\u00e4tigkeiten erfordert, sollten Sie die anstehenden Aufgaben ernst nehmen. Es sind oft die kleinen, unscheinbaren Arbeiten, die den Unterschied machen. Mit der richtigen Pflege und Vorbereitung schaffen Sie die besten Bedingungen f\u00fcr einen erfolgreichen Start ins neue Gartenjahr. Folgende Gartenarbeiten sollten Sie jetzt angehen:<\/p>\n<figure id=\"attachment_23537\" aria-describedby=\"caption-attachment-23537\" style=\"width: 850px\" class=\"wp-caption aligncenter\"><img loading=\"lazy\" decoding=\"async\" class=\"wp-image-23537 size-full\" title=\"Winterhartes Gem\u00fcse, wie Wirsing, braucht im Winter nur sehr wenig Wasser\" src=\"https:\/\/www.rekubik.de\/magazin\/wp-content\/uploads\/2026\/11\/Winterhartes-Gemuese.jpg\" alt=\"Winterhartes-Gem\u00fcse\" width=\"850\" height=\"567\" srcset=\"https:\/\/www.rekubik.de\/magazin\/wp-content\/uploads\/2026\/11\/Winterhartes-Gemuese.jpg 850w, https:\/\/www.rekubik.de\/magazin\/wp-content\/uploads\/2026\/11\/Winterhartes-Gemuese-300x200.jpg 300w, https:\/\/www.rekubik.de\/magazin\/wp-content\/uploads\/2026\/11\/Winterhartes-Gemuese-768x512.jpg 768w\" sizes=\"(max-width: 850px) 100vw, 850px\" \/><figcaption id=\"caption-attachment-23537\" class=\"wp-caption-text\">\u00a9 oenning &#8211; stock.adobe.com<\/figcaption><\/figure>\n<h3>R\u00e4umen, abschneiden, bereinigen<\/h3>\n<p style=\"text-align: justify;\">Sp\u00e4testens im Dezember sind alle einj\u00e4hrigen Pflanzen oder Pflanzenbestandteile abgestorben. Und das selbst bei einem warmen Herbst mit ausgepr\u00e4gten Sonnen- und W\u00e4rmephasen. Das bedeutet, dass nun nach dem <a href=\"https:\/\/www.rekubik.de\/gartenkalender\">Gartenkalender<\/a> der richtige Zeitpunkt gekommen ist, genau diese toten Triebe zu beseitigen. Beschneiden Sie Stauden zu fr\u00fch, tragen die Triebe noch Saft in sich und bieten an den Schnittfl\u00e4chen die M\u00f6glichkeit f\u00fcr Infektionen und F\u00e4ulnis. Gleichzeitig schw\u00e4cht das Beseitigen noch lebender Triebe die Pflanze. Sind diese nach einigen Frostphasen abgestorben, beseitigen Sie mit ihnen auch Biomasse, die trotz K\u00e4lte Feuchtigkeit h\u00e4lt und einen idealen N\u00e4hrboden f\u00fcr Schimmelpilze und F\u00e4ulnisbakterien bildet. Durch das Abr\u00e4umen der Beete werden die \u00fcberwinternden Pflanzenbestandteile also gesch\u00fctzt und die Gefahr von Krankheiten minimiert.<\/p>\n<figure id=\"attachment_23535\" aria-describedby=\"caption-attachment-23535\" style=\"width: 850px\" class=\"wp-caption aligncenter\"><img loading=\"lazy\" decoding=\"async\" class=\"wp-image-23535 size-full\" title=\"Mehrj\u00e4hrige Pflanzen werden f\u00fcr den Winter mit einer Gartenschere zur\u00fcckgeschnitten\" src=\"https:\/\/www.rekubik.de\/magazin\/wp-content\/uploads\/2026\/11\/Beschneiden-von-Pflanzen-mit-einer-Gartenschere.jpg\" alt=\"Beschneiden von Pflanzen mit einer Gartenschere - Gartenarbeit im Dezember\" width=\"850\" height=\"528\" srcset=\"https:\/\/www.rekubik.de\/magazin\/wp-content\/uploads\/2026\/11\/Beschneiden-von-Pflanzen-mit-einer-Gartenschere.jpg 850w, https:\/\/www.rekubik.de\/magazin\/wp-content\/uploads\/2026\/11\/Beschneiden-von-Pflanzen-mit-einer-Gartenschere-300x186.jpg 300w, https:\/\/www.rekubik.de\/magazin\/wp-content\/uploads\/2026\/11\/Beschneiden-von-Pflanzen-mit-einer-Gartenschere-768x477.jpg 768w\" sizes=\"(max-width: 850px) 100vw, 850px\" \/><figcaption id=\"caption-attachment-23535\" class=\"wp-caption-text\">\u00a9 svdolgov &#8211; stock.adobe.com<\/figcaption><\/figure>\n<h3>Der Baum- und Heckenschnitt<\/h3>\n<p style=\"text-align: justify;\">Der Schnitt von B\u00e4umen und Hecken sollte idealerweise nach dem Eintritt der Pflanzen in die Winterruhe erfolgen, in der Regel im Sp\u00e4twinter oder fr\u00fchen Fr\u00fchjahr. Der Winter ist gut geeignet, da die Pflanzen weniger Saft in ihren Trieben f\u00fchren, was den Schnitt weniger belastend macht und das Risiko von Infektionen durch die Schnittstellen reduziert. Achten Sie darauf, den Schnitt bei Temperaturen \u00fcber dem Gefrierpunkt vorzunehmen, um Frostsch\u00e4den zu vermeiden. Bei Obstb\u00e4umen f\u00f6rdert der Winterschnitt eine optimale Kronenbildung und steigert die Ertr\u00e4ge. Auch im Winter d\u00fcrfen Sie die <a href=\"https:\/\/www.rekubik.de\/bewaesserung\/\">Gartenbew\u00e4sserung<\/a> nicht vernachl\u00e4ssigen. Frostfreie Tage bieten die M\u00f6glichkeit, winterbl\u00fchende Pflanzen gezielt mit Wasser zu versorgen. Sollten Sie Ihre Regentonne oder Ihren <a href=\"https:\/\/www.rekubik.de\/ibc-container\/\">IBC Container<\/a> bereits eingewintert haben, m\u00fcssen Sie zum winterlichen Gie\u00dfen aber auf Wasser aus dem Leitungsnetz zur\u00fcckgreifen.<\/p>\n<p><a href=\"https:\/\/www.rekubik.de\/ibc-zubehoer\/thermohaube\/ibc-thermohaube-geschlossen-hitze-frostschutz\"><img loading=\"lazy\" decoding=\"async\" class=\"aligncenter wp-image-23539 size-full\" title=\"IBC Thermohaube geschlossen Hitze- &amp; Frostschutz\" src=\"https:\/\/www.rekubik.de\/magazin\/wp-content\/uploads\/2026\/11\/ibc-thermohaube-geschlossen-hitze-frostschutz.jpg\" alt=\"IBC Thermohaube geschlossen Hitze- &amp; Frostschutz\" width=\"600\" height=\"600\" srcset=\"https:\/\/www.rekubik.de\/magazin\/wp-content\/uploads\/2026\/11\/ibc-thermohaube-geschlossen-hitze-frostschutz.jpg 600w, https:\/\/www.rekubik.de\/magazin\/wp-content\/uploads\/2026\/11\/ibc-thermohaube-geschlossen-hitze-frostschutz-300x300.jpg 300w, https:\/\/www.rekubik.de\/magazin\/wp-content\/uploads\/2026\/11\/ibc-thermohaube-geschlossen-hitze-frostschutz-150x150.jpg 150w\" sizes=\"(max-width: 600px) 100vw, 600px\" \/><\/a><\/p>\n<h3>Den Garten umgraben<\/h3>\n<p style=\"text-align: justify;\">Das Umgraben der unbepflanzten Beete ist eine klassische Gartenarbeit im Dezember. Dabei werden Erdschollen gewendet, wodurch organisches Material in tiefere Schichten gelangt und Unkrautwurzeln an die Oberfl\u00e4che kommen, wo sie durch Frost absterben. Der Frost hat zudem einen positiven Einfluss auf die Bodenstruktur: Wenn Wasser im Boden gefriert, dehnt es sich aus und die Schollen brechen auf, wenn der Boden wieder auftaut. Dadurch wird die Erde ohne zus\u00e4tzliches Bearbeiten lockerer und bereit f\u00fcr die kommende Pflanzsaison.<\/p>\n<figure id=\"attachment_23542\" aria-describedby=\"caption-attachment-23542\" style=\"width: 850px\" class=\"wp-caption aligncenter\"><img loading=\"lazy\" decoding=\"async\" class=\"wp-image-23542 size-full\" title=\"Das Umgraben des Gartens ist verst\u00e4ndlicherweise nicht beliebt, aber durchaus wichtig\" src=\"https:\/\/www.rekubik.de\/magazin\/wp-content\/uploads\/2026\/11\/Boden-umgraben.jpg\" alt=\"Boden-umgraben - Gartenarbeit im Dezember\" width=\"850\" height=\"567\" srcset=\"https:\/\/www.rekubik.de\/magazin\/wp-content\/uploads\/2026\/11\/Boden-umgraben.jpg 850w, https:\/\/www.rekubik.de\/magazin\/wp-content\/uploads\/2026\/11\/Boden-umgraben-300x200.jpg 300w, https:\/\/www.rekubik.de\/magazin\/wp-content\/uploads\/2026\/11\/Boden-umgraben-768x512.jpg 768w\" sizes=\"(max-width: 850px) 100vw, 850px\" \/><figcaption id=\"caption-attachment-23542\" class=\"wp-caption-text\">\u00a9 andreaobzerova &#8211; stock.adobe.com<\/figcaption><\/figure>\n<h3>B\u00f6den verbessern, Beete vorbereiten<\/h3>\n<p style=\"text-align: justify;\">Mit dem Umgraben einhergeht eine andere Gartenarbeit, die oft vernachl\u00e4ssigt wird. Wird ohnehin umgegraben, ist nun der richtige Zeitpunkt, um Humus, Mist und andere Verbesserungsmittel einzubringen. Denn auch hier werden eventuell enthaltene Unkrautsamen zwar zur Keimung gebracht, anschlie\u00dfend durch die Witterung zerst\u00f6rt. N\u00e4hrstoffe k\u00f6nnen durch die h\u00e4ufigeren Niederschl\u00e4ge gut in den aufgelockerten Boden eingeschwemmt werden und sind bei der n\u00e4chsten Pflanzung im Fr\u00fchjahr genau da, wo sie gebraucht werden.<\/p>\n<h2>Gartenarbeit im Dezember \u2013 achten Sie auf Ihre Gesundheit und planen Sie Pausen ein<\/h2>\n<p style=\"text-align: justify;\">Die Gartenarbeit im Dezember kann k\u00f6rperlich anspruchsvoll sein. Warme Kleidung sch\u00fctzt zwar vor der K\u00e4lte, kann jedoch dazu f\u00fchren, dass Sie schnell ins Schwitzen kommen \u2013 was das Erk\u00e4ltungsrisiko erh\u00f6ht. Besonders schwere Arbeiten wie das Umgraben beanspruchen R\u00fccken und Gelenke. Teilen Sie die Gartenarbeit in kleinere Abschnitte auf und machen Sie regelm\u00e4\u00dfige Pausen, um \u00dcberlastungen zu vermeiden. Zudem sollten Sie bei Frost vorsichtig sein: Glatte Fl\u00e4chen wie Wege oder Terrassen k\u00f6nnen rutschig werden und die Verletzungsgefahr erh\u00f6hen.<\/p>\n<figure id=\"attachment_23544\" aria-describedby=\"caption-attachment-23544\" style=\"width: 850px\" class=\"wp-caption aligncenter\"><img loading=\"lazy\" decoding=\"async\" class=\"wp-image-23544 size-full\" title=\"Bei aller Hingabe sollte man nicht vergessen, sich zwischendurch Pausen zu g\u00f6nnen\" src=\"https:\/\/www.rekubik.de\/magazin\/wp-content\/uploads\/2026\/11\/Pflanzen-Wintervorbereitung.jpg\" alt=\"Pflanzen-Wintervorbereitung - Gartenarbeit im Dezember\" width=\"850\" height=\"567\" srcset=\"https:\/\/www.rekubik.de\/magazin\/wp-content\/uploads\/2026\/11\/Pflanzen-Wintervorbereitung.jpg 850w, https:\/\/www.rekubik.de\/magazin\/wp-content\/uploads\/2026\/11\/Pflanzen-Wintervorbereitung-300x200.jpg 300w, https:\/\/www.rekubik.de\/magazin\/wp-content\/uploads\/2026\/11\/Pflanzen-Wintervorbereitung-768x512.jpg 768w\" sizes=\"(max-width: 850px) 100vw, 850px\" \/><figcaption id=\"caption-attachment-23544\" class=\"wp-caption-text\">\u00a9 Olga &#8211; stock.adobe.com<\/figcaption><\/figure>\n<h2>Auch im Dezember geht die Gartenarbeit nicht aus<\/h2>\n<p style=\"text-align: justify;\">Auch im Dezember gibt es wichtige Aufgaben im Garten. Pflege, Aufr\u00e4umen und Vorbereitungen f\u00fcr das neue Jahr stehen jetzt im Fokus. Mit dem richtigen Vorgehen und etwas Planung schaffen Sie beste Voraussetzungen f\u00fcr die n\u00e4chste Gartensaison. Ob Sie umgraben, Hecken schneiden oder mit dem <a href=\"https:\/\/www.rekubik.de\/bewaesserung\/schlauch-rohr\/gartenschlauch\/\">Gartenschlauch<\/a> an frostfreien Tagen bew\u00e4ssern \u2013 jeder Handgriff z\u00e4hlt. Ziehen Sie sich warm an und genie\u00dfen Sie die frische Luft. Wir w\u00fcnschen Ihnen viel Freude und Erfolg bei der Gartenarbeit im Dezember!<\/p>\n","protected":false},"excerpt":{"rendered":"<p>\u00ab Die wichtigsten Aufgaben f\u00fcr den Winter und den Start ins neue Jahr \u00bb Der Winter bedeutet nicht, dass der Garten stillsteht. Auch im Dezember gibt es im Garten viel zu tun, um ihn auf das kommende Jahr vorzubereiten. Jetzt ist die Zeit, um Altes zu entfernen und Neues zu planen. Vom R\u00fcckschnitt \u00fcber das &hellip;<\/p>\n","protected":false},"author":1,"featured_media":23530,"comment_status":"closed","ping_status":"open","sticky":false,"template":"","format":"standard","meta":{"footnotes":""},"categories":[1],"tags":[2767,2738,2764,2769,2766,2770,2765,2768],"class_list":["post-23527","post","type-post","status-publish","format-standard","has-post-thumbnail","","category-ibc-garten","tag-garten-fuer-den-winter-vorbereiten","tag-garten-umgraben","tag-gartenarbeit-im-dezember","tag-gartenarbeiten","tag-pflanzen-bedecken","tag-pflanzen-beschneiden","tag-winterharte-pflanzen","tag-wintervorbereitung"],"yoast_head":"<!-- This site is optimized with the Yoast SEO plugin v23.5 - https:\/\/yoast.com\/wordpress\/plugins\/seo\/ -->\n<title>Gartenarbeit im Dezember - REKUBIK\u00ae Magazin<\/title>\n<meta name=\"description\" content=\"Gartenarbeit im Dezember: Die wichtigsten To-dos im \u00dcberblick! So nutzen Sie die kalte Jahreszeit &amp; machen Ihren \u2714 Garten fit das neue Jahr | rekubik.de\" \/>\n<meta name=\"robots\" content=\"index, follow, max-snippet:-1, max-image-preview:large, max-video-preview:-1\" \/>\n<link rel=\"canonical\" href=\"https:\/\/www.rekubik.de\/magazin\/gartenarbeit-im-dezember\/\" \/>\n<meta property=\"og:locale\" content=\"de_DE\" \/>\n<meta property=\"og:type\" content=\"article\" \/>\n<meta property=\"og:title\" content=\"Gartenarbeit im Dezember - REKUBIK\u00ae Magazin\" \/>\n<meta property=\"og:description\" content=\"Gartenarbeit im Dezember: Die wichtigsten To-dos im \u00dcberblick! So nutzen Sie die kalte Jahreszeit &amp; machen Ihren \u2714 Garten fit das neue Jahr | rekubik.de\" \/>\n<meta property=\"og:url\" content=\"https:\/\/www.rekubik.de\/magazin\/gartenarbeit-im-dezember\/\" \/>\n<meta property=\"og:site_name\" content=\"REKUBIK\u00ae Magazin\" \/>\n<meta property=\"article:published_time\" content=\"2024-11-08T14:05:51+00:00\" \/>\n<meta property=\"article:modified_time\" content=\"2026-01-20T09:40:31+00:00\" \/>\n<meta property=\"og:image\" content=\"https:\/\/www.rekubik.de\/magazin\/wp-content\/uploads\/2026\/11\/Gartenarbeit-im-Dezember.jpg\" \/>\n\t<meta property=\"og:image:width\" content=\"1300\" \/>\n\t<meta property=\"og:image:height\" content=\"719\" \/>\n\t<meta property=\"og:image:type\" content=\"image\/jpeg\" \/>\n<meta name=\"author\" content=\"admin\" \/>\n<meta name=\"twitter:card\" content=\"summary_large_image\" \/>\n<meta name=\"twitter:label1\" content=\"Geschrieben von\" \/>\n\t<meta name=\"twitter:data1\" content=\"admin\" \/>\n\t<meta name=\"twitter:label2\" content=\"Gesch\u00e4tzte Lesezeit\" \/>\n\t<meta name=\"twitter:data2\" content=\"7\u00a0Minuten\" \/>\n<script type=\"application\/ld+json\" class=\"yoast-schema-graph\">{\"@context\":\"https:\/\/schema.org\",\"@graph\":[{\"@type\":\"Article\",\"@id\":\"https:\/\/www.rekubik.de\/magazin\/gartenarbeit-im-dezember\/#article\",\"isPartOf\":{\"@id\":\"https:\/\/www.rekubik.de\/magazin\/gartenarbeit-im-dezember\/\"},\"author\":{\"name\":\"admin\",\"@id\":\"https:\/\/www.rekubik.de\/magazin\/#\/schema\/person\/d5faea021aac94edeeb8e47cf06771c7\"},\"headline\":\"Gartenarbeit im Dezember\",\"datePublished\":\"2024-11-08T14:05:51+00:00\",\"dateModified\":\"2026-01-20T09:40:31+00:00\",\"mainEntityOfPage\":{\"@id\":\"https:\/\/www.rekubik.de\/magazin\/gartenarbeit-im-dezember\/\"},\"wordCount\":976,\"publisher\":{\"@id\":\"https:\/\/www.rekubik.de\/magazin\/#organization\"},\"image\":{\"@id\":\"https:\/\/www.rekubik.de\/magazin\/gartenarbeit-im-dezember\/#primaryimage\"},\"thumbnailUrl\":\"https:\/\/www.rekubik.de\/magazin\/wp-content\/uploads\/2026\/11\/Gartenarbeit-im-Dezember.jpg\",\"keywords\":[\"Garten f\u00fcr den WInter vorbereiten\",\"Garten umgraben\",\"Gartenarbeit im Dezember\",\"Gartenarbeiten\",\"Pflanzen bedecken\",\"Pflanzen beschneiden\",\"winterharte Pflanzen\",\"Wintervorbereitung\"],\"articleSection\":[\"IBC IM GARTEN\"],\"inLanguage\":\"de\"},{\"@type\":\"WebPage\",\"@id\":\"https:\/\/www.rekubik.de\/magazin\/gartenarbeit-im-dezember\/\",\"url\":\"https:\/\/www.rekubik.de\/magazin\/gartenarbeit-im-dezember\/\",\"name\":\"Gartenarbeit im Dezember - REKUBIK\u00ae Magazin\",\"isPartOf\":{\"@id\":\"https:\/\/www.rekubik.de\/magazin\/#website\"},\"primaryImageOfPage\":{\"@id\":\"https:\/\/www.rekubik.de\/magazin\/gartenarbeit-im-dezember\/#primaryimage\"},\"image\":{\"@id\":\"https:\/\/www.rekubik.de\/magazin\/gartenarbeit-im-dezember\/#primaryimage\"},\"thumbnailUrl\":\"https:\/\/www.rekubik.de\/magazin\/wp-content\/uploads\/2026\/11\/Gartenarbeit-im-Dezember.jpg\",\"datePublished\":\"2024-11-08T14:05:51+00:00\",\"dateModified\":\"2026-01-20T09:40:31+00:00\",\"description\":\"Gartenarbeit im Dezember: Die wichtigsten To-dos im \u00dcberblick! So nutzen Sie die kalte Jahreszeit & machen Ihren \u2714 Garten fit das neue Jahr | rekubik.de\",\"breadcrumb\":{\"@id\":\"https:\/\/www.rekubik.de\/magazin\/gartenarbeit-im-dezember\/#breadcrumb\"},\"inLanguage\":\"de\",\"potentialAction\":[{\"@type\":\"ReadAction\",\"target\":[\"https:\/\/www.rekubik.de\/magazin\/gartenarbeit-im-dezember\/\"]}]},{\"@type\":\"ImageObject\",\"inLanguage\":\"de\",\"@id\":\"https:\/\/www.rekubik.de\/magazin\/gartenarbeit-im-dezember\/#primaryimage\",\"url\":\"https:\/\/www.rekubik.de\/magazin\/wp-content\/uploads\/2026\/11\/Gartenarbeit-im-Dezember.jpg\",\"contentUrl\":\"https:\/\/www.rekubik.de\/magazin\/wp-content\/uploads\/2026\/11\/Gartenarbeit-im-Dezember.jpg\",\"width\":1300,\"height\":719,\"caption\":\"\u00a9 Gold Picture - stock.adobe.com\"},{\"@type\":\"BreadcrumbList\",\"@id\":\"https:\/\/www.rekubik.de\/magazin\/gartenarbeit-im-dezember\/#breadcrumb\",\"itemListElement\":[{\"@type\":\"ListItem\",\"position\":1,\"name\":\"Home\",\"item\":\"https:\/\/www.rekubik.de\/magazin\/\"},{\"@type\":\"ListItem\",\"position\":2,\"name\":\"Gartenarbeit im Dezember\"}]},{\"@type\":\"WebSite\",\"@id\":\"https:\/\/www.rekubik.de\/magazin\/#website\",\"url\":\"https:\/\/www.rekubik.de\/magazin\/\",\"name\":\"REKUBIK\u00ae Magazin\",\"description\":\"\",\"publisher\":{\"@id\":\"https:\/\/www.rekubik.de\/magazin\/#organization\"},\"potentialAction\":[{\"@type\":\"SearchAction\",\"target\":{\"@type\":\"EntryPoint\",\"urlTemplate\":\"https:\/\/www.rekubik.de\/magazin\/?s={search_term_string}\"},\"query-input\":{\"@type\":\"PropertyValueSpecification\",\"valueRequired\":true,\"valueName\":\"search_term_string\"}}],\"inLanguage\":\"de\"},{\"@type\":\"Organization\",\"@id\":\"https:\/\/www.rekubik.de\/magazin\/#organization\",\"name\":\"Rekubik\",\"url\":\"https:\/\/www.rekubik.de\/magazin\/\",\"logo\":{\"@type\":\"ImageObject\",\"inLanguage\":\"de\",\"@id\":\"https:\/\/www.rekubik.de\/magazin\/#\/schema\/logo\/image\/\",\"url\":\"https:\/\/www.rekubik.de\/magazin\/wp-content\/uploads\/2017\/12\/rekubik-LOGO-Shopware.png\",\"contentUrl\":\"https:\/\/www.rekubik.de\/magazin\/wp-content\/uploads\/2017\/12\/rekubik-LOGO-Shopware.png\",\"width\":200,\"height\":50,\"caption\":\"Rekubik\"},\"image\":{\"@id\":\"https:\/\/www.rekubik.de\/magazin\/#\/schema\/logo\/image\/\"}},{\"@type\":\"Person\",\"@id\":\"https:\/\/www.rekubik.de\/magazin\/#\/schema\/person\/d5faea021aac94edeeb8e47cf06771c7\",\"name\":\"admin\",\"image\":{\"@type\":\"ImageObject\",\"inLanguage\":\"de\",\"@id\":\"https:\/\/www.rekubik.de\/magazin\/#\/schema\/person\/image\/\",\"url\":\"https:\/\/secure.gravatar.com\/avatar\/a794a4fe8a9b9c52241597eb381dfa2e?s=96&d=mm&r=g\",\"contentUrl\":\"https:\/\/secure.gravatar.com\/avatar\/a794a4fe8a9b9c52241597eb381dfa2e?s=96&d=mm&r=g\",\"caption\":\"admin\"}}]}<\/script>\n<!-- \/ Yoast SEO plugin. -->","yoast_head_json":{"title":"Gartenarbeit im Dezember - REKUBIK\u00ae Magazin","description":"Gartenarbeit im Dezember: Die wichtigsten To-dos im \u00dcberblick! So nutzen Sie die kalte Jahreszeit & machen Ihren \u2714 Garten fit das neue Jahr | rekubik.de","robots":{"index":"index","follow":"follow","max-snippet":"max-snippet:-1","max-image-preview":"max-image-preview:large","max-video-preview":"max-video-preview:-1"},"canonical":"https:\/\/www.rekubik.de\/magazin\/gartenarbeit-im-dezember\/","og_locale":"de_DE","og_type":"article","og_title":"Gartenarbeit im Dezember - REKUBIK\u00ae Magazin","og_description":"Gartenarbeit im Dezember: Die wichtigsten To-dos im \u00dcberblick! So nutzen Sie die kalte Jahreszeit & machen Ihren \u2714 Garten fit das neue Jahr | rekubik.de","og_url":"https:\/\/www.rekubik.de\/magazin\/gartenarbeit-im-dezember\/","og_site_name":"REKUBIK\u00ae Magazin","article_published_time":"2024-11-08T14:05:51+00:00","article_modified_time":"2026-01-20T09:40:31+00:00","og_image":[{"width":1300,"height":719,"url":"https:\/\/www.rekubik.de\/magazin\/wp-content\/uploads\/2026\/11\/Gartenarbeit-im-Dezember.jpg","type":"image\/jpeg"}],"author":"admin","twitter_card":"summary_large_image","twitter_misc":{"Geschrieben von":"admin","Gesch\u00e4tzte Lesezeit":"7\u00a0Minuten"},"schema":{"@context":"https:\/\/schema.org","@graph":[{"@type":"Article","@id":"https:\/\/www.rekubik.de\/magazin\/gartenarbeit-im-dezember\/#article","isPartOf":{"@id":"https:\/\/www.rekubik.de\/magazin\/gartenarbeit-im-dezember\/"},"author":{"name":"admin","@id":"https:\/\/www.rekubik.de\/magazin\/#\/schema\/person\/d5faea021aac94edeeb8e47cf06771c7"},"headline":"Gartenarbeit im Dezember","datePublished":"2024-11-08T14:05:51+00:00","dateModified":"2026-01-20T09:40:31+00:00","mainEntityOfPage":{"@id":"https:\/\/www.rekubik.de\/magazin\/gartenarbeit-im-dezember\/"},"wordCount":976,"publisher":{"@id":"https:\/\/www.rekubik.de\/magazin\/#organization"},"image":{"@id":"https:\/\/www.rekubik.de\/magazin\/gartenarbeit-im-dezember\/#primaryimage"},"thumbnailUrl":"https:\/\/www.rekubik.de\/magazin\/wp-content\/uploads\/2026\/11\/Gartenarbeit-im-Dezember.jpg","keywords":["Garten f\u00fcr den WInter vorbereiten","Garten umgraben","Gartenarbeit im Dezember","Gartenarbeiten","Pflanzen bedecken","Pflanzen beschneiden","winterharte Pflanzen","Wintervorbereitung"],"articleSection":["IBC IM GARTEN"],"inLanguage":"de"},{"@type":"WebPage","@id":"https:\/\/www.rekubik.de\/magazin\/gartenarbeit-im-dezember\/","url":"https:\/\/www.rekubik.de\/magazin\/gartenarbeit-im-dezember\/","name":"Gartenarbeit im Dezember - REKUBIK\u00ae Magazin","isPartOf":{"@id":"https:\/\/www.rekubik.de\/magazin\/#website"},"primaryImageOfPage":{"@id":"https:\/\/www.rekubik.de\/magazin\/gartenarbeit-im-dezember\/#primaryimage"},"image":{"@id":"https:\/\/www.rekubik.de\/magazin\/gartenarbeit-im-dezember\/#primaryimage"},"thumbnailUrl":"https:\/\/www.rekubik.de\/magazin\/wp-content\/uploads\/2026\/11\/Gartenarbeit-im-Dezember.jpg","datePublished":"2024-11-08T14:05:51+00:00","dateModified":"2026-01-20T09:40:31+00:00","description":"Gartenarbeit im Dezember: Die wichtigsten To-dos im \u00dcberblick! So nutzen Sie die kalte Jahreszeit & machen Ihren \u2714 Garten fit das neue Jahr | rekubik.de","breadcrumb":{"@id":"https:\/\/www.rekubik.de\/magazin\/gartenarbeit-im-dezember\/#breadcrumb"},"inLanguage":"de","potentialAction":[{"@type":"ReadAction","target":["https:\/\/www.rekubik.de\/magazin\/gartenarbeit-im-dezember\/"]}]},{"@type":"ImageObject","inLanguage":"de","@id":"https:\/\/www.rekubik.de\/magazin\/gartenarbeit-im-dezember\/#primaryimage","url":"https:\/\/www.rekubik.de\/magazin\/wp-content\/uploads\/2026\/11\/Gartenarbeit-im-Dezember.jpg","contentUrl":"https:\/\/www.rekubik.de\/magazin\/wp-content\/uploads\/2026\/11\/Gartenarbeit-im-Dezember.jpg","width":1300,"height":719,"caption":"\u00a9 Gold Picture - stock.adobe.com"},{"@type":"BreadcrumbList","@id":"https:\/\/www.rekubik.de\/magazin\/gartenarbeit-im-dezember\/#breadcrumb","itemListElement":[{"@type":"ListItem","position":1,"name":"Home","item":"https:\/\/www.rekubik.de\/magazin\/"},{"@type":"ListItem","position":2,"name":"Gartenarbeit im Dezember"}]},{"@type":"WebSite","@id":"https:\/\/www.rekubik.de\/magazin\/#website","url":"https:\/\/www.rekubik.de\/magazin\/","name":"REKUBIK\u00ae Magazin","description":"","publisher":{"@id":"https:\/\/www.rekubik.de\/magazin\/#organization"},"potentialAction":[{"@type":"SearchAction","target":{"@type":"EntryPoint","urlTemplate":"https:\/\/www.rekubik.de\/magazin\/?s={search_term_string}"},"query-input":{"@type":"PropertyValueSpecification","valueRequired":true,"valueName":"search_term_string"}}],"inLanguage":"de"},{"@type":"Organization","@id":"https:\/\/www.rekubik.de\/magazin\/#organization","name":"Rekubik","url":"https:\/\/www.rekubik.de\/magazin\/","logo":{"@type":"ImageObject","inLanguage":"de","@id":"https:\/\/www.rekubik.de\/magazin\/#\/schema\/logo\/image\/","url":"https:\/\/www.rekubik.de\/magazin\/wp-content\/uploads\/2017\/12\/rekubik-LOGO-Shopware.png","contentUrl":"https:\/\/www.rekubik.de\/magazin\/wp-content\/uploads\/2017\/12\/rekubik-LOGO-Shopware.png","width":200,"height":50,"caption":"Rekubik"},"image":{"@id":"https:\/\/www.rekubik.de\/magazin\/#\/schema\/logo\/image\/"}},{"@type":"Person","@id":"https:\/\/www.rekubik.de\/magazin\/#\/schema\/person\/d5faea021aac94edeeb8e47cf06771c7","name":"admin","image":{"@type":"ImageObject","inLanguage":"de","@id":"https:\/\/www.rekubik.de\/magazin\/#\/schema\/person\/image\/","url":"https:\/\/secure.gravatar.com\/avatar\/a794a4fe8a9b9c52241597eb381dfa2e?s=96&d=mm&r=g","contentUrl":"https:\/\/secure.gravatar.com\/avatar\/a794a4fe8a9b9c52241597eb381dfa2e?s=96&d=mm&r=g","caption":"admin"}}]}},"_links":{"self":[{"href":"https:\/\/www.rekubik.de\/magazin\/wp-json\/wp\/v2\/posts\/23527"}],"collection":[{"href":"https:\/\/www.rekubik.de\/magazin\/wp-json\/wp\/v2\/posts"}],"about":[{"href":"https:\/\/www.rekubik.de\/magazin\/wp-json\/wp\/v2\/types\/post"}],"author":[{"embeddable":true,"href":"https:\/\/www.rekubik.de\/magazin\/wp-json\/wp\/v2\/users\/1"}],"replies":[{"embeddable":true,"href":"https:\/\/www.rekubik.de\/magazin\/wp-json\/wp\/v2\/comments?post=23527"}],"version-history":[{"count":14,"href":"https:\/\/www.rekubik.de\/magazin\/wp-json\/wp\/v2\/posts\/23527\/revisions"}],"predecessor-version":[{"id":25776,"href":"https:\/\/www.rekubik.de\/magazin\/wp-json\/wp\/v2\/posts\/23527\/revisions\/25776"}],"wp:featuredmedia":[{"embeddable":true,"href":"https:\/\/www.rekubik.de\/magazin\/wp-json\/wp\/v2\/media\/23530"}],"wp:attachment":[{"href":"https:\/\/www.rekubik.de\/magazin\/wp-json\/wp\/v2\/media?parent=23527"}],"wp:term":[{"taxonomy":"category","embeddable":true,"href":"https:\/\/www.rekubik.de\/magazin\/wp-json\/wp\/v2\/categories?post=23527"},{"taxonomy":"post_tag","embeddable":true,"href":"https:\/\/www.rekubik.de\/magazin\/wp-json\/wp\/v2\/tags?post=23527"}],"curies":[{"name":"wp","href":"https:\/\/api.w.org\/{rel}","templated":true}]}}