{"id":23549,"date":"2024-11-11T10:00:59","date_gmt":"2024-11-11T09:00:59","guid":{"rendered":"https:\/\/www.rekubik.de\/magazin\/?p=23549"},"modified":"2024-11-08T16:19:22","modified_gmt":"2024-11-08T15:19:22","slug":"ab-wann-muessen-sie-ihre-pflanzen-winterfest-machen","status":"publish","type":"post","link":"https:\/\/www.rekubik.de\/magazin\/ab-wann-muessen-sie-ihre-pflanzen-winterfest-machen\/","title":{"rendered":"Ab wann m\u00fcssen Sie Ihre Pflanzen winterfest machen?"},"content":{"rendered":"<h2>\u00ab Tipps f\u00fcr den Winter- und Frostschutz in Ihrem Garten \u00bb<\/h2>\n<p style=\"text-align: justify;\"><strong>Der Sommer ist vor\u00fcber und das Gartenjahr neigt sich dem Ende zu. Mit nahender Winterzeit kommen die &#8222;Bewohner&#8220; des Gartens zur Ruhe und treten h\u00e4ufig in die winterliche Ruhephase ein. Damit sie diese als Vorbereitung auf die kommende Wachstumssaison gut \u00fcberdauern, brauchen nicht nur Mikro- und <\/strong><a href=\"https:\/\/www.rekubik.de\/bewaesserung\/tropfbewaesserung\/\"><strong>Tr\u00f6pfchenbew\u00e4sserung<\/strong><\/a><strong> die Unterst\u00fctzung des G\u00e4rtners oder der G\u00e4rtnerin, sondern auch Zier- und mehrj\u00e4hrige Nutzpflanzen. Denn nun ist die Zeit gekommen, die Pflanzen winterfest zu machen. Ab wann Sie Ihre Pflanzen f\u00fcr den Winter vorbereiten m\u00fcssen und welche Schutzma\u00dfnahmen Sie ergreifen sollten, stellen wir Ihnen in unserem Beitrag vor. <\/strong><\/p>\n<h2>Warum muss man Pflanzen winterfest machen?<\/h2>\n<p style=\"text-align: justify;\">Aber warum muss man die heimischen Gartenpflanzen eigentlich \u00fcberhaupt auf die kalte Jahreszeit vorbereiten? Auch in freier Natur kommt der Winter und beansprucht Gew\u00e4chse aller Art ganz ohne Hilfe des Menschen. Das ist grunds\u00e4tzlich richtig. Gerade innerhalb des Gartens finden sich aber bevorzugt Z\u00fcchtungen, die die Widerstandsf\u00e4higkeit der Natur h\u00e4ufig zugunsten eines h\u00f6heren Ertrags oder einer \u00fcppigeren Bl\u00fctenpracht aufgegeben haben.<\/p>\n<p style=\"text-align: justify;\">W\u00e4hrend des Winters sinken die Temperaturen, es drohen Eis, Schnee und Frost. Gerade Temperaturen unter dem Nullpunkt werden dabei nicht nur f\u00fcr das <a href=\"https:\/\/www.rekubik.de\/bewaesserung\/\">Bew\u00e4sserungssystem im Garten<\/a> zur Gefahr, sondern k\u00f6nnen auch Zier- und Nutzpflanzen massiv sch\u00e4digen. Denn sie f\u00fchren dazu, dass das Wasser innerhalb der Pflanzenzellen gefriert. Dabei dehnt es sich aus und sprengt buchst\u00e4blich die Zellw\u00e4nde. Der betroffene Trieb stirbt ab. Geschehen diese Sch\u00e4digungen dagegen an den Wurzeln, kann die gesamte Pflanze leiden und schlie\u00dflich absterben.<\/p>\n<p><a href=\"https:\/\/www.rekubik.de\/bewaesserung\/ventil\/winterentleerung-1-mit-kugelhahn-druckluftanschluss\"><img loading=\"lazy\" decoding=\"async\" class=\"aligncenter wp-image-18693 \" title=\"Winterentleerung 1&quot; mit Kugelhahn + Druckluftanschlu\u00df | vor dem Wintereinbruch die Beregnungsanlage entleeren\" src=\"https:\/\/www.rekubik.de\/magazin\/wp-content\/uploads\/2023\/11\/winterentleerung-1-mit-kugelhahn-druckluftanschluss1.jpg\" alt=\"Winterentleerung 1&quot; mit Kugelhahn + Druckluftanschlu\u00df\" width=\"579\" height=\"524\" srcset=\"https:\/\/www.rekubik.de\/magazin\/wp-content\/uploads\/2023\/11\/winterentleerung-1-mit-kugelhahn-druckluftanschluss1.jpg 800w, https:\/\/www.rekubik.de\/magazin\/wp-content\/uploads\/2023\/11\/winterentleerung-1-mit-kugelhahn-druckluftanschluss1-300x272.jpg 300w, https:\/\/www.rekubik.de\/magazin\/wp-content\/uploads\/2023\/11\/winterentleerung-1-mit-kugelhahn-druckluftanschluss1-768x695.jpg 768w\" sizes=\"(max-width: 579px) 100vw, 579px\" \/><\/a><\/p>\n<h2>M\u00fcssen alle Pflanzen vor Frost gesch\u00fctzt werden?<\/h2>\n<p style=\"text-align: justify;\">Nicht alle Nutz- oder Zierpflanzen m\u00fcssen vor dem Winter gesch\u00fctzt und winterfest gemacht werden, da viele mehrj\u00e4hrige Gew\u00e4chse in Deutschland einen nat\u00fcrlichen Frostschutz entwickelt haben. Heimische Laub- und Nadelb\u00e4ume kommen in der Regel gut mit den Winterbedingungen zurecht. Andere Pflanzenarten hingegen, insbesondere solche, die nicht urspr\u00fcnglich in unseren Breitengraden beheimatet sind oder unter speziellen Bedingungen gehalten werden, sind empfindlicher und ben\u00f6tigen Aufmerksamkeit.<\/p>\n<p style=\"text-align: justify;\">Pflanzenarten, die vor auf jeden Fall winterlichen Temperaturen gesch\u00fctzt werden sollten, sind:<\/p>\n<ul>\n<li style=\"text-align: justify;\">Gew\u00e4chse wie Olivenb\u00e4ume, Zitruspflanzen und Lavendel sind an mildere Winter gew\u00f6hnt und vertragen keine anhaltenden Frostperioden.<\/li>\n<li style=\"text-align: justify;\">Besonders empfindlich sind Edelrosen, die bei Frost ohne Schutz Schaden nehmen k\u00f6nnen, vor allem im Bereich der Veredelungsstelle.<\/li>\n<li style=\"text-align: justify;\">Feigenb\u00e4ume und Palmen, die in Deutschland in immer mehr G\u00e4rten zu finden sind, sind ebenfalls frostempfindlich, insbesondere in den ersten Jahren nach der Pflanzung.<\/li>\n<li style=\"text-align: justify;\">Buchsbaum oder Oleander, die in T\u00f6pfen oder K\u00fcbeln gehalten werden, sind besonders gef\u00e4hrdet, da die Erde in den Pflanzgef\u00e4\u00dfen schneller durchfriert als im Gartenboden.<\/li>\n<li style=\"text-align: justify;\">Gartenpflanzen wie Margeriten, Fuchsien oder empfindliche Str\u00e4ucher wie Hibiskus und Hortensien ben\u00f6tigen bei winterlichen Temperaturen besondere Aufmerksamkeit.<\/li>\n<li>Ziergr\u00e4ser wie Pampasgras k\u00f6nnen bei starkem Frost Schaden nehmen, besonders an den Wurzeln.<\/li>\n<\/ul>\n<figure id=\"attachment_23558\" aria-describedby=\"caption-attachment-23558\" style=\"width: 850px\" class=\"wp-caption aligncenter\"><img loading=\"lazy\" decoding=\"async\" class=\"wp-image-23558 size-full\" title=\"Insbesondere die nicht-heimischen Pflanzen m\u00fcssen im Winter gesch\u00fctzt werden\" src=\"https:\/\/www.rekubik.de\/magazin\/wp-content\/uploads\/2026\/11\/Mann-schuetzt-Pflanze-fuer-Winter.jpg\" alt=\"Mann-schuetzt-Pflanze-fuer-Winter - Pflanzen winterfest machen\" width=\"850\" height=\"478\" srcset=\"https:\/\/www.rekubik.de\/magazin\/wp-content\/uploads\/2026\/11\/Mann-schuetzt-Pflanze-fuer-Winter.jpg 850w, https:\/\/www.rekubik.de\/magazin\/wp-content\/uploads\/2026\/11\/Mann-schuetzt-Pflanze-fuer-Winter-300x169.jpg 300w, https:\/\/www.rekubik.de\/magazin\/wp-content\/uploads\/2026\/11\/Mann-schuetzt-Pflanze-fuer-Winter-768x432.jpg 768w\" sizes=\"(max-width: 850px) 100vw, 850px\" \/><figcaption id=\"caption-attachment-23558\" class=\"wp-caption-text\">\u00a9 MEDIAIMAG &#8211; stock.adobe.com<\/figcaption><\/figure>\n<h2>Ab wann ist der Winterschutz f\u00fcr Pflanzen notwendig?<\/h2>\n<p style=\"text-align: justify;\">Die Feststellung des richtigen Zeitpunkts ist nicht immer einfach. Ab wann muss man Pflanzen also winterfest machen? Wichtig zu wissen ist, dass es nie darum gehen kann, jeden einzelnen Trieb und jedes Blatt zu sch\u00fctzen. Viele Pflanzenarten werfen ihr Blattwerk vor der K\u00e4lteperiode ab und viele Stauden trennen sich dar\u00fcber hinaus sogar von den allermeisten oberirdischen Bestandteilen. So minimieren die Nutz- und Zierpflanzen den Aufwand f\u00fcr das \u00dcberwintern und treiben im Fr\u00fchling mit neuer Kraft aus. Dieses Absterben &#8222;alter&#8220; Triebe geschieht oft schon lange vor Ende der Wuchsperiode und sollte weder st\u00f6ren noch zu \u00fcbereiltem Handeln f\u00fchren.<\/p>\n<p style=\"text-align: justify;\">Der richtige Zeitpunkt f\u00fcr die Wintervorbereitungen ist, sobald mit ersten ernstzunehmenden Frostphasen zu rechnen ist. Das bedeutet, es geht nicht um das erste Absinken unter null. Auch Minusgrade brauchen Zeit, bis sie in die Nutz- oder Zierpflanze und bis in den Boden eindringen. Sobald aber wiederkehrende Fr\u00f6ste zu erwarten sind, sollten die Schutzma\u00dfnahmen abgeschlossen sein. In der Regel ist der Zeitraum von Mitte bis Ende November ein guter Richtwert.<\/p>\n<figure id=\"attachment_23562\" aria-describedby=\"caption-attachment-23562\" style=\"width: 850px\" class=\"wp-caption aligncenter\"><img loading=\"lazy\" decoding=\"async\" class=\"wp-image-23562 size-full\" title=\"Wenn Frost droht, ist es dringend an der Zeit, die sensibleren Pflanzen vor der K\u00e4lte zu sch\u00fctzen\" src=\"https:\/\/www.rekubik.de\/magazin\/wp-content\/uploads\/2026\/11\/Pflanzen-vor-Frost-schuetzen.jpg\" alt=\"Pflanzen winterfest machen\" width=\"850\" height=\"567\" srcset=\"https:\/\/www.rekubik.de\/magazin\/wp-content\/uploads\/2026\/11\/Pflanzen-vor-Frost-schuetzen.jpg 850w, https:\/\/www.rekubik.de\/magazin\/wp-content\/uploads\/2026\/11\/Pflanzen-vor-Frost-schuetzen-300x200.jpg 300w, https:\/\/www.rekubik.de\/magazin\/wp-content\/uploads\/2026\/11\/Pflanzen-vor-Frost-schuetzen-768x512.jpg 768w\" sizes=\"(max-width: 850px) 100vw, 850px\" \/><figcaption id=\"caption-attachment-23562\" class=\"wp-caption-text\">\u00a9 Georgy Dzyura &#8211; stock.adobe.com<\/figcaption><\/figure>\n<h2>Wie gelingt ein wirksamer Winterschutz f\u00fcr Pflanzen im Garten?<\/h2>\n<p style=\"text-align: justify;\">Die gr\u00f6\u00dfte Herausforderung f\u00fcr viele Hobbyg\u00e4rtner ist nun, wie man Pflanzen winterfest machen kann. Wie sieht ein wirksamer Winterschutz aus? Typische Vorbereitungen umfassen einen effektiven Schutz vor K\u00e4lte. Dabei sind zwei Punkte wichtig: Erstens sollten Schnee und Regen nicht direkt an die Gartenpflanzen kommen, da sich gro\u00dfe Mengen an Stamm oder Trieben ansammeln und zu Erfrierungen f\u00fchren k\u00f6nnen. Noch wichtiger ist der Schutz vor Wind, da der Windchill-Effekt die Temperaturen zus\u00e4tzlich abk\u00fchlt und die Pflanzenzellen st\u00e4rker sch\u00e4digt. Wie die Ma\u00dfnahmen konkret aussehen, stellen wir Ihnen in den folgenden Abs\u00e4tzen vor.<\/p>\n<h3>Pflanzt\u00f6pfe und Triebe einpacken \u2013 unmittelbarer Frostschutz f\u00fcr Pflanzen im Winter<\/h3>\n<p style=\"text-align: justify;\">Die einfachste Methode, um Ihre Gartenpflanzen winterfest zu machen, ist das Einpacken. Daf\u00fcr eignen sich Materialien wie Kokosmatten, Bastmatten oder Noppenfolie. Diese werden locker, aber fest um die Pflanzenteile gewickelt und mit einer Schnur fixiert, um auch st\u00e4rkeren Winden standzuhalten. Der Wurzelbereich kann zus\u00e4tzlich mit Kokosmatten oder Stroh abgedeckt werden, um den Boden vor Frost zu sch\u00fctzen. Bei Topfpflanzen sollte auch der Topf eingepackt werden, da das Erdreich hier schnell durchfrieren kann.<\/p>\n<figure id=\"attachment_23564\" aria-describedby=\"caption-attachment-23564\" style=\"width: 850px\" class=\"wp-caption aligncenter\"><img loading=\"lazy\" decoding=\"async\" class=\"wp-image-23564 size-full\" title=\"Pflanzen m\u00fcssen insbesondere vor Schnee, K\u00e4lte, Regen und Wind gesch\u00fctzt werden\" src=\"https:\/\/www.rekubik.de\/magazin\/wp-content\/uploads\/2024\/11\/Beet-im-Winter.jpg\" alt=\"Beet-im-Winter - Pflanzen winterfest machen\" width=\"850\" height=\"485\" srcset=\"https:\/\/www.rekubik.de\/magazin\/wp-content\/uploads\/2024\/11\/Beet-im-Winter.jpg 850w, https:\/\/www.rekubik.de\/magazin\/wp-content\/uploads\/2024\/11\/Beet-im-Winter-300x171.jpg 300w, https:\/\/www.rekubik.de\/magazin\/wp-content\/uploads\/2024\/11\/Beet-im-Winter-768x438.jpg 768w\" sizes=\"(max-width: 850px) 100vw, 850px\" \/><figcaption id=\"caption-attachment-23564\" class=\"wp-caption-text\">\u00a9 Paul Maguire &#8211; stock.adobe.com<\/figcaption><\/figure>\n<h3>Das Erdreich abdecken \u2013 ganze Beete winterfest machen<\/h3>\n<p style=\"text-align: justify;\">Auf Dauer dringt Frost auch tiefer in die Erde und kann die Wurzeln von Zier- und Nutzpflanzen erreichen. Deshalb ist es wichtig, nicht nur einzelne Gartenpflanzen zu sch\u00fctzen, sondern auch ganze Beete fl\u00e4chig abzudecken. Bew\u00e4hrte Materialien daf\u00fcr sind Stroh oder Reisig, um gr\u00f6\u00dfere Bereiche vor Frost zu sch\u00fctzen. Besonders gut eignet sich Tannen- oder Fichtenreisig, das viele G\u00e4rtnereien im Herbst anbieten. Dank der dichten Nadelstruktur bildet sich eine sch\u00fctzende Luftschicht \u00fcber dem Boden, die als nat\u00fcrlicher Frostschutz dient.<\/p>\n<figure id=\"attachment_23568\" aria-describedby=\"caption-attachment-23568\" style=\"width: 850px\" class=\"wp-caption aligncenter\"><img loading=\"lazy\" decoding=\"async\" class=\"wp-image-23568 size-full\" title=\"Eine relativ einfache Bedeckung ist in vielen F\u00e4llen genug, um Pflanzen effektiv vor dem Winter zu sch\u00fctzen\" src=\"https:\/\/www.rekubik.de\/magazin\/wp-content\/uploads\/2024\/11\/Beete-durch-Planen-geschuetzt.jpg\" alt=\"Beete-durch-Planen-gesch\u00fctzt\" width=\"850\" height=\"567\" srcset=\"https:\/\/www.rekubik.de\/magazin\/wp-content\/uploads\/2024\/11\/Beete-durch-Planen-geschuetzt.jpg 850w, https:\/\/www.rekubik.de\/magazin\/wp-content\/uploads\/2024\/11\/Beete-durch-Planen-geschuetzt-300x200.jpg 300w, https:\/\/www.rekubik.de\/magazin\/wp-content\/uploads\/2024\/11\/Beete-durch-Planen-geschuetzt-768x512.jpg 768w\" sizes=\"(max-width: 850px) 100vw, 850px\" \/><figcaption id=\"caption-attachment-23568\" class=\"wp-caption-text\">\u00a9 Aleksey &#8211; stock.adobe.com<\/figcaption><\/figure>\n<h3>Vor Frost gesch\u00fctzte Standorte \u2013 Topf- und K\u00fcbelpflanzen umlagern<\/h3>\n<p style=\"text-align: justify;\">Eine oft vergessene, aber meist besonders wirksame Ma\u00dfnahme, um Gartenpflanzen winterfest zu machen, ist der Umzug an einen gesch\u00fctzten Standort. Damit sind nicht Keller oder Garage gemeint, was f\u00fcr viele gr\u00f6\u00dfere Pflanztr\u00f6ge meist schon am Platz scheitert. Auch im Au\u00dfenbereich finden sich viele f\u00fcr die Gartenbewohner geeignete Standorte, an denen Frost weniger intensiv ausf\u00e4llt. Das sind Standorte, an denen der Wind weniger Angriffsm\u00f6glichkeiten hat und auch der eigentliche Frost geringer ausf\u00e4llt. Ein typischer Winterschutz ist daher ein Standort unter einer Terrassen\u00fcberdachung oder einem anderen Vordach, sowie ein geb\u00e4udenaher Platz. Die windgesch\u00fctzten Seiten des Wohnhauses bieten viel Potenzial, um zahlreiche Pflanztr\u00f6ge sicher f\u00fcr den Winter vorzubereiten und winterfest zu machen. Zudem strahlen selbst optimal isolierte Geb\u00e4ude immer etwas W\u00e4rme ab und sorgen so unmittelbar an der Au\u00dfenwand f\u00fcr etwas vorteilhaftere Temperaturen.<\/p>\n<figure id=\"attachment_23570\" aria-describedby=\"caption-attachment-23570\" style=\"width: 850px\" class=\"wp-caption aligncenter\"><img loading=\"lazy\" decoding=\"async\" class=\"wp-image-23570 size-full\" title=\"K\u00fcbelpflanzen sollten, sofern die M\u00f6glichkeit gegeben ist, in einen gesch\u00fctzten Bereich gebracht werden\" src=\"https:\/\/www.rekubik.de\/magazin\/wp-content\/uploads\/2024\/11\/Kuebelpflanzen-im-Gewaechshaus.jpg\" alt=\"K\u00fcbelpflanzen-im-Gew\u00e4chshaus\" width=\"850\" height=\"567\" srcset=\"https:\/\/www.rekubik.de\/magazin\/wp-content\/uploads\/2024\/11\/Kuebelpflanzen-im-Gewaechshaus.jpg 850w, https:\/\/www.rekubik.de\/magazin\/wp-content\/uploads\/2024\/11\/Kuebelpflanzen-im-Gewaechshaus-300x200.jpg 300w, https:\/\/www.rekubik.de\/magazin\/wp-content\/uploads\/2024\/11\/Kuebelpflanzen-im-Gewaechshaus-768x512.jpg 768w\" sizes=\"(max-width: 850px) 100vw, 850px\" \/><figcaption id=\"caption-attachment-23570\" class=\"wp-caption-text\">\u00a9 fichtelsonne &#8211; stock.adobe.com<\/figcaption><\/figure>\n<h2>Ab Mitte November Pflanzen winterfest machen!<\/h2>\n<p style=\"text-align: justify;\">Im heimischen Garten stehen mit Beginn des Winters wichtige Aufgaben an, besonders f\u00fcr empfindlichere Nutz- und Zierpflanzen. Neben dem Einpacken und Abdecken ist es wichtig, windgesch\u00fctzte und frostfreie Standorte zu w\u00e4hlen. Vergessen Sie dabei auch nicht Ihr Bew\u00e4sserungssystem und eventuell vorhandene <a href=\"https:\/\/www.rekubik.de\/ibc-container\/\">IBC-Container<\/a>. Diese sollten rechtzeitig entleert oder vor Frost gesch\u00fctzt werden, um Sch\u00e4den durch gefrorenes Wasser zu vermeiden.<\/p>\n<p><a href=\"https:\/\/www.rekubik.de\/ibc-zubehoer\/thermohaube\/ibc-thermohaube-mit-reissverschluss-hitze-frostschutz\"><img loading=\"lazy\" decoding=\"async\" class=\"aligncenter wp-image-18415 size-full\" title=\"IBC Thermohaube mit Rei\u00dfverschluss Hitze- &amp; Frostschutz\" src=\"https:\/\/www.rekubik.de\/magazin\/wp-content\/uploads\/2024\/09\/ibc-thermohaube-mit-reissverschluss-hitze-frostschutz-1.jpg\" alt=\"IBC Thermohaube mit Rei\u00dfverschluss Hitze- &amp; Frostschutz\" width=\"500\" height=\"500\" srcset=\"https:\/\/www.rekubik.de\/magazin\/wp-content\/uploads\/2024\/09\/ibc-thermohaube-mit-reissverschluss-hitze-frostschutz-1.jpg 500w, https:\/\/www.rekubik.de\/magazin\/wp-content\/uploads\/2024\/09\/ibc-thermohaube-mit-reissverschluss-hitze-frostschutz-1-300x300.jpg 300w, https:\/\/www.rekubik.de\/magazin\/wp-content\/uploads\/2024\/09\/ibc-thermohaube-mit-reissverschluss-hitze-frostschutz-1-150x150.jpg 150w\" sizes=\"(max-width: 500px) 100vw, 500px\" \/><\/a><\/p>\n<p style=\"text-align: justify;\">Mit diesen einfachen Schutzma\u00dfnahmen helfen Sie nicht nur Ihren Pflanzen, sondern auch Ihrer Garteninfrastruktur, sicher durch den Winter zu kommen. Denken Sie also daran: Mit etwas Vorbereitung \u00fcberstehen Ihre Nutz- und Zierpflanzen den Winter unbeschadet. Machen Sie jetzt alles winterfest, damit Sie im Fr\u00fchling wieder voller Freude durchstarten k\u00f6nnen.<\/p>\n","protected":false},"excerpt":{"rendered":"<p>\u00ab Tipps f\u00fcr den Winter- und Frostschutz in Ihrem Garten \u00bb Der Sommer ist vor\u00fcber und das Gartenjahr neigt sich dem Ende zu. Mit nahender Winterzeit kommen die &#8222;Bewohner&#8220; des Gartens zur Ruhe und treten h\u00e4ufig in die winterliche Ruhephase ein. Damit sie diese als Vorbereitung auf die kommende Wachstumssaison gut \u00fcberdauern, brauchen nicht nur &hellip;<\/p>\n","protected":false},"author":1,"featured_media":23554,"comment_status":"closed","ping_status":"open","sticky":false,"template":"","format":"standard","meta":{"footnotes":""},"categories":[1],"tags":[2777,2776,2323,2773,2578,2772,2778,2779,2774,2775],"class_list":["post-23549","post","type-post","status-publish","format-standard","has-post-thumbnail","","category-ibc-garten","tag-beete-winterfest","tag-frostschutz-fuer-pflanzen","tag-garten-im-winter","tag-pflanzen-abdecken","tag-pflanzen-vor-frost-schuetzen","tag-pflanzen-winterfest-machen","tag-topf-und-kuebelpflanzen-umlagern","tag-wann-pflanzen-winterfest-machen","tag-winterschutz-fuer-pflanzen","tag-wirksamer-winterschutz"],"yoast_head":"<!-- This site is optimized with the Yoast SEO plugin v23.5 - https:\/\/yoast.com\/wordpress\/plugins\/seo\/ -->\n<title>Ab wann m\u00fcssen Sie Ihre Pflanzen winterfest machen? - REKUBIK\u00ae Magazin<\/title>\n<meta name=\"description\" content=\"Ab wann m\u00fcssen Sie Ihre Pflanzen im Garten winterfest machen? \u2714 Infos &amp; \u2714 Tipps zum idealen Zeitpunkt f\u00fcr Zier- und Nutzpflanzen | rekubik.de\" \/>\n<meta name=\"robots\" content=\"index, follow, max-snippet:-1, max-image-preview:large, max-video-preview:-1\" \/>\n<link rel=\"canonical\" href=\"https:\/\/www.rekubik.de\/magazin\/ab-wann-muessen-sie-ihre-pflanzen-winterfest-machen\/\" \/>\n<meta property=\"og:locale\" content=\"de_DE\" \/>\n<meta property=\"og:type\" content=\"article\" \/>\n<meta property=\"og:title\" content=\"Ab wann m\u00fcssen Sie Ihre Pflanzen winterfest machen? - REKUBIK\u00ae Magazin\" \/>\n<meta property=\"og:description\" content=\"Ab wann m\u00fcssen Sie Ihre Pflanzen im Garten winterfest machen? \u2714 Infos &amp; \u2714 Tipps zum idealen Zeitpunkt f\u00fcr Zier- und Nutzpflanzen | rekubik.de\" \/>\n<meta property=\"og:url\" content=\"https:\/\/www.rekubik.de\/magazin\/ab-wann-muessen-sie-ihre-pflanzen-winterfest-machen\/\" \/>\n<meta property=\"og:site_name\" content=\"REKUBIK\u00ae Magazin\" \/>\n<meta property=\"article:published_time\" content=\"2024-11-11T09:00:59+00:00\" \/>\n<meta property=\"article:modified_time\" content=\"2024-11-08T15:19:22+00:00\" \/>\n<meta property=\"og:image\" content=\"https:\/\/www.rekubik.de\/magazin\/wp-content\/uploads\/2026\/11\/Garten-WIntervorbereitung.jpg\" \/>\n\t<meta property=\"og:image:width\" content=\"1200\" \/>\n\t<meta property=\"og:image:height\" content=\"666\" \/>\n\t<meta property=\"og:image:type\" content=\"image\/jpeg\" \/>\n<meta name=\"author\" content=\"admin\" \/>\n<meta name=\"twitter:card\" content=\"summary_large_image\" \/>\n<meta name=\"twitter:label1\" content=\"Geschrieben von\" \/>\n\t<meta name=\"twitter:data1\" content=\"admin\" \/>\n\t<meta name=\"twitter:label2\" content=\"Gesch\u00e4tzte Lesezeit\" \/>\n\t<meta name=\"twitter:data2\" content=\"9\u00a0Minuten\" \/>\n<script type=\"application\/ld+json\" class=\"yoast-schema-graph\">{\"@context\":\"https:\/\/schema.org\",\"@graph\":[{\"@type\":\"Article\",\"@id\":\"https:\/\/www.rekubik.de\/magazin\/ab-wann-muessen-sie-ihre-pflanzen-winterfest-machen\/#article\",\"isPartOf\":{\"@id\":\"https:\/\/www.rekubik.de\/magazin\/ab-wann-muessen-sie-ihre-pflanzen-winterfest-machen\/\"},\"author\":{\"name\":\"admin\",\"@id\":\"https:\/\/www.rekubik.de\/magazin\/#\/schema\/person\/d5faea021aac94edeeb8e47cf06771c7\"},\"headline\":\"Ab wann m\u00fcssen Sie Ihre Pflanzen winterfest machen?\",\"datePublished\":\"2024-11-11T09:00:59+00:00\",\"dateModified\":\"2024-11-08T15:19:22+00:00\",\"mainEntityOfPage\":{\"@id\":\"https:\/\/www.rekubik.de\/magazin\/ab-wann-muessen-sie-ihre-pflanzen-winterfest-machen\/\"},\"wordCount\":1325,\"publisher\":{\"@id\":\"https:\/\/www.rekubik.de\/magazin\/#organization\"},\"image\":{\"@id\":\"https:\/\/www.rekubik.de\/magazin\/ab-wann-muessen-sie-ihre-pflanzen-winterfest-machen\/#primaryimage\"},\"thumbnailUrl\":\"https:\/\/www.rekubik.de\/magazin\/wp-content\/uploads\/2026\/11\/Garten-WIntervorbereitung.jpg\",\"keywords\":[\"Beete winterfest\",\"Frostschutz f\u00fcr Pflanzen\",\"garten im winter\",\"Pflanzen abdecken\",\"Pflanzen vor Frost sch\u00fctzen\",\"Pflanzen winterfest machen\",\"Topf- und K\u00fcbelpflanzen umlagern\",\"wann Pflanzen winterfest machen\",\"Winterschutz f\u00fcr Pflanzen\",\"wirksamer Winterschutz\"],\"articleSection\":[\"IBC IM GARTEN\"],\"inLanguage\":\"de\"},{\"@type\":\"WebPage\",\"@id\":\"https:\/\/www.rekubik.de\/magazin\/ab-wann-muessen-sie-ihre-pflanzen-winterfest-machen\/\",\"url\":\"https:\/\/www.rekubik.de\/magazin\/ab-wann-muessen-sie-ihre-pflanzen-winterfest-machen\/\",\"name\":\"Ab wann m\u00fcssen Sie Ihre Pflanzen winterfest machen? - REKUBIK\u00ae Magazin\",\"isPartOf\":{\"@id\":\"https:\/\/www.rekubik.de\/magazin\/#website\"},\"primaryImageOfPage\":{\"@id\":\"https:\/\/www.rekubik.de\/magazin\/ab-wann-muessen-sie-ihre-pflanzen-winterfest-machen\/#primaryimage\"},\"image\":{\"@id\":\"https:\/\/www.rekubik.de\/magazin\/ab-wann-muessen-sie-ihre-pflanzen-winterfest-machen\/#primaryimage\"},\"thumbnailUrl\":\"https:\/\/www.rekubik.de\/magazin\/wp-content\/uploads\/2026\/11\/Garten-WIntervorbereitung.jpg\",\"datePublished\":\"2024-11-11T09:00:59+00:00\",\"dateModified\":\"2024-11-08T15:19:22+00:00\",\"description\":\"Ab wann m\u00fcssen Sie Ihre Pflanzen im Garten winterfest machen? \u2714 Infos & \u2714 Tipps zum idealen Zeitpunkt f\u00fcr Zier- und Nutzpflanzen | rekubik.de\",\"breadcrumb\":{\"@id\":\"https:\/\/www.rekubik.de\/magazin\/ab-wann-muessen-sie-ihre-pflanzen-winterfest-machen\/#breadcrumb\"},\"inLanguage\":\"de\",\"potentialAction\":[{\"@type\":\"ReadAction\",\"target\":[\"https:\/\/www.rekubik.de\/magazin\/ab-wann-muessen-sie-ihre-pflanzen-winterfest-machen\/\"]}]},{\"@type\":\"ImageObject\",\"inLanguage\":\"de\",\"@id\":\"https:\/\/www.rekubik.de\/magazin\/ab-wann-muessen-sie-ihre-pflanzen-winterfest-machen\/#primaryimage\",\"url\":\"https:\/\/www.rekubik.de\/magazin\/wp-content\/uploads\/2026\/11\/Garten-WIntervorbereitung.jpg\",\"contentUrl\":\"https:\/\/www.rekubik.de\/magazin\/wp-content\/uploads\/2026\/11\/Garten-WIntervorbereitung.jpg\",\"width\":1200,\"height\":666,\"caption\":\"\u00a9 Olga - stock.adobe.com\"},{\"@type\":\"BreadcrumbList\",\"@id\":\"https:\/\/www.rekubik.de\/magazin\/ab-wann-muessen-sie-ihre-pflanzen-winterfest-machen\/#breadcrumb\",\"itemListElement\":[{\"@type\":\"ListItem\",\"position\":1,\"name\":\"Home\",\"item\":\"https:\/\/www.rekubik.de\/magazin\/\"},{\"@type\":\"ListItem\",\"position\":2,\"name\":\"Ab wann m\u00fcssen Sie Ihre Pflanzen winterfest machen?\"}]},{\"@type\":\"WebSite\",\"@id\":\"https:\/\/www.rekubik.de\/magazin\/#website\",\"url\":\"https:\/\/www.rekubik.de\/magazin\/\",\"name\":\"REKUBIK\u00ae Magazin\",\"description\":\"\",\"publisher\":{\"@id\":\"https:\/\/www.rekubik.de\/magazin\/#organization\"},\"potentialAction\":[{\"@type\":\"SearchAction\",\"target\":{\"@type\":\"EntryPoint\",\"urlTemplate\":\"https:\/\/www.rekubik.de\/magazin\/?s={search_term_string}\"},\"query-input\":{\"@type\":\"PropertyValueSpecification\",\"valueRequired\":true,\"valueName\":\"search_term_string\"}}],\"inLanguage\":\"de\"},{\"@type\":\"Organization\",\"@id\":\"https:\/\/www.rekubik.de\/magazin\/#organization\",\"name\":\"Rekubik\",\"url\":\"https:\/\/www.rekubik.de\/magazin\/\",\"logo\":{\"@type\":\"ImageObject\",\"inLanguage\":\"de\",\"@id\":\"https:\/\/www.rekubik.de\/magazin\/#\/schema\/logo\/image\/\",\"url\":\"https:\/\/www.rekubik.de\/magazin\/wp-content\/uploads\/2017\/12\/rekubik-LOGO-Shopware.png\",\"contentUrl\":\"https:\/\/www.rekubik.de\/magazin\/wp-content\/uploads\/2017\/12\/rekubik-LOGO-Shopware.png\",\"width\":200,\"height\":50,\"caption\":\"Rekubik\"},\"image\":{\"@id\":\"https:\/\/www.rekubik.de\/magazin\/#\/schema\/logo\/image\/\"}},{\"@type\":\"Person\",\"@id\":\"https:\/\/www.rekubik.de\/magazin\/#\/schema\/person\/d5faea021aac94edeeb8e47cf06771c7\",\"name\":\"admin\",\"image\":{\"@type\":\"ImageObject\",\"inLanguage\":\"de\",\"@id\":\"https:\/\/www.rekubik.de\/magazin\/#\/schema\/person\/image\/\",\"url\":\"https:\/\/secure.gravatar.com\/avatar\/a794a4fe8a9b9c52241597eb381dfa2e?s=96&d=mm&r=g\",\"contentUrl\":\"https:\/\/secure.gravatar.com\/avatar\/a794a4fe8a9b9c52241597eb381dfa2e?s=96&d=mm&r=g\",\"caption\":\"admin\"}}]}<\/script>\n<!-- \/ Yoast SEO plugin. -->","yoast_head_json":{"title":"Ab wann m\u00fcssen Sie Ihre Pflanzen winterfest machen? - REKUBIK\u00ae Magazin","description":"Ab wann m\u00fcssen Sie Ihre Pflanzen im Garten winterfest machen? \u2714 Infos & \u2714 Tipps zum idealen Zeitpunkt f\u00fcr Zier- und Nutzpflanzen | rekubik.de","robots":{"index":"index","follow":"follow","max-snippet":"max-snippet:-1","max-image-preview":"max-image-preview:large","max-video-preview":"max-video-preview:-1"},"canonical":"https:\/\/www.rekubik.de\/magazin\/ab-wann-muessen-sie-ihre-pflanzen-winterfest-machen\/","og_locale":"de_DE","og_type":"article","og_title":"Ab wann m\u00fcssen Sie Ihre Pflanzen winterfest machen? - REKUBIK\u00ae Magazin","og_description":"Ab wann m\u00fcssen Sie Ihre Pflanzen im Garten winterfest machen? \u2714 Infos & \u2714 Tipps zum idealen Zeitpunkt f\u00fcr Zier- und Nutzpflanzen | rekubik.de","og_url":"https:\/\/www.rekubik.de\/magazin\/ab-wann-muessen-sie-ihre-pflanzen-winterfest-machen\/","og_site_name":"REKUBIK\u00ae Magazin","article_published_time":"2024-11-11T09:00:59+00:00","article_modified_time":"2024-11-08T15:19:22+00:00","og_image":[{"width":1200,"height":666,"url":"https:\/\/www.rekubik.de\/magazin\/wp-content\/uploads\/2026\/11\/Garten-WIntervorbereitung.jpg","type":"image\/jpeg"}],"author":"admin","twitter_card":"summary_large_image","twitter_misc":{"Geschrieben von":"admin","Gesch\u00e4tzte Lesezeit":"9\u00a0Minuten"},"schema":{"@context":"https:\/\/schema.org","@graph":[{"@type":"Article","@id":"https:\/\/www.rekubik.de\/magazin\/ab-wann-muessen-sie-ihre-pflanzen-winterfest-machen\/#article","isPartOf":{"@id":"https:\/\/www.rekubik.de\/magazin\/ab-wann-muessen-sie-ihre-pflanzen-winterfest-machen\/"},"author":{"name":"admin","@id":"https:\/\/www.rekubik.de\/magazin\/#\/schema\/person\/d5faea021aac94edeeb8e47cf06771c7"},"headline":"Ab wann m\u00fcssen Sie Ihre Pflanzen winterfest machen?","datePublished":"2024-11-11T09:00:59+00:00","dateModified":"2024-11-08T15:19:22+00:00","mainEntityOfPage":{"@id":"https:\/\/www.rekubik.de\/magazin\/ab-wann-muessen-sie-ihre-pflanzen-winterfest-machen\/"},"wordCount":1325,"publisher":{"@id":"https:\/\/www.rekubik.de\/magazin\/#organization"},"image":{"@id":"https:\/\/www.rekubik.de\/magazin\/ab-wann-muessen-sie-ihre-pflanzen-winterfest-machen\/#primaryimage"},"thumbnailUrl":"https:\/\/www.rekubik.de\/magazin\/wp-content\/uploads\/2026\/11\/Garten-WIntervorbereitung.jpg","keywords":["Beete winterfest","Frostschutz f\u00fcr Pflanzen","garten im winter","Pflanzen abdecken","Pflanzen vor Frost sch\u00fctzen","Pflanzen winterfest machen","Topf- und K\u00fcbelpflanzen umlagern","wann Pflanzen winterfest machen","Winterschutz f\u00fcr Pflanzen","wirksamer Winterschutz"],"articleSection":["IBC IM GARTEN"],"inLanguage":"de"},{"@type":"WebPage","@id":"https:\/\/www.rekubik.de\/magazin\/ab-wann-muessen-sie-ihre-pflanzen-winterfest-machen\/","url":"https:\/\/www.rekubik.de\/magazin\/ab-wann-muessen-sie-ihre-pflanzen-winterfest-machen\/","name":"Ab wann m\u00fcssen Sie Ihre Pflanzen winterfest machen? - REKUBIK\u00ae Magazin","isPartOf":{"@id":"https:\/\/www.rekubik.de\/magazin\/#website"},"primaryImageOfPage":{"@id":"https:\/\/www.rekubik.de\/magazin\/ab-wann-muessen-sie-ihre-pflanzen-winterfest-machen\/#primaryimage"},"image":{"@id":"https:\/\/www.rekubik.de\/magazin\/ab-wann-muessen-sie-ihre-pflanzen-winterfest-machen\/#primaryimage"},"thumbnailUrl":"https:\/\/www.rekubik.de\/magazin\/wp-content\/uploads\/2026\/11\/Garten-WIntervorbereitung.jpg","datePublished":"2024-11-11T09:00:59+00:00","dateModified":"2024-11-08T15:19:22+00:00","description":"Ab wann m\u00fcssen Sie Ihre Pflanzen im Garten winterfest machen? \u2714 Infos & \u2714 Tipps zum idealen Zeitpunkt f\u00fcr Zier- und Nutzpflanzen | rekubik.de","breadcrumb":{"@id":"https:\/\/www.rekubik.de\/magazin\/ab-wann-muessen-sie-ihre-pflanzen-winterfest-machen\/#breadcrumb"},"inLanguage":"de","potentialAction":[{"@type":"ReadAction","target":["https:\/\/www.rekubik.de\/magazin\/ab-wann-muessen-sie-ihre-pflanzen-winterfest-machen\/"]}]},{"@type":"ImageObject","inLanguage":"de","@id":"https:\/\/www.rekubik.de\/magazin\/ab-wann-muessen-sie-ihre-pflanzen-winterfest-machen\/#primaryimage","url":"https:\/\/www.rekubik.de\/magazin\/wp-content\/uploads\/2026\/11\/Garten-WIntervorbereitung.jpg","contentUrl":"https:\/\/www.rekubik.de\/magazin\/wp-content\/uploads\/2026\/11\/Garten-WIntervorbereitung.jpg","width":1200,"height":666,"caption":"\u00a9 Olga - stock.adobe.com"},{"@type":"BreadcrumbList","@id":"https:\/\/www.rekubik.de\/magazin\/ab-wann-muessen-sie-ihre-pflanzen-winterfest-machen\/#breadcrumb","itemListElement":[{"@type":"ListItem","position":1,"name":"Home","item":"https:\/\/www.rekubik.de\/magazin\/"},{"@type":"ListItem","position":2,"name":"Ab wann m\u00fcssen Sie Ihre Pflanzen winterfest machen?"}]},{"@type":"WebSite","@id":"https:\/\/www.rekubik.de\/magazin\/#website","url":"https:\/\/www.rekubik.de\/magazin\/","name":"REKUBIK\u00ae Magazin","description":"","publisher":{"@id":"https:\/\/www.rekubik.de\/magazin\/#organization"},"potentialAction":[{"@type":"SearchAction","target":{"@type":"EntryPoint","urlTemplate":"https:\/\/www.rekubik.de\/magazin\/?s={search_term_string}"},"query-input":{"@type":"PropertyValueSpecification","valueRequired":true,"valueName":"search_term_string"}}],"inLanguage":"de"},{"@type":"Organization","@id":"https:\/\/www.rekubik.de\/magazin\/#organization","name":"Rekubik","url":"https:\/\/www.rekubik.de\/magazin\/","logo":{"@type":"ImageObject","inLanguage":"de","@id":"https:\/\/www.rekubik.de\/magazin\/#\/schema\/logo\/image\/","url":"https:\/\/www.rekubik.de\/magazin\/wp-content\/uploads\/2017\/12\/rekubik-LOGO-Shopware.png","contentUrl":"https:\/\/www.rekubik.de\/magazin\/wp-content\/uploads\/2017\/12\/rekubik-LOGO-Shopware.png","width":200,"height":50,"caption":"Rekubik"},"image":{"@id":"https:\/\/www.rekubik.de\/magazin\/#\/schema\/logo\/image\/"}},{"@type":"Person","@id":"https:\/\/www.rekubik.de\/magazin\/#\/schema\/person\/d5faea021aac94edeeb8e47cf06771c7","name":"admin","image":{"@type":"ImageObject","inLanguage":"de","@id":"https:\/\/www.rekubik.de\/magazin\/#\/schema\/person\/image\/","url":"https:\/\/secure.gravatar.com\/avatar\/a794a4fe8a9b9c52241597eb381dfa2e?s=96&d=mm&r=g","contentUrl":"https:\/\/secure.gravatar.com\/avatar\/a794a4fe8a9b9c52241597eb381dfa2e?s=96&d=mm&r=g","caption":"admin"}}]}},"_links":{"self":[{"href":"https:\/\/www.rekubik.de\/magazin\/wp-json\/wp\/v2\/posts\/23549"}],"collection":[{"href":"https:\/\/www.rekubik.de\/magazin\/wp-json\/wp\/v2\/posts"}],"about":[{"href":"https:\/\/www.rekubik.de\/magazin\/wp-json\/wp\/v2\/types\/post"}],"author":[{"embeddable":true,"href":"https:\/\/www.rekubik.de\/magazin\/wp-json\/wp\/v2\/users\/1"}],"replies":[{"embeddable":true,"href":"https:\/\/www.rekubik.de\/magazin\/wp-json\/wp\/v2\/comments?post=23549"}],"version-history":[{"count":16,"href":"https:\/\/www.rekubik.de\/magazin\/wp-json\/wp\/v2\/posts\/23549\/revisions"}],"predecessor-version":[{"id":23574,"href":"https:\/\/www.rekubik.de\/magazin\/wp-json\/wp\/v2\/posts\/23549\/revisions\/23574"}],"wp:featuredmedia":[{"embeddable":true,"href":"https:\/\/www.rekubik.de\/magazin\/wp-json\/wp\/v2\/media\/23554"}],"wp:attachment":[{"href":"https:\/\/www.rekubik.de\/magazin\/wp-json\/wp\/v2\/media?parent=23549"}],"wp:term":[{"taxonomy":"category","embeddable":true,"href":"https:\/\/www.rekubik.de\/magazin\/wp-json\/wp\/v2\/categories?post=23549"},{"taxonomy":"post_tag","embeddable":true,"href":"https:\/\/www.rekubik.de\/magazin\/wp-json\/wp\/v2\/tags?post=23549"}],"curies":[{"name":"wp","href":"https:\/\/api.w.org\/{rel}","templated":true}]}}