{"id":23551,"date":"2024-11-13T10:00:44","date_gmt":"2024-11-13T09:00:44","guid":{"rendered":"https:\/\/www.rekubik.de\/magazin\/?p=23551"},"modified":"2025-11-04T08:40:51","modified_gmt":"2025-11-04T07:40:51","slug":"was-blueht-im-winter-draussen","status":"publish","type":"post","link":"https:\/\/www.rekubik.de\/magazin\/was-blueht-im-winter-draussen\/","title":{"rendered":"Was bl\u00fcht im Winter drau\u00dfen?"},"content":{"rendered":"<h2>\u00ab Kreative Ideen f\u00fcr dekorative Winterbl\u00fcher \u00bb<\/h2>\n<p style=\"text-align: justify;\"><strong>Was bl\u00fcht eigentlich im Winter? Mehr, als Sie vielleicht denken! Selbst wenn alles um uns herum grau erscheint, gibt es Winterbl\u00fcher, die gerade in dieser Zeit ihre Farbenpracht entfalten. Wir stellen Ihnen einige dieser frostharten Pflanzen vor und verraten Ihnen, wie Sie mit Winterbl\u00fchern Ihren Garten auch in den kalten Monaten lebendig und farbenfroh gestalten k\u00f6nnen. <\/strong><\/p>\n<h2>Winterbl\u00fchende Pflanzen: Ein Hauch von Farbe in der kalten Jahreszeit<\/h2>\n<p style=\"text-align: justify;\">Welche Pflanzen bl\u00fchen im Winter und was macht sie so besonders? Winterbl\u00fchende Pflanzen sind nicht nur winterhart, sondern haben die erstaunliche F\u00e4higkeit, auch bei Frost drau\u00dfen ihre Bl\u00fcten zu zeigen. Im Gegensatz zu den meisten Gew\u00e4chsen, die in die Winterruhe gehen, bringen sie Farbe in den Garten, wenn alles andere karg und grau wirkt. Doch nicht jede winterharte Pflanze bl\u00fcht auch im Winter. Welche Pflanzenarten schaffen es, selbst in der kalten Jahreszeit f\u00fcr Farbtupfer zu sorgen? Immergr\u00fcne Pflanzen werden oft mit winterharten Gew\u00e4chsen verwechselt, obwohl sie sich deutlich unterscheiden. Winterharte Pflanzen \u00fcberstehen Frost ohne Schaden, w\u00e4hrend immergr\u00fcne Pflanzen ihre Bl\u00e4tter auch in der Winterzeit behalten. Das bedeutet jedoch nicht, dass immergr\u00fcne Pflanzen automatisch im Winter drau\u00dfen bl\u00fchen. Winterbl\u00fchende Pflanzen sind immer winterhart und oft immergr\u00fcn, aber nicht jede winterharte oder immergr\u00fcne Pflanze bringt in der kalten Jahreszeit Bl\u00fcten hervor.<\/p>\n<figure id=\"attachment_23588\" aria-describedby=\"caption-attachment-23588\" style=\"width: 850px\" class=\"wp-caption aligncenter\"><img loading=\"lazy\" decoding=\"async\" class=\"wp-image-23588 size-full\" title=\"Kornelkirschen bl\u00fchen im Winter\" src=\"https:\/\/www.rekubik.de\/magazin\/wp-content\/uploads\/2026\/11\/Kornelkirsche-blueht-im-WInter.jpg\" alt=\"Kornelkirsche bl\u00fcht im WInter\" width=\"850\" height=\"567\" srcset=\"https:\/\/www.rekubik.de\/magazin\/wp-content\/uploads\/2026\/11\/Kornelkirsche-blueht-im-WInter.jpg 850w, https:\/\/www.rekubik.de\/magazin\/wp-content\/uploads\/2026\/11\/Kornelkirsche-blueht-im-WInter-300x200.jpg 300w, https:\/\/www.rekubik.de\/magazin\/wp-content\/uploads\/2026\/11\/Kornelkirsche-blueht-im-WInter-768x512.jpg 768w\" sizes=\"(max-width: 850px) 100vw, 850px\" \/><figcaption id=\"caption-attachment-23588\" class=\"wp-caption-text\">\u00a9 Iwona &#8211; stock.adobe.com<\/figcaption><\/figure>\n<h2>Ein wichtiger Tipp f\u00fcr die Gartenpflege in der Winterzeit<\/h2>\n<p style=\"text-align: justify;\">Vergessen Sie nicht, dass winterbl\u00fchende Pflanzen auch in der kalten Jahreszeit auf eine ausgewogene Wasserversorgung angewiesen sind. <a href=\"https:\/\/www.rekubik.de\/bewaesserung\/\">Gartenbew\u00e4sserungssysteme<\/a>, <a href=\"https:\/\/www.rekubik.de\/bewaesserung\/pumpe\/\">Gartenpumpen<\/a> und Wasserspeicher wie <a href=\"https:\/\/www.rekubik.de\/ibc-container\/\">IBC Container<\/a>, die im Sommer drau\u00dfen genutzt werden, sollten vor der kalten Jahreszeit frostfest gemacht werden. An frostfreien Tagen ist es besonders wichtig, Ihre Gartenpflanzen zu w\u00e4ssern.<\/p>\n<p><a href=\"https:\/\/www.rekubik.de\/ibc-zubehoer\/thermohaube\/1000l-ibc-isoliermantel-hitze-frostschutz\"><img loading=\"lazy\" decoding=\"async\" class=\"aligncenter wp-image-18606\" title=\"1000l IBC Isoliermantel Hitze- &amp; Frostschutz\" src=\"https:\/\/www.rekubik.de\/magazin\/wp-content\/uploads\/2023\/10\/ibc-isoliermantel-hitze-frostschutz.jpg\" alt=\"1000l IBC Isoliermantel Hitze- &amp; Frostschutz\" width=\"495\" height=\"495\" srcset=\"https:\/\/www.rekubik.de\/magazin\/wp-content\/uploads\/2023\/10\/ibc-isoliermantel-hitze-frostschutz.jpg 800w, https:\/\/www.rekubik.de\/magazin\/wp-content\/uploads\/2023\/10\/ibc-isoliermantel-hitze-frostschutz-300x300.jpg 300w, https:\/\/www.rekubik.de\/magazin\/wp-content\/uploads\/2023\/10\/ibc-isoliermantel-hitze-frostschutz-150x150.jpg 150w, https:\/\/www.rekubik.de\/magazin\/wp-content\/uploads\/2023\/10\/ibc-isoliermantel-hitze-frostschutz-768x768.jpg 768w\" sizes=\"(max-width: 495px) 100vw, 495px\" \/><\/a><\/p>\n<p style=\"text-align: justify;\">K\u00fcbelpflanzen profitieren hiervon besonders, da sie weniger Wasserreserven im Boden speichern k\u00f6nnen. <a href=\"https:\/\/www.rekubik.de\/bewaesserung\/tropfbewaesserung\/\">Tr\u00f6pfchenbew\u00e4sserung<\/a> kann dabei eine effektive Methode sein, um den Wasserbedarf gezielt zu decken und die Gartenpflanzen gleichm\u00e4\u00dfig zu versorgen, ohne sie zu \u00fcberw\u00e4ssern. Nach diesen Tipps zur Bew\u00e4sserung ist es auch wichtig, den richtigen Winterschutz f\u00fcr Ihre Winterbl\u00fcher drau\u00dfen zu beachten. Viele dieser Zierpflanzen sind winterhart und kommen gut mit Frost klar, vor allem im Beet. Dennoch profitieren empfindlichere Arten und K\u00fcbelpflanzen von zus\u00e4tzlichem Schutz. Eine Mulch- oder Reisigdecke hilft, den drau\u00dfen Boden vor extremen Temperaturen zu bewahren. Junge oder frisch gepflanzte Winterbl\u00fcher sollten in den ersten Jahren besonders gut gesch\u00fctzt werden, um ihnen das Anwachsen zu erleichtern und sie vor Frostsch\u00e4den zu bewahren.<\/p>\n<figure id=\"attachment_23603\" aria-describedby=\"caption-attachment-23603\" style=\"width: 618px\" class=\"wp-caption aligncenter\"><img loading=\"lazy\" decoding=\"async\" class=\"wp-image-23603 size-large\" title=\"Sowohl ausreichende Wasserversorgung als auch Schutz der Pflanzen sollte man im Winter im Auge haben\" src=\"https:\/\/www.rekubik.de\/magazin\/wp-content\/uploads\/2026\/11\/Winter.Tropfbewaesserung-1024x606.jpg\" alt=\"Winter Tropfbew\u00e4sserung\" width=\"618\" height=\"366\" srcset=\"https:\/\/www.rekubik.de\/magazin\/wp-content\/uploads\/2026\/11\/Winter.Tropfbewaesserung-1024x606.jpg 1024w, https:\/\/www.rekubik.de\/magazin\/wp-content\/uploads\/2026\/11\/Winter.Tropfbewaesserung-300x178.jpg 300w, https:\/\/www.rekubik.de\/magazin\/wp-content\/uploads\/2026\/11\/Winter.Tropfbewaesserung-768x455.jpg 768w, https:\/\/www.rekubik.de\/magazin\/wp-content\/uploads\/2026\/11\/Winter.Tropfbewaesserung.jpg 1236w\" sizes=\"(max-width: 618px) 100vw, 618px\" \/><figcaption id=\"caption-attachment-23603\" class=\"wp-caption-text\">\u00a9 Dragan &#8211; stock.adobe.com<\/figcaption><\/figure>\n<p>&nbsp;<\/p>\n<h2>Was bl\u00fcht im Winter drau\u00dfen? Ein \u00dcberblick<\/h2>\n<p style=\"text-align: justify;\">Viele Pflanzenarten, von Str\u00e4uchern und B\u00e4umen bis hin zu Stauden und Zwiebelgew\u00e4chsen, bl\u00fchen auch im Winter drau\u00dfen. Geh\u00f6lze wie Scheinhasel, Schneeball und Kornelkirsche bringen frische Farbtupfer in den Garten, genauso wie bl\u00fchende Stauden und zarte Zwiebelgew\u00e4chse wie Schneegl\u00f6ckchen. In den folgenden Abschnitten stellen wir Ihnen einige dieser Winterbl\u00fcher genauer vor, die Ihren Garten auch in der kalten Jahreszeit zum Leben erwecken.<\/p>\n<h3>Geh\u00f6lze &#8211; B\u00e4ume und Str\u00e4ucher<\/h3>\n<p style=\"text-align: justify;\">Was bl\u00fcht im Winter im Bereich der Geh\u00f6lze? Vor allem Str\u00e4ucher bringen auch in der kalten Jahreszeit drau\u00dfen Bl\u00fcten hervor, die man leicht \u00fcbersehen k\u00f6nnte. Weit verbreitet sind der Scheinhasel (Corylopsis pauciflora), Hartriegel (Cornus) und der Schneeball (Viburnum). Diese Str\u00e4ucher finden sich sowohl im Hausgarten als auch in der freien Natur. Kornelkirsche (Cornus mas), Heckenkirsche (Lonicera xylosteum) und Mahonie (Mahonia aquifolium) zeigen im Sp\u00e4twinter oder Fr\u00fchling ihre Bl\u00fctenpracht. Zu den nicht heimischen Arten geh\u00f6ren unter anderem die Zaubernuss (Hamamelis) und der Judasbaum (Cercis siliquastrum). Auch Winterjasmin (Jasminum nudiflorum) und die chinesische Winterbl\u00fcte (Chimonanthus praecox) bringen in der kalten Jahres<\/p>\n<figure id=\"attachment_23594\" aria-describedby=\"caption-attachment-23594\" style=\"width: 850px\" class=\"wp-caption aligncenter\"><img loading=\"lazy\" decoding=\"async\" class=\"wp-image-23594 size-full\" title=\"Schneeball (Viburnum) Str\u00e4ucher\" src=\"https:\/\/www.rekubik.de\/magazin\/wp-content\/uploads\/2026\/11\/Viburnum-Blueten-unter-Schnee.jpg\" alt=\"Schneeball (Viburnum) Str\u00e4ucher\" width=\"850\" height=\"520\" srcset=\"https:\/\/www.rekubik.de\/magazin\/wp-content\/uploads\/2026\/11\/Viburnum-Blueten-unter-Schnee.jpg 850w, https:\/\/www.rekubik.de\/magazin\/wp-content\/uploads\/2026\/11\/Viburnum-Blueten-unter-Schnee-300x184.jpg 300w, https:\/\/www.rekubik.de\/magazin\/wp-content\/uploads\/2026\/11\/Viburnum-Blueten-unter-Schnee-768x470.jpg 768w\" sizes=\"(max-width: 850px) 100vw, 850px\" \/><figcaption id=\"caption-attachment-23594\" class=\"wp-caption-text\">\u00a9 Iryna &#8211; stock.adobe.com<\/figcaption><\/figure>\n<h3>Stauden \u2013 Winterbl\u00fcher f\u00fcr Beet und Trog<\/h3>\n<p style=\"text-align: justify;\">Was bl\u00fcht im Winter drau\u00dfen im Bereich der Stauden? Die Vielfalt der Winterbl\u00fcher ist bei den Stauden noch gr\u00f6\u00dfer als bei den Str\u00e4uchern. Besonders die Gr\u00e4ser bieten eine gro\u00dfe Auswahl an Staudenarten, die auch in der Winterzeit bl\u00fchen. Ob japanische Segge (Carex morrowii), Strandhafer (Ammophila arenaria) oder Zittergras (Briza media), bei genauer Betrachtung zeigt sich ihre feine Bl\u00fctenpracht. Immer beliebter werden auch Heidearten (Calluna vulgaris), die mit einem dichten Bl\u00fctenteppich in verschiedensten Farben von Wei\u00df bis Rosa den Garten drau\u00dfen versch\u00f6nern. Stauden sind die ideale Erg\u00e4nzung f\u00fcr eine ganzj\u00e4hrige Gartengestaltung.<\/p>\n<figure id=\"attachment_23597\" aria-describedby=\"caption-attachment-23597\" style=\"width: 850px\" class=\"wp-caption aligncenter\"><img loading=\"lazy\" decoding=\"async\" class=\"wp-image-23597 size-full\" title=\"Heidekraut (Calluna vulgaris), Berggebiet in der N\u00e4he von Faschina, Vorarlberg, \u00d6sterreich\" src=\"https:\/\/www.rekubik.de\/magazin\/wp-content\/uploads\/2026\/11\/Heidekraut-Calluna-vulgaris-Berggebiet-in-der-Naehe-von-Faschina-Vorarlberg-Oesterreich.jpg\" alt=\"Heidekraut (Calluna vulgaris), Berggebiet in der N\u00e4he von Faschina, Vorarlberg, \u00d6sterreich\" width=\"850\" height=\"638\" srcset=\"https:\/\/www.rekubik.de\/magazin\/wp-content\/uploads\/2026\/11\/Heidekraut-Calluna-vulgaris-Berggebiet-in-der-Naehe-von-Faschina-Vorarlberg-Oesterreich.jpg 850w, https:\/\/www.rekubik.de\/magazin\/wp-content\/uploads\/2026\/11\/Heidekraut-Calluna-vulgaris-Berggebiet-in-der-Naehe-von-Faschina-Vorarlberg-Oesterreich-300x225.jpg 300w, https:\/\/www.rekubik.de\/magazin\/wp-content\/uploads\/2026\/11\/Heidekraut-Calluna-vulgaris-Berggebiet-in-der-Naehe-von-Faschina-Vorarlberg-Oesterreich-768x576.jpg 768w\" sizes=\"(max-width: 850px) 100vw, 850px\" \/><figcaption id=\"caption-attachment-23597\" class=\"wp-caption-text\">Von Robert Flogaus-Faust &#8211; Eigenes Werk, CC BY 4.0, https:\/\/commons.wikimedia.org\/w\/index.php?curid=71549148<\/figcaption><\/figure>\n<h3>Klein, unscheinbar und doch bl\u00fchend: h\u00fcbsche Zwiebelgew\u00e4chse<\/h3>\n<p style=\"text-align: justify;\">Auch kleinere Pflanzenarten bl\u00fchen im Winter und bringen Leben in Ihren Garten. Besonders Zwiebelgew\u00e4chse nutzen ihre gespeicherten Energiereserven, um auch in der k\u00e4ltesten Jahreszeit Bl\u00fcten hervorzubringen. Typische Vertreter sind Schneegl\u00f6ckchen (Galanthus) und Krokusse (Crocus), die den \u00dcbergang vom Winter zum Fr\u00fchjahr drau\u00dfen einl\u00e4uten. Wenn man den Zeitraum der kalten Jahreszeit etwas weiter fasst, lassen sich auch Glockenblumen (Campanula) und fr\u00fche Tulpen (Tulipa) zu den winterbl\u00fchenden Pflanzenarten z\u00e4hlen. Sie bl\u00fchen zwar nicht direkt in der tiefsten Winterzeit, sondern eher in den letzten frostigen Wochen oder im fr\u00fchen Fr\u00fchjahr.<\/p>\n<figure id=\"attachment_23601\" aria-describedby=\"caption-attachment-23601\" style=\"width: 850px\" class=\"wp-caption aligncenter\"><img loading=\"lazy\" decoding=\"async\" class=\"wp-image-23601 size-full\" title=\"Krokusse bl\u00fchen am Ende des Winters\" src=\"https:\/\/www.rekubik.de\/magazin\/wp-content\/uploads\/2026\/11\/Krokusse-im-Winter.jpg\" alt=\"Krokusse bl\u00fchen am Ende des Winters\" width=\"850\" height=\"567\" srcset=\"https:\/\/www.rekubik.de\/magazin\/wp-content\/uploads\/2026\/11\/Krokusse-im-Winter.jpg 850w, https:\/\/www.rekubik.de\/magazin\/wp-content\/uploads\/2026\/11\/Krokusse-im-Winter-300x200.jpg 300w, https:\/\/www.rekubik.de\/magazin\/wp-content\/uploads\/2026\/11\/Krokusse-im-Winter-768x512.jpg 768w\" sizes=\"(max-width: 850px) 100vw, 850px\" \/><figcaption id=\"caption-attachment-23601\" class=\"wp-caption-text\">\u00a9 scol22 &#8211; stock.adobe.com<\/figcaption><\/figure>\n<h2>Winterbl\u00fcher f\u00fcr Garten, Terrasse und Balkon<\/h2>\n<p style=\"text-align: justify;\">Wir hoffen, die Frage \u201eWas bl\u00fcht im Winter drau\u00dfen?\u201c konnten wir Ihnen umfassend beantworten. Viele Zierpflanzen bringen auch in der kalten Jahreszeit Farbe in Ihren Garten, und mit der richtigen Auswahl an Winterbl\u00fchern ist dort drau\u00dfen eine ganzj\u00e4hrige Bl\u00fctenpracht m\u00f6glich \u2013 ohne exotische oder teure Pflanzenarten. Heimische Arten sind ideal f\u00fcr eine winterliche Gartengestaltung. Nun w\u00fcnschen wir Ihnen viel Freude und Erfolg bei der Bepflanzung Ihres Gartens mit diesen wundersch\u00f6nen Winterbl\u00fchern!<\/p>\n","protected":false},"excerpt":{"rendered":"<p>\u00ab Kreative Ideen f\u00fcr dekorative Winterbl\u00fcher \u00bb Was bl\u00fcht eigentlich im Winter? Mehr, als Sie vielleicht denken! Selbst wenn alles um uns herum grau erscheint, gibt es Winterbl\u00fcher, die gerade in dieser Zeit ihre Farbenpracht entfalten. Wir stellen Ihnen einige dieser frostharten Pflanzen vor und verraten Ihnen, wie Sie mit Winterbl\u00fchern Ihren Garten auch in &hellip;<\/p>\n","protected":false},"author":1,"featured_media":23590,"comment_status":"closed","ping_status":"open","sticky":false,"template":"","format":"standard","meta":{"footnotes":""},"categories":[1],"tags":[2783,2782,2326,2771,2781,2784,2780,2765,2785],"class_list":["post-23551","post","type-post","status-publish","format-standard","has-post-thumbnail","","category-ibc-garten","tag-baumblueten","tag-gartenpflege-in-der-winterzeit","tag-immergruen","tag-was-blueht-im-winter","tag-winterbluehende-pflanzen","tag-winterblueher","tag-winterbluete","tag-winterharte-pflanzen","tag-zwiebelgewaechse"],"yoast_head":"<!-- This site is optimized with the Yoast SEO plugin v23.5 - https:\/\/yoast.com\/wordpress\/plugins\/seo\/ -->\n<title>Was bl\u00fcht im Winter drau\u00dfen? - REKUBIK\u00ae Magazin<\/title>\n<meta name=\"description\" content=\"Was bl\u00fcht im Winter drau\u00dfen? Die sch\u00f6nsten winterbl\u00fchende Pflanzen f\u00fcr Garten, Terrasse und Balkon \u2714 Tipps zur Pflege &amp; Winterschutz | rekubik.de\" \/>\n<meta name=\"robots\" content=\"index, follow, max-snippet:-1, max-image-preview:large, max-video-preview:-1\" \/>\n<link rel=\"canonical\" href=\"https:\/\/www.rekubik.de\/magazin\/was-blueht-im-winter-draussen\/\" \/>\n<meta property=\"og:locale\" content=\"de_DE\" \/>\n<meta property=\"og:type\" content=\"article\" \/>\n<meta property=\"og:title\" content=\"Was bl\u00fcht im Winter drau\u00dfen? - REKUBIK\u00ae Magazin\" \/>\n<meta property=\"og:description\" content=\"Was bl\u00fcht im Winter drau\u00dfen? Die sch\u00f6nsten winterbl\u00fchende Pflanzen f\u00fcr Garten, Terrasse und Balkon \u2714 Tipps zur Pflege &amp; Winterschutz | rekubik.de\" \/>\n<meta property=\"og:url\" content=\"https:\/\/www.rekubik.de\/magazin\/was-blueht-im-winter-draussen\/\" \/>\n<meta property=\"og:site_name\" content=\"REKUBIK\u00ae Magazin\" \/>\n<meta property=\"article:published_time\" content=\"2024-11-13T09:00:44+00:00\" \/>\n<meta property=\"article:modified_time\" content=\"2025-11-04T07:40:51+00:00\" \/>\n<meta property=\"og:image\" content=\"https:\/\/www.rekubik.de\/magazin\/wp-content\/uploads\/2026\/11\/Baumbluehten-unter-Schnee.jpg\" \/>\n\t<meta property=\"og:image:width\" content=\"1500\" \/>\n\t<meta property=\"og:image:height\" content=\"989\" \/>\n\t<meta property=\"og:image:type\" content=\"image\/jpeg\" \/>\n<meta name=\"author\" content=\"admin\" \/>\n<meta name=\"twitter:card\" content=\"summary_large_image\" \/>\n<meta name=\"twitter:label1\" content=\"Geschrieben von\" \/>\n\t<meta name=\"twitter:data1\" content=\"admin\" \/>\n\t<meta name=\"twitter:label2\" content=\"Gesch\u00e4tzte Lesezeit\" \/>\n\t<meta name=\"twitter:data2\" content=\"7\u00a0Minuten\" \/>\n<script type=\"application\/ld+json\" class=\"yoast-schema-graph\">{\"@context\":\"https:\/\/schema.org\",\"@graph\":[{\"@type\":\"Article\",\"@id\":\"https:\/\/www.rekubik.de\/magazin\/was-blueht-im-winter-draussen\/#article\",\"isPartOf\":{\"@id\":\"https:\/\/www.rekubik.de\/magazin\/was-blueht-im-winter-draussen\/\"},\"author\":{\"name\":\"admin\",\"@id\":\"https:\/\/www.rekubik.de\/magazin\/#\/schema\/person\/d5faea021aac94edeeb8e47cf06771c7\"},\"headline\":\"Was bl\u00fcht im Winter drau\u00dfen?\",\"datePublished\":\"2024-11-13T09:00:44+00:00\",\"dateModified\":\"2025-11-04T07:40:51+00:00\",\"mainEntityOfPage\":{\"@id\":\"https:\/\/www.rekubik.de\/magazin\/was-blueht-im-winter-draussen\/\"},\"wordCount\":1023,\"publisher\":{\"@id\":\"https:\/\/www.rekubik.de\/magazin\/#organization\"},\"image\":{\"@id\":\"https:\/\/www.rekubik.de\/magazin\/was-blueht-im-winter-draussen\/#primaryimage\"},\"thumbnailUrl\":\"https:\/\/www.rekubik.de\/magazin\/wp-content\/uploads\/2026\/11\/Baumbluehten-unter-Schnee.jpg\",\"keywords\":[\"Baumbl\u00fcten\",\"Gartenpflege in der Winterzeit\",\"immergr\u00fcn\",\"Was bl\u00fcht im Winter\",\"Winterbl\u00fchende Pflanzen\",\"Winterbl\u00fcher\",\"Winterbl\u00fcte\",\"winterharte Pflanzen\",\"Zwiebelgew\u00e4chse\"],\"articleSection\":[\"IBC IM GARTEN\"],\"inLanguage\":\"de\"},{\"@type\":\"WebPage\",\"@id\":\"https:\/\/www.rekubik.de\/magazin\/was-blueht-im-winter-draussen\/\",\"url\":\"https:\/\/www.rekubik.de\/magazin\/was-blueht-im-winter-draussen\/\",\"name\":\"Was bl\u00fcht im Winter drau\u00dfen? - REKUBIK\u00ae Magazin\",\"isPartOf\":{\"@id\":\"https:\/\/www.rekubik.de\/magazin\/#website\"},\"primaryImageOfPage\":{\"@id\":\"https:\/\/www.rekubik.de\/magazin\/was-blueht-im-winter-draussen\/#primaryimage\"},\"image\":{\"@id\":\"https:\/\/www.rekubik.de\/magazin\/was-blueht-im-winter-draussen\/#primaryimage\"},\"thumbnailUrl\":\"https:\/\/www.rekubik.de\/magazin\/wp-content\/uploads\/2026\/11\/Baumbluehten-unter-Schnee.jpg\",\"datePublished\":\"2024-11-13T09:00:44+00:00\",\"dateModified\":\"2025-11-04T07:40:51+00:00\",\"description\":\"Was bl\u00fcht im Winter drau\u00dfen? Die sch\u00f6nsten winterbl\u00fchende Pflanzen f\u00fcr Garten, Terrasse und Balkon \u2714 Tipps zur Pflege & Winterschutz | rekubik.de\",\"breadcrumb\":{\"@id\":\"https:\/\/www.rekubik.de\/magazin\/was-blueht-im-winter-draussen\/#breadcrumb\"},\"inLanguage\":\"de\",\"potentialAction\":[{\"@type\":\"ReadAction\",\"target\":[\"https:\/\/www.rekubik.de\/magazin\/was-blueht-im-winter-draussen\/\"]}]},{\"@type\":\"ImageObject\",\"inLanguage\":\"de\",\"@id\":\"https:\/\/www.rekubik.de\/magazin\/was-blueht-im-winter-draussen\/#primaryimage\",\"url\":\"https:\/\/www.rekubik.de\/magazin\/wp-content\/uploads\/2026\/11\/Baumbluehten-unter-Schnee.jpg\",\"contentUrl\":\"https:\/\/www.rekubik.de\/magazin\/wp-content\/uploads\/2026\/11\/Baumbluehten-unter-Schnee.jpg\",\"width\":1500,\"height\":989,\"caption\":\"\u00a9 scol22 - stock.adobe.com\"},{\"@type\":\"BreadcrumbList\",\"@id\":\"https:\/\/www.rekubik.de\/magazin\/was-blueht-im-winter-draussen\/#breadcrumb\",\"itemListElement\":[{\"@type\":\"ListItem\",\"position\":1,\"name\":\"Home\",\"item\":\"https:\/\/www.rekubik.de\/magazin\/\"},{\"@type\":\"ListItem\",\"position\":2,\"name\":\"Was bl\u00fcht im Winter drau\u00dfen?\"}]},{\"@type\":\"WebSite\",\"@id\":\"https:\/\/www.rekubik.de\/magazin\/#website\",\"url\":\"https:\/\/www.rekubik.de\/magazin\/\",\"name\":\"REKUBIK\u00ae Magazin\",\"description\":\"\",\"publisher\":{\"@id\":\"https:\/\/www.rekubik.de\/magazin\/#organization\"},\"potentialAction\":[{\"@type\":\"SearchAction\",\"target\":{\"@type\":\"EntryPoint\",\"urlTemplate\":\"https:\/\/www.rekubik.de\/magazin\/?s={search_term_string}\"},\"query-input\":{\"@type\":\"PropertyValueSpecification\",\"valueRequired\":true,\"valueName\":\"search_term_string\"}}],\"inLanguage\":\"de\"},{\"@type\":\"Organization\",\"@id\":\"https:\/\/www.rekubik.de\/magazin\/#organization\",\"name\":\"Rekubik\",\"url\":\"https:\/\/www.rekubik.de\/magazin\/\",\"logo\":{\"@type\":\"ImageObject\",\"inLanguage\":\"de\",\"@id\":\"https:\/\/www.rekubik.de\/magazin\/#\/schema\/logo\/image\/\",\"url\":\"https:\/\/www.rekubik.de\/magazin\/wp-content\/uploads\/2017\/12\/rekubik-LOGO-Shopware.png\",\"contentUrl\":\"https:\/\/www.rekubik.de\/magazin\/wp-content\/uploads\/2017\/12\/rekubik-LOGO-Shopware.png\",\"width\":200,\"height\":50,\"caption\":\"Rekubik\"},\"image\":{\"@id\":\"https:\/\/www.rekubik.de\/magazin\/#\/schema\/logo\/image\/\"}},{\"@type\":\"Person\",\"@id\":\"https:\/\/www.rekubik.de\/magazin\/#\/schema\/person\/d5faea021aac94edeeb8e47cf06771c7\",\"name\":\"admin\",\"image\":{\"@type\":\"ImageObject\",\"inLanguage\":\"de\",\"@id\":\"https:\/\/www.rekubik.de\/magazin\/#\/schema\/person\/image\/\",\"url\":\"https:\/\/secure.gravatar.com\/avatar\/a794a4fe8a9b9c52241597eb381dfa2e?s=96&d=mm&r=g\",\"contentUrl\":\"https:\/\/secure.gravatar.com\/avatar\/a794a4fe8a9b9c52241597eb381dfa2e?s=96&d=mm&r=g\",\"caption\":\"admin\"}}]}<\/script>\n<!-- \/ Yoast SEO plugin. -->","yoast_head_json":{"title":"Was bl\u00fcht im Winter drau\u00dfen? - REKUBIK\u00ae Magazin","description":"Was bl\u00fcht im Winter drau\u00dfen? Die sch\u00f6nsten winterbl\u00fchende Pflanzen f\u00fcr Garten, Terrasse und Balkon \u2714 Tipps zur Pflege & Winterschutz | rekubik.de","robots":{"index":"index","follow":"follow","max-snippet":"max-snippet:-1","max-image-preview":"max-image-preview:large","max-video-preview":"max-video-preview:-1"},"canonical":"https:\/\/www.rekubik.de\/magazin\/was-blueht-im-winter-draussen\/","og_locale":"de_DE","og_type":"article","og_title":"Was bl\u00fcht im Winter drau\u00dfen? - REKUBIK\u00ae Magazin","og_description":"Was bl\u00fcht im Winter drau\u00dfen? Die sch\u00f6nsten winterbl\u00fchende Pflanzen f\u00fcr Garten, Terrasse und Balkon \u2714 Tipps zur Pflege & Winterschutz | rekubik.de","og_url":"https:\/\/www.rekubik.de\/magazin\/was-blueht-im-winter-draussen\/","og_site_name":"REKUBIK\u00ae Magazin","article_published_time":"2024-11-13T09:00:44+00:00","article_modified_time":"2025-11-04T07:40:51+00:00","og_image":[{"width":1500,"height":989,"url":"https:\/\/www.rekubik.de\/magazin\/wp-content\/uploads\/2026\/11\/Baumbluehten-unter-Schnee.jpg","type":"image\/jpeg"}],"author":"admin","twitter_card":"summary_large_image","twitter_misc":{"Geschrieben von":"admin","Gesch\u00e4tzte Lesezeit":"7\u00a0Minuten"},"schema":{"@context":"https:\/\/schema.org","@graph":[{"@type":"Article","@id":"https:\/\/www.rekubik.de\/magazin\/was-blueht-im-winter-draussen\/#article","isPartOf":{"@id":"https:\/\/www.rekubik.de\/magazin\/was-blueht-im-winter-draussen\/"},"author":{"name":"admin","@id":"https:\/\/www.rekubik.de\/magazin\/#\/schema\/person\/d5faea021aac94edeeb8e47cf06771c7"},"headline":"Was bl\u00fcht im Winter drau\u00dfen?","datePublished":"2024-11-13T09:00:44+00:00","dateModified":"2025-11-04T07:40:51+00:00","mainEntityOfPage":{"@id":"https:\/\/www.rekubik.de\/magazin\/was-blueht-im-winter-draussen\/"},"wordCount":1023,"publisher":{"@id":"https:\/\/www.rekubik.de\/magazin\/#organization"},"image":{"@id":"https:\/\/www.rekubik.de\/magazin\/was-blueht-im-winter-draussen\/#primaryimage"},"thumbnailUrl":"https:\/\/www.rekubik.de\/magazin\/wp-content\/uploads\/2026\/11\/Baumbluehten-unter-Schnee.jpg","keywords":["Baumbl\u00fcten","Gartenpflege in der Winterzeit","immergr\u00fcn","Was bl\u00fcht im Winter","Winterbl\u00fchende Pflanzen","Winterbl\u00fcher","Winterbl\u00fcte","winterharte Pflanzen","Zwiebelgew\u00e4chse"],"articleSection":["IBC IM GARTEN"],"inLanguage":"de"},{"@type":"WebPage","@id":"https:\/\/www.rekubik.de\/magazin\/was-blueht-im-winter-draussen\/","url":"https:\/\/www.rekubik.de\/magazin\/was-blueht-im-winter-draussen\/","name":"Was bl\u00fcht im Winter drau\u00dfen? - REKUBIK\u00ae Magazin","isPartOf":{"@id":"https:\/\/www.rekubik.de\/magazin\/#website"},"primaryImageOfPage":{"@id":"https:\/\/www.rekubik.de\/magazin\/was-blueht-im-winter-draussen\/#primaryimage"},"image":{"@id":"https:\/\/www.rekubik.de\/magazin\/was-blueht-im-winter-draussen\/#primaryimage"},"thumbnailUrl":"https:\/\/www.rekubik.de\/magazin\/wp-content\/uploads\/2026\/11\/Baumbluehten-unter-Schnee.jpg","datePublished":"2024-11-13T09:00:44+00:00","dateModified":"2025-11-04T07:40:51+00:00","description":"Was bl\u00fcht im Winter drau\u00dfen? Die sch\u00f6nsten winterbl\u00fchende Pflanzen f\u00fcr Garten, Terrasse und Balkon \u2714 Tipps zur Pflege & Winterschutz | rekubik.de","breadcrumb":{"@id":"https:\/\/www.rekubik.de\/magazin\/was-blueht-im-winter-draussen\/#breadcrumb"},"inLanguage":"de","potentialAction":[{"@type":"ReadAction","target":["https:\/\/www.rekubik.de\/magazin\/was-blueht-im-winter-draussen\/"]}]},{"@type":"ImageObject","inLanguage":"de","@id":"https:\/\/www.rekubik.de\/magazin\/was-blueht-im-winter-draussen\/#primaryimage","url":"https:\/\/www.rekubik.de\/magazin\/wp-content\/uploads\/2026\/11\/Baumbluehten-unter-Schnee.jpg","contentUrl":"https:\/\/www.rekubik.de\/magazin\/wp-content\/uploads\/2026\/11\/Baumbluehten-unter-Schnee.jpg","width":1500,"height":989,"caption":"\u00a9 scol22 - stock.adobe.com"},{"@type":"BreadcrumbList","@id":"https:\/\/www.rekubik.de\/magazin\/was-blueht-im-winter-draussen\/#breadcrumb","itemListElement":[{"@type":"ListItem","position":1,"name":"Home","item":"https:\/\/www.rekubik.de\/magazin\/"},{"@type":"ListItem","position":2,"name":"Was bl\u00fcht im Winter drau\u00dfen?"}]},{"@type":"WebSite","@id":"https:\/\/www.rekubik.de\/magazin\/#website","url":"https:\/\/www.rekubik.de\/magazin\/","name":"REKUBIK\u00ae Magazin","description":"","publisher":{"@id":"https:\/\/www.rekubik.de\/magazin\/#organization"},"potentialAction":[{"@type":"SearchAction","target":{"@type":"EntryPoint","urlTemplate":"https:\/\/www.rekubik.de\/magazin\/?s={search_term_string}"},"query-input":{"@type":"PropertyValueSpecification","valueRequired":true,"valueName":"search_term_string"}}],"inLanguage":"de"},{"@type":"Organization","@id":"https:\/\/www.rekubik.de\/magazin\/#organization","name":"Rekubik","url":"https:\/\/www.rekubik.de\/magazin\/","logo":{"@type":"ImageObject","inLanguage":"de","@id":"https:\/\/www.rekubik.de\/magazin\/#\/schema\/logo\/image\/","url":"https:\/\/www.rekubik.de\/magazin\/wp-content\/uploads\/2017\/12\/rekubik-LOGO-Shopware.png","contentUrl":"https:\/\/www.rekubik.de\/magazin\/wp-content\/uploads\/2017\/12\/rekubik-LOGO-Shopware.png","width":200,"height":50,"caption":"Rekubik"},"image":{"@id":"https:\/\/www.rekubik.de\/magazin\/#\/schema\/logo\/image\/"}},{"@type":"Person","@id":"https:\/\/www.rekubik.de\/magazin\/#\/schema\/person\/d5faea021aac94edeeb8e47cf06771c7","name":"admin","image":{"@type":"ImageObject","inLanguage":"de","@id":"https:\/\/www.rekubik.de\/magazin\/#\/schema\/person\/image\/","url":"https:\/\/secure.gravatar.com\/avatar\/a794a4fe8a9b9c52241597eb381dfa2e?s=96&d=mm&r=g","contentUrl":"https:\/\/secure.gravatar.com\/avatar\/a794a4fe8a9b9c52241597eb381dfa2e?s=96&d=mm&r=g","caption":"admin"}}]}},"_links":{"self":[{"href":"https:\/\/www.rekubik.de\/magazin\/wp-json\/wp\/v2\/posts\/23551"}],"collection":[{"href":"https:\/\/www.rekubik.de\/magazin\/wp-json\/wp\/v2\/posts"}],"about":[{"href":"https:\/\/www.rekubik.de\/magazin\/wp-json\/wp\/v2\/types\/post"}],"author":[{"embeddable":true,"href":"https:\/\/www.rekubik.de\/magazin\/wp-json\/wp\/v2\/users\/1"}],"replies":[{"embeddable":true,"href":"https:\/\/www.rekubik.de\/magazin\/wp-json\/wp\/v2\/comments?post=23551"}],"version-history":[{"count":15,"href":"https:\/\/www.rekubik.de\/magazin\/wp-json\/wp\/v2\/posts\/23551\/revisions"}],"predecessor-version":[{"id":23589,"href":"https:\/\/www.rekubik.de\/magazin\/wp-json\/wp\/v2\/posts\/23551\/revisions\/23589"}],"wp:featuredmedia":[{"embeddable":true,"href":"https:\/\/www.rekubik.de\/magazin\/wp-json\/wp\/v2\/media\/23590"}],"wp:attachment":[{"href":"https:\/\/www.rekubik.de\/magazin\/wp-json\/wp\/v2\/media?parent=23551"}],"wp:term":[{"taxonomy":"category","embeddable":true,"href":"https:\/\/www.rekubik.de\/magazin\/wp-json\/wp\/v2\/categories?post=23551"},{"taxonomy":"post_tag","embeddable":true,"href":"https:\/\/www.rekubik.de\/magazin\/wp-json\/wp\/v2\/tags?post=23551"}],"curies":[{"name":"wp","href":"https:\/\/api.w.org\/{rel}","templated":true}]}}