{"id":23904,"date":"2025-02-19T13:40:31","date_gmt":"2025-02-19T12:40:31","guid":{"rendered":"https:\/\/www.rekubik.de\/magazin\/?p=23904"},"modified":"2026-04-24T16:26:31","modified_gmt":"2026-04-24T14:26:31","slug":"gartenarbeit-im-april","status":"publish","type":"post","link":"https:\/\/www.rekubik.de\/magazin\/gartenarbeit-im-april\/","title":{"rendered":"Gartenarbeit im April"},"content":{"rendered":"<h2>\u00ab To-do-Liste f\u00fcr den Start ins Fr\u00fchjahr \u00bb<\/h2>\n<p style=\"text-align: justify;\"><strong>Ist Ihr Garten bereit f\u00fcr einen der wichtigsten Startmonate der Saison? Die Gartenarbeit im April legt den Grundstein f\u00fcr ein erfolgreiches Gartenjahr, denn jetzt wird ges\u00e4t, gepflanzt, geschnitten und vorbereitet. Zwischen steigenden Bodentemperaturen, m\u00f6glichen Sp\u00e4tfr\u00f6sten und den bevorstehenden Eisheiligen kommt es auf die richtigen Arbeiten zur richtigen Zeit an. Wir haben die wichtigsten Aufgaben mit konkreten Werten und praxiserprobten Empfehlungen zusammengestellt \u2013 als erg\u00e4nzende Orientierung zum <a href=\"https:\/\/www.rekubik.de\/gartenkalender\">Gartenkalender<\/a>.<\/strong><\/p>\n<h2>Die Gartenarbeit im April bringt das Gartenjahr in Fahrt<\/h2>\n<p style=\"text-align: justify;\">Im April nimmt das Gartenjahr sp\u00fcrbar Fahrt auf. Die Tage werden l\u00e4nger, die Bodentemperatur steigt in vielen Regionen \u00fcber die entscheidenden Schwellen, und erste Fr\u00fchbl\u00fcher weichen den kommenden Stauden und Sommerblumen. W\u00e4hrend der <a href=\"https:\/\/www.rekubik.de\/magazin\/gartenarbeit-im-maerz\/\">Magazin-Beitrag Gartenarbeit im M\u00e4rz<\/a> noch stark den \u00dcbergang vom Winter in den Fokus r\u00fcckt, verlagert sich der Schwerpunkt der Gartenarbeit nun auf aktive Pflanzung, gezielte Aussaat und den Saisonstart der Garten- und Bew\u00e4sserungstechnik. Die konkreten Termine verschieben sich allerdings je nach Region deutlich: In milden Weinbaugebieten beginnen viele Arbeiten fr\u00fcher, in H\u00f6henlagen oder sp\u00e4tfrostgef\u00e4hrdeten G\u00e4rten oft zwei bis drei Wochen sp\u00e4ter. Entscheidend sind deshalb nicht nur Kalenderdaten, sondern Bodentemperatur, Nachtfrostprognose und der Zustand des Bodens. Wer die Gartenarbeit strukturiert angeht, profitiert in den Folgemonaten von robusten Pflanzen, einem dichten Rasen und einer funktionierenden Gartenbew\u00e4sserung.<\/p>\n<figure id=\"attachment_23938\" aria-describedby=\"caption-attachment-23938\" style=\"width: 1200px\" class=\"wp-caption aligncenter\"><img loading=\"lazy\" decoding=\"async\" class=\"wp-image-23938 size-full\" title=\"Im Fr\u00fchjahr werden die Grundlagen f\u00fcr ein sch\u00f6nes, erfolgreiches Gartenjahr gelegt\" src=\"https:\/\/www.rekubik.de\/magazin\/wp-content\/uploads\/2025\/02\/Aussaat-Gartenarbeit-im-April.jpg\" alt=\"Aussaat - Gartenarbeit im April\" width=\"1200\" height=\"800\" srcset=\"https:\/\/www.rekubik.de\/magazin\/wp-content\/uploads\/2025\/02\/Aussaat-Gartenarbeit-im-April.jpg 1200w, https:\/\/www.rekubik.de\/magazin\/wp-content\/uploads\/2025\/02\/Aussaat-Gartenarbeit-im-April-300x200.jpg 300w, https:\/\/www.rekubik.de\/magazin\/wp-content\/uploads\/2025\/02\/Aussaat-Gartenarbeit-im-April-1024x683.jpg 1024w, https:\/\/www.rekubik.de\/magazin\/wp-content\/uploads\/2025\/02\/Aussaat-Gartenarbeit-im-April-768x512.jpg 768w\" sizes=\"(max-width: 1200px) 100vw, 1200px\" \/><figcaption id=\"caption-attachment-23938\" class=\"wp-caption-text\">\u00a9 IndrePau &#8211; stock.adobe.com<\/figcaption><\/figure>\n<h3>Hecken und Geh\u00f6lze schneiden<\/h3>\n<p style=\"text-align: justify;\">Hecken und Str\u00e4ucher brauchen zu Beginn der Gartensaison Zuwendung, doch f\u00fcr radikale R\u00fcckschnitte ist es zu sp\u00e4t. Laut \u00a7 39 Bundesnaturschutzgesetz gilt zwischen dem 1. M\u00e4rz und dem 30. September ein bundesweites Verbot f\u00fcr Rodungen und das Auf-den-Stock-Setzen. St\u00e4rkere Eingriffe ins alte Holz sollten jetzt unterbleiben. Zul\u00e4ssig bleiben schonende Form- und Pflegeschnitte, bei denen der frische Zuwachs zur\u00fcckgenommen oder die Pflanzengesundheit gesichert wird. Vor jedem Schnitt geh\u00f6rt die Nestkontrolle zur Gartenarbeit im April dazu, denn Amsel, Heckenbraunelle und Zaunk\u00f6nig br\u00fcten bevorzugt in dichten Hecken. F\u00fcr leichte Form- und Korrekturschnitte eignen sich Liguster, Hainbuche, Buchs und Eibe; Hainbuche wird klassisch zus\u00e4tzlich im Juni und im Sp\u00e4tsommer geschnitten. Kirschlorbeer bleibt besser bis nach der Bl\u00fcte stehen. Bei Obstgeh\u00f6lzen ist sauberes Werkzeug wichtig: Besonders bei Kernobst wie Apfel, Birne oder Quitte sollten Schnittwerkzeuge zwischen verd\u00e4chtigen oder kranken Pflanzen desinfiziert werden, um Feuerbrand nicht weiterzutragen.<\/p>\n<figure id=\"attachment_23941\" aria-describedby=\"caption-attachment-23941\" style=\"width: 1200px\" class=\"wp-caption aligncenter\"><img loading=\"lazy\" decoding=\"async\" class=\"wp-image-23941 size-full\" title=\"Im April sind lediglich leichte Pflege- und Formschnitte, um Hecken und Str\u00e4ucher in Form zu halten\" src=\"https:\/\/www.rekubik.de\/magazin\/wp-content\/uploads\/2025\/02\/Hecke-trimmen-Gartenarbeit-im-April.jpg\" alt=\"Hecke trimmen - Gartenarbeit im April\" width=\"1200\" height=\"800\" srcset=\"https:\/\/www.rekubik.de\/magazin\/wp-content\/uploads\/2025\/02\/Hecke-trimmen-Gartenarbeit-im-April.jpg 1200w, https:\/\/www.rekubik.de\/magazin\/wp-content\/uploads\/2025\/02\/Hecke-trimmen-Gartenarbeit-im-April-300x200.jpg 300w, https:\/\/www.rekubik.de\/magazin\/wp-content\/uploads\/2025\/02\/Hecke-trimmen-Gartenarbeit-im-April-1024x683.jpg 1024w, https:\/\/www.rekubik.de\/magazin\/wp-content\/uploads\/2025\/02\/Hecke-trimmen-Gartenarbeit-im-April-768x512.jpg 768w\" sizes=\"(max-width: 1200px) 100vw, 1200px\" \/><figcaption id=\"caption-attachment-23941\" class=\"wp-caption-text\">\u00a9 Brebca &#8211; stock.adobe.com<\/figcaption><\/figure>\n<h3>Beete und Boden f\u00fcr die Aussaat vorbereiten<\/h3>\n<p style=\"text-align: justify;\">Nach dem Winter liegt der Gartenboden oft verdichtet und nass. Die Bodenvorbereitung im April beginnt mit einer leichten Lockerung per Grubber oder Sauzahn statt mit tiefem Umgraben \u2013 so bleibt das Bodenleben intakt. Ob der Boden \u00fcberhaupt bearbeitbar ist, zeigt die einfache Kr\u00fcmelprobe: L\u00e4sst sich eine Handvoll Erde locker zerreiben, ist sie bereit. Klebt die Probe schmierig zusammen, sollte das Beet noch einige Tage abtrocknen. Anschlie\u00dfend wird die oberste Schicht fein gerecht und bei Bedarf mit reifem Kompost versorgt. Als Richtwert gelten f\u00fcr ein Gem\u00fcsebeet 2 bis 3 Liter Kompost pro Quadratmeter, auf schweren B\u00f6den bis zu 5 Liter. Der optimale pH-Wert f\u00fcr die meisten Gem\u00fcsearten liegt zwischen 6,0 und 7,0; eine Kalkung lohnt erst bei Werten unter 5,5. Kartoffeln kommen auch mit leicht saurerem Boden zurecht, Moorbeetpflanzen wie Heidelbeeren sind Sonderf\u00e4lle und geh\u00f6ren nicht in diese allgemeine Beetplanung. Bei der N\u00e4hrstoffstrategie lohnt der Blick auf die Kulturen: Starkzehrer wie Kohl, Tomaten, K\u00fcrbis und Zucchini erhalten mehr Kompostnachschub; Kartoffeln liegen je nach Sorte und Boden eher im mittleren bis h\u00f6heren Bereich. Bohnen, Erbsen, viele Salate und mediterrane Kr\u00e4uter kommen mit deutlich weniger Kompost aus.<\/p>\n<p style=\"text-align: justify;\">Beim Mulchen lohnt sich eine Unterscheidung: Frisch einges\u00e4te Fl\u00e4chen bleiben zun\u00e4chst offen, damit der Boden sich erw\u00e4rmt und die Keimlinge Licht bekommen. Zwischen etablierten Stauden oder unter Beerenstr\u00e4uchern hilft dagegen eine d\u00fcnne Mulchschicht, Feuchtigkeit im Boden zu halten und die Verschl\u00e4mmung nach Starkregen zu reduzieren.<\/p>\n<div class=\"box success  \"><div class=\"box-inner-block\"><i class=\"fa tie-shortcode-boxicon\"><\/i>\n\t\t\tEin Bodenthermometer in 5 bis 10 Zentimeter Tiefe gibt vor der Aussaat Sicherheit. K\u00fchle Fr\u00fchkulturen wie Radieschen, Spinat, Erbsen und M\u00f6hren kommen bereits mit 5 bis 8 \u00b0C zurecht. W\u00e4rmeliebende Arten wie Gurken, Bohnen, K\u00fcrbis und Zucchini brauchen deutlich w\u00e4rmere B\u00f6den ab 10 bis 12 \u00b0C \u2013 und f\u00fcr die Anzucht im Haus sind Temperaturen um 20 \u00b0C deutlich sicherer.\n\t\t\t<\/div><\/div>\n<figure id=\"attachment_23956\" aria-describedby=\"caption-attachment-23956\" style=\"width: 1200px\" class=\"wp-caption aligncenter\"><img loading=\"lazy\" decoding=\"async\" class=\"wp-image-23956 size-full\" title=\"Wer im Herbst etwas vorgearbeitet hat, muss den Boden nun lediglich etwas auflockern\" src=\"https:\/\/www.rekubik.de\/magazin\/wp-content\/uploads\/2025\/02\/Frau-Garten-rechen.jpg\" alt=\"Frau-Garten-rechen\" width=\"1200\" height=\"800\" srcset=\"https:\/\/www.rekubik.de\/magazin\/wp-content\/uploads\/2025\/02\/Frau-Garten-rechen.jpg 1200w, https:\/\/www.rekubik.de\/magazin\/wp-content\/uploads\/2025\/02\/Frau-Garten-rechen-300x200.jpg 300w, https:\/\/www.rekubik.de\/magazin\/wp-content\/uploads\/2025\/02\/Frau-Garten-rechen-1024x683.jpg 1024w, https:\/\/www.rekubik.de\/magazin\/wp-content\/uploads\/2025\/02\/Frau-Garten-rechen-768x512.jpg 768w\" sizes=\"(max-width: 1200px) 100vw, 1200px\" \/><figcaption id=\"caption-attachment-23956\" class=\"wp-caption-text\">\u00a9 triocean &#8211; stock.adobe.com<\/figcaption><\/figure>\n<h3>Rasenpflege \u2013 Vertikutieren, Nachs\u00e4en und D\u00fcngen<\/h3>\n<p style=\"text-align: justify;\">Der Rasen verlangt im April besondere Aufmerksamkeit. Sobald die Temperaturen konstant \u00fcber 10 \u00b0C liegen, l\u00e4sst sich vertikutieren. Die Messer sollten dabei nur 2 bis 3 Millimeter in den Boden eingreifen \u2013 tiefer angesetzt werden Grasnarben und Wurzeln besch\u00e4digt. Anschlie\u00dfend folgt die Nachsaat mit etwa 20 bis 25 Gramm Saatgut pro Quadratmeter; bei einer Neuanlage sind 25 bis 30 Gramm der passende Richtwert. F\u00fcr die Keimung braucht der Boden 2 bis 3 Wochen gleichm\u00e4\u00dfige Feuchte. Der erste Schnitt der Saison erfolgt auf 3,5 bis 4 Zentimeter, wobei niemals mehr als ein Drittel der Halml\u00e4nge auf einmal abgeschnitten werden darf. Stickstoffbetonte Fr\u00fchjahrsd\u00fcnger wirken am besten, wenn der Rasen bereits angetrieben hat und einmal gem\u00e4ht wurde. Kalk kommt nur bei best\u00e4tigt saurem Boden zum Einsatz \u2013 pauschales Kalken z\u00e4hlt nicht zur sinnvollen Gartenarbeit.<\/p>\n<figure id=\"attachment_23958\" aria-describedby=\"caption-attachment-23958\" style=\"width: 1200px\" class=\"wp-caption aligncenter\"><img loading=\"lazy\" decoding=\"async\" class=\"wp-image-23958 size-full\" title=\"Vertikutieren entfernt Moos und Rasenfilz, bel\u00fcftet den Boden und f\u00f6rdert ein gesundes, dichtes Rasenwachstum\" src=\"https:\/\/www.rekubik.de\/magazin\/wp-content\/uploads\/2025\/02\/Rasen-vertikutieren.jpg\" alt=\"Rasen-vertikutieren\" width=\"1200\" height=\"799\" srcset=\"https:\/\/www.rekubik.de\/magazin\/wp-content\/uploads\/2025\/02\/Rasen-vertikutieren.jpg 1200w, https:\/\/www.rekubik.de\/magazin\/wp-content\/uploads\/2025\/02\/Rasen-vertikutieren-300x200.jpg 300w, https:\/\/www.rekubik.de\/magazin\/wp-content\/uploads\/2025\/02\/Rasen-vertikutieren-1024x682.jpg 1024w, https:\/\/www.rekubik.de\/magazin\/wp-content\/uploads\/2025\/02\/Rasen-vertikutieren-768x511.jpg 768w, https:\/\/www.rekubik.de\/magazin\/wp-content\/uploads\/2025\/02\/Rasen-vertikutieren-352x233.jpg 352w\" sizes=\"(max-width: 1200px) 100vw, 1200px\" \/><figcaption id=\"caption-attachment-23958\" class=\"wp-caption-text\">\u00a9 ImageSine &#8211; stock.adobe.com<\/figcaption><\/figure>\n<h3>Stauden pflanzen und teilen<\/h3>\n<p style=\"text-align: justify;\">Die stabiler werdende Wetterlage macht den April zu einem guten Zeitpunkt, um winterharte Stauden zu setzen oder \u00fcberalte Exemplare zu teilen. Vor dem Einpflanzen geh\u00f6rt der Wurzelballen f\u00fcr rund zehn Minuten in einen Eimer mit Wasser, damit er vollgesogen ins Beet wandert. Die Pflanztiefe orientiert sich an der Topfoberkante, die b\u00fcndig mit dem Bodenniveau abschlie\u00dft. Beim Pflanzabstand lohnt der Blick auf die sp\u00e4tere Endbreite der Art, nicht auf die aktuelle Gr\u00f6\u00dfe des Setzlings. Viele mehrj\u00e4hrige Stauden wie Phlox, Funkien, Taglilien und Herbstastern profitieren alle 3 bis 4 Jahre von einer Teilung in diesen Wochen \u2013 das verj\u00fcngt die Pflanze und st\u00e4rkt die Bl\u00fctenbildung. Junge Austriebe sind au\u00dferdem ein Leckerbissen f\u00fcr Schnecken, weshalb Schneckenkragen oder andere Barrieren schon jetzt zur Gartenarbeit geh\u00f6ren.<\/p>\n<figure id=\"attachment_23961\" aria-describedby=\"caption-attachment-23961\" style=\"width: 1200px\" class=\"wp-caption aligncenter\"><img loading=\"lazy\" decoding=\"async\" class=\"wp-image-23961 size-full\" title=\"Der April ist ideal zum Bepflanzen von Beeten, Stauden und T\u00f6pfen, da die stabilere Wetterlage optimales Wachstum erm\u00f6glicht\" src=\"https:\/\/www.rekubik.de\/magazin\/wp-content\/uploads\/2025\/02\/Taglilie-Staude-pflanzen.jpg\" alt=\"Taglilie Staude pflanzen\" width=\"1200\" height=\"803\" srcset=\"https:\/\/www.rekubik.de\/magazin\/wp-content\/uploads\/2025\/02\/Taglilie-Staude-pflanzen.jpg 1200w, https:\/\/www.rekubik.de\/magazin\/wp-content\/uploads\/2025\/02\/Taglilie-Staude-pflanzen-300x201.jpg 300w, https:\/\/www.rekubik.de\/magazin\/wp-content\/uploads\/2025\/02\/Taglilie-Staude-pflanzen-1024x685.jpg 1024w, https:\/\/www.rekubik.de\/magazin\/wp-content\/uploads\/2025\/02\/Taglilie-Staude-pflanzen-768x514.jpg 768w, https:\/\/www.rekubik.de\/magazin\/wp-content\/uploads\/2025\/02\/Taglilie-Staude-pflanzen-110x75.jpg 110w\" sizes=\"(max-width: 1200px) 100vw, 1200px\" \/><figcaption id=\"caption-attachment-23961\" class=\"wp-caption-text\">\u00a9 LianeM &#8211; stock.adobe.com<\/figcaption><\/figure>\n<h3>Blumen und Sommerflor pflanzen und s\u00e4en<\/h3>\n<p style=\"text-align: justify;\">Neben Stauden und Gem\u00fcse r\u00fcckt zur Gartenarbeit im April auch der Zierbereich in den Fokus. Sobald die Bodentemperatur zuverl\u00e4ssig 10 \u00b0C erreicht, d\u00fcrfen robuste einj\u00e4hrige Sommerblumen direkt ins Freiland. F\u00fcr die sichere Direktsaat eignen sich Ringelblume, Kornblume, Jungfer im Gr\u00fcnen, Schleierkraut, Mohn und Wicken. Frostempfindlichere Arten wie Kapuzinerkresse, Tagetes, Zinnien und Sonnenblumen gelingen in milden Lagen ab Ende April, sollten bei angek\u00fcndigtem Frost aber gesch\u00fctzt oder besser erst im Mai ausges\u00e4t werden. Als Faustregel gilt: Die Saattiefe entspricht etwa dem Zwei- bis Dreifachen des Korndurchmessers; feine Samen werden nur leicht angedr\u00fcckt und bis zur Keimung gleichm\u00e4\u00dfig feucht gehalten. Wicken keimen zuverl\u00e4ssiger, wenn die Samen \u00fcber Nacht in Wasser quellen. Stockrosen, Rittersporn und Lupinen lassen sich im April ebenfalls auss\u00e4en \u2013 je nach Art, Sorte und Kulturf\u00fchrung bl\u00fchen sie im selben Jahr oder erst in der folgenden Saison.<\/p>\n<p style=\"text-align: justify;\">Frostempfindliche Sommerknollen wie Gladiolen werden sicher von Ende April bis in den Mai gelegt, damit junge Triebe nicht von Sp\u00e4tfr\u00f6sten gesch\u00e4digt werden. Typisch sind 10 bis 15 Zentimeter Pflanztiefe bei 15 bis 20 Zentimeter Abstand; eine gestaffelte Pflanzung im zwei- bis dreiw\u00f6chigen Rhythmus sorgt f\u00fcr eine durchg\u00e4ngige Bl\u00fctezeit von Juli bis September. Dahlien- und Begonienknollen werden noch im Haus oder im gesch\u00fctzten Gew\u00e4chshaus vorgetrieben und d\u00fcrfen erst nach den Eisheiligen ins Beet. Beet- und Balkonpflanzen wie Geranien, Petunien, Verbenen, Impatiens, Fuchsien und Zinnien bleiben entsprechend noch in ihren T\u00f6pfen an einem hellen, frostfreien Platz.<\/p>\n<p style=\"text-align: justify;\">Parallel beginnt die Aussaat der Zweij\u00e4hrigen f\u00fcr die Bl\u00fcte im Folgejahr: Stiefm\u00fctterchen, Vergissmeinnicht, Bartnelke, Fingerhut und K\u00f6nigskerze werden von April bis Juni ausges\u00e4t und im Herbst an ihren endg\u00fcltigen Standort gepflanzt. Eine oft \u00fcbersehene, aber wichtige Gartenarbeit betrifft die verbl\u00fchten Fr\u00fchjahrsbl\u00fcher: Bei Narzissen, Tulpen und Hyazinthen werden verbl\u00fchte St\u00e4ngel entfernt, das Laub bleibt jedoch stehen, bis es von selbst einzieht \u2013 nur so speichert die Zwiebel ausreichend Kraft f\u00fcr die n\u00e4chste Saison. F\u00fcr bienen- und insektenfreundliche Fl\u00e4chen geh\u00f6rt die Aussaat von Phacelia und Borretsch zur empfehlenswerten Gartenarbeit dieser Wochen; der frostempfindlichere Buchweizen wird besser erst nach den letzten st\u00e4rkeren Fr\u00f6sten ausges\u00e4t.<\/p>\n<h3><img loading=\"lazy\" decoding=\"async\" class=\"aligncenter wp-image-26113 size-full\" title=\"Fr\u00fchbl\u00fcher d\u00fcrfen jetzt ins Staudenbeet \" src=\"https:\/\/www.rekubik.de\/magazin\/wp-content\/uploads\/2025\/02\/staudenbeet-mit-fruehbluehern.jpg\" alt=\"Ein Blumenbeet \" width=\"800\" height=\"800\" srcset=\"https:\/\/www.rekubik.de\/magazin\/wp-content\/uploads\/2025\/02\/staudenbeet-mit-fruehbluehern.jpg 800w, https:\/\/www.rekubik.de\/magazin\/wp-content\/uploads\/2025\/02\/staudenbeet-mit-fruehbluehern-300x300.jpg 300w, https:\/\/www.rekubik.de\/magazin\/wp-content\/uploads\/2025\/02\/staudenbeet-mit-fruehbluehern-150x150.jpg 150w, https:\/\/www.rekubik.de\/magazin\/wp-content\/uploads\/2025\/02\/staudenbeet-mit-fruehbluehern-768x768.jpg 768w\" sizes=\"(max-width: 800px) 100vw, 800px\" \/><\/h3>\n<h3>Gem\u00fcse auss\u00e4en \u2013 was jetzt ins Freiland darf<\/h3>\n<p style=\"text-align: justify;\">Beim Gem\u00fcse unterscheidet die Gartenarbeit klar zwischen drei Gruppen. K\u00e4ltevertr\u00e4glich und f\u00fcr die fr\u00fche Direktsaat geeignet sind M\u00f6hren, Radieschen, Rettich, Spinat, Pastinaken, Erbsen, Steckzwiebeln sowie viele Schnitt- und Pfl\u00fccksalate. Mangold und Rote Bete k\u00f6nnen ebenfalls ges\u00e4t werden, sollten bei st\u00e4rkeren Nachtfr\u00f6sten aber gesch\u00fctzt werden. Die Mindest-Bodentemperatur liegt bei Radieschen und Feldsalat bei rund 4 \u00b0C, bei M\u00f6hren, Erbsen und Spinat bei etwa 5 \u00b0C. Unter Vlies oder Folientunnel starten Kopfsalat, Blumenkohl, Brokkoli und Kohlrabi. Fr\u00fchkartoffeln werden ab Mitte April in den vorgew\u00e4rmten Boden gelegt.<\/p>\n<p style=\"text-align: justify;\">Deutlich heikler sind frostempfindliche Kulturen: Tomaten, Paprika, Chili, Aubergine, Gurke, K\u00fcrbis, Zucchini und Bohnen bleiben weiterhin im Haus oder im frostfreien Gew\u00e4chshaus. Diese Arten geh\u00f6ren erst nach den Eisheiligen ins Freiland \u2013 ein verfr\u00fchtes Auspflanzen kostet bei der n\u00e4chsten kalten Nacht die ganze Jungpflanze. Gurken brauchen deutlich w\u00e4rmere Bedingungen: Im Freiland keimen sie erst bei gut erw\u00e4rmtem Boden zuverl\u00e4ssig, f\u00fcr die Anzucht sind Temperaturen um 20 \u00b0C deutlich sicherer. Busch- und Stangenbohnen werden meist erst ab Mitte Mai direkt ges\u00e4t, wenn der Boden ausreichend warm ist.<\/p>\n<p style=\"text-align: justify;\">F\u00fcr das Gem\u00fcsebeet im April helfen konkrete Pflanz- und Saatwerte. M\u00f6hren und Pastinaken kommen 1 bis 2 Zentimeter tief in den Boden, bei einem Reihenabstand von 25 bis 30 Zentimetern; nach der Keimung wird auf 4 bis 5 Zentimeter in der Reihe vereinzelt. Radieschen brauchen lediglich einen Zentimeter Saattiefe bei 15 Zentimeter Reihenabstand, Spinat etwa 2 Zentimeter Tiefe bei 20 bis 25 Zentimetern. Erbsen werden 3 bis 5 Zentimeter tief in Doppelreihen mit 30 bis 40 Zentimeter Gangabstand gelegt; rankende Sorten erhalten direkt eine Rankhilfe. Steckzwiebeln setzen Sie mit 10 Zentimetern Abstand in die Reihe, die Spitze bleibt knapp sichtbar. Fr\u00fchkartoffeln werden 8 bis 10 Zentimeter tief gelegt, mit 30 bis 35 Zentimetern in der Reihe und 50 bis 60 Zentimetern zwischen den Reihen \u2013 die Keimpunkte zeigen nach oben. Rote Bete und Mangold werden zun\u00e4chst dichter ges\u00e4t und sp\u00e4ter auf 10 bis 25 Zentimeter vereinzelt, Kopfsalat und Kohlrabi unter Vlies mit 25 bis 30 Zentimetern Pflanzabstand gesetzt.<\/p>\n<p><img loading=\"lazy\" decoding=\"async\" class=\"aligncenter wp-image-26114 size-full\" title=\"Ein zus\u00e4tzlicher Schutz vor Nachtfr\u00f6sten ist wichtig\" src=\"https:\/\/www.rekubik.de\/magazin\/wp-content\/uploads\/2025\/02\/frostschutz-garten.jpg\" alt=\"Unter einem Frostschutz wachsen Kr\u00e4uter\" width=\"800\" height=\"800\" srcset=\"https:\/\/www.rekubik.de\/magazin\/wp-content\/uploads\/2025\/02\/frostschutz-garten.jpg 800w, https:\/\/www.rekubik.de\/magazin\/wp-content\/uploads\/2025\/02\/frostschutz-garten-300x300.jpg 300w, https:\/\/www.rekubik.de\/magazin\/wp-content\/uploads\/2025\/02\/frostschutz-garten-150x150.jpg 150w, https:\/\/www.rekubik.de\/magazin\/wp-content\/uploads\/2025\/02\/frostschutz-garten-768x768.jpg 768w\" sizes=\"(max-width: 800px) 100vw, 800px\" \/><\/p>\n<h3>Obstgarten, Beerenobst und erste Ernten<\/h3>\n<p style=\"text-align: justify;\">Auch der Obstgarten hat im April seine eigene Routine in der Gartenarbeit. Alte Leimringe werden entfernt und entsorgt, damit keine N\u00fctzlinge daran h\u00e4ngen bleiben und sich keine Sch\u00e4dlinge darunter verstecken. Erdbeeren werden von altem Vorjahreslaub befreit; kurz vor oder w\u00e4hrend der Bl\u00fcte kann eine lockere Strohschicht untergelegt werden, damit die sp\u00e4teren Fr\u00fcchte sauber und trockener liegen. Bei Sommerhimbeeren bleiben etwa 5 bis 8 kr\u00e4ftige Ruten pro laufendem Meter stehen, schwache und \u00fcberz\u00e4hlige Triebe werden entfernt. Herbsthimbeeren werden anders erzogen: Wurden sie im Winter bodennah zur\u00fcckgeschnitten, treiben sie jetzt neu aus und werden sp\u00e4ter ausged\u00fcnnt. Parallel beginnt die Schneckensaison ernsthaft \u2013 Kontrolle am Morgen, Schneckenkragen um gef\u00e4hrdete Kulturen und fr\u00fches Einsammeln z\u00e4hlen jetzt zur Gartenarbeit. Die ersten Ernten stehen ebenfalls an: Das Spargelstechen beginnt in milden Lagen traditionell rund um den 20. April, und Rhabarber wird bei einer Stiell\u00e4nge von 30 bis 40 Zentimetern herausgedreht \u2013 nicht geschnitten, da frische Wundfl\u00e4chen F\u00e4ulnis beg\u00fcnstigen.<\/p>\n<h3>Bew\u00e4sserung zum Saisonstart in Betrieb nehmen<\/h3>\n<p style=\"text-align: justify;\">Ein oft untersch\u00e4tzter Teil der Gartenarbeit im April ist der Saisonstart der Bew\u00e4sserungstechnik. Die Gartenpumpe wird nach dem Winter auf Dichtigkeit, Druckaufbau und Frostsch\u00e4den gepr\u00fcft, die Saugleitung vor dem ersten Einschalten entl\u00fcftet. Bestehende <a href=\"https:\/\/www.rekubik.de\/bewaesserung\/tropfbewaesserung\/\">Tropfbew\u00e4sserung<\/a> wird kr\u00e4ftig gesp\u00fclt, um Biofilm und Kalkablagerungen aus dem Winter herauszusp\u00fclen; einzelne Tropfer lassen sich auf Durchfluss testen, verstopfte Einheiten werden ersetzt. Regensammler am Fallrohr und IBC-Container erhalten einen Funktionscheck an Armaturen, Dichtungen und \u00dcberlauf. Wer <a href=\"https:\/\/www.rekubik.de\/bewaesserung\/beregnung\/\">Versenkregner<\/a> im Rasen nutzt, reinigt die D\u00fcsen und \u00fcberpr\u00fcft die Wurfweite mit einem kurzen Probelauf \u2013 Nachjustieren f\u00e4llt jetzt deutlich leichter als mitten in der Wachstumsphase. Filter und Verteiler der <a href=\"https:\/\/www.rekubik.de\/bewaesserung\/mikrobewaesserung\/\">Mikrobew\u00e4sserung<\/a> werden gereinigt oder getauscht. Auch beim <a href=\"https:\/\/www.rekubik.de\/ibc-container\/ibc-hochbeet\/\">IBC-Hochbeet<\/a> geh\u00f6rt eine kurze Kontrolle der Tropf- und Anschlussleitungen zur Auftaktroutine, damit die gesamte <a href=\"https:\/\/www.rekubik.de\/bewaesserung\/\">Gartenbew\u00e4sserung<\/a> zur ersten Hitzeperiode zuverl\u00e4ssig bereitsteht.<\/p>\n<p><img loading=\"lazy\" decoding=\"async\" class=\"aligncenter wp-image-23963 size-full\" title=\"Mikrobew\u00e4sserung und Zubeh\u00f6rartikel\" src=\"https:\/\/www.rekubik.de\/magazin\/wp-content\/uploads\/2025\/02\/Gartenbewaesserung-Verlegerohr.jpg\" alt=\"Mikrobew\u00e4sserung und Zubeh\u00f6rartikel\" width=\"1200\" height=\"813\" srcset=\"https:\/\/www.rekubik.de\/magazin\/wp-content\/uploads\/2025\/02\/Gartenbewaesserung-Verlegerohr.jpg 1200w, https:\/\/www.rekubik.de\/magazin\/wp-content\/uploads\/2025\/02\/Gartenbewaesserung-Verlegerohr-300x203.jpg 300w, https:\/\/www.rekubik.de\/magazin\/wp-content\/uploads\/2025\/02\/Gartenbewaesserung-Verlegerohr-1024x694.jpg 1024w, https:\/\/www.rekubik.de\/magazin\/wp-content\/uploads\/2025\/02\/Gartenbewaesserung-Verlegerohr-768x520.jpg 768w, https:\/\/www.rekubik.de\/magazin\/wp-content\/uploads\/2025\/02\/Gartenbewaesserung-Verlegerohr-110x75.jpg 110w\" sizes=\"(max-width: 1200px) 100vw, 1200px\" \/><\/p>\n<h3>Eisheilige im Blick \u2013 Vorsicht bei frostempfindlichen Pflanzen<\/h3>\n<p style=\"text-align: justify;\">So stabil das Wetter im April mitunter wirkt \u2013 die Eisheiligen stehen erst im Mai bevor. Mamertus, Pankratius, Servatius, Bonifatius und die Kalte Sophie markieren vom 11. bis 15. Mai den Zeitraum, in dem Sp\u00e4tfrost noch einmal eintreten kann. Zwar hat der Klimawandel die statistische Bedeutung dieser Tage verringert, Nachtfr\u00f6ste bis zur Mitte Mai bleiben aber in vielen Regionen m\u00f6glich. Frostempfindliche Jungpflanzen werden deshalb \u00fcber 7 bis 10 Tage schrittweise abgeh\u00e4rtet: Zun\u00e4chst f\u00fcr wenige Stunden an einen gesch\u00fctzten, schattigen Platz stellen, dann die Dauer langsam erh\u00f6hen und erst sp\u00e4ter volle Sonne zulassen. N\u00e4chte unter 5 \u00b0C verbringen Tomaten, Paprika, Gurken, Zucchini und andere W\u00e4rmeliebhaber weiterhin im Haus oder Gew\u00e4chshaus. Zus\u00e4tzlich bew\u00e4hren sich Vlieshauben \u00fcber empfindlichen Kulturen und geschlossen gehaltene Folientunnel. Dieser Frostschutz geh\u00f6rt zur vorausschauenden Gartenarbeit und sichert die Jungpflanzen zuverl\u00e4ssig bis zum stabilen Wetter nach Mitte Mai.<\/p>\n<div class=\"box success  \"><div class=\"box-inner-block\"><i class=\"fa tie-shortcode-boxicon\"><\/i>\n\t\t\tApril-Checkliste auf einen Blick: Boden kr\u00fcmelig lockern, Kompost einarbeiten, k\u00e4ltevertr\u00e4gliches Gem\u00fcse auss\u00e4en, Stauden pflanzen und teilen, Rasen m\u00e4hen und bei Bedarf vertikutieren, Bew\u00e4sserung in Betrieb nehmen, frostempfindliche Pflanzen abh\u00e4rten, Schneckenkontrolle beginnen, Laub der Fr\u00fchbl\u00fcher stehen lassen.\n\t\t\t<\/div><\/div>\n<h3>Ausblick auf die Gartenarbeit im Mai<\/h3>\n<p style=\"text-align: justify;\">Ist die Gartenarbeit im April erledigt, steht der intensiven Wachstums- und Pflanzphase nichts mehr im Weg. Viele Aufgaben des Fr\u00fchlings gehen nahtlos in die Routine des Folgemonats \u00fcber, und die jetzt vorbereiteten Beete, Rasenfl\u00e4chen und Bew\u00e4sserungsanlagen zeigen ihren Nutzen. Welche Aussaaten, Pflanzungen und Pflegearbeiten im Mai anstehen und wann die frostempfindlichen Sommergem\u00fcse endlich ins Freiland d\u00fcrfen, beschreibt der <a href=\"https:\/\/www.rekubik.de\/magazin\/pflanz-und-gartenarbeit-im-mai\/\">Magazin-Beitrag Pflanz- und Gartenarbeit im Mai<\/a>. So schlie\u00dft sich der Kreis zwischen Fr\u00fchjahrsvorbereitung und Hochsaison \u2013 und der Garten geht gut vorbereitet in eine kr\u00e4ftige, ertragreiche Saison.<\/p>\n","protected":false},"excerpt":{"rendered":"<p>\u00ab To-do-Liste f\u00fcr den Start ins Fr\u00fchjahr \u00bb Ist Ihr Garten bereit f\u00fcr einen der wichtigsten Startmonate der Saison? Die Gartenarbeit im April legt den Grundstein f\u00fcr ein erfolgreiches Gartenjahr, denn jetzt wird ges\u00e4t, gepflanzt, geschnitten und vorbereitet. Zwischen steigenden Bodentemperaturen, m\u00f6glichen Sp\u00e4tfr\u00f6sten und den bevorstehenden Eisheiligen kommt es auf die richtigen Arbeiten zur richtigen &hellip;<\/p>\n","protected":false},"author":1,"featured_media":23933,"comment_status":"closed","ping_status":"open","sticky":false,"template":"","format":"standard","meta":{"footnotes":""},"categories":[1],"tags":[2851,2843,9,2853,2852,2854,2229,2850,2650],"class_list":["post-23904","post","type-post","status-publish","format-standard","has-post-thumbnail","","category-ibc-garten","tag-beete-vorbereiten","tag-gartenarbeit-im-april","tag-gartenbewaesserung","tag-gemueseaussaat-im-april","tag-heckenschnitt-im-fruehjahr","tag-pflanzen-mit-naehrstoffen-versorgen","tag-rasenpflege","tag-start-der-pflanzsaison","tag-vertikutieren"],"yoast_head":"<!-- This site is optimized with the Yoast SEO plugin v23.5 - https:\/\/yoast.com\/wordpress\/plugins\/seo\/ -->\n<title>Gartenarbeit im April: Tipps und - REKUBIK\u00ae Magazin<\/title>\n<meta name=\"description\" content=\"Wichtige Gartenarbeiten im April: Tipps zu Aussaat von Blumen und Gem\u00fcse \u2714 To-do-Liste f\u00fcr den idealen Start in die neue Saison | rekubik.de\" \/>\n<meta name=\"robots\" content=\"index, follow, max-snippet:-1, max-image-preview:large, max-video-preview:-1\" \/>\n<link rel=\"canonical\" href=\"https:\/\/www.rekubik.de\/magazin\/gartenarbeit-im-april\/\" \/>\n<meta property=\"og:locale\" content=\"de_DE\" \/>\n<meta property=\"og:type\" content=\"article\" \/>\n<meta property=\"og:title\" content=\"Gartenarbeit im April: Tipps und - REKUBIK\u00ae Magazin\" \/>\n<meta property=\"og:description\" content=\"Wichtige Gartenarbeiten im April: Tipps zu Aussaat von Blumen und Gem\u00fcse \u2714 To-do-Liste f\u00fcr den idealen Start in die neue Saison | rekubik.de\" \/>\n<meta property=\"og:url\" content=\"https:\/\/www.rekubik.de\/magazin\/gartenarbeit-im-april\/\" \/>\n<meta property=\"og:site_name\" content=\"REKUBIK\u00ae Magazin\" \/>\n<meta property=\"article:published_time\" content=\"2025-02-19T12:40:31+00:00\" \/>\n<meta property=\"article:modified_time\" content=\"2026-04-24T14:26:31+00:00\" \/>\n<meta property=\"og:image\" content=\"https:\/\/www.rekubik.de\/magazin\/wp-content\/uploads\/2025\/02\/Gartenarbeit-im-April.jpg\" \/>\n\t<meta property=\"og:image:width\" content=\"1200\" \/>\n\t<meta property=\"og:image:height\" content=\"606\" \/>\n\t<meta property=\"og:image:type\" content=\"image\/jpeg\" \/>\n<meta name=\"author\" content=\"admin\" \/>\n<meta name=\"twitter:card\" content=\"summary_large_image\" \/>\n<meta name=\"twitter:label1\" content=\"Geschrieben von\" \/>\n\t<meta name=\"twitter:data1\" content=\"admin\" \/>\n\t<meta name=\"twitter:label2\" content=\"Gesch\u00e4tzte Lesezeit\" \/>\n\t<meta name=\"twitter:data2\" content=\"14\u00a0Minuten\" \/>\n<script type=\"application\/ld+json\" class=\"yoast-schema-graph\">{\"@context\":\"https:\/\/schema.org\",\"@graph\":[{\"@type\":\"Article\",\"@id\":\"https:\/\/www.rekubik.de\/magazin\/gartenarbeit-im-april\/#article\",\"isPartOf\":{\"@id\":\"https:\/\/www.rekubik.de\/magazin\/gartenarbeit-im-april\/\"},\"author\":{\"name\":\"admin\",\"@id\":\"https:\/\/www.rekubik.de\/magazin\/#\/schema\/person\/d5faea021aac94edeeb8e47cf06771c7\"},\"headline\":\"Gartenarbeit im April\",\"datePublished\":\"2025-02-19T12:40:31+00:00\",\"dateModified\":\"2026-04-24T14:26:31+00:00\",\"mainEntityOfPage\":{\"@id\":\"https:\/\/www.rekubik.de\/magazin\/gartenarbeit-im-april\/\"},\"wordCount\":2386,\"publisher\":{\"@id\":\"https:\/\/www.rekubik.de\/magazin\/#organization\"},\"image\":{\"@id\":\"https:\/\/www.rekubik.de\/magazin\/gartenarbeit-im-april\/#primaryimage\"},\"thumbnailUrl\":\"https:\/\/www.rekubik.de\/magazin\/wp-content\/uploads\/2025\/02\/Gartenarbeit-im-April.jpg\",\"keywords\":[\"Beete vorbereiten\",\"Gartenarbeit im April\",\"Gartenbew\u00e4sserung\",\"Gem\u00fcseaussaat im April\",\"Heckenschnitt im Fr\u00fchjahr\",\"Pflanzen mit N\u00e4hrstoffen versorgen\",\"Rasenpflege\",\"Start der Pflanzsaison\",\"Vertikutieren\"],\"articleSection\":[\"IBC IM GARTEN\"],\"inLanguage\":\"de\"},{\"@type\":\"WebPage\",\"@id\":\"https:\/\/www.rekubik.de\/magazin\/gartenarbeit-im-april\/\",\"url\":\"https:\/\/www.rekubik.de\/magazin\/gartenarbeit-im-april\/\",\"name\":\"Gartenarbeit im April: Tipps und - REKUBIK\u00ae Magazin\",\"isPartOf\":{\"@id\":\"https:\/\/www.rekubik.de\/magazin\/#website\"},\"primaryImageOfPage\":{\"@id\":\"https:\/\/www.rekubik.de\/magazin\/gartenarbeit-im-april\/#primaryimage\"},\"image\":{\"@id\":\"https:\/\/www.rekubik.de\/magazin\/gartenarbeit-im-april\/#primaryimage\"},\"thumbnailUrl\":\"https:\/\/www.rekubik.de\/magazin\/wp-content\/uploads\/2025\/02\/Gartenarbeit-im-April.jpg\",\"datePublished\":\"2025-02-19T12:40:31+00:00\",\"dateModified\":\"2026-04-24T14:26:31+00:00\",\"description\":\"Wichtige Gartenarbeiten im April: Tipps zu Aussaat von Blumen und Gem\u00fcse \u2714 To-do-Liste f\u00fcr den idealen Start in die neue Saison | rekubik.de\",\"breadcrumb\":{\"@id\":\"https:\/\/www.rekubik.de\/magazin\/gartenarbeit-im-april\/#breadcrumb\"},\"inLanguage\":\"de\",\"potentialAction\":[{\"@type\":\"ReadAction\",\"target\":[\"https:\/\/www.rekubik.de\/magazin\/gartenarbeit-im-april\/\"]}]},{\"@type\":\"ImageObject\",\"inLanguage\":\"de\",\"@id\":\"https:\/\/www.rekubik.de\/magazin\/gartenarbeit-im-april\/#primaryimage\",\"url\":\"https:\/\/www.rekubik.de\/magazin\/wp-content\/uploads\/2025\/02\/Gartenarbeit-im-April.jpg\",\"contentUrl\":\"https:\/\/www.rekubik.de\/magazin\/wp-content\/uploads\/2025\/02\/Gartenarbeit-im-April.jpg\",\"width\":1200,\"height\":606,\"caption\":\"\u00a9 maryviolet - stock.adobe.com\"},{\"@type\":\"BreadcrumbList\",\"@id\":\"https:\/\/www.rekubik.de\/magazin\/gartenarbeit-im-april\/#breadcrumb\",\"itemListElement\":[{\"@type\":\"ListItem\",\"position\":1,\"name\":\"Home\",\"item\":\"https:\/\/www.rekubik.de\/magazin\/\"},{\"@type\":\"ListItem\",\"position\":2,\"name\":\"Gartenarbeit im April\"}]},{\"@type\":\"WebSite\",\"@id\":\"https:\/\/www.rekubik.de\/magazin\/#website\",\"url\":\"https:\/\/www.rekubik.de\/magazin\/\",\"name\":\"REKUBIK\u00ae Magazin\",\"description\":\"\",\"publisher\":{\"@id\":\"https:\/\/www.rekubik.de\/magazin\/#organization\"},\"potentialAction\":[{\"@type\":\"SearchAction\",\"target\":{\"@type\":\"EntryPoint\",\"urlTemplate\":\"https:\/\/www.rekubik.de\/magazin\/?s={search_term_string}\"},\"query-input\":{\"@type\":\"PropertyValueSpecification\",\"valueRequired\":true,\"valueName\":\"search_term_string\"}}],\"inLanguage\":\"de\"},{\"@type\":\"Organization\",\"@id\":\"https:\/\/www.rekubik.de\/magazin\/#organization\",\"name\":\"Rekubik\",\"url\":\"https:\/\/www.rekubik.de\/magazin\/\",\"logo\":{\"@type\":\"ImageObject\",\"inLanguage\":\"de\",\"@id\":\"https:\/\/www.rekubik.de\/magazin\/#\/schema\/logo\/image\/\",\"url\":\"https:\/\/www.rekubik.de\/magazin\/wp-content\/uploads\/2017\/12\/rekubik-LOGO-Shopware.png\",\"contentUrl\":\"https:\/\/www.rekubik.de\/magazin\/wp-content\/uploads\/2017\/12\/rekubik-LOGO-Shopware.png\",\"width\":200,\"height\":50,\"caption\":\"Rekubik\"},\"image\":{\"@id\":\"https:\/\/www.rekubik.de\/magazin\/#\/schema\/logo\/image\/\"}},{\"@type\":\"Person\",\"@id\":\"https:\/\/www.rekubik.de\/magazin\/#\/schema\/person\/d5faea021aac94edeeb8e47cf06771c7\",\"name\":\"admin\",\"image\":{\"@type\":\"ImageObject\",\"inLanguage\":\"de\",\"@id\":\"https:\/\/www.rekubik.de\/magazin\/#\/schema\/person\/image\/\",\"url\":\"https:\/\/secure.gravatar.com\/avatar\/a794a4fe8a9b9c52241597eb381dfa2e?s=96&d=mm&r=g\",\"contentUrl\":\"https:\/\/secure.gravatar.com\/avatar\/a794a4fe8a9b9c52241597eb381dfa2e?s=96&d=mm&r=g\",\"caption\":\"admin\"}}]}<\/script>\n<!-- \/ Yoast SEO plugin. -->","yoast_head_json":{"title":"Gartenarbeit im April: Tipps und - REKUBIK\u00ae Magazin","description":"Wichtige Gartenarbeiten im April: Tipps zu Aussaat von Blumen und Gem\u00fcse \u2714 To-do-Liste f\u00fcr den idealen Start in die neue Saison | rekubik.de","robots":{"index":"index","follow":"follow","max-snippet":"max-snippet:-1","max-image-preview":"max-image-preview:large","max-video-preview":"max-video-preview:-1"},"canonical":"https:\/\/www.rekubik.de\/magazin\/gartenarbeit-im-april\/","og_locale":"de_DE","og_type":"article","og_title":"Gartenarbeit im April: Tipps und - REKUBIK\u00ae Magazin","og_description":"Wichtige Gartenarbeiten im April: Tipps zu Aussaat von Blumen und Gem\u00fcse \u2714 To-do-Liste f\u00fcr den idealen Start in die neue Saison | rekubik.de","og_url":"https:\/\/www.rekubik.de\/magazin\/gartenarbeit-im-april\/","og_site_name":"REKUBIK\u00ae Magazin","article_published_time":"2025-02-19T12:40:31+00:00","article_modified_time":"2026-04-24T14:26:31+00:00","og_image":[{"width":1200,"height":606,"url":"https:\/\/www.rekubik.de\/magazin\/wp-content\/uploads\/2025\/02\/Gartenarbeit-im-April.jpg","type":"image\/jpeg"}],"author":"admin","twitter_card":"summary_large_image","twitter_misc":{"Geschrieben von":"admin","Gesch\u00e4tzte Lesezeit":"14\u00a0Minuten"},"schema":{"@context":"https:\/\/schema.org","@graph":[{"@type":"Article","@id":"https:\/\/www.rekubik.de\/magazin\/gartenarbeit-im-april\/#article","isPartOf":{"@id":"https:\/\/www.rekubik.de\/magazin\/gartenarbeit-im-april\/"},"author":{"name":"admin","@id":"https:\/\/www.rekubik.de\/magazin\/#\/schema\/person\/d5faea021aac94edeeb8e47cf06771c7"},"headline":"Gartenarbeit im April","datePublished":"2025-02-19T12:40:31+00:00","dateModified":"2026-04-24T14:26:31+00:00","mainEntityOfPage":{"@id":"https:\/\/www.rekubik.de\/magazin\/gartenarbeit-im-april\/"},"wordCount":2386,"publisher":{"@id":"https:\/\/www.rekubik.de\/magazin\/#organization"},"image":{"@id":"https:\/\/www.rekubik.de\/magazin\/gartenarbeit-im-april\/#primaryimage"},"thumbnailUrl":"https:\/\/www.rekubik.de\/magazin\/wp-content\/uploads\/2025\/02\/Gartenarbeit-im-April.jpg","keywords":["Beete vorbereiten","Gartenarbeit im April","Gartenbew\u00e4sserung","Gem\u00fcseaussaat im April","Heckenschnitt im Fr\u00fchjahr","Pflanzen mit N\u00e4hrstoffen versorgen","Rasenpflege","Start der Pflanzsaison","Vertikutieren"],"articleSection":["IBC IM GARTEN"],"inLanguage":"de"},{"@type":"WebPage","@id":"https:\/\/www.rekubik.de\/magazin\/gartenarbeit-im-april\/","url":"https:\/\/www.rekubik.de\/magazin\/gartenarbeit-im-april\/","name":"Gartenarbeit im April: Tipps und - REKUBIK\u00ae Magazin","isPartOf":{"@id":"https:\/\/www.rekubik.de\/magazin\/#website"},"primaryImageOfPage":{"@id":"https:\/\/www.rekubik.de\/magazin\/gartenarbeit-im-april\/#primaryimage"},"image":{"@id":"https:\/\/www.rekubik.de\/magazin\/gartenarbeit-im-april\/#primaryimage"},"thumbnailUrl":"https:\/\/www.rekubik.de\/magazin\/wp-content\/uploads\/2025\/02\/Gartenarbeit-im-April.jpg","datePublished":"2025-02-19T12:40:31+00:00","dateModified":"2026-04-24T14:26:31+00:00","description":"Wichtige Gartenarbeiten im April: Tipps zu Aussaat von Blumen und Gem\u00fcse \u2714 To-do-Liste f\u00fcr den idealen Start in die neue Saison | rekubik.de","breadcrumb":{"@id":"https:\/\/www.rekubik.de\/magazin\/gartenarbeit-im-april\/#breadcrumb"},"inLanguage":"de","potentialAction":[{"@type":"ReadAction","target":["https:\/\/www.rekubik.de\/magazin\/gartenarbeit-im-april\/"]}]},{"@type":"ImageObject","inLanguage":"de","@id":"https:\/\/www.rekubik.de\/magazin\/gartenarbeit-im-april\/#primaryimage","url":"https:\/\/www.rekubik.de\/magazin\/wp-content\/uploads\/2025\/02\/Gartenarbeit-im-April.jpg","contentUrl":"https:\/\/www.rekubik.de\/magazin\/wp-content\/uploads\/2025\/02\/Gartenarbeit-im-April.jpg","width":1200,"height":606,"caption":"\u00a9 maryviolet - stock.adobe.com"},{"@type":"BreadcrumbList","@id":"https:\/\/www.rekubik.de\/magazin\/gartenarbeit-im-april\/#breadcrumb","itemListElement":[{"@type":"ListItem","position":1,"name":"Home","item":"https:\/\/www.rekubik.de\/magazin\/"},{"@type":"ListItem","position":2,"name":"Gartenarbeit im April"}]},{"@type":"WebSite","@id":"https:\/\/www.rekubik.de\/magazin\/#website","url":"https:\/\/www.rekubik.de\/magazin\/","name":"REKUBIK\u00ae Magazin","description":"","publisher":{"@id":"https:\/\/www.rekubik.de\/magazin\/#organization"},"potentialAction":[{"@type":"SearchAction","target":{"@type":"EntryPoint","urlTemplate":"https:\/\/www.rekubik.de\/magazin\/?s={search_term_string}"},"query-input":{"@type":"PropertyValueSpecification","valueRequired":true,"valueName":"search_term_string"}}],"inLanguage":"de"},{"@type":"Organization","@id":"https:\/\/www.rekubik.de\/magazin\/#organization","name":"Rekubik","url":"https:\/\/www.rekubik.de\/magazin\/","logo":{"@type":"ImageObject","inLanguage":"de","@id":"https:\/\/www.rekubik.de\/magazin\/#\/schema\/logo\/image\/","url":"https:\/\/www.rekubik.de\/magazin\/wp-content\/uploads\/2017\/12\/rekubik-LOGO-Shopware.png","contentUrl":"https:\/\/www.rekubik.de\/magazin\/wp-content\/uploads\/2017\/12\/rekubik-LOGO-Shopware.png","width":200,"height":50,"caption":"Rekubik"},"image":{"@id":"https:\/\/www.rekubik.de\/magazin\/#\/schema\/logo\/image\/"}},{"@type":"Person","@id":"https:\/\/www.rekubik.de\/magazin\/#\/schema\/person\/d5faea021aac94edeeb8e47cf06771c7","name":"admin","image":{"@type":"ImageObject","inLanguage":"de","@id":"https:\/\/www.rekubik.de\/magazin\/#\/schema\/person\/image\/","url":"https:\/\/secure.gravatar.com\/avatar\/a794a4fe8a9b9c52241597eb381dfa2e?s=96&d=mm&r=g","contentUrl":"https:\/\/secure.gravatar.com\/avatar\/a794a4fe8a9b9c52241597eb381dfa2e?s=96&d=mm&r=g","caption":"admin"}}]}},"_links":{"self":[{"href":"https:\/\/www.rekubik.de\/magazin\/wp-json\/wp\/v2\/posts\/23904"}],"collection":[{"href":"https:\/\/www.rekubik.de\/magazin\/wp-json\/wp\/v2\/posts"}],"about":[{"href":"https:\/\/www.rekubik.de\/magazin\/wp-json\/wp\/v2\/types\/post"}],"author":[{"embeddable":true,"href":"https:\/\/www.rekubik.de\/magazin\/wp-json\/wp\/v2\/users\/1"}],"replies":[{"embeddable":true,"href":"https:\/\/www.rekubik.de\/magazin\/wp-json\/wp\/v2\/comments?post=23904"}],"version-history":[{"count":27,"href":"https:\/\/www.rekubik.de\/magazin\/wp-json\/wp\/v2\/posts\/23904\/revisions"}],"predecessor-version":[{"id":23934,"href":"https:\/\/www.rekubik.de\/magazin\/wp-json\/wp\/v2\/posts\/23904\/revisions\/23934"}],"wp:featuredmedia":[{"embeddable":true,"href":"https:\/\/www.rekubik.de\/magazin\/wp-json\/wp\/v2\/media\/23933"}],"wp:attachment":[{"href":"https:\/\/www.rekubik.de\/magazin\/wp-json\/wp\/v2\/media?parent=23904"}],"wp:term":[{"taxonomy":"category","embeddable":true,"href":"https:\/\/www.rekubik.de\/magazin\/wp-json\/wp\/v2\/categories?post=23904"},{"taxonomy":"post_tag","embeddable":true,"href":"https:\/\/www.rekubik.de\/magazin\/wp-json\/wp\/v2\/tags?post=23904"}],"curies":[{"name":"wp","href":"https:\/\/api.w.org\/{rel}","templated":true}]}}