{"id":23976,"date":"2025-02-25T10:00:50","date_gmt":"2025-02-25T09:00:50","guid":{"rendered":"https:\/\/www.rekubik.de\/magazin\/?p=23976"},"modified":"2025-02-19T15:04:39","modified_gmt":"2025-02-19T14:04:39","slug":"den-rasen-vertikutieren","status":"publish","type":"post","link":"https:\/\/www.rekubik.de\/magazin\/den-rasen-vertikutieren\/","title":{"rendered":"Den Rasen vertikutieren"},"content":{"rendered":"<h2>\u00ab Warum, wie und wann, einfach erkl\u00e4rt! \u00bb<\/h2>\n<p style=\"text-align: justify;\"><strong>Ein sch\u00f6ner, sattgr\u00fcner Rasen ist der Stolz vieler Gartenbesitzer. Doch um die Rasenfl\u00e4che gesund und gepflegt zu halten, ist mehr als regelm\u00e4\u00dfiges M\u00e4hen, <\/strong><a href=\"https:\/\/www.rekubik.de\/bewaesserung\/\"><strong>Bew\u00e4ssern<\/strong><\/a><strong> und D\u00fcngen erforderlich. Mindestens einmal im Jahr sollten Sie an das Vertikutieren denken. Diese spezielle Ma\u00dfnahme der Rasenpflege kann den Unterschied zwischen einem durchschnittlichen und einem perfekt gepflegten Rasen ausmachen. Wann der richtige Zeitpunkt f\u00fcr diese Gartenarbeit ist, wie Sie dabei vorgehen und warum das Vertikutieren f\u00fcr Ihre Rasenfl\u00e4chen so wichtig ist, stellen wir Ihnen in diesem Artikel vor. <\/strong><\/p>\n<h2>Was ist Vertikutieren eigentlich genau?<\/h2>\n<p style=\"text-align: justify;\">Beim Vertikutieren wird die Grasnarbe Ihres Rasens vorsichtig eingeschnitten, um den Boden zu bel\u00fcften und die Rasenfl\u00e4che zu pflegen. Dabei kommen spezielle Messer oder eine Messerwalze zum Einsatz, die die Oberfl\u00e4che bis zur Wurzelschicht durchdringen. So werden abgestorbene Wurzeln, alte Grashalme und Moos entfernt. Das schafft Raum f\u00fcr Luft, Wasser und N\u00e4hrstoffe, damit Ihre Rasenfl\u00e4chen kr\u00e4ftig und gesund nachwachsen k\u00f6nnen.<\/p>\n<figure id=\"attachment_23979\" aria-describedby=\"caption-attachment-23979\" style=\"width: 1200px\" class=\"wp-caption aligncenter\"><img loading=\"lazy\" decoding=\"async\" class=\"wp-image-23979 size-full\" src=\"https:\/\/www.rekubik.de\/magazin\/wp-content\/uploads\/2027\/02\/Rasen-vertikutieren-2.jpg\" alt=\"Rasen-vertikutieren-2\" width=\"1200\" height=\"800\" srcset=\"https:\/\/www.rekubik.de\/magazin\/wp-content\/uploads\/2027\/02\/Rasen-vertikutieren-2.jpg 1200w, https:\/\/www.rekubik.de\/magazin\/wp-content\/uploads\/2027\/02\/Rasen-vertikutieren-2-300x200.jpg 300w, https:\/\/www.rekubik.de\/magazin\/wp-content\/uploads\/2027\/02\/Rasen-vertikutieren-2-1024x683.jpg 1024w, https:\/\/www.rekubik.de\/magazin\/wp-content\/uploads\/2027\/02\/Rasen-vertikutieren-2-768x512.jpg 768w\" sizes=\"(max-width: 1200px) 100vw, 1200px\" \/><figcaption id=\"caption-attachment-23979\" class=\"wp-caption-text\">\u00a9 Evgeniya Sheydt &#8211; stock.adobe.com<\/figcaption><\/figure>\n<h2>Warum sollte man den Rasen vertikutieren?<\/h2>\n<p style=\"text-align: justify;\">Die Frage liegt nahe: Warum sollte man den Rasen vertikutieren, wenn dabei auch das Wurzelwerk verletzt wird? Der Hauptgrund ist, dass Moos und Rasenfilz entfernt werden, die den Boden verdichten und die Versorgung mit Sauerstoff, Wasser und N\u00e4hrstoffen blockieren. Nat\u00fcrlich bedeutet diese Gartenarbeit eine Belastung f\u00fcr die Rasenfl\u00e4che, da auch lebende Wurzeln leicht besch\u00e4digt werden k\u00f6nnen. Doch der Nutzen \u00fcberwiegt deutlich: Der Boden wird bel\u00fcftet, die Graswurzeln erhalten mehr Raum zum Wachsen, und der Rasen regeneriert sich innerhalb kurzer Zeit. Mit der richtigen Pflege nach dem Eingriff wird jede Rasenfl\u00e4che ges\u00fcnder, dichter und widerstandsf\u00e4higer \u2013 die M\u00fche lohnt sich also!<\/p>\n<figure id=\"attachment_23982\" aria-describedby=\"caption-attachment-23982\" style=\"width: 1200px\" class=\"wp-caption aligncenter\"><img loading=\"lazy\" decoding=\"async\" class=\"wp-image-23982 size-full\" title=\"Das Vertikutieren ist eine sinnvolle Ma\u00dfnahme, die zu einem sch\u00f6nen Rasen im Sommer beitragen kann\" src=\"https:\/\/www.rekubik.de\/magazin\/wp-content\/uploads\/2027\/02\/Schoener-Rasen.jpg\" alt=\"Schoener-Rasen\" width=\"1200\" height=\"786\" srcset=\"https:\/\/www.rekubik.de\/magazin\/wp-content\/uploads\/2027\/02\/Schoener-Rasen.jpg 1200w, https:\/\/www.rekubik.de\/magazin\/wp-content\/uploads\/2027\/02\/Schoener-Rasen-300x197.jpg 300w, https:\/\/www.rekubik.de\/magazin\/wp-content\/uploads\/2027\/02\/Schoener-Rasen-1024x671.jpg 1024w, https:\/\/www.rekubik.de\/magazin\/wp-content\/uploads\/2027\/02\/Schoener-Rasen-768x503.jpg 768w\" sizes=\"(max-width: 1200px) 100vw, 1200px\" \/><figcaption id=\"caption-attachment-23982\" class=\"wp-caption-text\">\u00a9 singjai &#8211; stock.adobe.com<\/figcaption><\/figure>\n<h2>Rasenfilz beseitigen: Der erste Schritt zu einer gesunden Rasenfl\u00e4che<\/h2>\n<p style=\"text-align: justify;\">Haben Sie schon von Rasenfilz geh\u00f6rt? Dabei handelt es sich um eine dichte Schicht aus abgestorbenen Wurzeln, alten Grashalmen und anderen organischen R\u00fcckst\u00e4nden, die sich zwischen der Grasnarbe und der obersten Erdschicht ansammelt. Dieser Filz kann so kompakt werden, dass er die Bel\u00fcftung des Bodens blockiert und die Wurzeln Ihres Rasens daran hindert, ausreichend Sauerstoff, Wasser und N\u00e4hrstoffe aufzunehmen.<\/p>\n<figure id=\"attachment_23986\" aria-describedby=\"caption-attachment-23986\" style=\"width: 1200px\" class=\"wp-caption aligncenter\"><img loading=\"lazy\" decoding=\"async\" class=\"wp-image-23986 size-full\" src=\"https:\/\/www.rekubik.de\/magazin\/wp-content\/uploads\/2027\/02\/Rasenfilz-beseitigen.jpg\" alt=\"Rasenfilz-beseitigen\" width=\"1200\" height=\"800\" srcset=\"https:\/\/www.rekubik.de\/magazin\/wp-content\/uploads\/2027\/02\/Rasenfilz-beseitigen.jpg 1200w, https:\/\/www.rekubik.de\/magazin\/wp-content\/uploads\/2027\/02\/Rasenfilz-beseitigen-300x200.jpg 300w, https:\/\/www.rekubik.de\/magazin\/wp-content\/uploads\/2027\/02\/Rasenfilz-beseitigen-1024x683.jpg 1024w, https:\/\/www.rekubik.de\/magazin\/wp-content\/uploads\/2027\/02\/Rasenfilz-beseitigen-768x512.jpg 768w\" sizes=\"(max-width: 1200px) 100vw, 1200px\" \/><figcaption id=\"caption-attachment-23986\" class=\"wp-caption-text\">\u00a9 iratxe &#8211; stock.adobe.com<\/figcaption><\/figure>\n<p style=\"text-align: justify;\">Die Folgen sind oft unsch\u00f6n: Der Gartenrasen wird anf\u00e4lliger f\u00fcr F\u00e4ulnis, Pilzbefall und Wachstumsprobleme. Hier kommt das Vertikutieren ins Spiel. Die Messer durchtrennen zwar auch einzelne Wurzeln, sorgen aber daf\u00fcr, dass der Filz entfernt wird und wieder Sauerstoff an die Graswurzeln gelangt. Zus\u00e4tzlich kann nach dieser Art des Rasenschnitts eine gezielte Beregnung hilfreich sein. Durch das Bew\u00e4ssern des frisch bearbeiteten Bodens werden N\u00e4hrstoffe schneller aufgenommen, und die Regeneration der Grasnarbe wird unterst\u00fctzt.<\/p>\n<p style=\"text-align: justify;\">Nach dieser Art der Rasenpflege ben\u00f6tigt die Fl\u00e4che nur eine kurze Erholungsphase, bevor sie mit kr\u00e4ftigem, gesunden Wachstum zur\u00fcckkommt. Mit der richtigen Kombination aus Vertikutieren, <a href=\"https:\/\/www.rekubik.de\/bewaesserung\/beregnung\/\">Beregnung<\/a> und Nachsaat wird Ihr Gartenrasen dichter, gr\u00fcner und widerstandsf\u00e4higer \u2013 ein kleiner Eingriff mit gro\u00dfer Wirkung!<\/p>\n<p><a href=\"https:\/\/www.rekubik.de\/bewaesserung\/beregnung\/rain-bird-versenkregner-3504-pc\"><img loading=\"lazy\" decoding=\"async\" class=\"aligncenter wp-image-23988 size-full\" title=\"Rain Bird Versenkregner\" src=\"https:\/\/www.rekubik.de\/magazin\/wp-content\/uploads\/2027\/02\/20200730_065707-1.jpg\" alt=\"Rain Bird Versenkregner\" width=\"1200\" height=\"900\" srcset=\"https:\/\/www.rekubik.de\/magazin\/wp-content\/uploads\/2027\/02\/20200730_065707-1.jpg 1200w, https:\/\/www.rekubik.de\/magazin\/wp-content\/uploads\/2027\/02\/20200730_065707-1-300x225.jpg 300w, https:\/\/www.rekubik.de\/magazin\/wp-content\/uploads\/2027\/02\/20200730_065707-1-1024x768.jpg 1024w, https:\/\/www.rekubik.de\/magazin\/wp-content\/uploads\/2027\/02\/20200730_065707-1-768x576.jpg 768w\" sizes=\"(max-width: 1200px) 100vw, 1200px\" \/><\/a><\/p>\n<h2>Wann und wie oft den Rasen vertikutieren?<\/h2>\n<p style=\"text-align: justify;\">Die zentrale Frage rund um diese Art der Rasenpflege ist, wann und in welchem Zeitintervall gearbeitet werden sollte. Denn selbst optimale Arbeitsschritte f\u00fchren bei zu h\u00e4ufiger Wiederholung oder zum falschen Zeitpunkt rasch zum gegenteiligen Effekt. Dann nimmt die sch\u00e4digende Wirkung \u00dcberhand und die optimale Voraussetzung f\u00fcr ein bestm\u00f6gliches Wachstum tritt in den Hintergrund.<\/p>\n<h3>Wann ist der richtige Zeitpunkt, um den Rasen zu vertikutieren?<\/h3>\n<p style=\"text-align: justify;\">Der Rasen sollte vertikutiert werden, wenn sein Wachstum noch gering ist, aber gleichzeitig gute Bedingungen f\u00fcr eine rasche Regeneration bestehen. Dies ist ideal, um alten Filz zu entfernen und dem Rasen einen Wachstumsvorsprung gegen\u00fcber Moos und Unkraut zu verschaffen.<\/p>\n<p style=\"text-align: justify;\">Der beste Zeitpunkt ist im zeitigen Fr\u00fchjahr, bevor die eigentliche Wachstumsperiode beginnt. Je nach Wetterlage sind daf\u00fcr der M\u00e4rz oder die erste Aprilh\u00e4lfte optimal. Zu diesem Zeitpunkt ist das Wachstum der Rasenfl\u00e4chen noch nicht voll im Gange, aber die Temperaturen sind meist frostfrei, und der Boden kann schnell wieder durchwurzelt werden. So schaffen Sie die idealen Voraussetzungen f\u00fcr einen gesunden, dichten Gartenrasen.<\/p>\n<figure id=\"attachment_23992\" aria-describedby=\"caption-attachment-23992\" style=\"width: 1200px\" class=\"wp-caption aligncenter\"><img loading=\"lazy\" decoding=\"async\" class=\"wp-image-23992 size-full\" title=\"Sowohl Fr\u00fchling als auch Herbst sind geeignete Zeiten zum Vertikutieren\" src=\"https:\/\/www.rekubik.de\/magazin\/wp-content\/uploads\/2027\/02\/Rasen-elektrisch-vertikutieren.jpg\" alt=\"Rasen-elektrisch-vertikutieren\" width=\"1200\" height=\"801\" srcset=\"https:\/\/www.rekubik.de\/magazin\/wp-content\/uploads\/2027\/02\/Rasen-elektrisch-vertikutieren.jpg 1200w, https:\/\/www.rekubik.de\/magazin\/wp-content\/uploads\/2027\/02\/Rasen-elektrisch-vertikutieren-300x200.jpg 300w, https:\/\/www.rekubik.de\/magazin\/wp-content\/uploads\/2027\/02\/Rasen-elektrisch-vertikutieren-1024x684.jpg 1024w, https:\/\/www.rekubik.de\/magazin\/wp-content\/uploads\/2027\/02\/Rasen-elektrisch-vertikutieren-768x513.jpg 768w\" sizes=\"(max-width: 1200px) 100vw, 1200px\" \/><figcaption id=\"caption-attachment-23992\" class=\"wp-caption-text\">\u00a9 Michal &#8211; stock.adobe.com<\/figcaption><\/figure>\n<h3>Wie oft den Rasen vertikutieren?<\/h3>\n<p style=\"text-align: justify;\">Aus dem optimalen Arbeitszeitpunkt und den idealen Rahmenbedingungen l\u00e4sst sich nun auch die angemessene H\u00e4ufigkeit der Arbeit ableiten. Der \u00dcbergang von Ruhe- zu Wachstumszeit erfolgt einmal j\u00e4hrlich zu Beginn des Gartenjahres. Damit ist klar, dass der Vertikutiervorgang nicht \u00f6fter als dieses eine Mal pro Jahr m\u00f6glich und auch sinnvoll ist. Bei h\u00e4ufigerer Wiederholung w\u00e4re die Zerst\u00f6rung des gesunden Wurzelwerks im Fokus der Auswirkungen und k\u00f6nnte durch die nachfolgenden, nun auch nicht mehr stark ausgepr\u00e4gten besseren Bedingungen nicht mehr ausgeglichen werden. Ob die Arbeit tats\u00e4chlich j\u00e4hrlich erfolgen soll oder muss, h\u00e4ngt nun von der Entwicklung des Rasens ab. Vor allem intensiv genutzte und damit auch st\u00e4rker strapazierte Grasnarben sollten m\u00f6glichst selten dieser kraftzehrenden Prozedur unterworfen werden, um die Belastung nicht k\u00fcnstlich hochzuhalten.<\/p>\n<figure id=\"attachment_23996\" aria-describedby=\"caption-attachment-23996\" style=\"width: 1200px\" class=\"wp-caption aligncenter\"><img loading=\"lazy\" decoding=\"async\" class=\"wp-image-23996 size-full\" title=\"Bei gr\u00f6\u00dferem Schaden hilft kein Vertikutieren - dann muss nachges\u00e4t werden\" src=\"https:\/\/www.rekubik.de\/magazin\/wp-content\/uploads\/2027\/02\/Rasen-nachsaehen.jpg\" alt=\"Rasen-nachsaeen\" width=\"1200\" height=\"717\" srcset=\"https:\/\/www.rekubik.de\/magazin\/wp-content\/uploads\/2027\/02\/Rasen-nachsaehen.jpg 1200w, https:\/\/www.rekubik.de\/magazin\/wp-content\/uploads\/2027\/02\/Rasen-nachsaehen-300x179.jpg 300w, https:\/\/www.rekubik.de\/magazin\/wp-content\/uploads\/2027\/02\/Rasen-nachsaehen-1024x612.jpg 1024w, https:\/\/www.rekubik.de\/magazin\/wp-content\/uploads\/2027\/02\/Rasen-nachsaehen-768x459.jpg 768w\" sizes=\"(max-width: 1200px) 100vw, 1200px\" \/><figcaption id=\"caption-attachment-23996\" class=\"wp-caption-text\">\u00a9 U. Gernhoefer &#8211; stock.adobe.com<\/figcaption><\/figure>\n<h2>Wie und womit l\u00e4sst sich der Rasen vertikutieren?<\/h2>\n<p style=\"text-align: justify;\">Ganz allgemein gibt es nun zwei M\u00f6glichkeiten, die Vertikutierarbeit zu erledigen. Zum einen gibt es manuelle Vertikutierrechen, die \u00e4hnlich einem normalen Gartenrechen an einem langen Stiel durch den Boden gezogen werden.<\/p>\n<p style=\"text-align: justify;\">Automatische Vertikutierger\u00e4te dagegen nutzen meist eine Messerolle, die einem Rasenm\u00e4her vergleichbar in einem motorgetriebenen Fahrzeug untergebracht ist und beim Schieben \u00fcber die Rasenfl\u00e4che die gew\u00fcnschte Arbeit ohne manuelle Kraftanstrengung erledigt.<\/p>\n<p style=\"text-align: justify;\">Unabh\u00e4ngig von der Wahl des Ger\u00e4ts sollte die Arbeit immer in geraden, parallelen Bahnen erfolgen und durch einen zweiten Arbeitsschritt in ver\u00e4ndertem, idealerweise nicht senkrechten Winkel erg\u00e4nzt werden. So wird der Filz durch zwei Arbeitsrichtungen bestm\u00f6glich gel\u00f6st. Gleichzeitig bleiben im &#8222;guten&#8220; Wurzelwerk bestimmte Bereiche unbearbeitet und k\u00f6nnen die f\u00fcr die Erholung des Rasens wichtigen N\u00e4hrstoffe unmittelbar aus dem Boden beziehen.<\/p>\n<figure id=\"attachment_24003\" aria-describedby=\"caption-attachment-24003\" style=\"width: 1200px\" class=\"wp-caption aligncenter\"><img loading=\"lazy\" decoding=\"async\" class=\"wp-image-24003 size-full\" title=\"Neue elektrische Vertikutiere kann man bereits f\u00fcr unter 100,- EUR erwerben\" src=\"https:\/\/www.rekubik.de\/magazin\/wp-content\/uploads\/2027\/02\/Vertikutierer-Nahansicht.jpg\" alt=\"Vertikutierer-Nahansicht\" width=\"1200\" height=\"801\" srcset=\"https:\/\/www.rekubik.de\/magazin\/wp-content\/uploads\/2027\/02\/Vertikutierer-Nahansicht.jpg 1200w, https:\/\/www.rekubik.de\/magazin\/wp-content\/uploads\/2027\/02\/Vertikutierer-Nahansicht-300x200.jpg 300w, https:\/\/www.rekubik.de\/magazin\/wp-content\/uploads\/2027\/02\/Vertikutierer-Nahansicht-1024x684.jpg 1024w, https:\/\/www.rekubik.de\/magazin\/wp-content\/uploads\/2027\/02\/Vertikutierer-Nahansicht-768x513.jpg 768w\" sizes=\"(max-width: 1200px) 100vw, 1200px\" \/><figcaption id=\"caption-attachment-24003\" class=\"wp-caption-text\">\u00a9 Sebastian &#8211; stock.adobe.com<\/figcaption><\/figure>\n<p style=\"text-align: justify;\">Die Arbeitstiefe, die sich bei automatischen Ger\u00e4ten gut einstellen l\u00e4sst und bei manueller Arbeit von der aufgebrachten Kraft abh\u00e4ngt, ergibt sich aus der Dicke des Filzes bzw. der Rasensode. Je dicker die Filzschicht, umso tiefer sollte gearbeitet werden. Wichtig ist, die Arbeitstiefe nicht tiefer als 5 bis 7 Zentimeter zu w\u00e4hlen, da sonst unterhalb des Filzes die tiefer gehenden, sauerstoffunabh\u00e4ngigen Wurzeln ohne positiven Effekt ebenfalls in Mitleidenschaft gezogen werden.<\/p>\n<h2>Moos und Filz aus dem Rasen entfernen \u2013 so einfach gelingt die Rasenpflege<\/h2>\n<p style=\"text-align: justify;\">Warum sollte man den Rasen vertikutieren? Ganz einfach: Um ihm im Fr\u00fchjahr einen frischen Start in die neue Saison zu erm\u00f6glichen \u2013 frei von Moos und Filz, die das Wachstum hemmen. Das Vertikutieren entfernt alte R\u00fcckst\u00e4nde, verbessert die Bel\u00fcftung des Bodens und schafft Platz f\u00fcr kr\u00e4ftige, neue Grashalme. Mit modernen Vertikutierern ist diese Arbeit heute kinderleicht und erfordert kaum noch Kraftaufwand. Auch wenn die Rasenfl\u00e4che zun\u00e4chst etwas mitgenommen aussieht, zeigt sich schon nach kurzer Zeit ein dichter, gesunder Wuchs. Mit der richtigen Pflege, Bew\u00e4sserung und einer Nachsaat, falls n\u00f6tig, wird aus Ihrer Rasenfl\u00e4che schnell wieder ein sattgr\u00fcnes Highlight in Ihrem Garten. Manchmal ist ein kleiner R\u00fcckschritt der beste Weg nach vorne \u2013 Ihr Rasen wird es Ihnen danken!<\/p>\n","protected":false},"excerpt":{"rendered":"<p>\u00ab Warum, wie und wann, einfach erkl\u00e4rt! \u00bb Ein sch\u00f6ner, sattgr\u00fcner Rasen ist der Stolz vieler Gartenbesitzer. Doch um die Rasenfl\u00e4che gesund und gepflegt zu halten, ist mehr als regelm\u00e4\u00dfiges M\u00e4hen, Bew\u00e4ssern und D\u00fcngen erforderlich. Mindestens einmal im Jahr sollten Sie an das Vertikutieren denken. Diese spezielle Ma\u00dfnahme der Rasenpflege kann den Unterschied zwischen einem &hellip;<\/p>\n","protected":false},"author":1,"featured_media":23978,"comment_status":"closed","ping_status":"open","sticky":false,"template":"","format":"standard","meta":{"footnotes":""},"categories":[1],"tags":[2857,2859,2860,2861,2855,2856,2229,2858],"class_list":["post-23976","post","type-post","status-publish","format-standard","has-post-thumbnail","","category-ibc-garten","tag-bodenbelueftung-verbessern","tag-elektrischer-vertikutierer","tag-gesunder-rasen","tag-rasen-nachsaeen","tag-rasen-vertikutieren","tag-rasenfilz","tag-rasenpflege","tag-vertikutieren-zeitpunkt"],"yoast_head":"<!-- This site is optimized with the Yoast SEO plugin v23.5 - https:\/\/yoast.com\/wordpress\/plugins\/seo\/ -->\n<title>Den Rasen vertikutieren - REKUBIK\u00ae Magazin<\/title>\n<meta name=\"description\" content=\"Wann &amp; wie oft den Rasen vertikutieren? Infos zum richtigen \u2714 Zeitpunkt und den \u2714 besten Methoden \u2714 Moos &amp; Filz effektiv entfernen | rekubik.de\" \/>\n<meta name=\"robots\" content=\"index, follow, max-snippet:-1, max-image-preview:large, max-video-preview:-1\" \/>\n<link rel=\"canonical\" href=\"https:\/\/www.rekubik.de\/magazin\/den-rasen-vertikutieren\/\" \/>\n<meta property=\"og:locale\" content=\"de_DE\" \/>\n<meta property=\"og:type\" content=\"article\" \/>\n<meta property=\"og:title\" content=\"Den Rasen vertikutieren - REKUBIK\u00ae Magazin\" \/>\n<meta property=\"og:description\" content=\"Wann &amp; wie oft den Rasen vertikutieren? Infos zum richtigen \u2714 Zeitpunkt und den \u2714 besten Methoden \u2714 Moos &amp; Filz effektiv entfernen | rekubik.de\" \/>\n<meta property=\"og:url\" content=\"https:\/\/www.rekubik.de\/magazin\/den-rasen-vertikutieren\/\" \/>\n<meta property=\"og:site_name\" content=\"REKUBIK\u00ae Magazin\" \/>\n<meta property=\"article:published_time\" content=\"2025-02-25T09:00:50+00:00\" \/>\n<meta property=\"article:modified_time\" content=\"2025-02-19T14:04:39+00:00\" \/>\n<meta property=\"og:image\" content=\"https:\/\/www.rekubik.de\/magazin\/wp-content\/uploads\/2027\/02\/Rasen-vertikutieren.jpg\" \/>\n\t<meta property=\"og:image:width\" content=\"1200\" \/>\n\t<meta property=\"og:image:height\" content=\"705\" \/>\n\t<meta property=\"og:image:type\" content=\"image\/jpeg\" \/>\n<meta name=\"author\" content=\"admin\" \/>\n<meta name=\"twitter:card\" content=\"summary_large_image\" \/>\n<meta name=\"twitter:label1\" content=\"Geschrieben von\" \/>\n\t<meta name=\"twitter:data1\" content=\"admin\" \/>\n\t<meta name=\"twitter:label2\" content=\"Gesch\u00e4tzte Lesezeit\" \/>\n\t<meta name=\"twitter:data2\" content=\"8\u00a0Minuten\" \/>\n<script type=\"application\/ld+json\" class=\"yoast-schema-graph\">{\"@context\":\"https:\/\/schema.org\",\"@graph\":[{\"@type\":\"Article\",\"@id\":\"https:\/\/www.rekubik.de\/magazin\/den-rasen-vertikutieren\/#article\",\"isPartOf\":{\"@id\":\"https:\/\/www.rekubik.de\/magazin\/den-rasen-vertikutieren\/\"},\"author\":{\"name\":\"admin\",\"@id\":\"https:\/\/www.rekubik.de\/magazin\/#\/schema\/person\/d5faea021aac94edeeb8e47cf06771c7\"},\"headline\":\"Den Rasen vertikutieren\",\"datePublished\":\"2025-02-25T09:00:50+00:00\",\"dateModified\":\"2025-02-19T14:04:39+00:00\",\"mainEntityOfPage\":{\"@id\":\"https:\/\/www.rekubik.de\/magazin\/den-rasen-vertikutieren\/\"},\"wordCount\":1253,\"publisher\":{\"@id\":\"https:\/\/www.rekubik.de\/magazin\/#organization\"},\"image\":{\"@id\":\"https:\/\/www.rekubik.de\/magazin\/den-rasen-vertikutieren\/#primaryimage\"},\"thumbnailUrl\":\"https:\/\/www.rekubik.de\/magazin\/wp-content\/uploads\/2027\/02\/Rasen-vertikutieren.jpg\",\"keywords\":[\"Bodenbel\u00fcftung verbessern\",\"elektrischer Vertikutierer\",\"gesunder Rasen\",\"Rasen nachs\u00e4en\",\"Rasen vertikutieren\",\"Rasenfilz\",\"Rasenpflege\",\"Vertikutieren Zeitpunkt\"],\"articleSection\":[\"IBC IM GARTEN\"],\"inLanguage\":\"de\"},{\"@type\":\"WebPage\",\"@id\":\"https:\/\/www.rekubik.de\/magazin\/den-rasen-vertikutieren\/\",\"url\":\"https:\/\/www.rekubik.de\/magazin\/den-rasen-vertikutieren\/\",\"name\":\"Den Rasen vertikutieren - REKUBIK\u00ae Magazin\",\"isPartOf\":{\"@id\":\"https:\/\/www.rekubik.de\/magazin\/#website\"},\"primaryImageOfPage\":{\"@id\":\"https:\/\/www.rekubik.de\/magazin\/den-rasen-vertikutieren\/#primaryimage\"},\"image\":{\"@id\":\"https:\/\/www.rekubik.de\/magazin\/den-rasen-vertikutieren\/#primaryimage\"},\"thumbnailUrl\":\"https:\/\/www.rekubik.de\/magazin\/wp-content\/uploads\/2027\/02\/Rasen-vertikutieren.jpg\",\"datePublished\":\"2025-02-25T09:00:50+00:00\",\"dateModified\":\"2025-02-19T14:04:39+00:00\",\"description\":\"Wann & wie oft den Rasen vertikutieren? Infos zum richtigen \u2714 Zeitpunkt und den \u2714 besten Methoden \u2714 Moos & Filz effektiv entfernen | rekubik.de\",\"breadcrumb\":{\"@id\":\"https:\/\/www.rekubik.de\/magazin\/den-rasen-vertikutieren\/#breadcrumb\"},\"inLanguage\":\"de\",\"potentialAction\":[{\"@type\":\"ReadAction\",\"target\":[\"https:\/\/www.rekubik.de\/magazin\/den-rasen-vertikutieren\/\"]}]},{\"@type\":\"ImageObject\",\"inLanguage\":\"de\",\"@id\":\"https:\/\/www.rekubik.de\/magazin\/den-rasen-vertikutieren\/#primaryimage\",\"url\":\"https:\/\/www.rekubik.de\/magazin\/wp-content\/uploads\/2027\/02\/Rasen-vertikutieren.jpg\",\"contentUrl\":\"https:\/\/www.rekubik.de\/magazin\/wp-content\/uploads\/2027\/02\/Rasen-vertikutieren.jpg\",\"width\":1200,\"height\":705,\"caption\":\"\u00a9 Oksana - stock.adobe.com\"},{\"@type\":\"BreadcrumbList\",\"@id\":\"https:\/\/www.rekubik.de\/magazin\/den-rasen-vertikutieren\/#breadcrumb\",\"itemListElement\":[{\"@type\":\"ListItem\",\"position\":1,\"name\":\"Home\",\"item\":\"https:\/\/www.rekubik.de\/magazin\/\"},{\"@type\":\"ListItem\",\"position\":2,\"name\":\"Den Rasen vertikutieren\"}]},{\"@type\":\"WebSite\",\"@id\":\"https:\/\/www.rekubik.de\/magazin\/#website\",\"url\":\"https:\/\/www.rekubik.de\/magazin\/\",\"name\":\"REKUBIK\u00ae Magazin\",\"description\":\"\",\"publisher\":{\"@id\":\"https:\/\/www.rekubik.de\/magazin\/#organization\"},\"potentialAction\":[{\"@type\":\"SearchAction\",\"target\":{\"@type\":\"EntryPoint\",\"urlTemplate\":\"https:\/\/www.rekubik.de\/magazin\/?s={search_term_string}\"},\"query-input\":{\"@type\":\"PropertyValueSpecification\",\"valueRequired\":true,\"valueName\":\"search_term_string\"}}],\"inLanguage\":\"de\"},{\"@type\":\"Organization\",\"@id\":\"https:\/\/www.rekubik.de\/magazin\/#organization\",\"name\":\"Rekubik\",\"url\":\"https:\/\/www.rekubik.de\/magazin\/\",\"logo\":{\"@type\":\"ImageObject\",\"inLanguage\":\"de\",\"@id\":\"https:\/\/www.rekubik.de\/magazin\/#\/schema\/logo\/image\/\",\"url\":\"https:\/\/www.rekubik.de\/magazin\/wp-content\/uploads\/2017\/12\/rekubik-LOGO-Shopware.png\",\"contentUrl\":\"https:\/\/www.rekubik.de\/magazin\/wp-content\/uploads\/2017\/12\/rekubik-LOGO-Shopware.png\",\"width\":200,\"height\":50,\"caption\":\"Rekubik\"},\"image\":{\"@id\":\"https:\/\/www.rekubik.de\/magazin\/#\/schema\/logo\/image\/\"}},{\"@type\":\"Person\",\"@id\":\"https:\/\/www.rekubik.de\/magazin\/#\/schema\/person\/d5faea021aac94edeeb8e47cf06771c7\",\"name\":\"admin\",\"image\":{\"@type\":\"ImageObject\",\"inLanguage\":\"de\",\"@id\":\"https:\/\/www.rekubik.de\/magazin\/#\/schema\/person\/image\/\",\"url\":\"https:\/\/secure.gravatar.com\/avatar\/a794a4fe8a9b9c52241597eb381dfa2e?s=96&d=mm&r=g\",\"contentUrl\":\"https:\/\/secure.gravatar.com\/avatar\/a794a4fe8a9b9c52241597eb381dfa2e?s=96&d=mm&r=g\",\"caption\":\"admin\"}}]}<\/script>\n<!-- \/ Yoast SEO plugin. -->","yoast_head_json":{"title":"Den Rasen vertikutieren - REKUBIK\u00ae Magazin","description":"Wann & wie oft den Rasen vertikutieren? Infos zum richtigen \u2714 Zeitpunkt und den \u2714 besten Methoden \u2714 Moos & Filz effektiv entfernen | rekubik.de","robots":{"index":"index","follow":"follow","max-snippet":"max-snippet:-1","max-image-preview":"max-image-preview:large","max-video-preview":"max-video-preview:-1"},"canonical":"https:\/\/www.rekubik.de\/magazin\/den-rasen-vertikutieren\/","og_locale":"de_DE","og_type":"article","og_title":"Den Rasen vertikutieren - REKUBIK\u00ae Magazin","og_description":"Wann & wie oft den Rasen vertikutieren? Infos zum richtigen \u2714 Zeitpunkt und den \u2714 besten Methoden \u2714 Moos & Filz effektiv entfernen | rekubik.de","og_url":"https:\/\/www.rekubik.de\/magazin\/den-rasen-vertikutieren\/","og_site_name":"REKUBIK\u00ae Magazin","article_published_time":"2025-02-25T09:00:50+00:00","article_modified_time":"2025-02-19T14:04:39+00:00","og_image":[{"width":1200,"height":705,"url":"https:\/\/www.rekubik.de\/magazin\/wp-content\/uploads\/2027\/02\/Rasen-vertikutieren.jpg","type":"image\/jpeg"}],"author":"admin","twitter_card":"summary_large_image","twitter_misc":{"Geschrieben von":"admin","Gesch\u00e4tzte Lesezeit":"8\u00a0Minuten"},"schema":{"@context":"https:\/\/schema.org","@graph":[{"@type":"Article","@id":"https:\/\/www.rekubik.de\/magazin\/den-rasen-vertikutieren\/#article","isPartOf":{"@id":"https:\/\/www.rekubik.de\/magazin\/den-rasen-vertikutieren\/"},"author":{"name":"admin","@id":"https:\/\/www.rekubik.de\/magazin\/#\/schema\/person\/d5faea021aac94edeeb8e47cf06771c7"},"headline":"Den Rasen vertikutieren","datePublished":"2025-02-25T09:00:50+00:00","dateModified":"2025-02-19T14:04:39+00:00","mainEntityOfPage":{"@id":"https:\/\/www.rekubik.de\/magazin\/den-rasen-vertikutieren\/"},"wordCount":1253,"publisher":{"@id":"https:\/\/www.rekubik.de\/magazin\/#organization"},"image":{"@id":"https:\/\/www.rekubik.de\/magazin\/den-rasen-vertikutieren\/#primaryimage"},"thumbnailUrl":"https:\/\/www.rekubik.de\/magazin\/wp-content\/uploads\/2027\/02\/Rasen-vertikutieren.jpg","keywords":["Bodenbel\u00fcftung verbessern","elektrischer Vertikutierer","gesunder Rasen","Rasen nachs\u00e4en","Rasen vertikutieren","Rasenfilz","Rasenpflege","Vertikutieren Zeitpunkt"],"articleSection":["IBC IM GARTEN"],"inLanguage":"de"},{"@type":"WebPage","@id":"https:\/\/www.rekubik.de\/magazin\/den-rasen-vertikutieren\/","url":"https:\/\/www.rekubik.de\/magazin\/den-rasen-vertikutieren\/","name":"Den Rasen vertikutieren - REKUBIK\u00ae Magazin","isPartOf":{"@id":"https:\/\/www.rekubik.de\/magazin\/#website"},"primaryImageOfPage":{"@id":"https:\/\/www.rekubik.de\/magazin\/den-rasen-vertikutieren\/#primaryimage"},"image":{"@id":"https:\/\/www.rekubik.de\/magazin\/den-rasen-vertikutieren\/#primaryimage"},"thumbnailUrl":"https:\/\/www.rekubik.de\/magazin\/wp-content\/uploads\/2027\/02\/Rasen-vertikutieren.jpg","datePublished":"2025-02-25T09:00:50+00:00","dateModified":"2025-02-19T14:04:39+00:00","description":"Wann & wie oft den Rasen vertikutieren? Infos zum richtigen \u2714 Zeitpunkt und den \u2714 besten Methoden \u2714 Moos & Filz effektiv entfernen | rekubik.de","breadcrumb":{"@id":"https:\/\/www.rekubik.de\/magazin\/den-rasen-vertikutieren\/#breadcrumb"},"inLanguage":"de","potentialAction":[{"@type":"ReadAction","target":["https:\/\/www.rekubik.de\/magazin\/den-rasen-vertikutieren\/"]}]},{"@type":"ImageObject","inLanguage":"de","@id":"https:\/\/www.rekubik.de\/magazin\/den-rasen-vertikutieren\/#primaryimage","url":"https:\/\/www.rekubik.de\/magazin\/wp-content\/uploads\/2027\/02\/Rasen-vertikutieren.jpg","contentUrl":"https:\/\/www.rekubik.de\/magazin\/wp-content\/uploads\/2027\/02\/Rasen-vertikutieren.jpg","width":1200,"height":705,"caption":"\u00a9 Oksana - stock.adobe.com"},{"@type":"BreadcrumbList","@id":"https:\/\/www.rekubik.de\/magazin\/den-rasen-vertikutieren\/#breadcrumb","itemListElement":[{"@type":"ListItem","position":1,"name":"Home","item":"https:\/\/www.rekubik.de\/magazin\/"},{"@type":"ListItem","position":2,"name":"Den Rasen vertikutieren"}]},{"@type":"WebSite","@id":"https:\/\/www.rekubik.de\/magazin\/#website","url":"https:\/\/www.rekubik.de\/magazin\/","name":"REKUBIK\u00ae Magazin","description":"","publisher":{"@id":"https:\/\/www.rekubik.de\/magazin\/#organization"},"potentialAction":[{"@type":"SearchAction","target":{"@type":"EntryPoint","urlTemplate":"https:\/\/www.rekubik.de\/magazin\/?s={search_term_string}"},"query-input":{"@type":"PropertyValueSpecification","valueRequired":true,"valueName":"search_term_string"}}],"inLanguage":"de"},{"@type":"Organization","@id":"https:\/\/www.rekubik.de\/magazin\/#organization","name":"Rekubik","url":"https:\/\/www.rekubik.de\/magazin\/","logo":{"@type":"ImageObject","inLanguage":"de","@id":"https:\/\/www.rekubik.de\/magazin\/#\/schema\/logo\/image\/","url":"https:\/\/www.rekubik.de\/magazin\/wp-content\/uploads\/2017\/12\/rekubik-LOGO-Shopware.png","contentUrl":"https:\/\/www.rekubik.de\/magazin\/wp-content\/uploads\/2017\/12\/rekubik-LOGO-Shopware.png","width":200,"height":50,"caption":"Rekubik"},"image":{"@id":"https:\/\/www.rekubik.de\/magazin\/#\/schema\/logo\/image\/"}},{"@type":"Person","@id":"https:\/\/www.rekubik.de\/magazin\/#\/schema\/person\/d5faea021aac94edeeb8e47cf06771c7","name":"admin","image":{"@type":"ImageObject","inLanguage":"de","@id":"https:\/\/www.rekubik.de\/magazin\/#\/schema\/person\/image\/","url":"https:\/\/secure.gravatar.com\/avatar\/a794a4fe8a9b9c52241597eb381dfa2e?s=96&d=mm&r=g","contentUrl":"https:\/\/secure.gravatar.com\/avatar\/a794a4fe8a9b9c52241597eb381dfa2e?s=96&d=mm&r=g","caption":"admin"}}]}},"_links":{"self":[{"href":"https:\/\/www.rekubik.de\/magazin\/wp-json\/wp\/v2\/posts\/23976"}],"collection":[{"href":"https:\/\/www.rekubik.de\/magazin\/wp-json\/wp\/v2\/posts"}],"about":[{"href":"https:\/\/www.rekubik.de\/magazin\/wp-json\/wp\/v2\/types\/post"}],"author":[{"embeddable":true,"href":"https:\/\/www.rekubik.de\/magazin\/wp-json\/wp\/v2\/users\/1"}],"replies":[{"embeddable":true,"href":"https:\/\/www.rekubik.de\/magazin\/wp-json\/wp\/v2\/comments?post=23976"}],"version-history":[{"count":16,"href":"https:\/\/www.rekubik.de\/magazin\/wp-json\/wp\/v2\/posts\/23976\/revisions"}],"predecessor-version":[{"id":26128,"href":"https:\/\/www.rekubik.de\/magazin\/wp-json\/wp\/v2\/posts\/23976\/revisions\/26128"}],"wp:featuredmedia":[{"embeddable":true,"href":"https:\/\/www.rekubik.de\/magazin\/wp-json\/wp\/v2\/media\/23978"}],"wp:attachment":[{"href":"https:\/\/www.rekubik.de\/magazin\/wp-json\/wp\/v2\/media?parent=23976"}],"wp:term":[{"taxonomy":"category","embeddable":true,"href":"https:\/\/www.rekubik.de\/magazin\/wp-json\/wp\/v2\/categories?post=23976"},{"taxonomy":"post_tag","embeddable":true,"href":"https:\/\/www.rekubik.de\/magazin\/wp-json\/wp\/v2\/tags?post=23976"}],"curies":[{"name":"wp","href":"https:\/\/api.w.org\/{rel}","templated":true}]}}