{"id":24866,"date":"2025-09-05T09:00:21","date_gmt":"2025-09-05T07:00:21","guid":{"rendered":"https:\/\/www.rekubik.de\/magazin\/?p=24866"},"modified":"2025-08-29T12:14:20","modified_gmt":"2025-08-29T10:14:20","slug":"verbrannter-rasen-was-tun","status":"publish","type":"post","link":"https:\/\/www.rekubik.de\/magazin\/verbrannter-rasen-was-tun\/","title":{"rendered":"Verbrannter Rasen &#8211; was tun?"},"content":{"rendered":"<h2>\u00ab Tipps und Sofortma\u00dfnahmen \u00bb<\/h2>\n<p style=\"text-align: justify;\"><strong>Rasen verbrannt \u2013 was tun? Sp\u00e4testens, wenn Garten oder Gr\u00fcnanlage mehr einer braunen Steppe als einem gesunden, saftig gr\u00fcnen Golfrasen gleichen, besteht akuter Handlungsbedarf. Die gute Nachricht lautet: In den meisten F\u00e4llen ist es m\u00f6glich, verbrannten Rasen zu retten, auch wenn bis auf Weiteres kein Regen in Sicht ist. In diesem Beitrag erfahren Sie, aus welchen Gr\u00fcnden Ihr Rasen verbrannt sein k\u00f6nnte, wie Sie vertrockneten Rasen wieder gr\u00fcn bekommen und wie Sie Ihre Gr\u00fcnoase in Zukunft so pflegen, dass sie auch l\u00e4ngere Hitzeperioden und Durststrecken gut \u00fcbersteht.<\/strong><\/p>\n<h2>Warum ist mein Rasen vertrocknet?<\/h2>\n<p style=\"text-align: justify;\">Ursachenforschung ist der erste Schritt zur erfolgreichen Rasenrettung. Denn ein vertrockneter oder verbrannter Rasen sieht nicht nur unsch\u00f6n aus, sondern kann je nach Ursache ganz unterschiedlich behandelt werden. Entscheidend ist, ob die Grasfl\u00e4che durch starke Sonneneinstrahlung, Wassermangel oder eine falsche D\u00fcngergabe gesch\u00e4digt wurde. Erst wenn Sie den Grund kennen, k\u00f6nnen gezielte Erste-Hilfe-Ma\u00dfnahmen die Rasenpflanzen wiederbeleben.<\/p>\n<figure id=\"attachment_24898\" aria-describedby=\"caption-attachment-24898\" style=\"width: 1200px\" class=\"wp-caption aligncenter\"><img loading=\"lazy\" decoding=\"async\" class=\"wp-image-24898\" title=\"Bevor Sie einen verbrannten Rasen behandeln, sollten Sie herausfinden, ob Trockenheit, Sonne oder falsches D\u00fcngen die Ursache war\" src=\"https:\/\/www.rekubik.de\/magazin\/wp-content\/uploads\/2028\/08\/Verbrannter-Rasen-2.jpg\" alt=\"Verbrannter-Rasen-2\" width=\"1200\" height=\"798\" srcset=\"https:\/\/www.rekubik.de\/magazin\/wp-content\/uploads\/2028\/08\/Verbrannter-Rasen-2.jpg 1000w, https:\/\/www.rekubik.de\/magazin\/wp-content\/uploads\/2028\/08\/Verbrannter-Rasen-2-300x200.jpg 300w, https:\/\/www.rekubik.de\/magazin\/wp-content\/uploads\/2028\/08\/Verbrannter-Rasen-2-768x511.jpg 768w, https:\/\/www.rekubik.de\/magazin\/wp-content\/uploads\/2028\/08\/Verbrannter-Rasen-2-352x233.jpg 352w\" sizes=\"(max-width: 1200px) 100vw, 1200px\" \/><figcaption id=\"caption-attachment-24898\" class=\"wp-caption-text\">\u00a9 o_lypa &#8211; stock.adobe.com<\/figcaption><\/figure>\n<h3>Vertrockneter Rasen durch Hitzesch\u00e4den<\/h3>\n<p style=\"text-align: justify;\">Hitzesch\u00e4den treten meist gleichm\u00e4\u00dfig in den sonnigsten Bereichen des Gartens auf \u2013 dort, wo kaum Schatten vorhanden ist. Typisch sind gro\u00dffl\u00e4chig ausgetrocknete, strohgelbe Stellen. Ursache sind nicht nur extreme Temperaturen, sondern h\u00e4ufig auch Fehler bei der <a href=\"https:\/\/www.rekubik.de\/bewaesserung\/\">Gartenbew\u00e4sserung<\/a>: Wird beispielsweise mittags bei voller Sonne gegossen, verdunstet das Wasser gr\u00f6\u00dftenteils sofort. Entgegen einem weit verbreiteten Mythos f\u00fchrt das Gie\u00dfen in der Sonne nicht zu einer \u201eBrennglaswirkung\u201c durch Wassertropfen auf den Grashalmen \u2013 wissenschaftlich konnte dieser Effekt nicht nachgewiesen werden.<\/p>\n<p style=\"text-align: justify;\">Die Sch\u00e4den entstehen vielmehr dadurch, dass das Wasser nicht tief genug in den Boden gelangt und die Pflanzen trotz Bew\u00e4sserung unter Trockenstress leiden. Um dem Gr\u00fcn in Hitzeperioden zu helfen, ist es wichtig, morgens oder abends gr\u00fcndlich zu w\u00e4ssern \u2013 am besten so, dass das Wasser 10\u201315 cm tief einsickert. Dadurch bilden die Gr\u00e4ser tiefere Wurzeln und sind weniger anf\u00e4llig f\u00fcr Sonnensch\u00e4den. Fehlt zudem eine regelm\u00e4\u00dfige N\u00e4hrstoffversorgung, kann sich die Grasfl\u00e4che nach Hitzestress schlechter erholen, weshalb eine ausgewogene D\u00fcngung langfristig wichtig ist.<\/p>\n<p><a href=\"https:\/\/www.rekubik.de\/bewaesserung\/beregnung\/rain-bird-versenkduesengehaeuse-1804\"><img loading=\"lazy\" decoding=\"async\" class=\"aligncenter wp-image-24895\" title=\"Rain Bird Versenkd\u00fcsengeh\u00e4use\" src=\"https:\/\/www.rekubik.de\/magazin\/wp-content\/uploads\/2028\/08\/Rainbird-20200730_065610.jpg\" alt=\"Rain Bird Versenkd\u00fcsengeh\u00e4use\" width=\"1200\" height=\"834\" srcset=\"https:\/\/www.rekubik.de\/magazin\/wp-content\/uploads\/2028\/08\/Rainbird-20200730_065610.jpg 1200w, https:\/\/www.rekubik.de\/magazin\/wp-content\/uploads\/2028\/08\/Rainbird-20200730_065610-300x209.jpg 300w, https:\/\/www.rekubik.de\/magazin\/wp-content\/uploads\/2028\/08\/Rainbird-20200730_065610-1024x712.jpg 1024w, https:\/\/www.rekubik.de\/magazin\/wp-content\/uploads\/2028\/08\/Rainbird-20200730_065610-768x534.jpg 768w, https:\/\/www.rekubik.de\/magazin\/wp-content\/uploads\/2028\/08\/Rainbird-20200730_065610-110x75.jpg 110w\" sizes=\"(max-width: 1200px) 100vw, 1200px\" \/><\/a><\/p>\n<h3>Vertrockneter Rasen durch \u00dcberd\u00fcngung<\/h3>\n<p style=\"text-align: justify;\">Sind kurz nach dem D\u00fcngen unregelm\u00e4\u00dfige, gelb-braune Flecken in der Rasenfl\u00e4che sichtbar, liegt sehr wahrscheinlich eine \u00dcberd\u00fcngung vor. Typisch sind punktuelle oder streifenartige Verf\u00e4rbungen, die genau dort auftreten, wo der D\u00fcnger zu dicht gestreut oder ungleichm\u00e4\u00dfig verteilt wurde. Ursache ist die erh\u00f6hte Salzkonzentration im Boden: Durch den osmotischen Effekt wird den Graspflanzen Wasser entzogen, sodass die Halme trotz ausreichender Bew\u00e4sserung austrocknen \u2013 \u00e4hnlich wie bei einer Verbrennung. Im Gegensatz zu gleichm\u00e4\u00dfig verbrannten Hitzefl\u00e4chen treten diese Sch\u00e4den unregelm\u00e4\u00dfig und meist direkt nach dem D\u00fcngen auf.<\/p>\n<p style=\"text-align: justify;\">Wenn es in dieser Zeit weder au\u00dfergew\u00f6hnlich hei\u00df noch extrem trocken war, sind Salzsch\u00e4den die wahrscheinlichste Erkl\u00e4rung. In vielen F\u00e4llen l\u00e4sst sich der Rasen retten, indem die betroffenen Fl\u00e4chen, die wie verbrannt aussehen, \u00fcber einen l\u00e4ngeren Zeitraum intensiv mit <a href=\"https:\/\/www.rekubik.de\/bewaesserung\/beregnung\/\">Regnern<\/a> oder mit dem <a href=\"https:\/\/www.rekubik.de\/bewaesserung\/schlauch-rohr\/gartenschlauch\/\">Gartenschlauch<\/a> gew\u00e4ssert werden, um die \u00fcbersch\u00fcssigen Salze aus dem Boden auszusp\u00fclen.<\/p>\n<p><img loading=\"lazy\" decoding=\"async\" class=\"aligncenter wp-image-24962 size-full\" title=\"Wenn der Rasen im Sommer trocken ist, kann eine Bodenverdichtung eintreten\" src=\"https:\/\/www.rekubik.de\/magazin\/wp-content\/uploads\/2028\/08\/Trockener-Rasen.jpg\" alt=\"Trockener-Rasen\" width=\"1200\" height=\"675\" srcset=\"https:\/\/www.rekubik.de\/magazin\/wp-content\/uploads\/2028\/08\/Trockener-Rasen.jpg 1200w, https:\/\/www.rekubik.de\/magazin\/wp-content\/uploads\/2028\/08\/Trockener-Rasen-300x169.jpg 300w, https:\/\/www.rekubik.de\/magazin\/wp-content\/uploads\/2028\/08\/Trockener-Rasen-1024x576.jpg 1024w, https:\/\/www.rekubik.de\/magazin\/wp-content\/uploads\/2028\/08\/Trockener-Rasen-768x432.jpg 768w\" sizes=\"(max-width: 1200px) 100vw, 1200px\" \/><\/p>\n<h2>Wie Sie verbrannten Rasen wieder gr\u00fcn bekommen<\/h2>\n<p style=\"text-align: justify;\">Sie wissen jetzt, dass sich die Frage \u201eRasen verbrannt \u2013 was tun?\u201c nicht mit einer einzigen L\u00f6sung beantworten l\u00e4sst. Meist steckt entweder eine l\u00e4ngere Hitzeperiode mit unzureichender Bew\u00e4sserung oder eine \u00dcberd\u00fcngung dahinter. Entscheidend ist, die Ursache richtig einzuordnen, denn nur dann greifen die passenden Ma\u00dfnahmen. Besonders h\u00e4ufig kommt es nach dem D\u00fcngen zu braunen Flecken, die wie verbrannt aussehen. In diesem Fall sind folgende Schritte erfolgversprechend:<\/p>\n<h3>Erfolgreiche Rasenrettung bei \u00dcberd\u00fcngung<\/h3>\n<p style=\"text-align: justify;\">Wird zu viel D\u00fcnger ausgebracht, steigt die Salzkonzentration im Boden. Dadurch wird den Graspflanzen Wasser entzogen, die Halme trocknen aus und es entstehen unregelm\u00e4\u00dfige, braune Stellen. Damit sich die Rasenfl\u00e4che erholen kann, m\u00fcssen die \u00fcbersch\u00fcssigen N\u00e4hrsalze schnellstm\u00f6glich aus dem Wurzelbereich ausgesp\u00fclt werden.<\/p>\n<p>Das hilft:<\/p>\n<ul>\n<li>Rasenfl\u00e4che intensiv w\u00e4ssern \u2013 idealerweise in den fr\u00fchen Morgen- oder Abendstunden, jeweils 1\u20132 Stunden am St\u00fcck<\/li>\n<li>die Bew\u00e4sserung \u00fcber mehrere Tage hinweg wiederholen, um die Salze nachhaltig auszuschwemmen<\/li>\n<li>noch sichtbare D\u00fcngerreste sorgf\u00e4ltig mit einem Rechen oder Laubbesen entfernen<\/li>\n<li>den Boden leicht auflockern, damit das Wasser besser einsickert und die Auswaschung beschleunigt wird<\/li>\n<\/ul>\n<p style=\"text-align: justify;\">Je schneller Sie handeln, desto gr\u00f6\u00dfer sind die Chancen, dass sich die Rasenfl\u00e4che von selbst regeneriert. In hartn\u00e4ckigen F\u00e4llen kann es sinnvoll sein, die betroffenen Stellen nach einigen Wochen nachzus\u00e4en, um wieder eine geschlossene, dichte Grasnarbe zu erhalten.<\/p>\n<figure id=\"attachment_24901\" aria-describedby=\"caption-attachment-24901\" style=\"width: 1200px\" class=\"wp-caption aligncenter\"><img loading=\"lazy\" decoding=\"async\" class=\"wp-image-24901\" title=\"Bei Salzsch\u00e4den hilft gr\u00fcndliches W\u00e4ssern: Intensives Sp\u00fclen schwemmt \u00fcbersch\u00fcssige Salze aus der Erde\" src=\"https:\/\/www.rekubik.de\/magazin\/wp-content\/uploads\/2028\/08\/Gartenschlauch-Rassenbewaesserung.jpg\" alt=\"Gartenschlauch-Rassenbewaesserung\" width=\"1200\" height=\"800\" srcset=\"https:\/\/www.rekubik.de\/magazin\/wp-content\/uploads\/2028\/08\/Gartenschlauch-Rassenbewaesserung.jpg 1000w, https:\/\/www.rekubik.de\/magazin\/wp-content\/uploads\/2028\/08\/Gartenschlauch-Rassenbewaesserung-300x200.jpg 300w, https:\/\/www.rekubik.de\/magazin\/wp-content\/uploads\/2028\/08\/Gartenschlauch-Rassenbewaesserung-768x512.jpg 768w\" sizes=\"(max-width: 1200px) 100vw, 1200px\" \/><figcaption id=\"caption-attachment-24901\" class=\"wp-caption-text\">\u00a9 New Africa &#8211; stock.adobe.com<\/figcaption><\/figure>\n<h2>Rasenrettung bei gro\u00dfer Hitze und Trockenheit<\/h2>\n<p style=\"text-align: justify;\">Durch Sonne und lange Trockenphasen verbrannte Rasenfl\u00e4chen erinnern in Zeiten des Klimawandels auch in Mitteleuropa immer h\u00e4ufiger an braune Steppenlandschaften. Viele Gartenbesitzer stellen sich dann die Frage: Kommt verbrannter Rasen wieder? \u2013 und in den meisten F\u00e4llen lautet die Antwort beruhigend: Ja. Mit den richtigen Pflegema\u00dfnahmen kann sich die verbrannte Grasnarbe meist innerhalb weniger Wochen erholen und wieder gr\u00fcn austreiben. Entscheidend ist, wie Sie in der Hitzephase gie\u00dfen und die Grasfl\u00e4che entlasten.<\/p>\n<p>So geht\u2019s:<\/p>\n<ul>\n<li style=\"text-align: justify;\">Gr\u00fcndlich morgens oder abends w\u00e4ssern \u2013 am besten so, dass das Wasser 10\u201315 cm tief ins Erdreich eindringt. Dadurch werden die Wurzeln gest\u00e4rkt und der Rasen widerstandsf\u00e4higer gegen Trockenperioden.<\/li>\n<li style=\"text-align: justify;\">Mittags nicht gie\u00dfen \u2013 nicht wegen einer \u201eBrennglaswirkung\u201c, sondern weil das Wasser in der gr\u00f6\u00dften Hitze zu schnell verdunstet und die Wurzeln kaum erreicht.<\/li>\n<li style=\"text-align: justify;\">Rasenm\u00e4her h\u00f6her einstellen \u2013 eine Schnitth\u00f6he von 4\u20135 cm sch\u00fctzt den Boden vor direkter Sonneneinstrahlung. L\u00e4ngere Halme beschatten die Erde, verringern die Verdunstung und f\u00f6rdern tiefere Wurzeln.<\/li>\n<li style=\"text-align: justify;\">M\u00e4hpausen einlegen \u2013 bei extremer Hitze ist es besser, die Rasenfl\u00e4che nicht zus\u00e4tzlich zu belasten. Weniger h\u00e4ufiges M\u00e4hen unterst\u00fctzt die Regeneration.<\/li>\n<li style=\"text-align: justify;\">Optional: Mulchen statt abr\u00e4umen \u2013 feines Schnittgut kann als d\u00fcnne Schicht auf der Fl\u00e4che verbleiben. Es sch\u00fctzt vor Austrocknung und f\u00fchrt dem Boden gleichzeitig N\u00e4hrstoffe zu.<\/li>\n<\/ul>\n<p style=\"text-align: justify;\">Mit Geduld und einer angepassten Pflege erholt sich die Grasfl\u00e4che in den meisten F\u00e4llen sichtbar. Nur wenn die Wurzeln vollst\u00e4ndig abgestorben sind, bleibt eine Nachsaat oder Neueinsaat im Fr\u00fchherbst als sinnvolle Erg\u00e4nzung.<\/p>\n<figure id=\"attachment_24960\" aria-describedby=\"caption-attachment-24960\" style=\"width: 1200px\" class=\"wp-caption aligncenter\"><img loading=\"lazy\" decoding=\"async\" class=\"wp-image-24960 size-full\" title=\"Bei sachgem\u00e4\u00dfer Pflege zeigt der Rasen oft eine gro\u00dfe Regenerationskraft - komplett kahle Stellen ben\u00f6tigen aber eine Neueinsaat \" src=\"https:\/\/www.rekubik.de\/magazin\/wp-content\/uploads\/2028\/08\/Rasen-nachsaeen-1.jpg\" alt=\"Rasen-nachs\u00e4en (1)\" width=\"1200\" height=\"801\" srcset=\"https:\/\/www.rekubik.de\/magazin\/wp-content\/uploads\/2028\/08\/Rasen-nachsaeen-1.jpg 1200w, https:\/\/www.rekubik.de\/magazin\/wp-content\/uploads\/2028\/08\/Rasen-nachsaeen-1-300x200.jpg 300w, https:\/\/www.rekubik.de\/magazin\/wp-content\/uploads\/2028\/08\/Rasen-nachsaeen-1-1024x684.jpg 1024w, https:\/\/www.rekubik.de\/magazin\/wp-content\/uploads\/2028\/08\/Rasen-nachsaeen-1-768x513.jpg 768w\" sizes=\"(max-width: 1200px) 100vw, 1200px\" \/><figcaption id=\"caption-attachment-24960\" class=\"wp-caption-text\">\u00a9 schulzie &#8211; stock.adobe.com<\/figcaption><\/figure>\n<h2>Zweifel, ob Ihr Rasen wieder gr\u00fcn wird?<\/h2>\n<p style=\"text-align: justify;\">Viele Gartenbesitzer m\u00f6chten nicht stundenlang w\u00e4ssern, ohne zu wissen, ob die verbrannte Rasenfl\u00e4che \u00fcberhaupt noch eine Chance hat. Ein einfacher Test bringt Klarheit: Stechen Sie ein kleines St\u00fcck der verbrannten Fl\u00e4che etwa 15 cm tief aus. Sind die Wurzeln komplett vertrocknet und br\u00fcchig, ist eine Regeneration leider kaum m\u00f6glich \u2013 dann bleibt nur Nachsaat oder eine Neueinsaat. Finden Sie dagegen noch wei\u00dfe oder hellbraune, also lebendige Wurzeln, stehen die Chancen sehr gut, dass sich die Grasfl\u00e4che mit der richtigen Pflege erholt. Manchmal wirkt schon ein mehrt\u00e4giger, kr\u00e4ftiger Sommerregen wie ein nat\u00fcrlicher Turbo f\u00fcr die Regeneration. Bleibt der Niederschlag jedoch aus, ist konsequentes W\u00e4ssern durch Sie selbst unverzichtbar. Mit Geduld und gleichm\u00e4\u00dfiger Pflege wird die Rasenfl\u00e4che in vielen F\u00e4llen schneller wieder gr\u00fcn, als Sie es erwarten.<\/p>\n<h2>Rasenpflege in der Regenerationsphase<\/h2>\n<p style=\"text-align: justify;\">Optimismus zahlt sich aus: Gut angewachsene, gesunde Rasenfl\u00e4chen k\u00f6nnen auch l\u00e4ngere Trockenphasen erstaunlich gut \u00fcberstehen. Mit konsequenter Bew\u00e4sserung und einer an die aktuellen Klimabedingungen angepassten Pflege ist eine sichtbare Erholung oft schon innerhalb weniger Wochen m\u00f6glich. Entscheidend ist vor allem die richtige Wasserversorgung, damit die Gr\u00e4ser wieder kr\u00e4ftig austreiben und tiefere Wurzeln bilden. Diese tiefen Wurzeln machen die Graspflanzen nicht nur robuster, sondern helfen auch, k\u00fcnftige Trockenperioden besser zu \u00fcberstehen. W\u00e4hrend der Regeneration gilt: die Grasfl\u00e4che m\u00f6glichst nicht m\u00e4hen oder den Schnitt deutlich h\u00f6her einstellen. L\u00e4ngere Halme beschatten den Boden, verringern die Verdunstung und geben der Grasnarbe die n\u00f6tige Ruhe, um sich zu stabilisieren. So erh\u00f6hen Sie die Chancen, dass Ihre Grasfl\u00e4che dauerhaft dicht und widerstandsf\u00e4hig zur\u00fcckkommt.<\/p>\n<figure id=\"attachment_24968\" aria-describedby=\"caption-attachment-24968\" style=\"width: 1200px\" class=\"wp-caption aligncenter\"><img loading=\"lazy\" decoding=\"async\" class=\"wp-image-24968 size-full\" src=\"https:\/\/www.rekubik.de\/magazin\/wp-content\/uploads\/2028\/08\/Junges-Gras-1.jpg\" alt=\"Junges-Gras (1)\" width=\"1200\" height=\"800\" srcset=\"https:\/\/www.rekubik.de\/magazin\/wp-content\/uploads\/2028\/08\/Junges-Gras-1.jpg 1200w, https:\/\/www.rekubik.de\/magazin\/wp-content\/uploads\/2028\/08\/Junges-Gras-1-300x200.jpg 300w, https:\/\/www.rekubik.de\/magazin\/wp-content\/uploads\/2028\/08\/Junges-Gras-1-1024x683.jpg 1024w, https:\/\/www.rekubik.de\/magazin\/wp-content\/uploads\/2028\/08\/Junges-Gras-1-768x512.jpg 768w\" sizes=\"(max-width: 1200px) 100vw, 1200px\" \/><figcaption id=\"caption-attachment-24968\" class=\"wp-caption-text\">\u00a9 Nana_studio &#8211; stock.adobe.com<\/figcaption><\/figure>\n<h2>Was tun, wenn keine Rettung m\u00f6glich ist?<\/h2>\n<p style=\"text-align: justify;\">Manchmal sind die Sch\u00e4den so gravierend, dass auch konsequente Pflege nicht mehr hilft. Dann bleibt nur eine Nachsaat oder im Extremfall die komplette Neuansaat des Rasens. Im Idealfall sind lediglich einzelne Stellen betroffen \u2013 etwa durch \u00dcberd\u00fcngung, extreme Trockenheit oder eine Feuerstelle. In solchen F\u00e4llen reicht es, die gesch\u00e4digten Bereiche nachzus\u00e4en. Dabei lohnt es sich, auf hitze- und trockenheitsvertr\u00e4gliche Rasensorten zu setzen, die den ver\u00e4nderten Klimabedingungen besser standhalten. Wenn eine komplette Neuansaat n\u00f6tig ist, bietet sich die Gelegenheit, von Anfang an ein cleveres Bew\u00e4sserungssystem einzuplanen. So vermeiden Sie in Zukunft erneute Trockensch\u00e4den und erleichtern sich die Pflege.<\/p>\n<div class=\"box info  \"><div class=\"box-inner-block\"><i class=\"fa tie-shortcode-boxicon\"><\/i>\n\t\t\tUnser Tipp: Nutzen Sie Regenwasser! Mit einem <a href=\"https:\/\/www.rekubik.de\/ibc-container\/\">IBC-Container<\/a> oder einer Zisterne k\u00f6nnen Sie Regenwasser sammeln und Ihre Rasenfl\u00e4che auch in Trockenperioden oder w\u00e4hrend des Urlaubs zuverl\u00e4ssig versorgen.\n\t\t\t<\/div><\/div>\n<p><a href=\"https:\/\/www.rekubik.de\/zisterne-abwassertank\/regenspeicher\/graf-1600-liter-regenspeicher-herkules-tank-fuer-erdeinbau-geeignet\"><img loading=\"lazy\" decoding=\"async\" class=\"aligncenter wp-image-19032 size-full\" title=\"GRAF 1600 Liter Regenspeicher HERKULES-Tank f\u00fcr Erdeinbau geeignet\" src=\"https:\/\/www.rekubik.de\/magazin\/wp-content\/uploads\/2025\/02\/1600l-Regenspeicher-HERKULES-Tank-fuer-Erdeinbau-geeignet-2.jpg\" alt=\"GRAF 1600 Liter Regenspeicher HERKULES-Tank f\u00fcr Erdeinbau geeignet\" width=\"850\" height=\"850\" srcset=\"https:\/\/www.rekubik.de\/magazin\/wp-content\/uploads\/2025\/02\/1600l-Regenspeicher-HERKULES-Tank-fuer-Erdeinbau-geeignet-2.jpg 850w, https:\/\/www.rekubik.de\/magazin\/wp-content\/uploads\/2025\/02\/1600l-Regenspeicher-HERKULES-Tank-fuer-Erdeinbau-geeignet-2-300x300.jpg 300w, https:\/\/www.rekubik.de\/magazin\/wp-content\/uploads\/2025\/02\/1600l-Regenspeicher-HERKULES-Tank-fuer-Erdeinbau-geeignet-2-150x150.jpg 150w, https:\/\/www.rekubik.de\/magazin\/wp-content\/uploads\/2025\/02\/1600l-Regenspeicher-HERKULES-Tank-fuer-Erdeinbau-geeignet-2-768x768.jpg 768w\" sizes=\"(max-width: 850px) 100vw, 850px\" \/><\/a><\/p>\n<h2>Vorbeugen ist besser als regenerieren<\/h2>\n<p style=\"text-align: justify;\">Damit Ihre Grasfl\u00e4che in Zukunft sattgr\u00fcn bleibt, lohnt sich eine konsequente Pflege.<\/p>\n<ul style=\"text-align: justify;\">\n<li>D\u00fcnger richtig einsetzen: Dosieren Sie die Mengen exakt nach Herstellerangaben. F\u00fcr gleichm\u00e4\u00dfiges Ausbringen empfiehlt sich ein Streuwagen. D\u00fcngen Sie nur auf trockenen Fl\u00e4chen und w\u00e4ssern Sie die Rasenfl\u00e4che anschlie\u00dfend gr\u00fcndlich.<\/li>\n<li>Bew\u00e4sserung anpassen: Zwischen Mai und September ist eine regelm\u00e4\u00dfige, tiefgr\u00fcndige Bew\u00e4sserung entscheidend. Lieber seltener, daf\u00fcr durchdringend gie\u00dfen \u2013 und unbedingt au\u00dferhalb der hei\u00dfen Mittagsstunden.<\/li>\n<li>Nachhaltig w\u00e4ssern: Wenn Sie Regenwasser aus IBC-Containern oder Zisternen nutzen, sparen Sie Leitungswasser und versorgen Ihren Rasen trotzdem zuverl\u00e4ssig \u2013 ein Plus f\u00fcr Umwelt und Geldbeutel.<\/li>\n<\/ul>\n<p style=\"text-align: justify;\">Mit diesen Ma\u00dfnahmen sorgen Sie daf\u00fcr, dass sich Ihre Grasfl\u00e4che nicht nur von aktuellen Sch\u00e4den erholt, sondern auch in Zukunft widerstandsf\u00e4hig und gesund bleibt.<\/p>\n","protected":false},"excerpt":{"rendered":"<p>\u00ab Tipps und Sofortma\u00dfnahmen \u00bb Rasen verbrannt \u2013 was tun? Sp\u00e4testens, wenn Garten oder Gr\u00fcnanlage mehr einer braunen Steppe als einem gesunden, saftig gr\u00fcnen Golfrasen gleichen, besteht akuter Handlungsbedarf. Die gute Nachricht lautet: In den meisten F\u00e4llen ist es m\u00f6glich, verbrannten Rasen zu retten, auch wenn bis auf Weiteres kein Regen in Sicht ist. In &hellip;<\/p>\n","protected":false},"author":1,"featured_media":24892,"comment_status":"closed","ping_status":"open","sticky":false,"template":"","format":"standard","meta":{"footnotes":""},"categories":[1],"tags":[3015,3018,3013,3016,3014,3011,465,3012,3002,3017],"class_list":["post-24866","post","type-post","status-publish","format-standard","has-post-thumbnail","","category-ibc-garten","tag-bewaesserung-morgens","tag-duenger-richtig","tag-hitzeschaeden-trockenheit","tag-nachsaat-neueinsaat","tag-rasenpflege-regeneration","tag-rasenrettung","tag-regenwasser-sammeln","tag-ueberduengung-salzschaeden","tag-verbrannter-rasen","tag-wurzeln-test"],"yoast_head":"<!-- This site is optimized with the Yoast SEO plugin v23.5 - https:\/\/yoast.com\/wordpress\/plugins\/seo\/ -->\n<title>Verbrannter Rasen - was tun? - REKUBIK\u00ae Magazin<\/title>\n<meta name=\"description\" content=\"Was tun bei vertrocknetem Rasen? \u2714 Erste Hilfe bei Hitzesch\u00e4den und \u00dcberd\u00fcngung \u2714 Schritt-f\u00fcr-Schritt-Anleitung zur Rasenrettung | REKUBIK.de\" \/>\n<meta name=\"robots\" content=\"index, follow, max-snippet:-1, max-image-preview:large, max-video-preview:-1\" \/>\n<link rel=\"canonical\" href=\"https:\/\/www.rekubik.de\/magazin\/verbrannter-rasen-was-tun\/\" \/>\n<meta property=\"og:locale\" content=\"de_DE\" \/>\n<meta property=\"og:type\" content=\"article\" \/>\n<meta property=\"og:title\" content=\"Verbrannter Rasen - was tun? - REKUBIK\u00ae Magazin\" \/>\n<meta property=\"og:description\" content=\"Was tun bei vertrocknetem Rasen? \u2714 Erste Hilfe bei Hitzesch\u00e4den und \u00dcberd\u00fcngung \u2714 Schritt-f\u00fcr-Schritt-Anleitung zur Rasenrettung | REKUBIK.de\" \/>\n<meta property=\"og:url\" content=\"https:\/\/www.rekubik.de\/magazin\/verbrannter-rasen-was-tun\/\" \/>\n<meta property=\"og:site_name\" content=\"REKUBIK\u00ae Magazin\" \/>\n<meta property=\"article:published_time\" content=\"2025-09-05T07:00:21+00:00\" \/>\n<meta property=\"article:modified_time\" content=\"2025-08-29T10:14:20+00:00\" \/>\n<meta property=\"og:image\" content=\"https:\/\/www.rekubik.de\/magazin\/wp-content\/uploads\/2028\/08\/Kaputter-Rasen-1.jpg\" \/>\n\t<meta property=\"og:image:width\" content=\"1000\" \/>\n\t<meta property=\"og:image:height\" content=\"592\" \/>\n\t<meta property=\"og:image:type\" content=\"image\/jpeg\" \/>\n<meta name=\"author\" content=\"admin\" \/>\n<meta name=\"twitter:card\" content=\"summary_large_image\" \/>\n<meta name=\"twitter:label1\" content=\"Geschrieben von\" \/>\n\t<meta name=\"twitter:data1\" content=\"admin\" \/>\n\t<meta name=\"twitter:label2\" content=\"Gesch\u00e4tzte Lesezeit\" \/>\n\t<meta name=\"twitter:data2\" content=\"10\u00a0Minuten\" \/>\n<script type=\"application\/ld+json\" class=\"yoast-schema-graph\">{\"@context\":\"https:\/\/schema.org\",\"@graph\":[{\"@type\":\"Article\",\"@id\":\"https:\/\/www.rekubik.de\/magazin\/verbrannter-rasen-was-tun\/#article\",\"isPartOf\":{\"@id\":\"https:\/\/www.rekubik.de\/magazin\/verbrannter-rasen-was-tun\/\"},\"author\":{\"name\":\"admin\",\"@id\":\"https:\/\/www.rekubik.de\/magazin\/#\/schema\/person\/d5faea021aac94edeeb8e47cf06771c7\"},\"headline\":\"Verbrannter Rasen &#8211; was tun?\",\"datePublished\":\"2025-09-05T07:00:21+00:00\",\"dateModified\":\"2025-08-29T10:14:20+00:00\",\"mainEntityOfPage\":{\"@id\":\"https:\/\/www.rekubik.de\/magazin\/verbrannter-rasen-was-tun\/\"},\"wordCount\":1665,\"publisher\":{\"@id\":\"https:\/\/www.rekubik.de\/magazin\/#organization\"},\"image\":{\"@id\":\"https:\/\/www.rekubik.de\/magazin\/verbrannter-rasen-was-tun\/#primaryimage\"},\"thumbnailUrl\":\"https:\/\/www.rekubik.de\/magazin\/wp-content\/uploads\/2028\/08\/Kaputter-Rasen-1.jpg\",\"keywords\":[\"Bew\u00e4sserung morgens\",\"D\u00fcnger richtig\",\"Hitzesch\u00e4den Trockenheit\",\"Nachsaat Neueinsaat\",\"Rasenpflege Regeneration\",\"Rasenrettung\",\"Regenwasser sammeln\",\"\u00dcberd\u00fcngung Salzsch\u00e4den\",\"Verbrannter Rasen\",\"Wurzeln Test\"],\"articleSection\":[\"IBC IM GARTEN\"],\"inLanguage\":\"de\"},{\"@type\":\"WebPage\",\"@id\":\"https:\/\/www.rekubik.de\/magazin\/verbrannter-rasen-was-tun\/\",\"url\":\"https:\/\/www.rekubik.de\/magazin\/verbrannter-rasen-was-tun\/\",\"name\":\"Verbrannter Rasen - was tun? - REKUBIK\u00ae Magazin\",\"isPartOf\":{\"@id\":\"https:\/\/www.rekubik.de\/magazin\/#website\"},\"primaryImageOfPage\":{\"@id\":\"https:\/\/www.rekubik.de\/magazin\/verbrannter-rasen-was-tun\/#primaryimage\"},\"image\":{\"@id\":\"https:\/\/www.rekubik.de\/magazin\/verbrannter-rasen-was-tun\/#primaryimage\"},\"thumbnailUrl\":\"https:\/\/www.rekubik.de\/magazin\/wp-content\/uploads\/2028\/08\/Kaputter-Rasen-1.jpg\",\"datePublished\":\"2025-09-05T07:00:21+00:00\",\"dateModified\":\"2025-08-29T10:14:20+00:00\",\"description\":\"Was tun bei vertrocknetem Rasen? \u2714 Erste Hilfe bei Hitzesch\u00e4den und \u00dcberd\u00fcngung \u2714 Schritt-f\u00fcr-Schritt-Anleitung zur Rasenrettung | REKUBIK.de\",\"breadcrumb\":{\"@id\":\"https:\/\/www.rekubik.de\/magazin\/verbrannter-rasen-was-tun\/#breadcrumb\"},\"inLanguage\":\"de\",\"potentialAction\":[{\"@type\":\"ReadAction\",\"target\":[\"https:\/\/www.rekubik.de\/magazin\/verbrannter-rasen-was-tun\/\"]}]},{\"@type\":\"ImageObject\",\"inLanguage\":\"de\",\"@id\":\"https:\/\/www.rekubik.de\/magazin\/verbrannter-rasen-was-tun\/#primaryimage\",\"url\":\"https:\/\/www.rekubik.de\/magazin\/wp-content\/uploads\/2028\/08\/Kaputter-Rasen-1.jpg\",\"contentUrl\":\"https:\/\/www.rekubik.de\/magazin\/wp-content\/uploads\/2028\/08\/Kaputter-Rasen-1.jpg\",\"width\":1000,\"height\":592,\"caption\":\"\u00a9 singjai - stock.adobe.com\"},{\"@type\":\"BreadcrumbList\",\"@id\":\"https:\/\/www.rekubik.de\/magazin\/verbrannter-rasen-was-tun\/#breadcrumb\",\"itemListElement\":[{\"@type\":\"ListItem\",\"position\":1,\"name\":\"Home\",\"item\":\"https:\/\/www.rekubik.de\/magazin\/\"},{\"@type\":\"ListItem\",\"position\":2,\"name\":\"Verbrannter Rasen &#8211; was tun?\"}]},{\"@type\":\"WebSite\",\"@id\":\"https:\/\/www.rekubik.de\/magazin\/#website\",\"url\":\"https:\/\/www.rekubik.de\/magazin\/\",\"name\":\"REKUBIK\u00ae Magazin\",\"description\":\"\",\"publisher\":{\"@id\":\"https:\/\/www.rekubik.de\/magazin\/#organization\"},\"potentialAction\":[{\"@type\":\"SearchAction\",\"target\":{\"@type\":\"EntryPoint\",\"urlTemplate\":\"https:\/\/www.rekubik.de\/magazin\/?s={search_term_string}\"},\"query-input\":{\"@type\":\"PropertyValueSpecification\",\"valueRequired\":true,\"valueName\":\"search_term_string\"}}],\"inLanguage\":\"de\"},{\"@type\":\"Organization\",\"@id\":\"https:\/\/www.rekubik.de\/magazin\/#organization\",\"name\":\"Rekubik\",\"url\":\"https:\/\/www.rekubik.de\/magazin\/\",\"logo\":{\"@type\":\"ImageObject\",\"inLanguage\":\"de\",\"@id\":\"https:\/\/www.rekubik.de\/magazin\/#\/schema\/logo\/image\/\",\"url\":\"https:\/\/www.rekubik.de\/magazin\/wp-content\/uploads\/2017\/12\/rekubik-LOGO-Shopware.png\",\"contentUrl\":\"https:\/\/www.rekubik.de\/magazin\/wp-content\/uploads\/2017\/12\/rekubik-LOGO-Shopware.png\",\"width\":200,\"height\":50,\"caption\":\"Rekubik\"},\"image\":{\"@id\":\"https:\/\/www.rekubik.de\/magazin\/#\/schema\/logo\/image\/\"}},{\"@type\":\"Person\",\"@id\":\"https:\/\/www.rekubik.de\/magazin\/#\/schema\/person\/d5faea021aac94edeeb8e47cf06771c7\",\"name\":\"admin\",\"image\":{\"@type\":\"ImageObject\",\"inLanguage\":\"de\",\"@id\":\"https:\/\/www.rekubik.de\/magazin\/#\/schema\/person\/image\/\",\"url\":\"https:\/\/secure.gravatar.com\/avatar\/a794a4fe8a9b9c52241597eb381dfa2e?s=96&d=mm&r=g\",\"contentUrl\":\"https:\/\/secure.gravatar.com\/avatar\/a794a4fe8a9b9c52241597eb381dfa2e?s=96&d=mm&r=g\",\"caption\":\"admin\"}}]}<\/script>\n<!-- \/ Yoast SEO plugin. -->","yoast_head_json":{"title":"Verbrannter Rasen - was tun? - REKUBIK\u00ae Magazin","description":"Was tun bei vertrocknetem Rasen? \u2714 Erste Hilfe bei Hitzesch\u00e4den und \u00dcberd\u00fcngung \u2714 Schritt-f\u00fcr-Schritt-Anleitung zur Rasenrettung | REKUBIK.de","robots":{"index":"index","follow":"follow","max-snippet":"max-snippet:-1","max-image-preview":"max-image-preview:large","max-video-preview":"max-video-preview:-1"},"canonical":"https:\/\/www.rekubik.de\/magazin\/verbrannter-rasen-was-tun\/","og_locale":"de_DE","og_type":"article","og_title":"Verbrannter Rasen - was tun? - REKUBIK\u00ae Magazin","og_description":"Was tun bei vertrocknetem Rasen? \u2714 Erste Hilfe bei Hitzesch\u00e4den und \u00dcberd\u00fcngung \u2714 Schritt-f\u00fcr-Schritt-Anleitung zur Rasenrettung | REKUBIK.de","og_url":"https:\/\/www.rekubik.de\/magazin\/verbrannter-rasen-was-tun\/","og_site_name":"REKUBIK\u00ae Magazin","article_published_time":"2025-09-05T07:00:21+00:00","article_modified_time":"2025-08-29T10:14:20+00:00","og_image":[{"width":1000,"height":592,"url":"https:\/\/www.rekubik.de\/magazin\/wp-content\/uploads\/2028\/08\/Kaputter-Rasen-1.jpg","type":"image\/jpeg"}],"author":"admin","twitter_card":"summary_large_image","twitter_misc":{"Geschrieben von":"admin","Gesch\u00e4tzte Lesezeit":"10\u00a0Minuten"},"schema":{"@context":"https:\/\/schema.org","@graph":[{"@type":"Article","@id":"https:\/\/www.rekubik.de\/magazin\/verbrannter-rasen-was-tun\/#article","isPartOf":{"@id":"https:\/\/www.rekubik.de\/magazin\/verbrannter-rasen-was-tun\/"},"author":{"name":"admin","@id":"https:\/\/www.rekubik.de\/magazin\/#\/schema\/person\/d5faea021aac94edeeb8e47cf06771c7"},"headline":"Verbrannter Rasen &#8211; was tun?","datePublished":"2025-09-05T07:00:21+00:00","dateModified":"2025-08-29T10:14:20+00:00","mainEntityOfPage":{"@id":"https:\/\/www.rekubik.de\/magazin\/verbrannter-rasen-was-tun\/"},"wordCount":1665,"publisher":{"@id":"https:\/\/www.rekubik.de\/magazin\/#organization"},"image":{"@id":"https:\/\/www.rekubik.de\/magazin\/verbrannter-rasen-was-tun\/#primaryimage"},"thumbnailUrl":"https:\/\/www.rekubik.de\/magazin\/wp-content\/uploads\/2028\/08\/Kaputter-Rasen-1.jpg","keywords":["Bew\u00e4sserung morgens","D\u00fcnger richtig","Hitzesch\u00e4den Trockenheit","Nachsaat Neueinsaat","Rasenpflege Regeneration","Rasenrettung","Regenwasser sammeln","\u00dcberd\u00fcngung Salzsch\u00e4den","Verbrannter Rasen","Wurzeln Test"],"articleSection":["IBC IM GARTEN"],"inLanguage":"de"},{"@type":"WebPage","@id":"https:\/\/www.rekubik.de\/magazin\/verbrannter-rasen-was-tun\/","url":"https:\/\/www.rekubik.de\/magazin\/verbrannter-rasen-was-tun\/","name":"Verbrannter Rasen - was tun? - REKUBIK\u00ae Magazin","isPartOf":{"@id":"https:\/\/www.rekubik.de\/magazin\/#website"},"primaryImageOfPage":{"@id":"https:\/\/www.rekubik.de\/magazin\/verbrannter-rasen-was-tun\/#primaryimage"},"image":{"@id":"https:\/\/www.rekubik.de\/magazin\/verbrannter-rasen-was-tun\/#primaryimage"},"thumbnailUrl":"https:\/\/www.rekubik.de\/magazin\/wp-content\/uploads\/2028\/08\/Kaputter-Rasen-1.jpg","datePublished":"2025-09-05T07:00:21+00:00","dateModified":"2025-08-29T10:14:20+00:00","description":"Was tun bei vertrocknetem Rasen? \u2714 Erste Hilfe bei Hitzesch\u00e4den und \u00dcberd\u00fcngung \u2714 Schritt-f\u00fcr-Schritt-Anleitung zur Rasenrettung | REKUBIK.de","breadcrumb":{"@id":"https:\/\/www.rekubik.de\/magazin\/verbrannter-rasen-was-tun\/#breadcrumb"},"inLanguage":"de","potentialAction":[{"@type":"ReadAction","target":["https:\/\/www.rekubik.de\/magazin\/verbrannter-rasen-was-tun\/"]}]},{"@type":"ImageObject","inLanguage":"de","@id":"https:\/\/www.rekubik.de\/magazin\/verbrannter-rasen-was-tun\/#primaryimage","url":"https:\/\/www.rekubik.de\/magazin\/wp-content\/uploads\/2028\/08\/Kaputter-Rasen-1.jpg","contentUrl":"https:\/\/www.rekubik.de\/magazin\/wp-content\/uploads\/2028\/08\/Kaputter-Rasen-1.jpg","width":1000,"height":592,"caption":"\u00a9 singjai - stock.adobe.com"},{"@type":"BreadcrumbList","@id":"https:\/\/www.rekubik.de\/magazin\/verbrannter-rasen-was-tun\/#breadcrumb","itemListElement":[{"@type":"ListItem","position":1,"name":"Home","item":"https:\/\/www.rekubik.de\/magazin\/"},{"@type":"ListItem","position":2,"name":"Verbrannter Rasen &#8211; was tun?"}]},{"@type":"WebSite","@id":"https:\/\/www.rekubik.de\/magazin\/#website","url":"https:\/\/www.rekubik.de\/magazin\/","name":"REKUBIK\u00ae Magazin","description":"","publisher":{"@id":"https:\/\/www.rekubik.de\/magazin\/#organization"},"potentialAction":[{"@type":"SearchAction","target":{"@type":"EntryPoint","urlTemplate":"https:\/\/www.rekubik.de\/magazin\/?s={search_term_string}"},"query-input":{"@type":"PropertyValueSpecification","valueRequired":true,"valueName":"search_term_string"}}],"inLanguage":"de"},{"@type":"Organization","@id":"https:\/\/www.rekubik.de\/magazin\/#organization","name":"Rekubik","url":"https:\/\/www.rekubik.de\/magazin\/","logo":{"@type":"ImageObject","inLanguage":"de","@id":"https:\/\/www.rekubik.de\/magazin\/#\/schema\/logo\/image\/","url":"https:\/\/www.rekubik.de\/magazin\/wp-content\/uploads\/2017\/12\/rekubik-LOGO-Shopware.png","contentUrl":"https:\/\/www.rekubik.de\/magazin\/wp-content\/uploads\/2017\/12\/rekubik-LOGO-Shopware.png","width":200,"height":50,"caption":"Rekubik"},"image":{"@id":"https:\/\/www.rekubik.de\/magazin\/#\/schema\/logo\/image\/"}},{"@type":"Person","@id":"https:\/\/www.rekubik.de\/magazin\/#\/schema\/person\/d5faea021aac94edeeb8e47cf06771c7","name":"admin","image":{"@type":"ImageObject","inLanguage":"de","@id":"https:\/\/www.rekubik.de\/magazin\/#\/schema\/person\/image\/","url":"https:\/\/secure.gravatar.com\/avatar\/a794a4fe8a9b9c52241597eb381dfa2e?s=96&d=mm&r=g","contentUrl":"https:\/\/secure.gravatar.com\/avatar\/a794a4fe8a9b9c52241597eb381dfa2e?s=96&d=mm&r=g","caption":"admin"}}]}},"_links":{"self":[{"href":"https:\/\/www.rekubik.de\/magazin\/wp-json\/wp\/v2\/posts\/24866"}],"collection":[{"href":"https:\/\/www.rekubik.de\/magazin\/wp-json\/wp\/v2\/posts"}],"about":[{"href":"https:\/\/www.rekubik.de\/magazin\/wp-json\/wp\/v2\/types\/post"}],"author":[{"embeddable":true,"href":"https:\/\/www.rekubik.de\/magazin\/wp-json\/wp\/v2\/users\/1"}],"replies":[{"embeddable":true,"href":"https:\/\/www.rekubik.de\/magazin\/wp-json\/wp\/v2\/comments?post=24866"}],"version-history":[{"count":25,"href":"https:\/\/www.rekubik.de\/magazin\/wp-json\/wp\/v2\/posts\/24866\/revisions"}],"predecessor-version":[{"id":24973,"href":"https:\/\/www.rekubik.de\/magazin\/wp-json\/wp\/v2\/posts\/24866\/revisions\/24973"}],"wp:featuredmedia":[{"embeddable":true,"href":"https:\/\/www.rekubik.de\/magazin\/wp-json\/wp\/v2\/media\/24892"}],"wp:attachment":[{"href":"https:\/\/www.rekubik.de\/magazin\/wp-json\/wp\/v2\/media?parent=24866"}],"wp:term":[{"taxonomy":"category","embeddable":true,"href":"https:\/\/www.rekubik.de\/magazin\/wp-json\/wp\/v2\/categories?post=24866"},{"taxonomy":"post_tag","embeddable":true,"href":"https:\/\/www.rekubik.de\/magazin\/wp-json\/wp\/v2\/tags?post=24866"}],"curies":[{"name":"wp","href":"https:\/\/api.w.org\/{rel}","templated":true}]}}