{"id":26151,"date":"2026-04-29T08:04:48","date_gmt":"2026-04-29T06:04:48","guid":{"rendered":"https:\/\/www.rekubik.de\/magazin\/?p=26151"},"modified":"2026-04-29T08:55:28","modified_gmt":"2026-04-29T06:55:28","slug":"gruenduengung-im-garten","status":"publish","type":"post","link":"https:\/\/www.rekubik.de\/magazin\/gruenduengung-im-garten\/","title":{"rendered":"Gr\u00fcnd\u00fcngung im Garten"},"content":{"rendered":"<h1 style=\"text-align: justify;\">So verbessern Sie Ihren Gartenboden effektiv<\/h1>\n<p style=\"text-align: justify;\"><strong>Lockerer, kr\u00fcmeliger Boden, weniger Beikraut, ein nat\u00fcrlicher Stickstoff-Schub durch Kn\u00f6llchenbakterien und ein sp\u00fcrbar aktiveres Bodenleben \u2013 das alles bringt Ihnen eine Gr\u00fcnd\u00fcngung im Garten. Doch welche Pflanzen eignen sich am besten: Gelbsenf, Phacelia, Lupine oder Inkarnatklee? Wann ist der richtige Aussaatzeitpunkt \u2013 Fr\u00fchjahr, Sommer oder Herbst? Wie genau machen Leguminosen Luftstickstoff f\u00fcr Ihre Folgekultur verf\u00fcgbar? Und sollten Sie die Pflanzen vor der n\u00e4chsten Saison einarbeiten oder \u00fcber den Winter stehen lassen? Antworten auf diese und weitere Fragen finden Sie in den folgenden Abschnitten.<\/strong><\/p>\n<h2 style=\"text-align: justify;\">Was bringt die Gr\u00fcnd\u00fcngung im heimischen Garten?<\/h2>\n<p style=\"text-align: justify;\">Diese Methode wirkt wie eine nat\u00fcrliche Verj\u00fcngungskur f\u00fcr Ihren Boden \u2013 und das auf gleich mehreren Ebenen.<\/p>\n<p style=\"text-align: justify;\">Im Untergrund leisten die Wurzeln einen gro\u00dfen Teil der Arbeit. Tiefwurzler wie \u00d6lrettich oder Lupine dringen tief in den Boden ein, schaffen Wurzelkan\u00e4le und k\u00f6nnen verdichtete Schichten nach und nach lockern. Dadurch wird z\u00e4he, lehmige Erde wieder kr\u00fcmeliger, Wasser kann besser versickern, und auch tiefere Bodenschichten beleben sich neu. Wer Leguminosen wie Lupine, Klee oder Wicke w\u00e4hlt, profitiert zus\u00e4tzlich von einem nat\u00fcrlichen D\u00fcngeeffekt: An den Wurzeln dieser Pflanzen siedeln sich Kn\u00f6llchenbakterien an. Sie binden Luftstickstoff und machen ihn der Pflanze in verwertbarer Form zug\u00e4nglich. F\u00fcr die Folgekultur wird ein Teil dieses Stickstoffs verf\u00fcgbar, wenn Wurzeln und Pflanzenmasse im Boden verrotten \u2013 ein einfacher, kostenloser D\u00fcngeeffekt, von dem auch Hobbyg\u00e4rtner profitieren.<\/p>\n<p style=\"text-align: justify;\">Zugleich entlastet eine dichte Begr\u00fcnung die Pflegearbeit oberirdisch. Schnellw\u00fcchsige Arten wie Phacelia oder Buchweizen bedecken den Boden binnen weniger Wochen fl\u00e4chig und nehmen unerw\u00fcnschtem Bewuchs Licht und Platz, sodass deutlich weniger Beikraut gej\u00e4tet werden muss. Gleichzeitig sch\u00fctzt der dichte Bewuchs vor Erosion: Die Wurzeln festigen die Erde, und die oberirdische Biomasse f\u00e4ngt Niederschl\u00e4ge ab, bevor sie ungebremst auf die Bodenoberfl\u00e4che treffen.<\/p>\n<p style=\"text-align: justify;\">L\u00e4ngerfristig steigt der Humusgehalt im Boden. Humus wirkt wie ein Schwamm und speichert Wasser deutlich besser als ein humusarmer Sand- oder Lehmboden. Au\u00dferdem sch\u00fctzt eine fl\u00e4chige Begr\u00fcnung die Erde vor direkter Sonneneinstrahlung und Austrocknung \u2013 das reduziert den Bedarf an zus\u00e4tzlicher <a href=\"https:\/\/www.rekubik.de\/bewaesserung\/\">Gartenbew\u00e4sserung<\/a> in Trockenphasen sp\u00fcrbar. Und nicht zuletzt profitiert das Bodenleben: Regenw\u00fcrmer, Mikroorganismen und Pilze finden in den absterbenden Pflanzenresten Nahrung und verwandeln sie nach und nach in fruchtbaren Humus.<\/p>\n<p><img loading=\"lazy\" decoding=\"async\" class=\"aligncenter size-full wp-image-26161\" title=\"Gesundes Bodenleben durch Gr\u00fcnd\u00fcngung im Garten\" src=\"https:\/\/www.rekubik.de\/magazin\/wp-content\/uploads\/2029\/04\/humus-mit-regenwurm.jpg\" alt=\"Lockerer Humusboden mit Regenwurm \u2013 aktives Bodenleben durch Gr\u00fcnd\u00fcngung im Garten\" width=\"800\" height=\"800\" srcset=\"https:\/\/www.rekubik.de\/magazin\/wp-content\/uploads\/2029\/04\/humus-mit-regenwurm.jpg 800w, https:\/\/www.rekubik.de\/magazin\/wp-content\/uploads\/2029\/04\/humus-mit-regenwurm-300x300.jpg 300w, https:\/\/www.rekubik.de\/magazin\/wp-content\/uploads\/2029\/04\/humus-mit-regenwurm-150x150.jpg 150w, https:\/\/www.rekubik.de\/magazin\/wp-content\/uploads\/2029\/04\/humus-mit-regenwurm-768x768.jpg 768w\" sizes=\"(max-width: 800px) 100vw, 800px\" \/><\/p>\n<h2 style=\"text-align: justify;\">Gr\u00fcnd\u00fcngung f\u00fcrs Gem\u00fcsebeet \u2013 die besten Pflanzen im \u00dcberblick<\/h2>\n<p style=\"text-align: justify;\">Welche Pflanze sich f\u00fcr Ihre Situation eignet, h\u00e4ngt von Aussaatzeitpunkt, Standort und der aktuellen Beetplanung ab. Die folgende \u00dcbersicht stellt die wichtigsten Gr\u00fcnd\u00fcngerpflanzen mit Aussaatzeit, empfohlener Saatmenge und besonderen Eigenschaften gegen\u00fcber.<\/p>\n<p style=\"text-align: justify;\">Welche Pflanze sich f\u00fcr Ihre Situation eignet, h\u00e4ngt von Aussaatzeitpunkt, Standort und der aktuellen Beetplanung ab. Als grobe Orientierung f\u00fcr die Saatmenge gelten je nach Art zwischen 1 und 3 Gramm pro Quadratmeter (kleinsamige Arten wie Phacelia, Gelbsenf, Inkarnatklee, \u00d6lrettich), 6 bis 10 Gramm bei Buchweizen, 10 bis 15 Gramm bei Winterwicke und 15 bis 20 Gramm bei Lupine. Die folgende \u00dcbersicht stellt die wichtigsten Gr\u00fcnd\u00fcngerpflanzen mit Aussaatzeit, Standort und besonderen Eigenschaften gegen\u00fcber.<\/p>\n<table>\n<thead>\n<tr>\n<th>Pflanze<\/th>\n<th>Aussaatzeit<\/th>\n<th>Standort<\/th>\n<th>Nutzen &amp; Fruchtfolge<\/th>\n<\/tr>\n<\/thead>\n<tbody>\n<tr>\n<td>Gelbsenf<\/td>\n<td>M\u00e4rz bis September, ideal als Herbstaussaat<\/td>\n<td>sonnig, anspruchslos<\/td>\n<td>Schnelles Wachstum, lockert den Boden. Anbaupause zu Kohlarten (Kohlhernie).<\/td>\n<\/tr>\n<tr>\n<td>Phacelia<\/td>\n<td>April bis September<\/td>\n<td>sonnig bis halbschattig<\/td>\n<td>Bienenweide, unterdr\u00fcckt Beikraut, keimt ab etwa 5 \u00b0C. Universell einsetzbar, da nicht verwandt mit g\u00e4ngigen Gem\u00fcsekulturen.<\/td>\n<\/tr>\n<tr>\n<td>Lupine<\/td>\n<td>April bis August<\/td>\n<td>locker, eher sandig, durchl\u00e4ssig<\/td>\n<td>Tiefwurzelnd, schafft Wurzelkan\u00e4le, bindet Stickstoff. Anbaupause zu anderen H\u00fclsenfr\u00fcchten.<\/td>\n<\/tr>\n<tr>\n<td>Winterwicke<\/td>\n<td>August bis Oktober<\/td>\n<td>sonnig<\/td>\n<td>Winterhart, bindet Stickstoff. Gut vor Starkzehrern, nicht direkt mit anderen Leguminosen kombinieren.<\/td>\n<\/tr>\n<tr>\n<td>Inkarnatklee<\/td>\n<td>August bis September f\u00fcr die Wintergr\u00fcnd\u00fcngung; alternativ April bis Mai als Sommerbegr\u00fcnung<\/td>\n<td>sonnig<\/td>\n<td>Liefert Stickstoff, verbessert die Bodenstruktur; in milden Lagen bedingt winterhart. Anbaupause zu anderen Kleearten.<\/td>\n<\/tr>\n<tr>\n<td>Buchweizen<\/td>\n<td>Mai bis August<\/td>\n<td>sandig, mager, warm; Keimung ab ca. 8 \u00b0C<\/td>\n<td>Schnelle Bodenbedeckung, frostempfindlich. Nicht nach Vorfr\u00fcchten mit hoher Stickstoffnachlieferung (z. B. Kleegras).<\/td>\n<\/tr>\n<tr>\n<td>\u00d6lrettich<\/td>\n<td>Juli bis September<\/td>\n<td>tiefgr\u00fcndig<\/td>\n<td>Je nach Sorte nematodenreduzierend, tiefwurzelnd, lockert den Boden. Anbaupause zu Kreuzbl\u00fctlern (Kohl, Radieschen, Rettich).<\/td>\n<\/tr>\n<\/tbody>\n<\/table>\n<p><img loading=\"lazy\" decoding=\"async\" class=\"aligncenter size-full wp-image-26158\" title=\"Bl\u00fchende Gr\u00fcnd\u00fcngung im Garten als Bienenweide\" src=\"https:\/\/www.rekubik.de\/magazin\/wp-content\/uploads\/2029\/04\/bluehende-gruenduengung.jpg\" alt=\"Bl\u00fchende Gr\u00fcnd\u00fcngung mit Bienen \u2013 Phacelia und Gelbsenf als Bienenweide im Garten\" width=\"800\" height=\"800\" srcset=\"https:\/\/www.rekubik.de\/magazin\/wp-content\/uploads\/2029\/04\/bluehende-gruenduengung.jpg 800w, https:\/\/www.rekubik.de\/magazin\/wp-content\/uploads\/2029\/04\/bluehende-gruenduengung-300x300.jpg 300w, https:\/\/www.rekubik.de\/magazin\/wp-content\/uploads\/2029\/04\/bluehende-gruenduengung-150x150.jpg 150w, https:\/\/www.rekubik.de\/magazin\/wp-content\/uploads\/2029\/04\/bluehende-gruenduengung-768x768.jpg 768w\" sizes=\"(max-width: 800px) 100vw, 800px\" \/><\/p>\n<p style=\"text-align: justify;\"><div class=\"box success  \"><div class=\"box-inner-block\"><i class=\"fa tie-shortcode-boxicon\"><\/i>\n\t\t\t\nGut zu wissen: F\u00fcr einen unkomplizierten Einstieg empfiehlt sich Gelbsenf. Die Pflanze keimt schnell und schlie\u00dft offene Beetl\u00fccken in kurzer Zeit. Achten Sie jedoch darauf, Gelbsenf nicht vor oder nach Kohlarten anzubauen \u2013 beides geh\u00f6rt zur Familie der Kreuzbl\u00fctler. Wenn Sie Gelbsenf in einem Beet s\u00e4en, in dem zuvor Kohl stand oder danach Kohl gepflanzt werden soll, f\u00f6rdert das die Verbreitung der gef\u00fcrchteten Kohlhernie. Zwischen Gelbsenf und Kohlanbau sollten daher mindestens vier Jahre Pause liegen, bei fr\u00fcherem Kohlhernie-Befall im Beet entsprechend l\u00e4nger. Vor oder nach Kohl eignen sich stattdessen Phacelia, Buchweizen, Lupine oder verschiedene Kleearten. Eine sinnvolle Abfolge mit wechselnden Gr\u00fcnd\u00fcngern w\u00e4re zum Beispiel: Fr\u00fchkartoffeln \u2192 Phacelia \u2192 Salat \u2192 Winterwicke oder Inkarnatklee \u2192 Bohnen.<br \/>\n\n\t\t\t<\/div><\/div>\n<h2 style=\"text-align: justify;\">Wann ist der richtige Zeitpunkt f\u00fcr die Gr\u00fcnd\u00fcngung im Garten? Herbst vs. Fr\u00fchjahr<\/h2>\n<p style=\"text-align: justify;\">Eine Gr\u00fcnd\u00fcngung im Garten ist sowohl im Herbst als auch im Fr\u00fchjahr sinnvoll. Es geht weniger um die Frage, ob, sondern darum, welche Pflanzen sich in welcher Saison eignen.<\/p>\n<p style=\"text-align: justify;\">Von August bis Oktober bietet es sich an, abgeerntete Fl\u00e4chen mit winterharten oder bedingt winterharten Arten wie Winterwicke oder Inkarnatklee zu begr\u00fcnen. Diese Best\u00e4nde bleiben \u00fcber die kalte Jahreszeit stehen, sch\u00fctzen den Boden vor Erosion und Auswaschung und k\u00f6nnen im zeitigen Fr\u00fchjahr eingearbeitet werden. Genau das ist eine klassische Gr\u00fcnd\u00fcngung im Garten im Herbst, die den Boden \u00fcber die Vegetationspause hinweg lebendig h\u00e4lt.<\/p>\n<p style=\"text-align: justify;\">Und wann ist eine Gr\u00fcnd\u00fcngung im Fr\u00fchjahr ideal? Von M\u00e4rz bis Mai s\u00e4en Sie am besten schnell wachsende Arten wie Gelbsenf, Phacelia oder Buchweizen, die Sie noch vor der Hauptkultur einarbeiten. Phacelia hat dabei den Vorteil, dass sie schon ab etwa 5 \u00b0C Bodentemperatur keimt \u2013 bei Buchweizen sollten Sie hingegen warten, bis der Boden mindestens 8 bis 10 \u00b0C erreicht hat, also fr\u00fchestens ab Mai.<\/p>\n<p style=\"text-align: justify;\"><div class=\"box success  \"><div class=\"box-inner-block\"><i class=\"fa tie-shortcode-boxicon\"><\/i>\n\t\t\t\nGut zu wissen: Auch im Sommer lohnt sich eine kurze Zwischenbegr\u00fcnung, wenn ein Beet nach der Ernte f\u00fcr mehrere Wochen frei steht. Schnell wachsende Arten wie Gelbsenf oder Buchweizen schlie\u00dfen die Fl\u00e4che zuverl\u00e4ssig und verhindern, dass N\u00e4hrstoffe ausgewaschen werden oder Beikr\u00e4uter aufkommen.<br \/>\n\n\t\t\t<\/div><\/div>\n<h2 style=\"text-align: justify;\">Gr\u00fcnd\u00fcngung f\u00fcrs Gem\u00fcsebeet richtig einsetzen<\/h2>\n<p style=\"text-align: justify;\">Im Gem\u00fcsegarten lohnt es sich, mehrere Jahre vorauszuplanen. Eine gute Fruchtfolge senkt das Risiko bodenb\u00fcrtiger Krankheiten und sorgt f\u00fcr stabile Ertr\u00e4ge \u2013 und mit gezielten Phasen als Gr\u00fcnd\u00fcnger f\u00fcr den Gem\u00fcsegarten verst\u00e4rken Sie diesen Effekt zus\u00e4tzlich.<\/p>\n<p style=\"text-align: justify;\">Wechseln Sie Starkzehrer wie Kohl, Tomaten oder Zucchini mit Mittel- und Schwachzehrern ab. Zwischen diese Kulturen setzen Sie gezielt Gr\u00fcnd\u00fcnger ein. Nach einer intensiven Gem\u00fcsekultur hilft eine solche Begr\u00fcnung dem Boden, sich zu regenerieren, statt einfach brach zu liegen.<\/p>\n<p><img loading=\"lazy\" decoding=\"async\" class=\"aligncenter size-full wp-image-26160\" title=\"Gartenboden nach Gr\u00fcnd\u00fcngung pr\u00fcfen\" src=\"https:\/\/www.rekubik.de\/magazin\/wp-content\/uploads\/2029\/04\/gaertner-prueft-boden.jpg\" alt=\"G\u00e4rtner pr\u00fcft kr\u00fcmeligen, lockeren Gartenboden mit der Hand nach erfolgter Gr\u00fcnd\u00fcngung\" width=\"800\" height=\"800\" srcset=\"https:\/\/www.rekubik.de\/magazin\/wp-content\/uploads\/2029\/04\/gaertner-prueft-boden.jpg 800w, https:\/\/www.rekubik.de\/magazin\/wp-content\/uploads\/2029\/04\/gaertner-prueft-boden-300x300.jpg 300w, https:\/\/www.rekubik.de\/magazin\/wp-content\/uploads\/2029\/04\/gaertner-prueft-boden-150x150.jpg 150w, https:\/\/www.rekubik.de\/magazin\/wp-content\/uploads\/2029\/04\/gaertner-prueft-boden-768x768.jpg 768w\" sizes=\"(max-width: 800px) 100vw, 800px\" \/><\/p>\n<p style=\"text-align: justify;\">Wichtig zu wissen: Eine Gr\u00fcnd\u00fcngung f\u00fcrs Gem\u00fcsebeet ersetzt eine herk\u00f6mmliche D\u00fcngung nicht vollst\u00e4ndig, sie erg\u00e4nzt sie aber wirkungsvoll. Bei stark zehrenden Pflanzen wie Tomaten, K\u00fcrbissen oder Kohl sollten Sie zus\u00e4tzlich Kompost oder organischen D\u00fcnger einsetzen. Auch allt\u00e4gliche Reststoffe k\u00f6nnen dabei helfen, wie der <a href=\"https:\/\/www.rekubik.de\/magazin\/kaffeesatz-zum-duengen-im-garten\/\">Magazin-Beitrag \u201eKaffeesatz zum D\u00fcngen im Garten&#8220;<\/a> zeigt.<\/p>\n<p style=\"text-align: justify;\"><div class=\"box success  \"><div class=\"box-inner-block\"><i class=\"fa tie-shortcode-boxicon\"><\/i>\n\t\t\t\nGut zu wissen: Sie k\u00f6nnen die Gr\u00fcnd\u00fcngerpflanzen vor der Bl\u00fcte einfach abschneiden, etwa eine Handbreit \u00fcber dem Boden, und die Masse als 5 bis 10 cm dicke Mulchschicht auf dem Beet verteilen. Innerhalb weniger Wochen zersetzt sie sich, sch\u00fctzt in dieser Zeit vor Verdunstung und Erosion und liefert nach und nach N\u00e4hrstoffe in die obersten Bodenschichten.<br \/>\n\n\t\t\t<\/div><\/div>\n<p><img loading=\"lazy\" decoding=\"async\" class=\"aligncenter size-full wp-image-26162\" title=\"Gr\u00fcnd\u00fcngung f\u00fcrs Gem\u00fcsebeet als Mulch nutzen\" src=\"https:\/\/www.rekubik.de\/magazin\/wp-content\/uploads\/2029\/04\/mulch-variante.jpg\" alt=\"Frisch geschnittene Gr\u00fcnd\u00fcngung als Mulchschicht auf dem Gem\u00fcsebeet\" width=\"800\" height=\"800\" srcset=\"https:\/\/www.rekubik.de\/magazin\/wp-content\/uploads\/2029\/04\/mulch-variante.jpg 800w, https:\/\/www.rekubik.de\/magazin\/wp-content\/uploads\/2029\/04\/mulch-variante-300x300.jpg 300w, https:\/\/www.rekubik.de\/magazin\/wp-content\/uploads\/2029\/04\/mulch-variante-150x150.jpg 150w, https:\/\/www.rekubik.de\/magazin\/wp-content\/uploads\/2029\/04\/mulch-variante-768x768.jpg 768w\" sizes=\"(max-width: 800px) 100vw, 800px\" \/><\/p>\n<h2 style=\"text-align: justify;\">Gr\u00fcnd\u00fcngung einarbeiten oder stehen lassen?<\/h2>\n<p style=\"text-align: justify;\">Beide Wege f\u00fchren zum Ziel \u2013 entscheidend sind das Timing und die Pflanzenart.<\/p>\n<p style=\"text-align: justify;\">Vor der Bl\u00fcte sind die meisten Gr\u00fcnd\u00fcngerpflanzen besonders n\u00e4hrstoffreich, weil sie noch nicht in die Samenbildung investiert haben. Schneiden Sie die Pflanzen jetzt ab und arbeiten Sie sie flach in den Boden ein \u2013 tiefes Umgraben ist nicht n\u00f6tig, ein Untergraben mit der Grabegabel oder ein flaches Einhacken reicht aus. Die Pflanzenreste zersetzen sich rasch und geben wertvolle N\u00e4hrstoffe frei. Nach dem Einarbeiten sollten Sie etwa zwei bis drei, bei k\u00fchler Witterung bis zu vier Wochen warten, bevor Sie neu pflanzen.<\/p>\n<p style=\"text-align: justify;\">Eine Besonderheit gilt f\u00fcr Buchweizen: Bei \u00e4lterem oder bereits st\u00e4rker verholztem Material kann das weitere Kohlenstoff-Stickstoff-Verh\u00e4ltnis dazu f\u00fchren, dass Mikroorganismen beim Abbau vor\u00fcbergehend Stickstoff im Boden binden. Deshalb lohnt es sich, Buchweizen eher jung zu schneiden, als Mulch liegen zu lassen oder vor der Folgekultur etwas Kompost einzuarbeiten.<\/p>\n<p style=\"text-align: justify;\">\u00dcber den Winter lassen Sie Gr\u00fcnd\u00fcngerpflanzen dagegen besser stehen. Diese Methode sch\u00fctzt den Boden vor Auswaschung, baut Humus auf und nutzt die sogenannte Frostgare: Gefrierendes Wasser dehnt sich um etwa neun Prozent aus und sprengt feste Bodenaggregate von innen auf. Aus z\u00e4hen, lehmigen Schichten wird so \u00fcber mehrere Frostperioden eine feinkr\u00fcmelige Struktur, die sich im Fr\u00fchjahr deutlich leichter bearbeiten l\u00e4sst.<\/p>\n<p><img loading=\"lazy\" decoding=\"async\" class=\"aligncenter size-full wp-image-26159\" title=\"Gr\u00fcnd\u00fcngung im Garten im Herbst und Frostgare\" src=\"https:\/\/www.rekubik.de\/magazin\/wp-content\/uploads\/2029\/04\/frostgare.jpg\" alt=\"Mit Raureif bedeckte Gr\u00fcnd\u00fcngung im Garten im Herbst \u2013 Frostgare lockert den Boden \u00fcber den Winter\" width=\"800\" height=\"800\" srcset=\"https:\/\/www.rekubik.de\/magazin\/wp-content\/uploads\/2029\/04\/frostgare.jpg 800w, https:\/\/www.rekubik.de\/magazin\/wp-content\/uploads\/2029\/04\/frostgare-300x300.jpg 300w, https:\/\/www.rekubik.de\/magazin\/wp-content\/uploads\/2029\/04\/frostgare-150x150.jpg 150w, https:\/\/www.rekubik.de\/magazin\/wp-content\/uploads\/2029\/04\/frostgare-768x768.jpg 768w\" sizes=\"(max-width: 800px) 100vw, 800px\" \/><\/p>\n<h2 style=\"text-align: justify;\">Wo Gr\u00fcnd\u00fcngung an ihre Grenzen st\u00f6\u00dft<\/h2>\n<p style=\"text-align: justify;\">So vielseitig diese Methode ist, sie ist kein Allheilmittel. Klassische Gr\u00fcnd\u00fcngerpflanzen wirken vor allem auf Bodenstruktur, Humusgehalt und Stickstoffvorrat. Den pH-Wert eines Bodens ver\u00e4ndern sie nur geringf\u00fcgig. Pflanzen mit speziellen Bodenanspr\u00fcchen \u2013 etwa Heidelbeeren, Rhododendren oder Hortensien \u2013 brauchen daher zus\u00e4tzliche Ma\u00dfnahmen wie passende Substrate, organische S\u00e4uerungsmittel oder eine konsequente Versorgung mit weichem, kalkarmem Wasser. Mehr dazu im <a href=\"https:\/\/www.rekubik.de\/magazin\/heidelbeeren-giessen-und-duengen\/\">Magazin-Beitrag \u201eHeidelbeeren gie\u00dfen und d\u00fcngen&#8220;<\/a>.<\/p>\n<h2><img loading=\"lazy\" decoding=\"async\" class=\"aligncenter size-full wp-image-26157\" title=\"Gr\u00fcnd\u00fcngung f\u00fcrs Gem\u00fcsebeet im Sommer\" src=\"https:\/\/www.rekubik.de\/magazin\/wp-content\/uploads\/2029\/04\/beet-mit-gruenduengungspflanzen.jpg\" alt=\"Gem\u00fcsebeet mit dichtem Bestand aus Gr\u00fcnd\u00fcngerpflanzen \u2013 Gr\u00fcnd\u00fcnger f\u00fcr den Gem\u00fcsegarten in voller Wuchskraft\" width=\"800\" height=\"800\" srcset=\"https:\/\/www.rekubik.de\/magazin\/wp-content\/uploads\/2029\/04\/beet-mit-gruenduengungspflanzen.jpg 800w, https:\/\/www.rekubik.de\/magazin\/wp-content\/uploads\/2029\/04\/beet-mit-gruenduengungspflanzen-300x300.jpg 300w, https:\/\/www.rekubik.de\/magazin\/wp-content\/uploads\/2029\/04\/beet-mit-gruenduengungspflanzen-150x150.jpg 150w, https:\/\/www.rekubik.de\/magazin\/wp-content\/uploads\/2029\/04\/beet-mit-gruenduengungspflanzen-768x768.jpg 768w\" sizes=\"(max-width: 800px) 100vw, 800px\" \/><\/h2>\n<h2 style=\"text-align: justify;\">Typische Fehler bei der Gr\u00fcnd\u00fcngung im Garten<\/h2>\n<p>Auch bei dieser unkomplizierten Methode schleichen sich gelegentlich Fehler ein, die das Ergebnis schm\u00e4lern.<\/p>\n<table>\n<thead>\n<tr>\n<th>Fehler<\/th>\n<th>Problem<\/th>\n<th>So machen Sie es richtig<\/th>\n<\/tr>\n<\/thead>\n<tbody>\n<tr>\n<td>Zu sp\u00e4t s\u00e4en<\/td>\n<td>Pflanzen wachsen nicht mehr ausreichend an<\/td>\n<td>Aussaattermine einhalten und auf die Witterung achten<\/td>\n<\/tr>\n<tr>\n<td>Fruchtfolge ignorieren<\/td>\n<td>Krankheits- und Sch\u00e4dlingsdruck steigt<\/td>\n<td>Pflanzenfamilien gezielt wechseln und Anbaupausen einhalten<\/td>\n<\/tr>\n<tr>\n<td>Zu tief einarbeiten<\/td>\n<td>Sauerstoffmangel im Boden, schlechte Verrottung<\/td>\n<td>Pflanzenreste nur flach unterhacken, kein tiefes Umgraben<\/td>\n<\/tr>\n<tr>\n<td>Aussamen lassen<\/td>\n<td>Ungewollte Verbreitung im Beet<\/td>\n<td>Gr\u00fcnd\u00fcngung vor der Bl\u00fcte schneiden oder m\u00e4hen<\/td>\n<\/tr>\n<\/tbody>\n<\/table>\n<h2 style=\"text-align: left;\">Gr\u00fcnd\u00fcngung im Garten f\u00fcr eine nat\u00fcrliche Bodenverbesserung<\/h2>\n<p style=\"text-align: justify;\">Eine gezielte Gr\u00fcnd\u00fcngung verbessert Ihren Gartenboden oder den Boden Ihres <a href=\"https:\/\/www.rekubik.de\/ibc-container\/ibc-hochbeet\/\">IBC-Hochbeets<\/a> nachhaltig. Sie lockert die Erde, reichert N\u00e4hrstoffe an und f\u00f6rdert das Bodenleben. Besonders im Gem\u00fcsegarten lohnt es sich, geeignete Pflanzen sinnvoll in die Beetplanung zu integrieren. Probieren Sie je nach Jahreszeit und Beet verschiedene Arten aus \u2013 etwa Gelbsenf, Phacelia oder Inkarnatklee \u2013 und achten Sie dabei auf eine geeignete Fruchtfolge. So k\u00f6nnen Sie Saison f\u00fcr Saison beobachten, wie Ihr Boden fruchtbarer und widerstandsf\u00e4higer wird.<\/p>\n","protected":false},"excerpt":{"rendered":"<p>So verbessern Sie Ihren Gartenboden effektiv Lockerer, kr\u00fcmeliger Boden, weniger Beikraut, ein nat\u00fcrlicher Stickstoff-Schub durch Kn\u00f6llchenbakterien und ein sp\u00fcrbar aktiveres Bodenleben \u2013 das alles bringt Ihnen eine Gr\u00fcnd\u00fcngung im Garten. Doch welche Pflanzen eignen sich am besten: Gelbsenf, Phacelia, Lupine oder Inkarnatklee? Wann ist der richtige Aussaatzeitpunkt \u2013 Fr\u00fchjahr, Sommer oder Herbst? Wie genau machen &hellip;<\/p>\n","protected":false},"author":1,"featured_media":26163,"comment_status":"closed","ping_status":"open","sticky":false,"template":"","format":"standard","meta":{"footnotes":""},"categories":[1],"tags":[3269,2921,3264,3258,3259,3254,3251,3253,3256,3252,3255,3257,3263,3267,3266,3261,3265,3260,3268,3262],"class_list":["post-26151","post","type-post","status-publish","format-standard","has-post-thumbnail","","category-ibc-garten","tag-bodenlockerung","tag-bodenverbesserung","tag-buchweizen","tag-gelbsenf","tag-gelbsenf-saeen","tag-gruenduenger-fuer-den-gemuesegarten","tag-gruenduengung","tag-gruenduengung-fuers-gemuesebeet","tag-gruenduengung-im-fruehjahr","tag-gruenduengung-im-garten","tag-gruenduengung-im-garten-im-herbst","tag-gruenduengungspflanzen","tag-inkarnatklee","tag-knoellchenbakterien","tag-leguminosen","tag-lupine","tag-oelrettich","tag-phacelia","tag-stickstoff-binden","tag-winterwicke"],"yoast_head":"<!-- This site is optimized with the Yoast SEO plugin v23.5 - https:\/\/yoast.com\/wordpress\/plugins\/seo\/ -->\n<title>Gr\u00fcnd\u00fcngung im Garten - REKUBIK\u00ae Magazin<\/title>\n<meta name=\"description\" content=\"Tipps zur Gr\u00fcnd\u00fcngung im Garten! \u2713 Diese Pflanzen eignen sich am besten \u2713 Aussaatzeiten &amp; Fruchtfolge im \u00dcberblick \u2713 typische Fehler vermeiden | REKUBIK.de\" \/>\n<meta name=\"robots\" content=\"index, follow, max-snippet:-1, max-image-preview:large, max-video-preview:-1\" \/>\n<link rel=\"canonical\" href=\"https:\/\/www.rekubik.de\/magazin\/gruenduengung-im-garten\/\" \/>\n<meta property=\"og:locale\" content=\"de_DE\" \/>\n<meta property=\"og:type\" content=\"article\" \/>\n<meta property=\"og:title\" content=\"Gr\u00fcnd\u00fcngung im Garten - REKUBIK\u00ae Magazin\" \/>\n<meta property=\"og:description\" content=\"Tipps zur Gr\u00fcnd\u00fcngung im Garten! \u2713 Diese Pflanzen eignen sich am besten \u2713 Aussaatzeiten &amp; Fruchtfolge im \u00dcberblick \u2713 typische Fehler vermeiden | REKUBIK.de\" \/>\n<meta property=\"og:url\" content=\"https:\/\/www.rekubik.de\/magazin\/gruenduengung-im-garten\/\" \/>\n<meta property=\"og:site_name\" content=\"REKUBIK\u00ae Magazin\" \/>\n<meta property=\"article:published_time\" content=\"2026-04-29T06:04:48+00:00\" \/>\n<meta property=\"article:modified_time\" content=\"2026-04-29T06:55:28+00:00\" \/>\n<meta property=\"og:image\" content=\"https:\/\/www.rekubik.de\/magazin\/wp-content\/uploads\/2029\/04\/gruenduengung-beitragsbild.jpg\" \/>\n\t<meta property=\"og:image:width\" content=\"800\" \/>\n\t<meta property=\"og:image:height\" content=\"800\" \/>\n\t<meta property=\"og:image:type\" content=\"image\/jpeg\" \/>\n<meta name=\"author\" content=\"admin\" \/>\n<meta name=\"twitter:card\" content=\"summary_large_image\" \/>\n<meta name=\"twitter:label1\" content=\"Geschrieben von\" \/>\n\t<meta name=\"twitter:data1\" content=\"admin\" \/>\n\t<meta name=\"twitter:label2\" content=\"Gesch\u00e4tzte Lesezeit\" \/>\n\t<meta name=\"twitter:data2\" content=\"11\u00a0Minuten\" \/>\n<script type=\"application\/ld+json\" class=\"yoast-schema-graph\">{\"@context\":\"https:\/\/schema.org\",\"@graph\":[{\"@type\":\"Article\",\"@id\":\"https:\/\/www.rekubik.de\/magazin\/gruenduengung-im-garten\/#article\",\"isPartOf\":{\"@id\":\"https:\/\/www.rekubik.de\/magazin\/gruenduengung-im-garten\/\"},\"author\":{\"name\":\"admin\",\"@id\":\"https:\/\/www.rekubik.de\/magazin\/#\/schema\/person\/d5faea021aac94edeeb8e47cf06771c7\"},\"headline\":\"Gr\u00fcnd\u00fcngung im Garten\",\"datePublished\":\"2026-04-29T06:04:48+00:00\",\"dateModified\":\"2026-04-29T06:55:28+00:00\",\"mainEntityOfPage\":{\"@id\":\"https:\/\/www.rekubik.de\/magazin\/gruenduengung-im-garten\/\"},\"wordCount\":1784,\"publisher\":{\"@id\":\"https:\/\/www.rekubik.de\/magazin\/#organization\"},\"image\":{\"@id\":\"https:\/\/www.rekubik.de\/magazin\/gruenduengung-im-garten\/#primaryimage\"},\"thumbnailUrl\":\"https:\/\/www.rekubik.de\/magazin\/wp-content\/uploads\/2029\/04\/gruenduengung-beitragsbild.jpg\",\"keywords\":[\"Bodenlockerung\",\"Bodenverbesserung\",\"Buchweizen\",\"Gelbsenf\",\"Gelbsenf s\u00e4en\",\"Gr\u00fcnd\u00fcnger f\u00fcr den Gem\u00fcsegarten\",\"Gr\u00fcnd\u00fcngung\",\"Gr\u00fcnd\u00fcngung f\u00fcrs Gem\u00fcsebeet\",\"Gr\u00fcnd\u00fcngung im Fr\u00fchjahr\",\"Gr\u00fcnd\u00fcngung im Garten\",\"Gr\u00fcnd\u00fcngung im Garten im Herbst\",\"Gr\u00fcnd\u00fcngungspflanzen\",\"Inkarnatklee\",\"Kn\u00f6llchenbakterien\",\"Leguminosen\",\"Lupine\",\"\u00d6lrettich\",\"Phacelia\",\"Stickstoff binden\",\"Winterwicke\"],\"articleSection\":[\"IBC IM GARTEN\"],\"inLanguage\":\"de\"},{\"@type\":\"WebPage\",\"@id\":\"https:\/\/www.rekubik.de\/magazin\/gruenduengung-im-garten\/\",\"url\":\"https:\/\/www.rekubik.de\/magazin\/gruenduengung-im-garten\/\",\"name\":\"Gr\u00fcnd\u00fcngung im Garten - REKUBIK\u00ae Magazin\",\"isPartOf\":{\"@id\":\"https:\/\/www.rekubik.de\/magazin\/#website\"},\"primaryImageOfPage\":{\"@id\":\"https:\/\/www.rekubik.de\/magazin\/gruenduengung-im-garten\/#primaryimage\"},\"image\":{\"@id\":\"https:\/\/www.rekubik.de\/magazin\/gruenduengung-im-garten\/#primaryimage\"},\"thumbnailUrl\":\"https:\/\/www.rekubik.de\/magazin\/wp-content\/uploads\/2029\/04\/gruenduengung-beitragsbild.jpg\",\"datePublished\":\"2026-04-29T06:04:48+00:00\",\"dateModified\":\"2026-04-29T06:55:28+00:00\",\"description\":\"Tipps zur Gr\u00fcnd\u00fcngung im Garten! \u2713 Diese Pflanzen eignen sich am besten \u2713 Aussaatzeiten & Fruchtfolge im \u00dcberblick \u2713 typische Fehler vermeiden | REKUBIK.de\",\"breadcrumb\":{\"@id\":\"https:\/\/www.rekubik.de\/magazin\/gruenduengung-im-garten\/#breadcrumb\"},\"inLanguage\":\"de\",\"potentialAction\":[{\"@type\":\"ReadAction\",\"target\":[\"https:\/\/www.rekubik.de\/magazin\/gruenduengung-im-garten\/\"]}]},{\"@type\":\"ImageObject\",\"inLanguage\":\"de\",\"@id\":\"https:\/\/www.rekubik.de\/magazin\/gruenduengung-im-garten\/#primaryimage\",\"url\":\"https:\/\/www.rekubik.de\/magazin\/wp-content\/uploads\/2029\/04\/gruenduengung-beitragsbild.jpg\",\"contentUrl\":\"https:\/\/www.rekubik.de\/magazin\/wp-content\/uploads\/2029\/04\/gruenduengung-beitragsbild.jpg\",\"width\":800,\"height\":800},{\"@type\":\"BreadcrumbList\",\"@id\":\"https:\/\/www.rekubik.de\/magazin\/gruenduengung-im-garten\/#breadcrumb\",\"itemListElement\":[{\"@type\":\"ListItem\",\"position\":1,\"name\":\"Home\",\"item\":\"https:\/\/www.rekubik.de\/magazin\/\"},{\"@type\":\"ListItem\",\"position\":2,\"name\":\"Gr\u00fcnd\u00fcngung im Garten\"}]},{\"@type\":\"WebSite\",\"@id\":\"https:\/\/www.rekubik.de\/magazin\/#website\",\"url\":\"https:\/\/www.rekubik.de\/magazin\/\",\"name\":\"REKUBIK\u00ae Magazin\",\"description\":\"\",\"publisher\":{\"@id\":\"https:\/\/www.rekubik.de\/magazin\/#organization\"},\"potentialAction\":[{\"@type\":\"SearchAction\",\"target\":{\"@type\":\"EntryPoint\",\"urlTemplate\":\"https:\/\/www.rekubik.de\/magazin\/?s={search_term_string}\"},\"query-input\":{\"@type\":\"PropertyValueSpecification\",\"valueRequired\":true,\"valueName\":\"search_term_string\"}}],\"inLanguage\":\"de\"},{\"@type\":\"Organization\",\"@id\":\"https:\/\/www.rekubik.de\/magazin\/#organization\",\"name\":\"Rekubik\",\"url\":\"https:\/\/www.rekubik.de\/magazin\/\",\"logo\":{\"@type\":\"ImageObject\",\"inLanguage\":\"de\",\"@id\":\"https:\/\/www.rekubik.de\/magazin\/#\/schema\/logo\/image\/\",\"url\":\"https:\/\/www.rekubik.de\/magazin\/wp-content\/uploads\/2017\/12\/rekubik-LOGO-Shopware.png\",\"contentUrl\":\"https:\/\/www.rekubik.de\/magazin\/wp-content\/uploads\/2017\/12\/rekubik-LOGO-Shopware.png\",\"width\":200,\"height\":50,\"caption\":\"Rekubik\"},\"image\":{\"@id\":\"https:\/\/www.rekubik.de\/magazin\/#\/schema\/logo\/image\/\"}},{\"@type\":\"Person\",\"@id\":\"https:\/\/www.rekubik.de\/magazin\/#\/schema\/person\/d5faea021aac94edeeb8e47cf06771c7\",\"name\":\"admin\",\"image\":{\"@type\":\"ImageObject\",\"inLanguage\":\"de\",\"@id\":\"https:\/\/www.rekubik.de\/magazin\/#\/schema\/person\/image\/\",\"url\":\"https:\/\/secure.gravatar.com\/avatar\/a794a4fe8a9b9c52241597eb381dfa2e?s=96&d=mm&r=g\",\"contentUrl\":\"https:\/\/secure.gravatar.com\/avatar\/a794a4fe8a9b9c52241597eb381dfa2e?s=96&d=mm&r=g\",\"caption\":\"admin\"}}]}<\/script>\n<!-- \/ Yoast SEO plugin. -->","yoast_head_json":{"title":"Gr\u00fcnd\u00fcngung im Garten - REKUBIK\u00ae Magazin","description":"Tipps zur Gr\u00fcnd\u00fcngung im Garten! \u2713 Diese Pflanzen eignen sich am besten \u2713 Aussaatzeiten & Fruchtfolge im \u00dcberblick \u2713 typische Fehler vermeiden | REKUBIK.de","robots":{"index":"index","follow":"follow","max-snippet":"max-snippet:-1","max-image-preview":"max-image-preview:large","max-video-preview":"max-video-preview:-1"},"canonical":"https:\/\/www.rekubik.de\/magazin\/gruenduengung-im-garten\/","og_locale":"de_DE","og_type":"article","og_title":"Gr\u00fcnd\u00fcngung im Garten - REKUBIK\u00ae Magazin","og_description":"Tipps zur Gr\u00fcnd\u00fcngung im Garten! \u2713 Diese Pflanzen eignen sich am besten \u2713 Aussaatzeiten & Fruchtfolge im \u00dcberblick \u2713 typische Fehler vermeiden | REKUBIK.de","og_url":"https:\/\/www.rekubik.de\/magazin\/gruenduengung-im-garten\/","og_site_name":"REKUBIK\u00ae Magazin","article_published_time":"2026-04-29T06:04:48+00:00","article_modified_time":"2026-04-29T06:55:28+00:00","og_image":[{"width":800,"height":800,"url":"https:\/\/www.rekubik.de\/magazin\/wp-content\/uploads\/2029\/04\/gruenduengung-beitragsbild.jpg","type":"image\/jpeg"}],"author":"admin","twitter_card":"summary_large_image","twitter_misc":{"Geschrieben von":"admin","Gesch\u00e4tzte Lesezeit":"11\u00a0Minuten"},"schema":{"@context":"https:\/\/schema.org","@graph":[{"@type":"Article","@id":"https:\/\/www.rekubik.de\/magazin\/gruenduengung-im-garten\/#article","isPartOf":{"@id":"https:\/\/www.rekubik.de\/magazin\/gruenduengung-im-garten\/"},"author":{"name":"admin","@id":"https:\/\/www.rekubik.de\/magazin\/#\/schema\/person\/d5faea021aac94edeeb8e47cf06771c7"},"headline":"Gr\u00fcnd\u00fcngung im Garten","datePublished":"2026-04-29T06:04:48+00:00","dateModified":"2026-04-29T06:55:28+00:00","mainEntityOfPage":{"@id":"https:\/\/www.rekubik.de\/magazin\/gruenduengung-im-garten\/"},"wordCount":1784,"publisher":{"@id":"https:\/\/www.rekubik.de\/magazin\/#organization"},"image":{"@id":"https:\/\/www.rekubik.de\/magazin\/gruenduengung-im-garten\/#primaryimage"},"thumbnailUrl":"https:\/\/www.rekubik.de\/magazin\/wp-content\/uploads\/2029\/04\/gruenduengung-beitragsbild.jpg","keywords":["Bodenlockerung","Bodenverbesserung","Buchweizen","Gelbsenf","Gelbsenf s\u00e4en","Gr\u00fcnd\u00fcnger f\u00fcr den Gem\u00fcsegarten","Gr\u00fcnd\u00fcngung","Gr\u00fcnd\u00fcngung f\u00fcrs Gem\u00fcsebeet","Gr\u00fcnd\u00fcngung im Fr\u00fchjahr","Gr\u00fcnd\u00fcngung im Garten","Gr\u00fcnd\u00fcngung im Garten im Herbst","Gr\u00fcnd\u00fcngungspflanzen","Inkarnatklee","Kn\u00f6llchenbakterien","Leguminosen","Lupine","\u00d6lrettich","Phacelia","Stickstoff binden","Winterwicke"],"articleSection":["IBC IM GARTEN"],"inLanguage":"de"},{"@type":"WebPage","@id":"https:\/\/www.rekubik.de\/magazin\/gruenduengung-im-garten\/","url":"https:\/\/www.rekubik.de\/magazin\/gruenduengung-im-garten\/","name":"Gr\u00fcnd\u00fcngung im Garten - REKUBIK\u00ae Magazin","isPartOf":{"@id":"https:\/\/www.rekubik.de\/magazin\/#website"},"primaryImageOfPage":{"@id":"https:\/\/www.rekubik.de\/magazin\/gruenduengung-im-garten\/#primaryimage"},"image":{"@id":"https:\/\/www.rekubik.de\/magazin\/gruenduengung-im-garten\/#primaryimage"},"thumbnailUrl":"https:\/\/www.rekubik.de\/magazin\/wp-content\/uploads\/2029\/04\/gruenduengung-beitragsbild.jpg","datePublished":"2026-04-29T06:04:48+00:00","dateModified":"2026-04-29T06:55:28+00:00","description":"Tipps zur Gr\u00fcnd\u00fcngung im Garten! \u2713 Diese Pflanzen eignen sich am besten \u2713 Aussaatzeiten & Fruchtfolge im \u00dcberblick \u2713 typische Fehler vermeiden | REKUBIK.de","breadcrumb":{"@id":"https:\/\/www.rekubik.de\/magazin\/gruenduengung-im-garten\/#breadcrumb"},"inLanguage":"de","potentialAction":[{"@type":"ReadAction","target":["https:\/\/www.rekubik.de\/magazin\/gruenduengung-im-garten\/"]}]},{"@type":"ImageObject","inLanguage":"de","@id":"https:\/\/www.rekubik.de\/magazin\/gruenduengung-im-garten\/#primaryimage","url":"https:\/\/www.rekubik.de\/magazin\/wp-content\/uploads\/2029\/04\/gruenduengung-beitragsbild.jpg","contentUrl":"https:\/\/www.rekubik.de\/magazin\/wp-content\/uploads\/2029\/04\/gruenduengung-beitragsbild.jpg","width":800,"height":800},{"@type":"BreadcrumbList","@id":"https:\/\/www.rekubik.de\/magazin\/gruenduengung-im-garten\/#breadcrumb","itemListElement":[{"@type":"ListItem","position":1,"name":"Home","item":"https:\/\/www.rekubik.de\/magazin\/"},{"@type":"ListItem","position":2,"name":"Gr\u00fcnd\u00fcngung im Garten"}]},{"@type":"WebSite","@id":"https:\/\/www.rekubik.de\/magazin\/#website","url":"https:\/\/www.rekubik.de\/magazin\/","name":"REKUBIK\u00ae Magazin","description":"","publisher":{"@id":"https:\/\/www.rekubik.de\/magazin\/#organization"},"potentialAction":[{"@type":"SearchAction","target":{"@type":"EntryPoint","urlTemplate":"https:\/\/www.rekubik.de\/magazin\/?s={search_term_string}"},"query-input":{"@type":"PropertyValueSpecification","valueRequired":true,"valueName":"search_term_string"}}],"inLanguage":"de"},{"@type":"Organization","@id":"https:\/\/www.rekubik.de\/magazin\/#organization","name":"Rekubik","url":"https:\/\/www.rekubik.de\/magazin\/","logo":{"@type":"ImageObject","inLanguage":"de","@id":"https:\/\/www.rekubik.de\/magazin\/#\/schema\/logo\/image\/","url":"https:\/\/www.rekubik.de\/magazin\/wp-content\/uploads\/2017\/12\/rekubik-LOGO-Shopware.png","contentUrl":"https:\/\/www.rekubik.de\/magazin\/wp-content\/uploads\/2017\/12\/rekubik-LOGO-Shopware.png","width":200,"height":50,"caption":"Rekubik"},"image":{"@id":"https:\/\/www.rekubik.de\/magazin\/#\/schema\/logo\/image\/"}},{"@type":"Person","@id":"https:\/\/www.rekubik.de\/magazin\/#\/schema\/person\/d5faea021aac94edeeb8e47cf06771c7","name":"admin","image":{"@type":"ImageObject","inLanguage":"de","@id":"https:\/\/www.rekubik.de\/magazin\/#\/schema\/person\/image\/","url":"https:\/\/secure.gravatar.com\/avatar\/a794a4fe8a9b9c52241597eb381dfa2e?s=96&d=mm&r=g","contentUrl":"https:\/\/secure.gravatar.com\/avatar\/a794a4fe8a9b9c52241597eb381dfa2e?s=96&d=mm&r=g","caption":"admin"}}]}},"_links":{"self":[{"href":"https:\/\/www.rekubik.de\/magazin\/wp-json\/wp\/v2\/posts\/26151"}],"collection":[{"href":"https:\/\/www.rekubik.de\/magazin\/wp-json\/wp\/v2\/posts"}],"about":[{"href":"https:\/\/www.rekubik.de\/magazin\/wp-json\/wp\/v2\/types\/post"}],"author":[{"embeddable":true,"href":"https:\/\/www.rekubik.de\/magazin\/wp-json\/wp\/v2\/users\/1"}],"replies":[{"embeddable":true,"href":"https:\/\/www.rekubik.de\/magazin\/wp-json\/wp\/v2\/comments?post=26151"}],"version-history":[{"count":20,"href":"https:\/\/www.rekubik.de\/magazin\/wp-json\/wp\/v2\/posts\/26151\/revisions"}],"predecessor-version":[{"id":26153,"href":"https:\/\/www.rekubik.de\/magazin\/wp-json\/wp\/v2\/posts\/26151\/revisions\/26153"}],"wp:featuredmedia":[{"embeddable":true,"href":"https:\/\/www.rekubik.de\/magazin\/wp-json\/wp\/v2\/media\/26163"}],"wp:attachment":[{"href":"https:\/\/www.rekubik.de\/magazin\/wp-json\/wp\/v2\/media?parent=26151"}],"wp:term":[{"taxonomy":"category","embeddable":true,"href":"https:\/\/www.rekubik.de\/magazin\/wp-json\/wp\/v2\/categories?post=26151"},{"taxonomy":"post_tag","embeddable":true,"href":"https:\/\/www.rekubik.de\/magazin\/wp-json\/wp\/v2\/tags?post=26151"}],"curies":[{"name":"wp","href":"https:\/\/api.w.org\/{rel}","templated":true}]}}