{"id":2784,"date":"2018-10-25T15:03:04","date_gmt":"2018-10-25T13:03:04","guid":{"rendered":"https:\/\/www.rekubik.de\/magazin\/?p=2784"},"modified":"2024-10-01T15:32:22","modified_gmt":"2024-10-01T13:32:22","slug":"lagerung-saeuren-laugen","status":"publish","type":"post","link":"https:\/\/www.rekubik.de\/magazin\/lagerung-saeuren-laugen\/","title":{"rendered":"Lagerung von S\u00e4uren und Laugen"},"content":{"rendered":"<h2>\u00ab Warum IBCs die richtige L\u00f6sung sind \u00bb<\/h2>\n<p style=\"text-align: justify;\"><strong>Wer S\u00e4uren und Laugen lagert, tr\u00e4gt gro\u00dfe Verantwortung. Meist handelt es sich bei diesen Chemikalien ja um sogenannte Gefahrstoffe, die Menschen und der Umwelt schwere Sch\u00e4den zuf\u00fcgen k\u00f6nnen. Nicht umsonst gibt es strenge Auflagen f\u00fcr die Lagerung dieser Fl\u00fcssigkeiten. Warum sich <a href=\"https:\/\/www.rekubik.de\/ibc-container\/\">Intermediate Bulk Container (IBCs)<\/a> perfekt daf\u00fcr eigenen und was es sonst noch zu beachten gilt, k\u00f6nnen Sie hier nachlesen.<\/strong><\/p>\n<h2>Gefahrstoffe m\u00fcssen richtig gelagert werden<\/h2>\n<p style=\"text-align: justify;\">Die Lagerung von S\u00e4uren und Laugen stellt besondere Anforderungen an den Lagerort und vor allem an die Lagerbeh\u00e4ltnisse. Kein Wunder: Oft handelt es sich dabei um \u00e4tzende Fl\u00fcssigkeiten bzw. um Stoffe, die auf andere Weise gef\u00e4hrlich sind. Kommen Menschen mit ihnen in direkten Kontakt, kann das zu erheblichen Verletzungen oder gesundheitlichen Beeintr\u00e4chtigungen f\u00fchren. Gelangen sie unbeabsichtigt in die Umwelt, entstehen schnell enorme Sch\u00e4den an Fauna und Flora. Sogar das Grundwasser ist in Gefahr.<\/p>\n<figure id=\"attachment_2792\" aria-describedby=\"caption-attachment-2792\" style=\"width: 800px\" class=\"wp-caption aligncenter\"><img loading=\"lazy\" decoding=\"async\" class=\"wp-image-2792 size-full\" title=\"Gefahrstoffe\" src=\"https:\/\/www.rekubik.de\/magazin\/wp-content\/uploads\/2018\/11\/Gefahrstoffe.jpg\" alt=\"Gefahrstoffe\" width=\"800\" height=\"526\" srcset=\"https:\/\/www.rekubik.de\/magazin\/wp-content\/uploads\/2018\/11\/Gefahrstoffe.jpg 800w, https:\/\/www.rekubik.de\/magazin\/wp-content\/uploads\/2018\/11\/Gefahrstoffe-300x197.jpg 300w, https:\/\/www.rekubik.de\/magazin\/wp-content\/uploads\/2018\/11\/Gefahrstoffe-768x505.jpg 768w, https:\/\/www.rekubik.de\/magazin\/wp-content\/uploads\/2018\/11\/Gefahrstoffe-310x205.jpg 310w\" sizes=\"(max-width: 800px) 100vw, 800px\" \/><figcaption id=\"caption-attachment-2792\" class=\"wp-caption-text\">\u00a9 A_Bruno \/ Fotolia.com<\/figcaption><\/figure>\n<p style=\"text-align: justify;\">Klar, dass deshalb f\u00fcr die Lagerung von S\u00e4uren und Laugen besondere Schutzma\u00dfnahmen vonn\u00f6ten sind. Das Beh\u00e4ltnis, in dem sie gelagert werden, stellt dabei die sogenannte prim\u00e4re Schutzma\u00dfnahme dar. Es muss zuerst daf\u00fcr sorgen, dass der Inhalt nicht unbeabsichtigt freigesetzt werden kann. Gefahrstoffe zu lagern, verlangt allerdings auch noch weitere Ma\u00dfnahmen, je nachdem welche Lauge oder S\u00e4ure gelagert werden soll und um welche Mengen es sich handelt.<\/p>\n<p style=\"text-align: justify;\">Kurzum: Ein Unternehmen oder ein Betrieb, der mit gef\u00e4hrlichen Fl\u00fcssigkeiten notwendigerweise hantiert, hat jede Menge Regeln zu beachten und Auflagen zu befolgen.<\/p>\n<h2>Auf was es bei der Lagerung von Laugen und S\u00e4uren grunds\u00e4tzlich ankommt<\/h2>\n<p style=\"text-align: justify;\">Jede Lauge und jede S\u00e4ure stellt eine potenzielle Gefahr dar. Selbst eine an sich harmlose Seifenlauge kann sehr unangenehme Folgen haben, wenn sie beispielsweise ein Kleinkind trinkt. Solch brisante Fl\u00fcssigkeiten m\u00fcssen deswegen stets so gelagert werden, dass sie nicht unbeabsichtigt frei gesetzt werden k\u00f6nnen. Klar, dass das hohe Anforderungen an das Lagerbeh\u00e4ltnis stellt.<\/p>\n<figure id=\"attachment_2798\" aria-describedby=\"caption-attachment-2798\" style=\"width: 800px\" class=\"wp-caption aligncenter\"><img loading=\"lazy\" decoding=\"async\" class=\"wp-image-2798 size-full\" title=\"Lagerung von Industriematerial\" src=\"https:\/\/www.rekubik.de\/magazin\/wp-content\/uploads\/2018\/11\/Lagerung-von-Industriematerial.jpg\" alt=\"Lagerung von Industriematerial\" width=\"800\" height=\"531\" srcset=\"https:\/\/www.rekubik.de\/magazin\/wp-content\/uploads\/2018\/11\/Lagerung-von-Industriematerial.jpg 800w, https:\/\/www.rekubik.de\/magazin\/wp-content\/uploads\/2018\/11\/Lagerung-von-Industriematerial-300x199.jpg 300w, https:\/\/www.rekubik.de\/magazin\/wp-content\/uploads\/2018\/11\/Lagerung-von-Industriematerial-768x510.jpg 768w, https:\/\/www.rekubik.de\/magazin\/wp-content\/uploads\/2018\/11\/Lagerung-von-Industriematerial-352x233.jpg 352w, https:\/\/www.rekubik.de\/magazin\/wp-content\/uploads\/2018\/11\/Lagerung-von-Industriematerial-310x205.jpg 310w\" sizes=\"(max-width: 800px) 100vw, 800px\" \/><figcaption id=\"caption-attachment-2798\" class=\"wp-caption-text\">\u00a9 industrieblick \/ Fotolia.com<\/figcaption><\/figure>\n<p style=\"text-align: justify;\">Meist werden daf\u00fcr Tanks, F\u00e4sser oder IBCs verwendet. Sie m\u00fcssen so beschaffen sein, dass weder die in ihnen enthaltenen Fl\u00fcssigkeiten noch die oft entstehenden D\u00e4mpfe unkontrolliert ins Freie gelangen k\u00f6nnen. Das stellt insbesondere hohe Anforderungen an die Dichtigkeit der Beh\u00e4ltnisse. Der Gesetzgeber schreibt dar\u00fcber hinaus vor, dass die Beh\u00e4lter f\u00fcr die Lagerung von Gefahrstoffen zugelassen sind.<\/p>\n<p style=\"text-align: justify;\">Dabei gilt selbstverst\u00e4ndlich, dass nicht jede Art von Tank auch f\u00fcr jeden Gefahrstoff geeignet ist. Schon bei der Anschaffung sollte man sich deshalb genau dar\u00fcber informieren, was in dem Tank oder Fass tats\u00e4chlich gelagert werden darf. Dabei geht es um Best\u00e4ndigkeiten, Materialeigenschaften und Mengen. Werden gr\u00f6\u00dfere Mengen gelagert, sind n\u00e4mlich meist weitere Auflagen zwingend zu erf\u00fcllen.<\/p>\n<p><a href=\"https:\/\/www.rekubik.de\/ibc-zubehoer\/podest-station\/ibc-pe-auffangwanne-fuer-1x-ibc-container\"><img loading=\"lazy\" decoding=\"async\" class=\"aligncenter wp-image-2805 size-full\" title=\"Auffangwanne aus PE (Polyethylen) zur Gefahrstofflagerung im IBC | Tragkraft: max. 1200 kg\" src=\"https:\/\/www.rekubik.de\/magazin\/wp-content\/uploads\/2018\/11\/IBC-Auffangwanne-aus-PE-mit-1150l-Auffangvolumen-3-TRANS.jpg\" alt=\"IBC-Auffangwanne-aus-PE-mit-1150l-Auffangvolumen-3-TRANS\" width=\"800\" height=\"760\" srcset=\"https:\/\/www.rekubik.de\/magazin\/wp-content\/uploads\/2018\/11\/IBC-Auffangwanne-aus-PE-mit-1150l-Auffangvolumen-3-TRANS.jpg 800w, https:\/\/www.rekubik.de\/magazin\/wp-content\/uploads\/2018\/11\/IBC-Auffangwanne-aus-PE-mit-1150l-Auffangvolumen-3-TRANS-300x285.jpg 300w, https:\/\/www.rekubik.de\/magazin\/wp-content\/uploads\/2018\/11\/IBC-Auffangwanne-aus-PE-mit-1150l-Auffangvolumen-3-TRANS-768x730.jpg 768w\" sizes=\"(max-width: 800px) 100vw, 800px\" \/><\/a><\/p>\n<p style=\"text-align: justify;\">So kann es beispielsweise notwendig sein als zweite Sicherungsma\u00dfnahme eine sogenannte Auffangwanne anzubringen. Unter Umst\u00e4nden ist es sogar notwendig, einen speziellen Lagerraum zu konstruieren, von dem aus nichts nach drau\u00dfen dringen kann.<\/p>\n<h2>Auch auf den menschlichen Faktor kommt es an<\/h2>\n<p style=\"text-align: justify;\">Egal, ob es nun um die Lagerung von S\u00e4uren oder Laugen geht \u2013 mit dem blo\u00dfen Aufbewahren alleine ist es meist nicht getan. Mit den gef\u00e4hrlichen Stoffen wird schlie\u00dflich gearbeitet. Mitarbeiter, die damit zu tun haben, m\u00fcssen deshalb ganz genau wissen, wie man damit umgeht und eventuell sogar Schutzkleidung tragen. Tats\u00e4chlich spielt der menschliche Faktor im Zusammenhang mit der Verarbeitung und Lagerung von Laugen und S\u00e4uren eine zentrale Rolle. Unternehmen haben deshalb laut Gefahrgutverordnung die Pflicht, ihre Mitarbeiter fachgerecht zu schulen und sie auf die m\u00f6glichen Gefahren aufmerksam zu machen.<\/p>\n<figure id=\"attachment_2794\" aria-describedby=\"caption-attachment-2794\" style=\"width: 800px\" class=\"wp-caption aligncenter\"><img loading=\"lazy\" decoding=\"async\" class=\"wp-image-2794 size-full\" title=\"Auch auf den menschlichen Faktor kommt es an\" src=\"https:\/\/www.rekubik.de\/magazin\/wp-content\/uploads\/2018\/11\/Auch-auf-den-menschlichen-Faktor-kommt-es-an.jpg\" alt=\"Auch auf den menschlichen Faktor kommt es an\" width=\"800\" height=\"533\" srcset=\"https:\/\/www.rekubik.de\/magazin\/wp-content\/uploads\/2018\/11\/Auch-auf-den-menschlichen-Faktor-kommt-es-an.jpg 800w, https:\/\/www.rekubik.de\/magazin\/wp-content\/uploads\/2018\/11\/Auch-auf-den-menschlichen-Faktor-kommt-es-an-300x200.jpg 300w, https:\/\/www.rekubik.de\/magazin\/wp-content\/uploads\/2018\/11\/Auch-auf-den-menschlichen-Faktor-kommt-es-an-768x512.jpg 768w\" sizes=\"(max-width: 800px) 100vw, 800px\" \/><figcaption id=\"caption-attachment-2794\" class=\"wp-caption-text\">\u00a9 Peter Heimpel \/ Fotolia.com<\/figcaption><\/figure>\n<h2>Warum IBCs f\u00fcr S\u00e4uren und Laugen ideal sind<\/h2>\n<p style=\"text-align: justify;\">Der Intermediate Bulk Container (IBC) hat sich in den letzten Jahren zu so etwas wie einem idealen Beh\u00e4ltnis f\u00fcr brisante Fl\u00fcssigkeiten entwickelt, wenn es um die Lagerung oder den Transport von S\u00e4uren und Laugen geht. Ein Grund daf\u00fcr ist nicht zuletzt das enorm robuste High Density Polyethylen, aus dem er gefertigt wird. Der Kunststoff mit hoher Dichte ist derart stabil, dass ihm auch eine Fl\u00fcssigkeit, die \u00e4tzend ist, nichts anhaben kann. Selbst Rempler oder Abst\u00fcrze bleiben in der Regel ohne Folgen. Dar\u00fcber hinaus lassen sich mit IBCs Gefahrstoffe problemlos transportieren. Damit entf\u00e4llt das mitunter heikle Umf\u00fcllen von einem Transportbeh\u00e4ltnis in ein Lagerbeh\u00e4ltnis oder anders herum.<\/p>\n<p><a href=\"https:\/\/www.rekubik.de\/ibc-container\/neue-ibc\/1000l-ibc-container-un-zulassung-auf-pe-palette-neu\"><img loading=\"lazy\" decoding=\"async\" class=\"aligncenter wp-image-2812\" title=\"IBC Container (1000 Liter) mit UN-Zulassung | geeignet f\u00fcr die Bef\u00f6rderung bzw. den Transport von Gefahrgut\" src=\"https:\/\/www.rekubik.de\/magazin\/wp-content\/uploads\/2018\/11\/1000l-ibc-container-un-zulassung-auf-kunststoffpalette-neu.jpg\" alt=\"1000l IBC Container UN-Zulassung auf PE-Palette NEU \" width=\"600\" height=\"581\" srcset=\"https:\/\/www.rekubik.de\/magazin\/wp-content\/uploads\/2018\/11\/1000l-ibc-container-un-zulassung-auf-kunststoffpalette-neu.jpg 800w, https:\/\/www.rekubik.de\/magazin\/wp-content\/uploads\/2018\/11\/1000l-ibc-container-un-zulassung-auf-kunststoffpalette-neu-300x291.jpg 300w, https:\/\/www.rekubik.de\/magazin\/wp-content\/uploads\/2018\/11\/1000l-ibc-container-un-zulassung-auf-kunststoffpalette-neu-768x744.jpg 768w\" sizes=\"(max-width: 600px) 100vw, 600px\" \/><\/a><\/p>\n<p style=\"text-align: justify;\">Im Alltag ist der IBC so konstruiert, dass er sich leicht h\u00e4ndeln l\u00e4sst. Insbesondere die Entnahme von Fl\u00fcssigkeiten ist dank des fest integrierten Ablaufhahns eine sehr sichere Angelegenheit, gerade wenn es um \u00e4tzende Fl\u00fcssigkeiten geht.<\/p>\n<h2>Unternehmerische Verantwortung beim Lagern von Laugen und S\u00e4uren<\/h2>\n<p style=\"text-align: justify;\">Die Lagerung von Gefahrstoffen ist in der Gefahrstoffverordnung relativ ausf\u00fchrlich vom Gesetzgeber geregelt worden. Die in dieser Verordnung vorgeschriebenen Ma\u00dfnahmen m\u00fcssen zwingend eingehalten werden. Dazu geh\u00f6rt explizit auch, dass die Eignung der Beh\u00e4ltnisse und des Lagerorts regelm\u00e4\u00dfig \u00fcberpr\u00fcft werden \u2013 und zwar von fachkundigem Personal. Die gesetzlichen Vorschriften sind allerdings nur die eine Seite der Medaille. Mindestens ebenso sehr kommt es auf die unternehmerische Verantwortung an.<\/p>\n<p><img loading=\"lazy\" decoding=\"async\" class=\"aligncenter wp-image-2819\" title=\"IBC Container (1000 Liter) mit UN-Zulassung (CDS) | hoher Sicherheitsstandard bei Entnahme &amp; Transport von \u201egef\u00e4hrlichen\u201c Fl\u00fcssigkeiten\" src=\"https:\/\/www.rekubik.de\/magazin\/wp-content\/uploads\/2018\/11\/1000l-ibc-container-un-zulassung-mit-steigrohr-cds-auf-stahlpalette-neu.jpg\" alt=\"1000l-ibc-container-un-zulassung-mit-steigrohr-cds-auf-stahlpalette-neu\" width=\"600\" height=\"574\" srcset=\"https:\/\/www.rekubik.de\/magazin\/wp-content\/uploads\/2018\/11\/1000l-ibc-container-un-zulassung-mit-steigrohr-cds-auf-stahlpalette-neu.jpg 800w, https:\/\/www.rekubik.de\/magazin\/wp-content\/uploads\/2018\/11\/1000l-ibc-container-un-zulassung-mit-steigrohr-cds-auf-stahlpalette-neu-300x287.jpg 300w, https:\/\/www.rekubik.de\/magazin\/wp-content\/uploads\/2018\/11\/1000l-ibc-container-un-zulassung-mit-steigrohr-cds-auf-stahlpalette-neu-768x734.jpg 768w\" sizes=\"(max-width: 600px) 100vw, 600px\" \/><\/p>\n<p style=\"text-align: justify;\">Gefahrstoffe sind grunds\u00e4tzlich heikel und mit Risiken verbunden, die es zu minimieren gilt. Da tut man als Unternehmer gut daran, unter Umst\u00e4nden auch etwas mehr zu tun, als das Gesetz verlangt. Alleine auf die Kosten zu achten, w\u00e4re ziemlich verantwortungslos und fahrl\u00e4ssig.<\/p>\n<p><img loading=\"lazy\" decoding=\"async\" class=\"aligncenter wp-image-2823\" title=\"IBC Container (300 Liter) mit UN-Zulassung: 31HA1\/Y1.9 | Lebensmittelecht: Ja | Zustand: Neu\" src=\"https:\/\/www.rekubik.de\/magazin\/wp-content\/uploads\/2018\/10\/300l-ibc-container-un-zulassung-auf-holzpalette-neu.jpg\" alt=\"300l-ibc-container-un-zulassung-auf-holzpalette-neu\" width=\"600\" height=\"581\" srcset=\"https:\/\/www.rekubik.de\/magazin\/wp-content\/uploads\/2018\/10\/300l-ibc-container-un-zulassung-auf-holzpalette-neu.jpg 800w, https:\/\/www.rekubik.de\/magazin\/wp-content\/uploads\/2018\/10\/300l-ibc-container-un-zulassung-auf-holzpalette-neu-300x291.jpg 300w, https:\/\/www.rekubik.de\/magazin\/wp-content\/uploads\/2018\/10\/300l-ibc-container-un-zulassung-auf-holzpalette-neu-768x744.jpg 768w\" sizes=\"(max-width: 600px) 100vw, 600px\" \/><\/p>\n<p style=\"text-align: justify;\">Gefahrstoffe, die ins Freie gelangen, k\u00f6nnen enorme Sch\u00e4den anrichten &#8211; Sch\u00e4den, f\u00fcr die meist das Unternehmen haften muss. Das kann unter Umst\u00e4nden sogar existenzgef\u00e4hrdend sein. Unternehmerische Verantwortung bedeutet in diesem Zusammenhang deshalb auch, einen in die Jahre gekommen IBC lieber fr\u00fcher als sp\u00e4ter zu ersetzen.<\/p>\n","protected":false},"excerpt":{"rendered":"<p>\u00ab Warum IBCs die richtige L\u00f6sung sind \u00bb Wer S\u00e4uren und Laugen lagert, tr\u00e4gt gro\u00dfe Verantwortung. Meist handelt es sich bei diesen Chemikalien ja um sogenannte Gefahrstoffe, die Menschen und der Umwelt schwere Sch\u00e4den zuf\u00fcgen k\u00f6nnen. Nicht umsonst gibt es strenge Auflagen f\u00fcr die Lagerung dieser Fl\u00fcssigkeiten. Warum sich Intermediate Bulk Container (IBCs) perfekt daf\u00fcr &hellip;<\/p>\n","protected":false},"author":1,"featured_media":2796,"comment_status":"closed","ping_status":"open","sticky":false,"template":"","format":"standard","meta":{"footnotes":""},"categories":[2],"tags":[299,28,175,282,300,7,279,340,339,75],"class_list":["post-2784","post","type-post","status-publish","format-standard","has-post-thumbnail","","category-ibc-unternehmen","tag-auffangwanne","tag-container","tag-gefahrgut","tag-gefahrstoffe","tag-gefahrstofflagerung","tag-ibc","tag-lagerung","tag-laugen","tag-saeuren","tag-un-zulassung"],"yoast_head":"<!-- This site is optimized with the Yoast SEO plugin v23.5 - https:\/\/yoast.com\/wordpress\/plugins\/seo\/ -->\n<title>Lagerung von S\u00e4uren und Laugen - REKUBIK\u00ae Magazin<\/title>\n<meta name=\"description\" content=\"Das Rekubik Magazin berichtet die Lagerung von S\u00e4uren und Laugen mittels IBC Container! \u2013 Infos \u00fcber Gefahrstoffe \u2714 Auflagen \u2714 richtige Lagerung \u2714\" \/>\n<meta name=\"robots\" content=\"index, follow, max-snippet:-1, max-image-preview:large, max-video-preview:-1\" \/>\n<link rel=\"canonical\" href=\"https:\/\/www.rekubik.de\/magazin\/lagerung-saeuren-laugen\/\" \/>\n<meta property=\"og:locale\" content=\"de_DE\" \/>\n<meta property=\"og:type\" content=\"article\" \/>\n<meta property=\"og:title\" content=\"Lagerung von S\u00e4uren und Laugen - REKUBIK\u00ae Magazin\" \/>\n<meta property=\"og:description\" content=\"Das Rekubik Magazin berichtet die Lagerung von S\u00e4uren und Laugen mittels IBC Container! \u2013 Infos \u00fcber Gefahrstoffe \u2714 Auflagen \u2714 richtige Lagerung \u2714\" \/>\n<meta property=\"og:url\" content=\"https:\/\/www.rekubik.de\/magazin\/lagerung-saeuren-laugen\/\" \/>\n<meta property=\"og:site_name\" content=\"REKUBIK\u00ae Magazin\" \/>\n<meta property=\"article:published_time\" content=\"2018-10-25T13:03:04+00:00\" \/>\n<meta property=\"article:modified_time\" content=\"2024-10-01T13:32:22+00:00\" \/>\n<meta property=\"og:image\" content=\"https:\/\/www.rekubik.de\/magazin\/wp-content\/uploads\/2018\/11\/Lagerung-von-Saeuren-und-Laugen.jpg\" \/>\n\t<meta property=\"og:image:width\" content=\"1000\" \/>\n\t<meta property=\"og:image:height\" content=\"667\" \/>\n\t<meta property=\"og:image:type\" content=\"image\/jpeg\" \/>\n<meta name=\"author\" content=\"admin\" \/>\n<meta name=\"twitter:card\" content=\"summary_large_image\" \/>\n<meta name=\"twitter:label1\" content=\"Geschrieben von\" \/>\n\t<meta name=\"twitter:data1\" content=\"admin\" \/>\n\t<meta name=\"twitter:label2\" content=\"Gesch\u00e4tzte Lesezeit\" \/>\n\t<meta name=\"twitter:data2\" content=\"5\u00a0Minuten\" \/>\n<script type=\"application\/ld+json\" class=\"yoast-schema-graph\">{\"@context\":\"https:\/\/schema.org\",\"@graph\":[{\"@type\":\"Article\",\"@id\":\"https:\/\/www.rekubik.de\/magazin\/lagerung-saeuren-laugen\/#article\",\"isPartOf\":{\"@id\":\"https:\/\/www.rekubik.de\/magazin\/lagerung-saeuren-laugen\/\"},\"author\":{\"name\":\"admin\",\"@id\":\"https:\/\/www.rekubik.de\/magazin\/#\/schema\/person\/d5faea021aac94edeeb8e47cf06771c7\"},\"headline\":\"Lagerung von S\u00e4uren und Laugen\",\"datePublished\":\"2018-10-25T13:03:04+00:00\",\"dateModified\":\"2024-10-01T13:32:22+00:00\",\"mainEntityOfPage\":{\"@id\":\"https:\/\/www.rekubik.de\/magazin\/lagerung-saeuren-laugen\/\"},\"wordCount\":989,\"publisher\":{\"@id\":\"https:\/\/www.rekubik.de\/magazin\/#organization\"},\"image\":{\"@id\":\"https:\/\/www.rekubik.de\/magazin\/lagerung-saeuren-laugen\/#primaryimage\"},\"thumbnailUrl\":\"https:\/\/www.rekubik.de\/magazin\/wp-content\/uploads\/2018\/11\/Lagerung-von-Saeuren-und-Laugen.jpg\",\"keywords\":[\"Auffangwanne\",\"Container\",\"Gefahrgut\",\"Gefahrstoffe\",\"Gefahrstofflagerung\",\"IBC\",\"Lagerung\",\"Laugen\",\"S\u00e4uren\",\"UN-Zulassung\"],\"articleSection\":[\"IBC IN UNTERNEHMEN\"],\"inLanguage\":\"de\"},{\"@type\":\"WebPage\",\"@id\":\"https:\/\/www.rekubik.de\/magazin\/lagerung-saeuren-laugen\/\",\"url\":\"https:\/\/www.rekubik.de\/magazin\/lagerung-saeuren-laugen\/\",\"name\":\"Lagerung von S\u00e4uren und Laugen - REKUBIK\u00ae Magazin\",\"isPartOf\":{\"@id\":\"https:\/\/www.rekubik.de\/magazin\/#website\"},\"primaryImageOfPage\":{\"@id\":\"https:\/\/www.rekubik.de\/magazin\/lagerung-saeuren-laugen\/#primaryimage\"},\"image\":{\"@id\":\"https:\/\/www.rekubik.de\/magazin\/lagerung-saeuren-laugen\/#primaryimage\"},\"thumbnailUrl\":\"https:\/\/www.rekubik.de\/magazin\/wp-content\/uploads\/2018\/11\/Lagerung-von-Saeuren-und-Laugen.jpg\",\"datePublished\":\"2018-10-25T13:03:04+00:00\",\"dateModified\":\"2024-10-01T13:32:22+00:00\",\"description\":\"Das Rekubik Magazin berichtet die Lagerung von S\u00e4uren und Laugen mittels IBC Container! \u2013 Infos \u00fcber Gefahrstoffe \u2714 Auflagen \u2714 richtige Lagerung \u2714\",\"breadcrumb\":{\"@id\":\"https:\/\/www.rekubik.de\/magazin\/lagerung-saeuren-laugen\/#breadcrumb\"},\"inLanguage\":\"de\",\"potentialAction\":[{\"@type\":\"ReadAction\",\"target\":[\"https:\/\/www.rekubik.de\/magazin\/lagerung-saeuren-laugen\/\"]}]},{\"@type\":\"ImageObject\",\"inLanguage\":\"de\",\"@id\":\"https:\/\/www.rekubik.de\/magazin\/lagerung-saeuren-laugen\/#primaryimage\",\"url\":\"https:\/\/www.rekubik.de\/magazin\/wp-content\/uploads\/2018\/11\/Lagerung-von-Saeuren-und-Laugen.jpg\",\"contentUrl\":\"https:\/\/www.rekubik.de\/magazin\/wp-content\/uploads\/2018\/11\/Lagerung-von-Saeuren-und-Laugen.jpg\",\"width\":1000,\"height\":667,\"caption\":\"\u00a9 ginton \/ Fotolia.com\"},{\"@type\":\"BreadcrumbList\",\"@id\":\"https:\/\/www.rekubik.de\/magazin\/lagerung-saeuren-laugen\/#breadcrumb\",\"itemListElement\":[{\"@type\":\"ListItem\",\"position\":1,\"name\":\"Home\",\"item\":\"https:\/\/www.rekubik.de\/magazin\/\"},{\"@type\":\"ListItem\",\"position\":2,\"name\":\"Lagerung von S\u00e4uren und Laugen\"}]},{\"@type\":\"WebSite\",\"@id\":\"https:\/\/www.rekubik.de\/magazin\/#website\",\"url\":\"https:\/\/www.rekubik.de\/magazin\/\",\"name\":\"REKUBIK\u00ae Magazin\",\"description\":\"\",\"publisher\":{\"@id\":\"https:\/\/www.rekubik.de\/magazin\/#organization\"},\"potentialAction\":[{\"@type\":\"SearchAction\",\"target\":{\"@type\":\"EntryPoint\",\"urlTemplate\":\"https:\/\/www.rekubik.de\/magazin\/?s={search_term_string}\"},\"query-input\":{\"@type\":\"PropertyValueSpecification\",\"valueRequired\":true,\"valueName\":\"search_term_string\"}}],\"inLanguage\":\"de\"},{\"@type\":\"Organization\",\"@id\":\"https:\/\/www.rekubik.de\/magazin\/#organization\",\"name\":\"Rekubik\",\"url\":\"https:\/\/www.rekubik.de\/magazin\/\",\"logo\":{\"@type\":\"ImageObject\",\"inLanguage\":\"de\",\"@id\":\"https:\/\/www.rekubik.de\/magazin\/#\/schema\/logo\/image\/\",\"url\":\"https:\/\/www.rekubik.de\/magazin\/wp-content\/uploads\/2017\/12\/rekubik-LOGO-Shopware.png\",\"contentUrl\":\"https:\/\/www.rekubik.de\/magazin\/wp-content\/uploads\/2017\/12\/rekubik-LOGO-Shopware.png\",\"width\":200,\"height\":50,\"caption\":\"Rekubik\"},\"image\":{\"@id\":\"https:\/\/www.rekubik.de\/magazin\/#\/schema\/logo\/image\/\"}},{\"@type\":\"Person\",\"@id\":\"https:\/\/www.rekubik.de\/magazin\/#\/schema\/person\/d5faea021aac94edeeb8e47cf06771c7\",\"name\":\"admin\",\"image\":{\"@type\":\"ImageObject\",\"inLanguage\":\"de\",\"@id\":\"https:\/\/www.rekubik.de\/magazin\/#\/schema\/person\/image\/\",\"url\":\"https:\/\/secure.gravatar.com\/avatar\/a794a4fe8a9b9c52241597eb381dfa2e?s=96&d=mm&r=g\",\"contentUrl\":\"https:\/\/secure.gravatar.com\/avatar\/a794a4fe8a9b9c52241597eb381dfa2e?s=96&d=mm&r=g\",\"caption\":\"admin\"}}]}<\/script>\n<!-- \/ Yoast SEO plugin. -->","yoast_head_json":{"title":"Lagerung von S\u00e4uren und Laugen - REKUBIK\u00ae Magazin","description":"Das Rekubik Magazin berichtet die Lagerung von S\u00e4uren und Laugen mittels IBC Container! \u2013 Infos \u00fcber Gefahrstoffe \u2714 Auflagen \u2714 richtige Lagerung \u2714","robots":{"index":"index","follow":"follow","max-snippet":"max-snippet:-1","max-image-preview":"max-image-preview:large","max-video-preview":"max-video-preview:-1"},"canonical":"https:\/\/www.rekubik.de\/magazin\/lagerung-saeuren-laugen\/","og_locale":"de_DE","og_type":"article","og_title":"Lagerung von S\u00e4uren und Laugen - REKUBIK\u00ae Magazin","og_description":"Das Rekubik Magazin berichtet die Lagerung von S\u00e4uren und Laugen mittels IBC Container! \u2013 Infos \u00fcber Gefahrstoffe \u2714 Auflagen \u2714 richtige Lagerung \u2714","og_url":"https:\/\/www.rekubik.de\/magazin\/lagerung-saeuren-laugen\/","og_site_name":"REKUBIK\u00ae Magazin","article_published_time":"2018-10-25T13:03:04+00:00","article_modified_time":"2024-10-01T13:32:22+00:00","og_image":[{"width":1000,"height":667,"url":"https:\/\/www.rekubik.de\/magazin\/wp-content\/uploads\/2018\/11\/Lagerung-von-Saeuren-und-Laugen.jpg","type":"image\/jpeg"}],"author":"admin","twitter_card":"summary_large_image","twitter_misc":{"Geschrieben von":"admin","Gesch\u00e4tzte Lesezeit":"5\u00a0Minuten"},"schema":{"@context":"https:\/\/schema.org","@graph":[{"@type":"Article","@id":"https:\/\/www.rekubik.de\/magazin\/lagerung-saeuren-laugen\/#article","isPartOf":{"@id":"https:\/\/www.rekubik.de\/magazin\/lagerung-saeuren-laugen\/"},"author":{"name":"admin","@id":"https:\/\/www.rekubik.de\/magazin\/#\/schema\/person\/d5faea021aac94edeeb8e47cf06771c7"},"headline":"Lagerung von S\u00e4uren und Laugen","datePublished":"2018-10-25T13:03:04+00:00","dateModified":"2024-10-01T13:32:22+00:00","mainEntityOfPage":{"@id":"https:\/\/www.rekubik.de\/magazin\/lagerung-saeuren-laugen\/"},"wordCount":989,"publisher":{"@id":"https:\/\/www.rekubik.de\/magazin\/#organization"},"image":{"@id":"https:\/\/www.rekubik.de\/magazin\/lagerung-saeuren-laugen\/#primaryimage"},"thumbnailUrl":"https:\/\/www.rekubik.de\/magazin\/wp-content\/uploads\/2018\/11\/Lagerung-von-Saeuren-und-Laugen.jpg","keywords":["Auffangwanne","Container","Gefahrgut","Gefahrstoffe","Gefahrstofflagerung","IBC","Lagerung","Laugen","S\u00e4uren","UN-Zulassung"],"articleSection":["IBC IN UNTERNEHMEN"],"inLanguage":"de"},{"@type":"WebPage","@id":"https:\/\/www.rekubik.de\/magazin\/lagerung-saeuren-laugen\/","url":"https:\/\/www.rekubik.de\/magazin\/lagerung-saeuren-laugen\/","name":"Lagerung von S\u00e4uren und Laugen - REKUBIK\u00ae Magazin","isPartOf":{"@id":"https:\/\/www.rekubik.de\/magazin\/#website"},"primaryImageOfPage":{"@id":"https:\/\/www.rekubik.de\/magazin\/lagerung-saeuren-laugen\/#primaryimage"},"image":{"@id":"https:\/\/www.rekubik.de\/magazin\/lagerung-saeuren-laugen\/#primaryimage"},"thumbnailUrl":"https:\/\/www.rekubik.de\/magazin\/wp-content\/uploads\/2018\/11\/Lagerung-von-Saeuren-und-Laugen.jpg","datePublished":"2018-10-25T13:03:04+00:00","dateModified":"2024-10-01T13:32:22+00:00","description":"Das Rekubik Magazin berichtet die Lagerung von S\u00e4uren und Laugen mittels IBC Container! \u2013 Infos \u00fcber Gefahrstoffe \u2714 Auflagen \u2714 richtige Lagerung \u2714","breadcrumb":{"@id":"https:\/\/www.rekubik.de\/magazin\/lagerung-saeuren-laugen\/#breadcrumb"},"inLanguage":"de","potentialAction":[{"@type":"ReadAction","target":["https:\/\/www.rekubik.de\/magazin\/lagerung-saeuren-laugen\/"]}]},{"@type":"ImageObject","inLanguage":"de","@id":"https:\/\/www.rekubik.de\/magazin\/lagerung-saeuren-laugen\/#primaryimage","url":"https:\/\/www.rekubik.de\/magazin\/wp-content\/uploads\/2018\/11\/Lagerung-von-Saeuren-und-Laugen.jpg","contentUrl":"https:\/\/www.rekubik.de\/magazin\/wp-content\/uploads\/2018\/11\/Lagerung-von-Saeuren-und-Laugen.jpg","width":1000,"height":667,"caption":"\u00a9 ginton \/ Fotolia.com"},{"@type":"BreadcrumbList","@id":"https:\/\/www.rekubik.de\/magazin\/lagerung-saeuren-laugen\/#breadcrumb","itemListElement":[{"@type":"ListItem","position":1,"name":"Home","item":"https:\/\/www.rekubik.de\/magazin\/"},{"@type":"ListItem","position":2,"name":"Lagerung von S\u00e4uren und Laugen"}]},{"@type":"WebSite","@id":"https:\/\/www.rekubik.de\/magazin\/#website","url":"https:\/\/www.rekubik.de\/magazin\/","name":"REKUBIK\u00ae Magazin","description":"","publisher":{"@id":"https:\/\/www.rekubik.de\/magazin\/#organization"},"potentialAction":[{"@type":"SearchAction","target":{"@type":"EntryPoint","urlTemplate":"https:\/\/www.rekubik.de\/magazin\/?s={search_term_string}"},"query-input":{"@type":"PropertyValueSpecification","valueRequired":true,"valueName":"search_term_string"}}],"inLanguage":"de"},{"@type":"Organization","@id":"https:\/\/www.rekubik.de\/magazin\/#organization","name":"Rekubik","url":"https:\/\/www.rekubik.de\/magazin\/","logo":{"@type":"ImageObject","inLanguage":"de","@id":"https:\/\/www.rekubik.de\/magazin\/#\/schema\/logo\/image\/","url":"https:\/\/www.rekubik.de\/magazin\/wp-content\/uploads\/2017\/12\/rekubik-LOGO-Shopware.png","contentUrl":"https:\/\/www.rekubik.de\/magazin\/wp-content\/uploads\/2017\/12\/rekubik-LOGO-Shopware.png","width":200,"height":50,"caption":"Rekubik"},"image":{"@id":"https:\/\/www.rekubik.de\/magazin\/#\/schema\/logo\/image\/"}},{"@type":"Person","@id":"https:\/\/www.rekubik.de\/magazin\/#\/schema\/person\/d5faea021aac94edeeb8e47cf06771c7","name":"admin","image":{"@type":"ImageObject","inLanguage":"de","@id":"https:\/\/www.rekubik.de\/magazin\/#\/schema\/person\/image\/","url":"https:\/\/secure.gravatar.com\/avatar\/a794a4fe8a9b9c52241597eb381dfa2e?s=96&d=mm&r=g","contentUrl":"https:\/\/secure.gravatar.com\/avatar\/a794a4fe8a9b9c52241597eb381dfa2e?s=96&d=mm&r=g","caption":"admin"}}]}},"_links":{"self":[{"href":"https:\/\/www.rekubik.de\/magazin\/wp-json\/wp\/v2\/posts\/2784"}],"collection":[{"href":"https:\/\/www.rekubik.de\/magazin\/wp-json\/wp\/v2\/posts"}],"about":[{"href":"https:\/\/www.rekubik.de\/magazin\/wp-json\/wp\/v2\/types\/post"}],"author":[{"embeddable":true,"href":"https:\/\/www.rekubik.de\/magazin\/wp-json\/wp\/v2\/users\/1"}],"replies":[{"embeddable":true,"href":"https:\/\/www.rekubik.de\/magazin\/wp-json\/wp\/v2\/comments?post=2784"}],"version-history":[{"count":38,"href":"https:\/\/www.rekubik.de\/magazin\/wp-json\/wp\/v2\/posts\/2784\/revisions"}],"predecessor-version":[{"id":22071,"href":"https:\/\/www.rekubik.de\/magazin\/wp-json\/wp\/v2\/posts\/2784\/revisions\/22071"}],"wp:featuredmedia":[{"embeddable":true,"href":"https:\/\/www.rekubik.de\/magazin\/wp-json\/wp\/v2\/media\/2796"}],"wp:attachment":[{"href":"https:\/\/www.rekubik.de\/magazin\/wp-json\/wp\/v2\/media?parent=2784"}],"wp:term":[{"taxonomy":"category","embeddable":true,"href":"https:\/\/www.rekubik.de\/magazin\/wp-json\/wp\/v2\/categories?post=2784"},{"taxonomy":"post_tag","embeddable":true,"href":"https:\/\/www.rekubik.de\/magazin\/wp-json\/wp\/v2\/tags?post=2784"}],"curies":[{"name":"wp","href":"https:\/\/api.w.org\/{rel}","templated":true}]}}