{"id":3211,"date":"2018-12-19T13:30:32","date_gmt":"2018-12-19T12:30:32","guid":{"rendered":"https:\/\/www.rekubik.de\/magazin\/?p=3211"},"modified":"2024-10-01T14:28:50","modified_gmt":"2024-10-01T12:28:50","slug":"ibc-container-mit-holz-verkleiden","status":"publish","type":"post","link":"https:\/\/www.rekubik.de\/magazin\/ibc-container-mit-holz-verkleiden\/","title":{"rendered":"IBC Container mit Holz verkleiden"},"content":{"rendered":"<h2>\u00ab So wird aus dem Industrie-Tank ein nat\u00fcrlich sch\u00f6nes Deko-Element im Garten \u00bb<\/h2>\n<p style=\"text-align: justify;\"><a href=\"https:\/\/www.rekubik.de\/ibc-container\/\"><strong>Intermediate Bulk Container<\/strong><\/a><strong> gelten ihres funktionalen Industriedesigns wegen nicht unbedingt als sch\u00f6n. Das st\u00f6rt viele Menschen, die sie als praktische Wassertanks im ansonsten idyllischen Garten nutzen. Zum Gl\u00fcck l\u00e4sst sich ein IBC ganz wunderbar aufh\u00fcbschen und beispielsweise mit Holz verkleiden. Wie man das macht und was dar\u00fcber hinaus m\u00f6glich ist, k\u00f6nnen Sie hier nachlesen.<\/strong><\/p>\n<h2>Container im Garten: \u00fcber Geschmack l\u00e4sst sich bekanntlich streiten<\/h2>\n<p style=\"text-align: justify;\">Um eine ansprechende Optik f\u00fcr den heimischen Garten ging es den Designern des IBCs schlicht und ergreifend nicht. Die Sch\u00f6nheit in der Funktionalit\u00e4t ist f\u00fcr manche das wichtigste Merkmal. Andere k\u00f6nnen hingegen einfach nichts Sch\u00f6nes an dem Tank finden. M\u00fcssen sie ja auch nicht. IBCs sind Produkte, bei denen eindeutig der Nutzen und nicht die Optik im Vordergrund steht. Gerade der Nutzen macht sie letztlich so erfolgreich. Nicht wenige Menschen sch\u00e4tzen diese Funktionalit\u00e4t und m\u00f6chten trotzdem ein sch\u00f6nes Objekt in ihrem Garten stehen haben. Wer in seiner gr\u00fcnen Oase hinter dem Haus vor allem eine Wohlf\u00fchlzone sieht, f\u00fchlt sich von dem Anblick eines k\u00fchl designten IBCs ganz schnell gest\u00f6rt, wenn kein verstecktes Eckchen f\u00fcr den Tank da ist. Dann stellt sich meist die Frage: Was tun? Eine gute Antwort auf diese Frage ist zweifellos, den IBC Container zu verkleiden. Das l\u00e4sst sich einerseits leicht und kosteng\u00fcnstig bewerkstelligen und bringt andererseits ganz erstaunliche Ergebnisse. Klar, dass dabei Holz der Werkstoff der Wahl ist. Eine Holzverkleidung passt immer. Das gilt \u00fcbrigens auch, wenn IBCs nicht unbedingt als Tanks im Garten, sondern zum Beispiel als Raumteiler oder Stehtische genutzt werden sollen. H\u00f6chste Zeit also, sich mal etwas n\u00e4her mit dem Themenkomplex IBCs und Deko zu besch\u00e4ftigen.<\/p>\n<p><a href=\"https:\/\/www.rekubik.de\/ibc-container\/neue-ibc\/1000l-ibc-container-ecoline-auf-pe-palette-neu\"><img loading=\"lazy\" decoding=\"async\" class=\"alignnone wp-image-3197 size-full\" title=\"1000l IBC Container auf PE-Palette NEU\" src=\"https:\/\/www.rekubik.de\/magazin\/wp-content\/uploads\/2018\/12\/1000l-IBC-Container-auf-Kunststoffpalette-1.jpg\" alt=\"1000l IBC Container auf PE-Palette NEU \" width=\"375\" height=\"331\" srcset=\"https:\/\/www.rekubik.de\/magazin\/wp-content\/uploads\/2018\/12\/1000l-IBC-Container-auf-Kunststoffpalette-1.jpg 375w, https:\/\/www.rekubik.de\/magazin\/wp-content\/uploads\/2018\/12\/1000l-IBC-Container-auf-Kunststoffpalette-1-300x265.jpg 300w\" sizes=\"(max-width: 375px) 100vw, 375px\" \/><\/a>\u00a0<a href=\"https:\/\/www.rekubik.de\/ibc-container\/neue-ibc\/1000l-ibc-container-fuer-adblue-cds-auf-pe-palette-neu\"><img loading=\"lazy\" decoding=\"async\" class=\"alignnone wp-image-3215\" title=\"1000l IBC Container f\u00fcr AdBlue\u00ae (CDS) auf PE-Palette NEU\" src=\"https:\/\/www.rekubik.de\/magazin\/wp-content\/uploads\/2018\/12\/1000l-IBC-Container-f\u00fcr-AdBlue\u00ae-CDS-auf-Kunststoffpalette-NEU.jpg\" alt=\"1000l IBC Container f\u00fcr AdBlue\u00ae (CDS) auf PE-Palette NEU \" width=\"368\" height=\"334\" srcset=\"https:\/\/www.rekubik.de\/magazin\/wp-content\/uploads\/2018\/12\/1000l-IBC-Container-f\u00fcr-AdBlue\u00ae-CDS-auf-Kunststoffpalette-NEU.jpg 375w, https:\/\/www.rekubik.de\/magazin\/wp-content\/uploads\/2018\/12\/1000l-IBC-Container-f\u00fcr-AdBlue\u00ae-CDS-auf-Kunststoffpalette-NEU-300x272.jpg 300w\" sizes=\"(max-width: 368px) 100vw, 368px\" \/><\/a><\/p>\n<h2>Warum ein IBC Container und Holz sich perfekt erg\u00e4nzen<\/h2>\n<p style=\"text-align: justify;\">IBCs bestehen zum gr\u00f6\u00dften Teil aus Kunststoff und Metall. Diese beiden Materialien empfinden wir Menschen in der Regel als kalt \u2013 erst recht, wenn sie in einer relativ strengen Anordnung miteinander kombiniert worden sind. Holz hingegen wird ganz allgemein als warm und positiv wahrgenommen. Kein Wunder: Es handelt sich um einen nat\u00fcrlichen Werkstoff, der im wahrsten Sinne des Wortes direkt aus der Natur kommt. Stets schwingt dabei mit, dass sein Ursprung ein Baum bzw. ein Wald ist. Das scheint unmittelbar daf\u00fcr zu sorgen, dass wir selbst abstrakte Holzelemente als angenehmer und anheimelnder empfinden als Kunststoffe und Metalle. Ganz zu schweigen davon, dass es sich dabei auch noch um einen nachwachsenden Rohstoff handelt. F\u00fcr alle, die Wert auf Nachhaltigkeit und einen schonenden Umgang mit den nat\u00fcrlichen Ressourcen legen, spielt das nat\u00fcrlich eine gro\u00dfe Rolle. Es liegt folglich mehr als nur auf der Hand, IBC Container und Holz miteinander zu kombinieren. Die k\u00fchle Funktionalit\u00e4t des Containers wird auf diese Weise \u00fcberwunden, ohne dass dabei seine Leistungsf\u00e4higkeit leidet. Eine Holzverkleidung ist deshalb stets das Mittel der Wahl, um einen IBC aufzuh\u00fcbschen. Das Verkleiden l\u00e4sst sich zudem nicht nur leicht selbst bewerkstelligen, sondern er\u00f6ffnet auch jede Menge Spielr\u00e4ume f\u00fcr die eigene Kreativit\u00e4t und Individualit\u00e4t.<\/p>\n<figure id=\"attachment_3217\" aria-describedby=\"caption-attachment-3217\" style=\"width: 800px\" class=\"wp-caption aligncenter\"><img loading=\"lazy\" decoding=\"async\" class=\"wp-image-3217 size-full\" title=\"Holzlatten zur Verzierung eines IBCs\" src=\"https:\/\/www.rekubik.de\/magazin\/wp-content\/uploads\/2018\/12\/Holzlatten.jpg\" alt=\"Holzlatten zur Verzierung eines IBCs\" width=\"800\" height=\"443\" srcset=\"https:\/\/www.rekubik.de\/magazin\/wp-content\/uploads\/2018\/12\/Holzlatten.jpg 800w, https:\/\/www.rekubik.de\/magazin\/wp-content\/uploads\/2018\/12\/Holzlatten-300x166.jpg 300w, https:\/\/www.rekubik.de\/magazin\/wp-content\/uploads\/2018\/12\/Holzlatten-768x425.jpg 768w\" sizes=\"(max-width: 800px) 100vw, 800px\" \/><figcaption id=\"caption-attachment-3217\" class=\"wp-caption-text\">\u00a9 Tom Bayer \/ Fotolia.com<\/figcaption><\/figure>\n<h2>Einen IBC Container verkleiden: So funktioniert es ganz einfach<\/h2>\n<p style=\"text-align: justify;\">Eine Verkleidung dient stets dazu, etwas zu ver\u00e4ndern oder zu verstecken. Genau diese Aufgabe erf\u00fcllt eine Holzverkleidung auch bei IBCs. Um sie anbringen zu k\u00f6nnen, nutzt man die Gitterbox als eine Art Ger\u00fcst, an der sie befestigt werden kann. Damit das leichter geht, braucht es zun\u00e4chst einmal einige Vierkanth\u00f6lzer, die an allen vier Seiten der Box umlaufend oben und unten angeschraubt werden. An diese H\u00f6lzer oder Leisten k\u00f6nnen dann ganz simpel Nut- und Federbretter oder Holzplatten angeschraubt bzw. angenagelt werden. Die Bretter oder Platten l\u00e4sst man sich am besten im Baumarkt bereits auf die ben\u00f6tigten L\u00e4ngen zuschneiden. Das erspart einem jede Menge Arbeit. Wichtig daf\u00fcr sind nat\u00fcrlich die konkreten Ma\u00dfe. Ziel muss es sein, dass alle vier Seiten der Box komplett bedeckt sind. Die obere \u00d6ffnung wird mit einer ebenfalls genau zugeschnittenen Platte abgedeckt, aber nicht befestigt. Das erm\u00f6glicht den einfachen Zugang zur Tankblase bzw. zur Einf\u00fcll\u00f6ffnung. Au\u00dferdem muss an der Vorderseite eine kleine \u00d6ffnung f\u00fcr die <a href=\"https:\/\/www.rekubik.de\/ibc-zubehoer\/auslaufhahn\/\">Auslaufarmatur<\/a> geschaffen werden, schlie\u00dflich muss der Inhalt des Tanks auch nach der Verkleidung entnommen werden k\u00f6nnen. F\u00fcr welches Holz man sich entscheidet, h\u00e4ngt vom pers\u00f6nlichen Geschmack und dem eigenen Geldbeutel ab. Steht der Container im Freien muss die Verkleidung unbedingt mit einem Wetterschutz lackiert werden, um m\u00f6glichst lange Freude daran haben zu k\u00f6nnen. Soll ein Farbanstrich erfolgen, ist die Schutzlackierung erst anschlie\u00dfend aufzutragen.<\/p>\n<p><img loading=\"lazy\" decoding=\"async\" class=\"alignnone wp-image-3219 size-full\" title=\"MAUSER IBC Klappenhahn S80x6 (80mm) FKM\/VITON DN50 \" src=\"https:\/\/www.rekubik.de\/magazin\/wp-content\/uploads\/2018\/12\/IBC-MAUSER-Klappenhahn-S80x6-80mm.jpg\" alt=\"MAUSER IBC Klappenhahn S80x6 (80mm) FKM\/VITON DN50 \" width=\"375\" height=\"309\" srcset=\"https:\/\/www.rekubik.de\/magazin\/wp-content\/uploads\/2018\/12\/IBC-MAUSER-Klappenhahn-S80x6-80mm.jpg 375w, https:\/\/www.rekubik.de\/magazin\/wp-content\/uploads\/2018\/12\/IBC-MAUSER-Klappenhahn-S80x6-80mm-300x247.jpg 300w\" sizes=\"(max-width: 375px) 100vw, 375px\" \/>\u00a0<a href=\"https:\/\/www.rekubik.de\/ibc-zubehoer\/auslaufhahn\/ibc-klappenhahn-s100x8-100mm-etfe-dn80\"><img loading=\"lazy\" decoding=\"async\" class=\"alignnone wp-image-3220 size-full\" title=\"IBC Klappenhahn S100x8 (100mm) ETFE DN80 \" src=\"https:\/\/www.rekubik.de\/magazin\/wp-content\/uploads\/2018\/12\/IBC-Klappenhahn-S100x8.jpg\" alt=\"IBC Klappenhahn S100x8 (100mm) ETFE DN80 \" width=\"375\" height=\"313\" srcset=\"https:\/\/www.rekubik.de\/magazin\/wp-content\/uploads\/2018\/12\/IBC-Klappenhahn-S100x8.jpg 375w, https:\/\/www.rekubik.de\/magazin\/wp-content\/uploads\/2018\/12\/IBC-Klappenhahn-S100x8-300x250.jpg 300w\" sizes=\"(max-width: 375px) 100vw, 375px\" \/><\/a><\/p>\n<h2>Deko und mehr: Die Verkleidung kreativ gestalten<\/h2>\n<p style=\"text-align: justify;\">Ein IBC Container mit Holz wirkt nat\u00fcrlich schon allein durch das Verkleiden viel freundlicher und angenehmer. Man kann allerdings noch einen Schritt weitergehen und noch die Verkleidung selbst gestalten. Daf\u00fcr bietet sich insbesondere ein bunter Anstrich an. Damit l\u00e4sst sich der Holzverkleidung nicht zuletzt auch eine sehr pers\u00f6nliche Note geben. Der Kreativit\u00e4t sind in dieser Hinsicht praktisch keine Grenzen gesetzt. \u00dcberaus reizvoll sind auch bestimmte \u00d6ffnungen, die mit einer Stichs\u00e4ge in die Verkleidung geschnitten werden. Unz\u00e4hlige Formen bieten sich hier an \u2013 Kreise, Dreiecke, Herzen, Sterne \u2013 um nur ein paar zu nennen. Das Schneiden muss dabei allerdings erfolgen, bevor die Bretter oder Platten befestigt werden, weil sonst die gro\u00dfe Gefahr besteht, die Tankblase zu besch\u00e4digen. Au\u00dferdem sollten die \u00d6ffnungen nicht zu gro\u00df ausfallen, da anderenfalls zu viel vom Innenleben sichtbar werden w\u00fcrde. Will man das Ganze noch zus\u00e4tzlich mit einem Kick versehen, malt man die sichtbaren Hintergr\u00fcnde an. F\u00fcr ein Herz bietet sich da etwa die Farbe rot, die direkt auf die Tankblase aufgebracht werden kann, f\u00f6rmlich an. Auf diese Weise lassen sich zus\u00e4tzlich sehr reizvolle Effekte erzielen. Die verwendeten Farben sollten \u00fcbrigens grunds\u00e4tzlich umweltvertr\u00e4glich und l\u00f6sungsmittelfrei sein. Der Deckel aus Holz eignet sich zudem daf\u00fcr, dort Pflanzgef\u00e4\u00dfe samt Inhalt aufzustellen. Besonders rankende Pflanzen wie etwa Efeu, die dann von oben herab den gesamten IBC umwuchern machen da m\u00e4chtig Eindruck und unterstreichen die gew\u00fcnschte N\u00e4he zur Natur. Einziger Nachteil: Muss der Deckel abgenommen werden, m\u00fcssen vorab stets die Pflanzen entfernt werden.<\/p>\n<figure id=\"attachment_3222\" aria-describedby=\"caption-attachment-3222\" style=\"width: 800px\" class=\"wp-caption aligncenter\"><img loading=\"lazy\" decoding=\"async\" class=\"wp-image-3222 size-full\" title=\"Mit Efeu bewachsen sieht der in Holz gekleidete IBC wundersch\u00f6n aus\" src=\"https:\/\/www.rekubik.de\/magazin\/wp-content\/uploads\/2018\/12\/Efeu.jpg\" alt=\"Mit Efeu bewachsen sieht der in Holz gekleidete IBC wundersch\u00f6n aus\" width=\"800\" height=\"517\" srcset=\"https:\/\/www.rekubik.de\/magazin\/wp-content\/uploads\/2018\/12\/Efeu.jpg 800w, https:\/\/www.rekubik.de\/magazin\/wp-content\/uploads\/2018\/12\/Efeu-300x194.jpg 300w, https:\/\/www.rekubik.de\/magazin\/wp-content\/uploads\/2018\/12\/Efeu-768x496.jpg 768w\" sizes=\"(max-width: 800px) 100vw, 800px\" \/><figcaption id=\"caption-attachment-3222\" class=\"wp-caption-text\">\u00a9 Sunnydays \/ Fotolia.com<\/figcaption><\/figure>\n<h2>IBC Container und Holz gehen auch drinnen eine kongeniale Verbindung ein<\/h2>\n<p style=\"text-align: justify;\">Die Zeiten, in denen IBCs ausschlie\u00dflich als Tanks verwendet wurden, sind l\u00e4ngst vorbei. Mittlerweile kommen sie auch bei der Raumgestaltung oder als M\u00f6bel zum Einsatz. So lassen sich aus mehreren Containern ganz leicht perfekte Raumteiler bauen. Auch als <a href=\"https:\/\/www.rekubik.de\/ibc-container\/led-kubik\/\">LED-beleuchtete Stehtische<\/a> sind sie ganz wunderbar geeignet. Es versteht sich beinahe von selbst, dass auch hier die Kombination mit Holz f\u00fcr eine deutliche Aufwertung der Konstruktion sorgt. Das Verkleiden erfolgt dabei analog zur Verkleidung eines Tanks. In Sachen Gestaltung kann man sich dann nach Herzenslust austoben. So gewinnt beispielsweise ein Raumteiler aus vier aneinandergestellten IBCs enorm, wenn er mit zur \u00fcbrigen Einrichtung passenden Farben bemalt oder mit bestimmten Gestaltungselementen versehen worden ist. Eine durchgehend massive Holzplatte als oberer Abschluss kann zudem als eine Art Theke dienen \u2013 oder als der ideale Platz, um dort Vasen, Pflanzen und andere Deko-Gegenst\u00e4nde aufstellen zu k\u00f6nnen. Und weil sich IBCs auch noch problemlos stapeln lassen, k\u00f6nnen damit sogar komplette W\u00e4nde geschaffen werden. Kurzum: Ein IBC Container und Holz sind stets eine gute Verbindung. Mit dieser Kombination l\u00e4sst sich jede Menge Wohlf\u00fchlatmosph\u00e4re schaffen, ohne dass die Vorz\u00fcge des IBCs verloren gehen \u2013 und zwar drinnen wie drau\u00dfen.<\/p>\n","protected":false},"excerpt":{"rendered":"<p>\u00ab So wird aus dem Industrie-Tank ein nat\u00fcrlich sch\u00f6nes Deko-Element im Garten \u00bb Intermediate Bulk Container gelten ihres funktionalen Industriedesigns wegen nicht unbedingt als sch\u00f6n. Das st\u00f6rt viele Menschen, die sie als praktische Wassertanks im ansonsten idyllischen Garten nutzen. Zum Gl\u00fcck l\u00e4sst sich ein IBC ganz wunderbar aufh\u00fcbschen und beispielsweise mit Holz verkleiden. Wie man &hellip;<\/p>\n","protected":false},"author":1,"featured_media":3213,"comment_status":"closed","ping_status":"open","sticky":false,"template":"","format":"standard","meta":{"footnotes":""},"categories":[3],"tags":[47,9,205,395],"class_list":["post-3211","post","type-post","status-publish","format-standard","has-post-thumbnail","","category-ibc-kreativ","tag-garten","tag-gartenbewaesserung","tag-ibc-container","tag-ibc-container-mit-holz-verkleiden"],"yoast_head":"<!-- This site is optimized with the Yoast SEO plugin v23.5 - https:\/\/yoast.com\/wordpress\/plugins\/seo\/ -->\n<title>IBC Container mit Holz verkleiden - REKUBIK\u00ae Magazin<\/title>\n<meta name=\"description\" content=\"Das Rekubik Magazin zeigt, wie Sie IBC Container mit Holz verkleiden: Vom Wassertank zum Deko-Element im Garten \u2714 IBC Versch\u00f6nern \u2714\" \/>\n<meta name=\"robots\" content=\"index, follow, max-snippet:-1, max-image-preview:large, max-video-preview:-1\" \/>\n<link rel=\"canonical\" href=\"https:\/\/www.rekubik.de\/magazin\/ibc-container-mit-holz-verkleiden\/\" \/>\n<meta property=\"og:locale\" content=\"de_DE\" \/>\n<meta property=\"og:type\" content=\"article\" \/>\n<meta property=\"og:title\" content=\"IBC Container mit Holz verkleiden - REKUBIK\u00ae Magazin\" \/>\n<meta property=\"og:description\" content=\"Das Rekubik Magazin zeigt, wie Sie IBC Container mit Holz verkleiden: Vom Wassertank zum Deko-Element im Garten \u2714 IBC Versch\u00f6nern \u2714\" \/>\n<meta property=\"og:url\" content=\"https:\/\/www.rekubik.de\/magazin\/ibc-container-mit-holz-verkleiden\/\" \/>\n<meta property=\"og:site_name\" content=\"REKUBIK\u00ae Magazin\" \/>\n<meta property=\"article:published_time\" content=\"2018-12-19T12:30:32+00:00\" \/>\n<meta property=\"article:modified_time\" content=\"2024-10-01T12:28:50+00:00\" \/>\n<meta property=\"og:image\" content=\"https:\/\/www.rekubik.de\/magazin\/wp-content\/uploads\/2018\/12\/IBC-1.jpg\" \/>\n\t<meta property=\"og:image:width\" content=\"800\" \/>\n\t<meta property=\"og:image:height\" content=\"453\" \/>\n\t<meta property=\"og:image:type\" content=\"image\/jpeg\" \/>\n<meta name=\"author\" content=\"admin\" \/>\n<meta name=\"twitter:card\" content=\"summary_large_image\" \/>\n<meta name=\"twitter:label1\" content=\"Geschrieben von\" \/>\n\t<meta name=\"twitter:data1\" content=\"admin\" \/>\n\t<meta name=\"twitter:label2\" content=\"Gesch\u00e4tzte Lesezeit\" \/>\n\t<meta name=\"twitter:data2\" content=\"6\u00a0Minuten\" \/>\n<script type=\"application\/ld+json\" class=\"yoast-schema-graph\">{\"@context\":\"https:\/\/schema.org\",\"@graph\":[{\"@type\":\"Article\",\"@id\":\"https:\/\/www.rekubik.de\/magazin\/ibc-container-mit-holz-verkleiden\/#article\",\"isPartOf\":{\"@id\":\"https:\/\/www.rekubik.de\/magazin\/ibc-container-mit-holz-verkleiden\/\"},\"author\":{\"name\":\"admin\",\"@id\":\"https:\/\/www.rekubik.de\/magazin\/#\/schema\/person\/d5faea021aac94edeeb8e47cf06771c7\"},\"headline\":\"IBC Container mit Holz verkleiden\",\"datePublished\":\"2018-12-19T12:30:32+00:00\",\"dateModified\":\"2024-10-01T12:28:50+00:00\",\"mainEntityOfPage\":{\"@id\":\"https:\/\/www.rekubik.de\/magazin\/ibc-container-mit-holz-verkleiden\/\"},\"wordCount\":1302,\"publisher\":{\"@id\":\"https:\/\/www.rekubik.de\/magazin\/#organization\"},\"image\":{\"@id\":\"https:\/\/www.rekubik.de\/magazin\/ibc-container-mit-holz-verkleiden\/#primaryimage\"},\"thumbnailUrl\":\"https:\/\/www.rekubik.de\/magazin\/wp-content\/uploads\/2018\/12\/IBC-1.jpg\",\"keywords\":[\"Garten\",\"Gartenbew\u00e4sserung\",\"IBC Container\",\"IBC Container mit Holz verkleiden\"],\"articleSection\":[\"IBC KREATIV\"],\"inLanguage\":\"de\"},{\"@type\":\"WebPage\",\"@id\":\"https:\/\/www.rekubik.de\/magazin\/ibc-container-mit-holz-verkleiden\/\",\"url\":\"https:\/\/www.rekubik.de\/magazin\/ibc-container-mit-holz-verkleiden\/\",\"name\":\"IBC Container mit Holz verkleiden - REKUBIK\u00ae Magazin\",\"isPartOf\":{\"@id\":\"https:\/\/www.rekubik.de\/magazin\/#website\"},\"primaryImageOfPage\":{\"@id\":\"https:\/\/www.rekubik.de\/magazin\/ibc-container-mit-holz-verkleiden\/#primaryimage\"},\"image\":{\"@id\":\"https:\/\/www.rekubik.de\/magazin\/ibc-container-mit-holz-verkleiden\/#primaryimage\"},\"thumbnailUrl\":\"https:\/\/www.rekubik.de\/magazin\/wp-content\/uploads\/2018\/12\/IBC-1.jpg\",\"datePublished\":\"2018-12-19T12:30:32+00:00\",\"dateModified\":\"2024-10-01T12:28:50+00:00\",\"description\":\"Das Rekubik Magazin zeigt, wie Sie IBC Container mit Holz verkleiden: Vom Wassertank zum Deko-Element im Garten \u2714 IBC Versch\u00f6nern \u2714\",\"breadcrumb\":{\"@id\":\"https:\/\/www.rekubik.de\/magazin\/ibc-container-mit-holz-verkleiden\/#breadcrumb\"},\"inLanguage\":\"de\",\"potentialAction\":[{\"@type\":\"ReadAction\",\"target\":[\"https:\/\/www.rekubik.de\/magazin\/ibc-container-mit-holz-verkleiden\/\"]}]},{\"@type\":\"ImageObject\",\"inLanguage\":\"de\",\"@id\":\"https:\/\/www.rekubik.de\/magazin\/ibc-container-mit-holz-verkleiden\/#primaryimage\",\"url\":\"https:\/\/www.rekubik.de\/magazin\/wp-content\/uploads\/2018\/12\/IBC-1.jpg\",\"contentUrl\":\"https:\/\/www.rekubik.de\/magazin\/wp-content\/uploads\/2018\/12\/IBC-1.jpg\",\"width\":800,\"height\":453,\"caption\":\"\u00a9 Animaflora PicsStock \/ Fotolia.com\"},{\"@type\":\"BreadcrumbList\",\"@id\":\"https:\/\/www.rekubik.de\/magazin\/ibc-container-mit-holz-verkleiden\/#breadcrumb\",\"itemListElement\":[{\"@type\":\"ListItem\",\"position\":1,\"name\":\"Home\",\"item\":\"https:\/\/www.rekubik.de\/magazin\/\"},{\"@type\":\"ListItem\",\"position\":2,\"name\":\"IBC Container mit Holz verkleiden\"}]},{\"@type\":\"WebSite\",\"@id\":\"https:\/\/www.rekubik.de\/magazin\/#website\",\"url\":\"https:\/\/www.rekubik.de\/magazin\/\",\"name\":\"REKUBIK\u00ae Magazin\",\"description\":\"\",\"publisher\":{\"@id\":\"https:\/\/www.rekubik.de\/magazin\/#organization\"},\"potentialAction\":[{\"@type\":\"SearchAction\",\"target\":{\"@type\":\"EntryPoint\",\"urlTemplate\":\"https:\/\/www.rekubik.de\/magazin\/?s={search_term_string}\"},\"query-input\":{\"@type\":\"PropertyValueSpecification\",\"valueRequired\":true,\"valueName\":\"search_term_string\"}}],\"inLanguage\":\"de\"},{\"@type\":\"Organization\",\"@id\":\"https:\/\/www.rekubik.de\/magazin\/#organization\",\"name\":\"Rekubik\",\"url\":\"https:\/\/www.rekubik.de\/magazin\/\",\"logo\":{\"@type\":\"ImageObject\",\"inLanguage\":\"de\",\"@id\":\"https:\/\/www.rekubik.de\/magazin\/#\/schema\/logo\/image\/\",\"url\":\"https:\/\/www.rekubik.de\/magazin\/wp-content\/uploads\/2017\/12\/rekubik-LOGO-Shopware.png\",\"contentUrl\":\"https:\/\/www.rekubik.de\/magazin\/wp-content\/uploads\/2017\/12\/rekubik-LOGO-Shopware.png\",\"width\":200,\"height\":50,\"caption\":\"Rekubik\"},\"image\":{\"@id\":\"https:\/\/www.rekubik.de\/magazin\/#\/schema\/logo\/image\/\"}},{\"@type\":\"Person\",\"@id\":\"https:\/\/www.rekubik.de\/magazin\/#\/schema\/person\/d5faea021aac94edeeb8e47cf06771c7\",\"name\":\"admin\",\"image\":{\"@type\":\"ImageObject\",\"inLanguage\":\"de\",\"@id\":\"https:\/\/www.rekubik.de\/magazin\/#\/schema\/person\/image\/\",\"url\":\"https:\/\/secure.gravatar.com\/avatar\/a794a4fe8a9b9c52241597eb381dfa2e?s=96&d=mm&r=g\",\"contentUrl\":\"https:\/\/secure.gravatar.com\/avatar\/a794a4fe8a9b9c52241597eb381dfa2e?s=96&d=mm&r=g\",\"caption\":\"admin\"}}]}<\/script>\n<!-- \/ Yoast SEO plugin. -->","yoast_head_json":{"title":"IBC Container mit Holz verkleiden - REKUBIK\u00ae Magazin","description":"Das Rekubik Magazin zeigt, wie Sie IBC Container mit Holz verkleiden: Vom Wassertank zum Deko-Element im Garten \u2714 IBC Versch\u00f6nern \u2714","robots":{"index":"index","follow":"follow","max-snippet":"max-snippet:-1","max-image-preview":"max-image-preview:large","max-video-preview":"max-video-preview:-1"},"canonical":"https:\/\/www.rekubik.de\/magazin\/ibc-container-mit-holz-verkleiden\/","og_locale":"de_DE","og_type":"article","og_title":"IBC Container mit Holz verkleiden - REKUBIK\u00ae Magazin","og_description":"Das Rekubik Magazin zeigt, wie Sie IBC Container mit Holz verkleiden: Vom Wassertank zum Deko-Element im Garten \u2714 IBC Versch\u00f6nern \u2714","og_url":"https:\/\/www.rekubik.de\/magazin\/ibc-container-mit-holz-verkleiden\/","og_site_name":"REKUBIK\u00ae Magazin","article_published_time":"2018-12-19T12:30:32+00:00","article_modified_time":"2024-10-01T12:28:50+00:00","og_image":[{"width":800,"height":453,"url":"https:\/\/www.rekubik.de\/magazin\/wp-content\/uploads\/2018\/12\/IBC-1.jpg","type":"image\/jpeg"}],"author":"admin","twitter_card":"summary_large_image","twitter_misc":{"Geschrieben von":"admin","Gesch\u00e4tzte Lesezeit":"6\u00a0Minuten"},"schema":{"@context":"https:\/\/schema.org","@graph":[{"@type":"Article","@id":"https:\/\/www.rekubik.de\/magazin\/ibc-container-mit-holz-verkleiden\/#article","isPartOf":{"@id":"https:\/\/www.rekubik.de\/magazin\/ibc-container-mit-holz-verkleiden\/"},"author":{"name":"admin","@id":"https:\/\/www.rekubik.de\/magazin\/#\/schema\/person\/d5faea021aac94edeeb8e47cf06771c7"},"headline":"IBC Container mit Holz verkleiden","datePublished":"2018-12-19T12:30:32+00:00","dateModified":"2024-10-01T12:28:50+00:00","mainEntityOfPage":{"@id":"https:\/\/www.rekubik.de\/magazin\/ibc-container-mit-holz-verkleiden\/"},"wordCount":1302,"publisher":{"@id":"https:\/\/www.rekubik.de\/magazin\/#organization"},"image":{"@id":"https:\/\/www.rekubik.de\/magazin\/ibc-container-mit-holz-verkleiden\/#primaryimage"},"thumbnailUrl":"https:\/\/www.rekubik.de\/magazin\/wp-content\/uploads\/2018\/12\/IBC-1.jpg","keywords":["Garten","Gartenbew\u00e4sserung","IBC Container","IBC Container mit Holz verkleiden"],"articleSection":["IBC KREATIV"],"inLanguage":"de"},{"@type":"WebPage","@id":"https:\/\/www.rekubik.de\/magazin\/ibc-container-mit-holz-verkleiden\/","url":"https:\/\/www.rekubik.de\/magazin\/ibc-container-mit-holz-verkleiden\/","name":"IBC Container mit Holz verkleiden - REKUBIK\u00ae Magazin","isPartOf":{"@id":"https:\/\/www.rekubik.de\/magazin\/#website"},"primaryImageOfPage":{"@id":"https:\/\/www.rekubik.de\/magazin\/ibc-container-mit-holz-verkleiden\/#primaryimage"},"image":{"@id":"https:\/\/www.rekubik.de\/magazin\/ibc-container-mit-holz-verkleiden\/#primaryimage"},"thumbnailUrl":"https:\/\/www.rekubik.de\/magazin\/wp-content\/uploads\/2018\/12\/IBC-1.jpg","datePublished":"2018-12-19T12:30:32+00:00","dateModified":"2024-10-01T12:28:50+00:00","description":"Das Rekubik Magazin zeigt, wie Sie IBC Container mit Holz verkleiden: Vom Wassertank zum Deko-Element im Garten \u2714 IBC Versch\u00f6nern \u2714","breadcrumb":{"@id":"https:\/\/www.rekubik.de\/magazin\/ibc-container-mit-holz-verkleiden\/#breadcrumb"},"inLanguage":"de","potentialAction":[{"@type":"ReadAction","target":["https:\/\/www.rekubik.de\/magazin\/ibc-container-mit-holz-verkleiden\/"]}]},{"@type":"ImageObject","inLanguage":"de","@id":"https:\/\/www.rekubik.de\/magazin\/ibc-container-mit-holz-verkleiden\/#primaryimage","url":"https:\/\/www.rekubik.de\/magazin\/wp-content\/uploads\/2018\/12\/IBC-1.jpg","contentUrl":"https:\/\/www.rekubik.de\/magazin\/wp-content\/uploads\/2018\/12\/IBC-1.jpg","width":800,"height":453,"caption":"\u00a9 Animaflora PicsStock \/ Fotolia.com"},{"@type":"BreadcrumbList","@id":"https:\/\/www.rekubik.de\/magazin\/ibc-container-mit-holz-verkleiden\/#breadcrumb","itemListElement":[{"@type":"ListItem","position":1,"name":"Home","item":"https:\/\/www.rekubik.de\/magazin\/"},{"@type":"ListItem","position":2,"name":"IBC Container mit Holz verkleiden"}]},{"@type":"WebSite","@id":"https:\/\/www.rekubik.de\/magazin\/#website","url":"https:\/\/www.rekubik.de\/magazin\/","name":"REKUBIK\u00ae Magazin","description":"","publisher":{"@id":"https:\/\/www.rekubik.de\/magazin\/#organization"},"potentialAction":[{"@type":"SearchAction","target":{"@type":"EntryPoint","urlTemplate":"https:\/\/www.rekubik.de\/magazin\/?s={search_term_string}"},"query-input":{"@type":"PropertyValueSpecification","valueRequired":true,"valueName":"search_term_string"}}],"inLanguage":"de"},{"@type":"Organization","@id":"https:\/\/www.rekubik.de\/magazin\/#organization","name":"Rekubik","url":"https:\/\/www.rekubik.de\/magazin\/","logo":{"@type":"ImageObject","inLanguage":"de","@id":"https:\/\/www.rekubik.de\/magazin\/#\/schema\/logo\/image\/","url":"https:\/\/www.rekubik.de\/magazin\/wp-content\/uploads\/2017\/12\/rekubik-LOGO-Shopware.png","contentUrl":"https:\/\/www.rekubik.de\/magazin\/wp-content\/uploads\/2017\/12\/rekubik-LOGO-Shopware.png","width":200,"height":50,"caption":"Rekubik"},"image":{"@id":"https:\/\/www.rekubik.de\/magazin\/#\/schema\/logo\/image\/"}},{"@type":"Person","@id":"https:\/\/www.rekubik.de\/magazin\/#\/schema\/person\/d5faea021aac94edeeb8e47cf06771c7","name":"admin","image":{"@type":"ImageObject","inLanguage":"de","@id":"https:\/\/www.rekubik.de\/magazin\/#\/schema\/person\/image\/","url":"https:\/\/secure.gravatar.com\/avatar\/a794a4fe8a9b9c52241597eb381dfa2e?s=96&d=mm&r=g","contentUrl":"https:\/\/secure.gravatar.com\/avatar\/a794a4fe8a9b9c52241597eb381dfa2e?s=96&d=mm&r=g","caption":"admin"}}]}},"_links":{"self":[{"href":"https:\/\/www.rekubik.de\/magazin\/wp-json\/wp\/v2\/posts\/3211"}],"collection":[{"href":"https:\/\/www.rekubik.de\/magazin\/wp-json\/wp\/v2\/posts"}],"about":[{"href":"https:\/\/www.rekubik.de\/magazin\/wp-json\/wp\/v2\/types\/post"}],"author":[{"embeddable":true,"href":"https:\/\/www.rekubik.de\/magazin\/wp-json\/wp\/v2\/users\/1"}],"replies":[{"embeddable":true,"href":"https:\/\/www.rekubik.de\/magazin\/wp-json\/wp\/v2\/comments?post=3211"}],"version-history":[{"count":15,"href":"https:\/\/www.rekubik.de\/magazin\/wp-json\/wp\/v2\/posts\/3211\/revisions"}],"predecessor-version":[{"id":21504,"href":"https:\/\/www.rekubik.de\/magazin\/wp-json\/wp\/v2\/posts\/3211\/revisions\/21504"}],"wp:featuredmedia":[{"embeddable":true,"href":"https:\/\/www.rekubik.de\/magazin\/wp-json\/wp\/v2\/media\/3213"}],"wp:attachment":[{"href":"https:\/\/www.rekubik.de\/magazin\/wp-json\/wp\/v2\/media?parent=3211"}],"wp:term":[{"taxonomy":"category","embeddable":true,"href":"https:\/\/www.rekubik.de\/magazin\/wp-json\/wp\/v2\/categories?post=3211"},{"taxonomy":"post_tag","embeddable":true,"href":"https:\/\/www.rekubik.de\/magazin\/wp-json\/wp\/v2\/tags?post=3211"}],"curies":[{"name":"wp","href":"https:\/\/api.w.org\/{rel}","templated":true}]}}