{"id":4088,"date":"2019-04-09T14:57:51","date_gmt":"2019-04-09T12:57:51","guid":{"rendered":"https:\/\/www.rekubik.de\/magazin\/?p=4088"},"modified":"2024-10-01T14:42:48","modified_gmt":"2024-10-01T12:42:48","slug":"der-ibc-beim-messebau","status":"publish","type":"post","link":"https:\/\/www.rekubik.de\/magazin\/der-ibc-beim-messebau\/","title":{"rendered":"Der IBC beim Messebau"},"content":{"rendered":"<h2>\u00ab Eindrucksvoller Auftritt auf jeder Messe \u00bb<\/h2>\n<p style=\"text-align: justify;\"><strong>Auch wenn der E-Commerce eine immer gr\u00f6\u00dfere Rolle spielt, erf\u00fcllen Messen nach wie vor eine wichtige Rolle f\u00fcr Unternehmen. Klar, dass in diesem Zusammenhang der Messeauftritt gelingen und sich von der Masse der Anbieter unterscheiden muss. Dies betrifft auch den Messebau. Eine raffinierte M\u00f6glichkeit ist da etwa ein Messetisch aus <\/strong><a href=\"https:\/\/www.rekubik.de\/ibc-container\/led-kubik\/\"><strong>beleuchteten IBC Containern<\/strong><\/a><strong>, die in unterschiedlichen Farben strahlen. Wie genau der IBC beim Messebau hilft und welche Vorteile er bringt, k\u00f6nnen Sie hier lesen.<\/strong><\/p>\n<h2>Kreativer Messebau<\/h2>\n<p style=\"text-align: justify;\">Ein Messeauftritt hat den gro\u00dfen Vorteil, Interessenten und potenziellen Kunden ganz nah zu kommen und direkt mit ihnen in Dialog zu treten. Damit dies wirklich gelingt, sollte man sich aber etwas \u00fcberlegen, um aus der Masse der Anbieter hervorzustechen. Und vor allem bedarf es den passenden Messestand. Messetisch oder Messetheke m\u00fcssen dabei nicht einmal \u00fcberm\u00e4\u00dfig teuer sein. Beides l\u00e4sst sich mit Hilfe eines <a href=\"https:\/\/www.rekubik.de\/ibc-container\/\">IBC Containers<\/a> errichten. Zum absoluten Hingucker wird der IBC beim Messebau au\u00dferdem, wenn der Kunststofftank auch noch \u00fcber eine <a href=\"https:\/\/www.rekubik.de\/ibc-zubehoer\/led-beleuchtung\/\">LED-Beleuchtung speziell f\u00fcr Intermediate Bulk Container<\/a> in verschiedenen, wechselnden Farben verf\u00fcgen. Mit einer Platte dar\u00fcber, fungiert der Tank problemlos als Stehtisch oder Theke. Jede Wette, dass sich damit Messebesucher mehr als nur beeindrucken lassen.<\/p>\n<p><a href=\"https:\/\/www.rekubik.de\/ibc-container\/led-kubik\/1000l-ibc-led-kubik-stehtisch-auf-pe-palette\"><img loading=\"lazy\" decoding=\"async\" class=\"aligncenter wp-image-4091 size-full\" title=\"1000l LED Kubik\u00ae Stehtisch, EEK: A (von A+++ bis D) RGB\" src=\"https:\/\/www.rekubik.de\/magazin\/wp-content\/uploads\/2019\/04\/1000l-LED-Kubik\u00ae-Stehtisch-EEK-A-von-A-bis-D-RGB-1.jpg\" alt=\"1000l LED Kubik\u00ae Stehtisch, EEK: A (von A+++ bis D) RGB\" width=\"600\" height=\"471\" srcset=\"https:\/\/www.rekubik.de\/magazin\/wp-content\/uploads\/2019\/04\/1000l-LED-Kubik\u00ae-Stehtisch-EEK-A-von-A-bis-D-RGB-1.jpg 600w, https:\/\/www.rekubik.de\/magazin\/wp-content\/uploads\/2019\/04\/1000l-LED-Kubik\u00ae-Stehtisch-EEK-A-von-A-bis-D-RGB-1-300x236.jpg 300w\" sizes=\"(max-width: 600px) 100vw, 600px\" \/><\/a><\/p>\n<h2>Die LED-Technik macht es m\u00f6glich: der beleuchtete Messetisch f\u00fcr den Messeauftritt<\/h2>\n<p style=\"text-align: justify;\">IBC Beh\u00e4lter sind im typischen Industriedesign gehalten. Sie machen optisch an sich wenig her und wirken auch nicht unbedingt einladend. Gerade das macht aber auch einen ganz besonderen Reiz aus, wenn man den IBC beim Messebau nutzt. Die Tanks sind in diesem Umfeld ungew\u00f6hnlich, sogar unerwartet. Sie sind schlicht, aber dennoch raffiniert. Und noch sch\u00f6ner wirkt das Ganze, wenn die Tankblasen auch noch von innen beleuchtet werden. Die moderne LED-Technik macht es problemlos m\u00f6glich. In jeden einzelnen Tank l\u00e4sst sich n\u00e4mlich eine spezielle Leuchteinheit einsetzen, die dann in unterschiedlichen Farben erstrahlt. Sie deckt dabei die Seitenfl\u00e4chen komplett ab. Zudem kann die Einheit so programmiert werden, dass die Farben in einem bestimmten Rhythmus wechseln. Es d\u00fcrfte wohl auf der Hand liegen, dass sich damit Blicke und Interessenten geradezu magisch anziehen lassen. Da es beim Messebau immer darauf ankommt, m\u00f6glichst viele Sinne anzusprechen und die Blicke auf sich zu ziehen, stellen solche Leuchteffekte eine echte Hilfe beim Messeauftritt dar.<\/p>\n<p style=\"text-align: justify;\">Wer die Leuchteinheiten nicht selbst einbauen m\u00f6chte, kann f\u00fcr seinen Messebau \u00fcbrigens auf Tanks zur\u00fcckgreifen, die bereits damit ausgestattet sind. Sie sind unter der Bezeichnung LED Kubik zu haben. Ein derart gestalteter Messetisch sorgt zwangsl\u00e4ufig f\u00fcr eine entspannte Atmosph\u00e4re. Man braucht daf\u00fcr lediglich noch eine oder mehrere Tischplatten f\u00fcr IBC Container \u2013 am besten aus Holz \u2013 und nat\u00fcrlich einen Stromanschluss.<\/p>\n<figure id=\"attachment_4094\" aria-describedby=\"caption-attachment-4094\" style=\"width: 800px\" class=\"wp-caption aligncenter\"><img loading=\"lazy\" decoding=\"async\" class=\"wp-image-4094 size-full\" title=\"Bei einer Messe sollte man stets hervorstechen\" src=\"https:\/\/www.rekubik.de\/magazin\/wp-content\/uploads\/2019\/04\/Messestand.jpg\" alt=\"Bei einer Messe sollte man stets hervorstechen\" width=\"800\" height=\"453\" srcset=\"https:\/\/www.rekubik.de\/magazin\/wp-content\/uploads\/2019\/04\/Messestand.jpg 800w, https:\/\/www.rekubik.de\/magazin\/wp-content\/uploads\/2019\/04\/Messestand-300x170.jpg 300w, https:\/\/www.rekubik.de\/magazin\/wp-content\/uploads\/2019\/04\/Messestand-768x435.jpg 768w\" sizes=\"(max-width: 800px) 100vw, 800px\" \/><figcaption id=\"caption-attachment-4094\" class=\"wp-caption-text\">\u00a9 tostphoto &#8211; stock.adobe.com<\/figcaption><\/figure>\n<h2>Ganze Tischlandschaften gestalten<\/h2>\n<p style=\"text-align: justify;\">Ein IBC ist im Messebau immer gut, mehrere Container sind stets besser. Mit den Kunststofftanks lassen sich n\u00e4mlich zahlreiche kreative Ideen umsetzen. So kann daraus beispielsweise nicht nur ein einziger Messetisch geschaffen werden, sondern eine ganze Landschaft mit Tischen. Dar\u00fcber hinaus sind auch verschiedene Formen wie etwa eine L-Form oder die U-Form m\u00f6glich. Denkbar ist f\u00fcr den IBC Messebau auch, einen Haupttisch mit Stehtischen zu kombinieren, an denen dann vertiefte Kundengespr\u00e4che stattfinden k\u00f6nnen. Oder reihen Sie mehrere Intermediate Bulk Container aneinander, um eine Messetheke zu bauen.<\/p>\n<p style=\"text-align: justify;\">Und wer noch einen dazu passenden Hintergrund f\u00fcr seinen Messeauftritt sucht, kann aus den Containern auch eine faszinierende Leuchtwand schaffen. Drei Container \u00fcbereinander zu stapeln ist \u00fcberhaupt kein Problem. Kurzum: Der beleuchtete IBC bietet ungeahnte M\u00f6glichkeiten, sich auf einer Messe kreativ auszutoben und den Messebau ganz besonders zu gestalten. Daf\u00fcr ist noch nicht einmal besonders viel Platz erforderlich. Ein Messetisch oder eine Leuchtwand lassen sich auch auf kleinstem Raum realisieren. Und man ben\u00f6tigt als Unternehmen daf\u00fcr auch keine teuren Messebau-Profis, da die Gestaltung des Messestands mit den Intermediate Bulk Containern ganz einfach vonstattengeht. Au\u00dferdem: Ein LED Kubik l\u00e4sst sich immer und immer wieder verwenden \u2013 zum Beispiel f\u00fcr die n\u00e4chste Firmenfeier oder die n\u00e4chste gro\u00dfe Produktpr\u00e4sentation.<\/p>\n<p><img loading=\"lazy\" decoding=\"async\" class=\"aligncenter wp-image-4072 size-full\" title=\"Reihen oder W\u00e4nde aus IBC Containern sind eindrucksvoll und kreativ\" src=\"https:\/\/www.rekubik.de\/magazin\/wp-content\/uploads\/2019\/04\/LED.jpg\" alt=\"Reihen oder W\u00e4nde aus IBC Containern sind eindrucksvoll und kreativ\" width=\"850\" height=\"567\" srcset=\"https:\/\/www.rekubik.de\/magazin\/wp-content\/uploads\/2019\/04\/LED.jpg 850w, https:\/\/www.rekubik.de\/magazin\/wp-content\/uploads\/2019\/04\/LED-300x200.jpg 300w, https:\/\/www.rekubik.de\/magazin\/wp-content\/uploads\/2019\/04\/LED-768x512.jpg 768w\" sizes=\"(max-width: 850px) 100vw, 850px\" \/><\/p>\n<h2>IBC Messebau ist praktisch und eindrucksvoll<\/h2>\n<p style=\"text-align: justify;\">Die Beleuchtung der Tankblase macht garantiert Eindruck beim Messebau. Sie wirkt dar\u00fcber hinaus auch sehr elegant und edel. Au\u00dferdem vermittelt sie sehr geradlinig den Eindruck, dass hier ein Unternehmen am Werk ist, das ganz locker auch mal ungew\u00f6hnliche Wege geht und ungemein einfallsreich sein kann. Die Idee \u00fcberzeugt allerdings nicht nur unter \u00e4sthetischen Gesichtspunkten. Ein derartiger Messeauftritt ist zuletzt praktisch. Die IBC Container lassen sich beispielsweise relativ leicht transportieren. Auch die Reinigung ist dank der glatten Oberfl\u00e4chen kein Problem. Schlie\u00dflich bieten vor allem ihre Gitterboxen jede Menge an M\u00f6glichkeiten, um daran weitere Dekorationselemente wie Blumen, Gr\u00fcnpflanzen, Girlanden oder \u00e4hnliche Dekoartikel zu befestigen. Der Auftritt auf der Messe l\u00e4sst sich so h\u00f6chst individuell gestalten. Er bekommt unweigerlich eine sehr pers\u00f6nliche Note, in der sich dann auch die Werte und St\u00e4rken des Unternehmens widerspiegeln. Weiterer wesentlicher Vorteil, wenn man einen IBC beim Messebau nutzt: Ein derartiger Messeauftritt l\u00e4sst sich ungemein schnell realisieren. Mehrt\u00e4gige Aufbauarbeiten des Messestands sind daf\u00fcr definitiv nicht notwendig.<\/p>\n<p><img loading=\"lazy\" decoding=\"async\" class=\"aligncenter wp-image-4098\" title=\"Tischplatte f\u00fcr IBC Container als Stehtisch\" src=\"https:\/\/www.rekubik.de\/magazin\/wp-content\/uploads\/2019\/04\/Tischplatte-f\u00fcr-IBC-Container-als-Stehtisch_.jpg\" alt=\"Tischplatte f\u00fcr IBC Container als Stehtisch\" width=\"632\" height=\"158\" srcset=\"https:\/\/www.rekubik.de\/magazin\/wp-content\/uploads\/2019\/04\/Tischplatte-f\u00fcr-IBC-Container-als-Stehtisch_.jpg 700w, https:\/\/www.rekubik.de\/magazin\/wp-content\/uploads\/2019\/04\/Tischplatte-f\u00fcr-IBC-Container-als-Stehtisch_-300x75.jpg 300w\" sizes=\"(max-width: 632px) 100vw, 632px\" \/><\/p>\n<h2>Was es zu beachten gilt \u2013 \u201eIlluminierte Industriem\u00f6bel\u201c<\/h2>\n<p style=\"text-align: justify;\">Nat\u00fcrlichen spielt in diesem Zusammenhang die Sicherheit immer eine gro\u00dfe Rolle. Auch hier muss man sich allerdings keine gro\u00dfen Sorgen machen. IBC Beh\u00e4lter zeichnen sich nicht zuletzt durch eine gro\u00dfe Standfestigkeit aus. Auch eine Container-Wand ist in der Regel \u00e4u\u00dferst stabil. Die besondere Konstruktion macht das m\u00f6glich. Allerdings muss mit der Messeleitung abgekl\u00e4rt werden, wie hoch man sie bauen darf. Dar\u00fcber hinaus empfiehlt es sich auch, die Leucht-Tanks so zu platzieren, dass sie auf der Messe auch wirklich zur Geltung kommen. Es gilt: Ein eher dunkler Platz l\u00e4sst sie und den Messetisch erst so richtig erstrahlen. Ein bisschen Planung f\u00fcr den IBC Messebau f\u00e4llt also genauso an wie beim herk\u00f6mmlichen Messestand.<\/p>\n","protected":false},"excerpt":{"rendered":"<p>\u00ab Eindrucksvoller Auftritt auf jeder Messe \u00bb Auch wenn der E-Commerce eine immer gr\u00f6\u00dfere Rolle spielt, erf\u00fcllen Messen nach wie vor eine wichtige Rolle f\u00fcr Unternehmen. Klar, dass in diesem Zusammenhang der Messeauftritt gelingen und sich von der Masse der Anbieter unterscheiden muss. Dies betrifft auch den Messebau. Eine raffinierte M\u00f6glichkeit ist da etwa ein &hellip;<\/p>\n","protected":false},"author":1,"featured_media":4090,"comment_status":"closed","ping_status":"open","sticky":false,"template":"","format":"standard","meta":{"footnotes":""},"categories":[3],"tags":[168,482,7,486,188,484,483,485],"class_list":["post-4088","post","type-post","status-publish","format-standard","has-post-thumbnail","","category-ibc-kreativ","tag-dekoration","tag-der-ibc-als-messetisch","tag-ibc","tag-ibc-tische","tag-led-kubik","tag-messe","tag-messetisch","tag-messezubehoer"],"yoast_head":"<!-- This site is optimized with the Yoast SEO plugin v23.5 - https:\/\/yoast.com\/wordpress\/plugins\/seo\/ -->\n<title>Der IBC beim Messebau - REKUBIK\u00ae Magazin<\/title>\n<meta name=\"description\" content=\"IBC Messebau: flexibel, praktisch und ansprechend \u2714 Tipps f\u00fcr den gelungenen Messetisch aus Kunststofftanks | REKUBIK\" \/>\n<meta name=\"robots\" content=\"index, follow, max-snippet:-1, max-image-preview:large, max-video-preview:-1\" \/>\n<link rel=\"canonical\" href=\"https:\/\/www.rekubik.de\/magazin\/der-ibc-beim-messebau\/\" \/>\n<meta property=\"og:locale\" content=\"de_DE\" \/>\n<meta property=\"og:type\" content=\"article\" \/>\n<meta property=\"og:title\" content=\"Der IBC beim Messebau - REKUBIK\u00ae Magazin\" \/>\n<meta property=\"og:description\" content=\"IBC Messebau: flexibel, praktisch und ansprechend \u2714 Tipps f\u00fcr den gelungenen Messetisch aus Kunststofftanks | REKUBIK\" \/>\n<meta property=\"og:url\" content=\"https:\/\/www.rekubik.de\/magazin\/der-ibc-beim-messebau\/\" \/>\n<meta property=\"og:site_name\" content=\"REKUBIK\u00ae Magazin\" \/>\n<meta property=\"article:published_time\" content=\"2019-04-09T12:57:51+00:00\" \/>\n<meta property=\"article:modified_time\" content=\"2024-10-01T12:42:48+00:00\" \/>\n<meta property=\"og:image\" content=\"https:\/\/www.rekubik.de\/magazin\/wp-content\/uploads\/2019\/04\/Messe.jpg\" \/>\n\t<meta property=\"og:image:width\" content=\"800\" \/>\n\t<meta property=\"og:image:height\" content=\"444\" \/>\n\t<meta property=\"og:image:type\" content=\"image\/jpeg\" \/>\n<meta name=\"author\" content=\"admin\" \/>\n<meta name=\"twitter:card\" content=\"summary_large_image\" \/>\n<meta name=\"twitter:label1\" content=\"Geschrieben von\" \/>\n\t<meta name=\"twitter:data1\" content=\"admin\" \/>\n\t<meta name=\"twitter:label2\" content=\"Gesch\u00e4tzte Lesezeit\" \/>\n\t<meta name=\"twitter:data2\" content=\"6\u00a0Minuten\" \/>\n<script type=\"application\/ld+json\" class=\"yoast-schema-graph\">{\"@context\":\"https:\/\/schema.org\",\"@graph\":[{\"@type\":\"Article\",\"@id\":\"https:\/\/www.rekubik.de\/magazin\/der-ibc-beim-messebau\/#article\",\"isPartOf\":{\"@id\":\"https:\/\/www.rekubik.de\/magazin\/der-ibc-beim-messebau\/\"},\"author\":{\"name\":\"admin\",\"@id\":\"https:\/\/www.rekubik.de\/magazin\/#\/schema\/person\/d5faea021aac94edeeb8e47cf06771c7\"},\"headline\":\"Der IBC beim Messebau\",\"datePublished\":\"2019-04-09T12:57:51+00:00\",\"dateModified\":\"2024-10-01T12:42:48+00:00\",\"mainEntityOfPage\":{\"@id\":\"https:\/\/www.rekubik.de\/magazin\/der-ibc-beim-messebau\/\"},\"wordCount\":1006,\"publisher\":{\"@id\":\"https:\/\/www.rekubik.de\/magazin\/#organization\"},\"image\":{\"@id\":\"https:\/\/www.rekubik.de\/magazin\/der-ibc-beim-messebau\/#primaryimage\"},\"thumbnailUrl\":\"https:\/\/www.rekubik.de\/magazin\/wp-content\/uploads\/2019\/04\/Messe.jpg\",\"keywords\":[\"Dekoration\",\"Der IBC als Messetisch\",\"IBC\",\"IBC Tische\",\"LED Kubik\",\"Messe\",\"Messetisch\",\"Messezubeh\u00f6r\"],\"articleSection\":[\"IBC KREATIV\"],\"inLanguage\":\"de\"},{\"@type\":\"WebPage\",\"@id\":\"https:\/\/www.rekubik.de\/magazin\/der-ibc-beim-messebau\/\",\"url\":\"https:\/\/www.rekubik.de\/magazin\/der-ibc-beim-messebau\/\",\"name\":\"Der IBC beim Messebau - REKUBIK\u00ae Magazin\",\"isPartOf\":{\"@id\":\"https:\/\/www.rekubik.de\/magazin\/#website\"},\"primaryImageOfPage\":{\"@id\":\"https:\/\/www.rekubik.de\/magazin\/der-ibc-beim-messebau\/#primaryimage\"},\"image\":{\"@id\":\"https:\/\/www.rekubik.de\/magazin\/der-ibc-beim-messebau\/#primaryimage\"},\"thumbnailUrl\":\"https:\/\/www.rekubik.de\/magazin\/wp-content\/uploads\/2019\/04\/Messe.jpg\",\"datePublished\":\"2019-04-09T12:57:51+00:00\",\"dateModified\":\"2024-10-01T12:42:48+00:00\",\"description\":\"IBC Messebau: flexibel, praktisch und ansprechend \u2714 Tipps f\u00fcr den gelungenen Messetisch aus Kunststofftanks | REKUBIK\",\"breadcrumb\":{\"@id\":\"https:\/\/www.rekubik.de\/magazin\/der-ibc-beim-messebau\/#breadcrumb\"},\"inLanguage\":\"de\",\"potentialAction\":[{\"@type\":\"ReadAction\",\"target\":[\"https:\/\/www.rekubik.de\/magazin\/der-ibc-beim-messebau\/\"]}]},{\"@type\":\"ImageObject\",\"inLanguage\":\"de\",\"@id\":\"https:\/\/www.rekubik.de\/magazin\/der-ibc-beim-messebau\/#primaryimage\",\"url\":\"https:\/\/www.rekubik.de\/magazin\/wp-content\/uploads\/2019\/04\/Messe.jpg\",\"contentUrl\":\"https:\/\/www.rekubik.de\/magazin\/wp-content\/uploads\/2019\/04\/Messe.jpg\",\"width\":800,\"height\":444,\"caption\":\"\u00a9 Aamon - stock.adobe.com\"},{\"@type\":\"BreadcrumbList\",\"@id\":\"https:\/\/www.rekubik.de\/magazin\/der-ibc-beim-messebau\/#breadcrumb\",\"itemListElement\":[{\"@type\":\"ListItem\",\"position\":1,\"name\":\"Home\",\"item\":\"https:\/\/www.rekubik.de\/magazin\/\"},{\"@type\":\"ListItem\",\"position\":2,\"name\":\"Der IBC beim Messebau\"}]},{\"@type\":\"WebSite\",\"@id\":\"https:\/\/www.rekubik.de\/magazin\/#website\",\"url\":\"https:\/\/www.rekubik.de\/magazin\/\",\"name\":\"REKUBIK\u00ae Magazin\",\"description\":\"\",\"publisher\":{\"@id\":\"https:\/\/www.rekubik.de\/magazin\/#organization\"},\"potentialAction\":[{\"@type\":\"SearchAction\",\"target\":{\"@type\":\"EntryPoint\",\"urlTemplate\":\"https:\/\/www.rekubik.de\/magazin\/?s={search_term_string}\"},\"query-input\":{\"@type\":\"PropertyValueSpecification\",\"valueRequired\":true,\"valueName\":\"search_term_string\"}}],\"inLanguage\":\"de\"},{\"@type\":\"Organization\",\"@id\":\"https:\/\/www.rekubik.de\/magazin\/#organization\",\"name\":\"Rekubik\",\"url\":\"https:\/\/www.rekubik.de\/magazin\/\",\"logo\":{\"@type\":\"ImageObject\",\"inLanguage\":\"de\",\"@id\":\"https:\/\/www.rekubik.de\/magazin\/#\/schema\/logo\/image\/\",\"url\":\"https:\/\/www.rekubik.de\/magazin\/wp-content\/uploads\/2017\/12\/rekubik-LOGO-Shopware.png\",\"contentUrl\":\"https:\/\/www.rekubik.de\/magazin\/wp-content\/uploads\/2017\/12\/rekubik-LOGO-Shopware.png\",\"width\":200,\"height\":50,\"caption\":\"Rekubik\"},\"image\":{\"@id\":\"https:\/\/www.rekubik.de\/magazin\/#\/schema\/logo\/image\/\"}},{\"@type\":\"Person\",\"@id\":\"https:\/\/www.rekubik.de\/magazin\/#\/schema\/person\/d5faea021aac94edeeb8e47cf06771c7\",\"name\":\"admin\",\"image\":{\"@type\":\"ImageObject\",\"inLanguage\":\"de\",\"@id\":\"https:\/\/www.rekubik.de\/magazin\/#\/schema\/person\/image\/\",\"url\":\"https:\/\/secure.gravatar.com\/avatar\/a794a4fe8a9b9c52241597eb381dfa2e?s=96&d=mm&r=g\",\"contentUrl\":\"https:\/\/secure.gravatar.com\/avatar\/a794a4fe8a9b9c52241597eb381dfa2e?s=96&d=mm&r=g\",\"caption\":\"admin\"}}]}<\/script>\n<!-- \/ Yoast SEO plugin. -->","yoast_head_json":{"title":"Der IBC beim Messebau - REKUBIK\u00ae Magazin","description":"IBC Messebau: flexibel, praktisch und ansprechend \u2714 Tipps f\u00fcr den gelungenen Messetisch aus Kunststofftanks | REKUBIK","robots":{"index":"index","follow":"follow","max-snippet":"max-snippet:-1","max-image-preview":"max-image-preview:large","max-video-preview":"max-video-preview:-1"},"canonical":"https:\/\/www.rekubik.de\/magazin\/der-ibc-beim-messebau\/","og_locale":"de_DE","og_type":"article","og_title":"Der IBC beim Messebau - REKUBIK\u00ae Magazin","og_description":"IBC Messebau: flexibel, praktisch und ansprechend \u2714 Tipps f\u00fcr den gelungenen Messetisch aus Kunststofftanks | REKUBIK","og_url":"https:\/\/www.rekubik.de\/magazin\/der-ibc-beim-messebau\/","og_site_name":"REKUBIK\u00ae Magazin","article_published_time":"2019-04-09T12:57:51+00:00","article_modified_time":"2024-10-01T12:42:48+00:00","og_image":[{"width":800,"height":444,"url":"https:\/\/www.rekubik.de\/magazin\/wp-content\/uploads\/2019\/04\/Messe.jpg","type":"image\/jpeg"}],"author":"admin","twitter_card":"summary_large_image","twitter_misc":{"Geschrieben von":"admin","Gesch\u00e4tzte Lesezeit":"6\u00a0Minuten"},"schema":{"@context":"https:\/\/schema.org","@graph":[{"@type":"Article","@id":"https:\/\/www.rekubik.de\/magazin\/der-ibc-beim-messebau\/#article","isPartOf":{"@id":"https:\/\/www.rekubik.de\/magazin\/der-ibc-beim-messebau\/"},"author":{"name":"admin","@id":"https:\/\/www.rekubik.de\/magazin\/#\/schema\/person\/d5faea021aac94edeeb8e47cf06771c7"},"headline":"Der IBC beim Messebau","datePublished":"2019-04-09T12:57:51+00:00","dateModified":"2024-10-01T12:42:48+00:00","mainEntityOfPage":{"@id":"https:\/\/www.rekubik.de\/magazin\/der-ibc-beim-messebau\/"},"wordCount":1006,"publisher":{"@id":"https:\/\/www.rekubik.de\/magazin\/#organization"},"image":{"@id":"https:\/\/www.rekubik.de\/magazin\/der-ibc-beim-messebau\/#primaryimage"},"thumbnailUrl":"https:\/\/www.rekubik.de\/magazin\/wp-content\/uploads\/2019\/04\/Messe.jpg","keywords":["Dekoration","Der IBC als Messetisch","IBC","IBC Tische","LED Kubik","Messe","Messetisch","Messezubeh\u00f6r"],"articleSection":["IBC KREATIV"],"inLanguage":"de"},{"@type":"WebPage","@id":"https:\/\/www.rekubik.de\/magazin\/der-ibc-beim-messebau\/","url":"https:\/\/www.rekubik.de\/magazin\/der-ibc-beim-messebau\/","name":"Der IBC beim Messebau - REKUBIK\u00ae Magazin","isPartOf":{"@id":"https:\/\/www.rekubik.de\/magazin\/#website"},"primaryImageOfPage":{"@id":"https:\/\/www.rekubik.de\/magazin\/der-ibc-beim-messebau\/#primaryimage"},"image":{"@id":"https:\/\/www.rekubik.de\/magazin\/der-ibc-beim-messebau\/#primaryimage"},"thumbnailUrl":"https:\/\/www.rekubik.de\/magazin\/wp-content\/uploads\/2019\/04\/Messe.jpg","datePublished":"2019-04-09T12:57:51+00:00","dateModified":"2024-10-01T12:42:48+00:00","description":"IBC Messebau: flexibel, praktisch und ansprechend \u2714 Tipps f\u00fcr den gelungenen Messetisch aus Kunststofftanks | REKUBIK","breadcrumb":{"@id":"https:\/\/www.rekubik.de\/magazin\/der-ibc-beim-messebau\/#breadcrumb"},"inLanguage":"de","potentialAction":[{"@type":"ReadAction","target":["https:\/\/www.rekubik.de\/magazin\/der-ibc-beim-messebau\/"]}]},{"@type":"ImageObject","inLanguage":"de","@id":"https:\/\/www.rekubik.de\/magazin\/der-ibc-beim-messebau\/#primaryimage","url":"https:\/\/www.rekubik.de\/magazin\/wp-content\/uploads\/2019\/04\/Messe.jpg","contentUrl":"https:\/\/www.rekubik.de\/magazin\/wp-content\/uploads\/2019\/04\/Messe.jpg","width":800,"height":444,"caption":"\u00a9 Aamon - stock.adobe.com"},{"@type":"BreadcrumbList","@id":"https:\/\/www.rekubik.de\/magazin\/der-ibc-beim-messebau\/#breadcrumb","itemListElement":[{"@type":"ListItem","position":1,"name":"Home","item":"https:\/\/www.rekubik.de\/magazin\/"},{"@type":"ListItem","position":2,"name":"Der IBC beim Messebau"}]},{"@type":"WebSite","@id":"https:\/\/www.rekubik.de\/magazin\/#website","url":"https:\/\/www.rekubik.de\/magazin\/","name":"REKUBIK\u00ae Magazin","description":"","publisher":{"@id":"https:\/\/www.rekubik.de\/magazin\/#organization"},"potentialAction":[{"@type":"SearchAction","target":{"@type":"EntryPoint","urlTemplate":"https:\/\/www.rekubik.de\/magazin\/?s={search_term_string}"},"query-input":{"@type":"PropertyValueSpecification","valueRequired":true,"valueName":"search_term_string"}}],"inLanguage":"de"},{"@type":"Organization","@id":"https:\/\/www.rekubik.de\/magazin\/#organization","name":"Rekubik","url":"https:\/\/www.rekubik.de\/magazin\/","logo":{"@type":"ImageObject","inLanguage":"de","@id":"https:\/\/www.rekubik.de\/magazin\/#\/schema\/logo\/image\/","url":"https:\/\/www.rekubik.de\/magazin\/wp-content\/uploads\/2017\/12\/rekubik-LOGO-Shopware.png","contentUrl":"https:\/\/www.rekubik.de\/magazin\/wp-content\/uploads\/2017\/12\/rekubik-LOGO-Shopware.png","width":200,"height":50,"caption":"Rekubik"},"image":{"@id":"https:\/\/www.rekubik.de\/magazin\/#\/schema\/logo\/image\/"}},{"@type":"Person","@id":"https:\/\/www.rekubik.de\/magazin\/#\/schema\/person\/d5faea021aac94edeeb8e47cf06771c7","name":"admin","image":{"@type":"ImageObject","inLanguage":"de","@id":"https:\/\/www.rekubik.de\/magazin\/#\/schema\/person\/image\/","url":"https:\/\/secure.gravatar.com\/avatar\/a794a4fe8a9b9c52241597eb381dfa2e?s=96&d=mm&r=g","contentUrl":"https:\/\/secure.gravatar.com\/avatar\/a794a4fe8a9b9c52241597eb381dfa2e?s=96&d=mm&r=g","caption":"admin"}}]}},"_links":{"self":[{"href":"https:\/\/www.rekubik.de\/magazin\/wp-json\/wp\/v2\/posts\/4088"}],"collection":[{"href":"https:\/\/www.rekubik.de\/magazin\/wp-json\/wp\/v2\/posts"}],"about":[{"href":"https:\/\/www.rekubik.de\/magazin\/wp-json\/wp\/v2\/types\/post"}],"author":[{"embeddable":true,"href":"https:\/\/www.rekubik.de\/magazin\/wp-json\/wp\/v2\/users\/1"}],"replies":[{"embeddable":true,"href":"https:\/\/www.rekubik.de\/magazin\/wp-json\/wp\/v2\/comments?post=4088"}],"version-history":[{"count":11,"href":"https:\/\/www.rekubik.de\/magazin\/wp-json\/wp\/v2\/posts\/4088\/revisions"}],"predecessor-version":[{"id":21815,"href":"https:\/\/www.rekubik.de\/magazin\/wp-json\/wp\/v2\/posts\/4088\/revisions\/21815"}],"wp:featuredmedia":[{"embeddable":true,"href":"https:\/\/www.rekubik.de\/magazin\/wp-json\/wp\/v2\/media\/4090"}],"wp:attachment":[{"href":"https:\/\/www.rekubik.de\/magazin\/wp-json\/wp\/v2\/media?parent=4088"}],"wp:term":[{"taxonomy":"category","embeddable":true,"href":"https:\/\/www.rekubik.de\/magazin\/wp-json\/wp\/v2\/categories?post=4088"},{"taxonomy":"post_tag","embeddable":true,"href":"https:\/\/www.rekubik.de\/magazin\/wp-json\/wp\/v2\/tags?post=4088"}],"curies":[{"name":"wp","href":"https:\/\/api.w.org\/{rel}","templated":true}]}}