{"id":4705,"date":"2019-05-16T15:55:29","date_gmt":"2019-05-16T13:55:29","guid":{"rendered":"https:\/\/www.rekubik.de\/magazin\/?p=4705"},"modified":"2024-10-01T15:53:20","modified_gmt":"2024-10-01T13:53:20","slug":"dachgarten-gestalten","status":"publish","type":"post","link":"https:\/\/www.rekubik.de\/magazin\/dachgarten-gestalten\/","title":{"rendered":"Dachgarten gestalten"},"content":{"rendered":"<h2>\u00ab Hochbeete sorgen f\u00fcr eine Oase im Gr\u00fcnen \u00fcber den D\u00e4chern der Stadt \u00bb<\/h2>\n<p style=\"text-align: justify;\"><strong>Einen Dachgarten zu gestalten ist h\u00e4ufig die einzige M\u00f6glichkeit, sich auch in der Stadt eine gr\u00fcne Wohlf\u00fchloase zu schaffen. F\u00fcr das Gestalten des Gartens auf dem Dach oder der Dachterrasse gelten allerdings ein paar andere Regeln als f\u00fcr herk\u00f6mmliche G\u00e4rten. Dabei m\u00fcssen stets die besonderen Bedingungen so hoch oben \u00fcber der Stadt beachtet werden. Auf was es wirklich ankommt, wie sich Gem\u00fcse in luftiger H\u00f6he anbauen l\u00e4sst und sie sich das Wasser daf\u00fcr speichern l\u00e4sst, erfahren Sie hier.<\/strong><\/p>\n<h2>Ein Garten ist stets auch ein R\u00fcckzugsort<\/h2>\n<p style=\"text-align: justify;\">In ihm kann der Mensch ganz bei sich selbst sein und sich von dem Stress und der Hektik des Alltags unter der Sonne erholen: der Garten \u2013 wom\u00f6glich noch um eine sch\u00f6n gestaltete Terrasse erg\u00e4nzt. Auf nicht wenige Zeitgenossen hat Gartenarbeit sogar eine beruhigende und oft geradezu therapeutische Wirkung. Sich eine derartige Wohlf\u00fchloase zu schaffen macht also Sinn. Auf dem Land und mit Einfamilienhaus ist das meist auch kein Problem. Anders sieht das hingegen in der Stadt aus. Dort fehlt meist schlicht der Platz f\u00fcr eine Gartenanlage. Zum Gl\u00fcck gibt es aber jede Menge D\u00e4cher, die sich auf die eine oder andere Weise begr\u00fcnen lassen als Alternative zu Terrassen oder einen Balkon. Einen vern\u00fcnftigen Dachgarten zu gestalten, ist auch gar nicht so schwer \u2013 vorausgesetzt, man beachtet dabei ein paar grundlegende Punkte bei der Umsetzung seiner Ideen. Ach ja: Nat\u00fcrlich sollte es sich um ein begehbares Flachdach handeln, weil die Gartengestaltung sonst zu einer sehr gro\u00dfen Herausforderung wird. Dar\u00fcber hinaus muss abgekl\u00e4rt werden, ob man die Dachfl\u00e4che \u00fcberhaupt f\u00fcr einen Dachgarten nutzen darf. Und eventuell braucht es sogar noch eine Genehmigung von der Stadt.<\/p>\n<p><a href=\"https:\/\/www.rekubik.de\/bewaesserung\/tropfbewaesserung\/tropfrohr-drip-pipe\/16mm-50m-dripline-tropfrohr-tropfabstand-33cm\"><img loading=\"lazy\" decoding=\"async\" class=\"aligncenter wp-image-4714 size-full\" title=\"50m Dripline 16mm Tropfrohr Tropfabstand 33cm\" src=\"https:\/\/www.rekubik.de\/magazin\/wp-content\/uploads\/2019\/05\/50m-Dripline-16mm-Tropfrohr-Tropfabstand-33cm-1.jpg\" alt=\"50m Dripline 16mm Tropfrohr Tropfabstand 33cm\" width=\"600\" height=\"395\" srcset=\"https:\/\/www.rekubik.de\/magazin\/wp-content\/uploads\/2019\/05\/50m-Dripline-16mm-Tropfrohr-Tropfabstand-33cm-1.jpg 600w, https:\/\/www.rekubik.de\/magazin\/wp-content\/uploads\/2019\/05\/50m-Dripline-16mm-Tropfrohr-Tropfabstand-33cm-1-300x198.jpg 300w, https:\/\/www.rekubik.de\/magazin\/wp-content\/uploads\/2019\/05\/50m-Dripline-16mm-Tropfrohr-Tropfabstand-33cm-1-352x233.jpg 352w, https:\/\/www.rekubik.de\/magazin\/wp-content\/uploads\/2019\/05\/50m-Dripline-16mm-Tropfrohr-Tropfabstand-33cm-1-310x205.jpg 310w\" sizes=\"(max-width: 600px) 100vw, 600px\" \/><\/a><\/p>\n<h2>Garten und Dach \u2013 zwei Dinge, die durchaus zusammenpassen<\/h2>\n<p style=\"text-align: justify;\">Garten und Dach haben zumindest auf den ersten Blick nichts miteinander zu tun. Auf den zweiten Blick jedoch l\u00e4sst sich feststellen, dass D\u00e4cher auch nichts anderes sind als relativ gro\u00dfe Freifl\u00e4chen. Zwar kann man dort nicht unbedingt einen Rasen s\u00e4en oder einen Obstbaum pflanzen, aber es lassen sich Pflanzk\u00fcbel und Gartenm\u00f6bel aufstellen. Auch ein Hochbeet, in dem Gem\u00fcse gezogen wird, ist kein Problem. Wer sich einen Dachgarten gestalten m\u00f6chte kann folglich \u00e4hnlich kreativ sein wie bei einer Anlage auf dem Boden. Wichtig dabei ist allerdings, zun\u00e4chst einmal eine gute Grundlage zu schaffen. Der erste Schritt besteht also darin, einen passenden Belag aufzubringen. Dieser sollte drei Voraussetzungen erf\u00fcllen: Er sollte Wasser abflie\u00dfen lassen, witterungsbest\u00e4ndig sein und gleichzeitig eine Schallschutzfunktion haben, um die Bewohner der darunter liegenden Wohnungen nicht zu bel\u00e4stigen. Daf\u00fcr eignen sich verschiedene Bel\u00e4ge bis hin zum abrollbaren Kunstrasen. Am weitesten verbreitet ist jedoch das sogenannte Holzdeck. Solch ein Untergrund aus Holz wirkt vollkommen nat\u00fcrlich und erm\u00f6glicht au\u00dferdem das Barfu\u00dflaufen. Holzdecks gibt es fertig montiert oder als Bausatz in verschiedenen Gr\u00f6\u00dfen. Zuletzt stellt sich die Frage wie Sie Ihren <a href=\"https:\/\/www.rekubik.de\/bewaesserung\/\">Dachgarten bew\u00e4ssern<\/a>. Denken Sie also im Vorfeld gr\u00fcndlich dar\u00fcber nach, ob Regenwasser in ausreichendem Ma\u00dfe gesammelt werden kann und ob f\u00fcr Notf\u00e4lle ein Hauswasseranschluss vorhanden ist oder gelegt werden kann.<\/p>\n<figure id=\"attachment_4716\" aria-describedby=\"caption-attachment-4716\" style=\"width: 800px\" class=\"wp-caption aligncenter\"><img loading=\"lazy\" decoding=\"async\" class=\"wp-image-4716 size-full\" title=\"Ein Garten auf dem Dach\" src=\"https:\/\/www.rekubik.de\/magazin\/wp-content\/uploads\/2019\/05\/Garten-auf-dem-Dach.jpg\" alt=\"Ein Garten auf dem Dach\" width=\"800\" height=\"491\" srcset=\"https:\/\/www.rekubik.de\/magazin\/wp-content\/uploads\/2019\/05\/Garten-auf-dem-Dach.jpg 800w, https:\/\/www.rekubik.de\/magazin\/wp-content\/uploads\/2019\/05\/Garten-auf-dem-Dach-300x184.jpg 300w, https:\/\/www.rekubik.de\/magazin\/wp-content\/uploads\/2019\/05\/Garten-auf-dem-Dach-768x471.jpg 768w\" sizes=\"(max-width: 800px) 100vw, 800px\" \/><figcaption id=\"caption-attachment-4716\" class=\"wp-caption-text\">\u00a9 AYAimages &#8211; stock.adobe.com<\/figcaption><\/figure>\n<h2>Dachgarten gestalten mit Sichtschutz, M\u00f6bel und Pflanzt\u00f6pfe: So gelingt der Garten auf dem Dach<\/h2>\n<p style=\"text-align: justify;\">Damit sich auch wirklich eine Wohlf\u00fchloase gestalten l\u00e4sst, ist es notwendig sich vor den Blicken der Nachbarn abzuschirmen, schlie\u00dflich gibt es rund herum H\u00e4user, die wom\u00f6glich h\u00f6her sind. Ein Sichtschutz aus Holz in Kombination mit einem Sonnensegel geh\u00f6ren deshalb zur Grundausstattung, um einen Dachgarten zu gestalten. Neben diesem Schutz braucht es nat\u00fcrlich auch M\u00f6bel, um sich in diesem Garten der etwas anderen Art aufhalten zu k\u00f6nnen. Ein Tisch und mindestens zwei St\u00fchle sollten es schon sein. Auch eine Gartenbank ist im Garten auf dem Dach reizvoll. Auch hier kommt als Material Holz in Frage \u2013 am besten wetterbest\u00e4ndige und robuste Holzarten wie Teakholz.<\/p>\n<h2>Ideen f\u00fcr die Gestaltung mit Dachpflanzen<\/h2>\n<p style=\"text-align: justify;\">Am wichtigsten sind aber zweifellos die Pflanzen. Ob Sie eine Terrasse, einen Balkon oder eben auch einen Dachgarten gestalten \u2013 etwas Gr\u00fcn ist nie verkehrt. Die Gew\u00e4chse stecken in der Regel in gro\u00dfen Pflanzt\u00f6pfen, die auf dem Holzdeck verteilt werden. Bei der Bepflanzung sollte man darauf achten, dass vor allem gr\u00f6\u00dfere Pflanzen zum Einsatz kommen. Da ein Dachgarten nach oben hin offen ist, weitet sich zwangsl\u00e4ufig auch der Raum \u2013 und der l\u00e4sst sich mit gr\u00f6\u00dferen Pflanzen einfach besser f\u00fcllen. Das gilt \u00fcbrigens auch f\u00fcr die klassische Dachterrasse. Die Pflanzen m\u00fcssen au\u00dferdem sehr robust sein, da sie in H\u00f6he des Daches Wind, Sonne und Regen st\u00e4rker ausgesetzt sind. Und weil sich schwere Pflanzk\u00fcbel im Herbst nur unter M\u00fchen vom Dach abtransportieren lassen, sollte man auch darauf achten, dass sie winterhart bzw. frostfest sind und w\u00e4hrend der Wintermonate drau\u00dfen bleiben k\u00f6nnen.<\/p>\n<p style=\"text-align: justify;\">Grundlegend kann man aber sagen, dass immergr\u00fcne Pflanzen eine gute Basis sind f\u00fcr Terrassen, Balkone und Dachg\u00e4rten. Passend f\u00fcr die Dachbegr\u00fcnung w\u00e4ren auch mediterrane Kr\u00e4uter wie Thymian oder Majoran und Rosmarin.<\/p>\n<h3>Weitere m\u00f6gliche Pflanzen, um einen Dachgarten zu gestalten:<\/h3>\n<ul>\n<li style=\"text-align: justify;\">Gelbholz<\/li>\n<li style=\"text-align: justify;\">Verschiedene Arten von Birken<\/li>\n<li style=\"text-align: justify;\">Kornellkirsche<\/li>\n<li style=\"text-align: justify;\">Ginko<\/li>\n<li style=\"text-align: justify;\">Blumenesche<\/li>\n<li style=\"text-align: justify;\">Verschiedene Zierb\u00e4ume<\/li>\n<li style=\"text-align: justify;\">Kirschlorbeer<\/li>\n<li style=\"text-align: justify;\">Buchsbaum<\/li>\n<\/ul>\n<p style=\"text-align: justify;\">Bei der gr\u00fcnen Gestaltung ebenfalls nicht fehlen d\u00fcrfen Ziergr\u00e4ser wie Reitgras oder Heckenbambus. F\u00fcr die Versch\u00f6nerung der Wand empfiehlt sich eine Kletterpflanze wie der Efeu. Die Pflanzm\u00f6glichkeiten sind auf jeden Fall vielf\u00e4ltig. Auch kleine Dachterrassen bzw. Dachg\u00e4rten k\u00f6nnen entsprechend bepflanzt werden. Ist der Garten entsprechend gro\u00df, dann bietet es sich an, auf eine Komposition verschiedener Gew\u00e4chse zu setzen.<\/p>\n<figure id=\"attachment_4709\" aria-describedby=\"caption-attachment-4709\" style=\"width: 800px\" class=\"wp-caption aligncenter\"><img loading=\"lazy\" decoding=\"async\" class=\"wp-image-4709 size-full\" title=\"Der Dachgarten als gr\u00fcne Oase\" src=\"https:\/\/www.rekubik.de\/magazin\/wp-content\/uploads\/2019\/05\/Dachgarten-in-Paris.jpg\" alt=\"Der Dachgarten als gr\u00fcne Oase\" width=\"800\" height=\"439\" srcset=\"https:\/\/www.rekubik.de\/magazin\/wp-content\/uploads\/2019\/05\/Dachgarten-in-Paris.jpg 800w, https:\/\/www.rekubik.de\/magazin\/wp-content\/uploads\/2019\/05\/Dachgarten-in-Paris-300x165.jpg 300w, https:\/\/www.rekubik.de\/magazin\/wp-content\/uploads\/2019\/05\/Dachgarten-in-Paris-768x421.jpg 768w\" sizes=\"(max-width: 800px) 100vw, 800px\" \/><figcaption id=\"caption-attachment-4709\" class=\"wp-caption-text\">\u00a9 luzulee &#8211; stock.adobe.com<\/figcaption><\/figure>\n<h2>Ein Hochbeet sorgt f\u00fcr frisches Gem\u00fcse und Erdbeeren<\/h2>\n<p style=\"text-align: justify;\">Wer einen Garten sein Eigen nennt, m\u00f6chte nat\u00fcrlich auch Obst und Gem\u00fcse anbauen. Auch das ist selbstverst\u00e4ndlich in einem Dachgarten m\u00f6glich \u2013 Tomaten und Erdbeeren etwa eignen sich hervorragend. Ben\u00f6tigt wird daf\u00fcr allerdings ein Hochbeet. Das l\u00e4sst sich ganz einfach aus einem <a href=\"https:\/\/www.rekubik.de\/ibc-container\/gebrauchte-ibc\/\">alten Intermediate Bulk Container (IBC)<\/a> bauen. Dazu wird einfach die obere Seite der Tankblase, \u00fcber die jeder IBC verf\u00fcgt, mit einer Stichs\u00e4ge abgeschnitten und entfernt. Mann erh\u00e4lt so eine Wanne, die dann mit Erde bef\u00fcllt werden kann. Durch die ebenfalls dazu geh\u00f6rige Gitterbox hat das IBC Hochbeet einen absolut sicheren Stand. Es kann auch relativ leicht versetzt werden. Wichtig zu wissen: Ein IBC Hochbeet funktioniert wie jedes andere Hochbeet auch. Folglich lassen sich dort die meisten Gem\u00fcsearten bis hin zu Tomaten anbauen. Es eignet sich aber auch f\u00fcr Kr\u00e4uter und sogar f\u00fcr Erdbeeren. Ein IBC bildet daf\u00fcr nicht nur die \u00fcberaus praktische Grundlage, sondern ist auch noch relativ g\u00fcnstig. Wer keine Lust auf Selberbauen hat, kann bei Rekubik auch direkt ein <a href=\"https:\/\/www.rekubik.de\/ibc-container\/ibc-hochbeet\/\">IBC Hochbeet kaufen<\/a>. Wenn Sie sich au\u00dferdem einen zus\u00e4tzlichen IBC Container zulegen, dann haben Sie eine tolle Alternative zur Regentonne, um dort das Regenwasser zu sammeln und f\u00fcr die Bew\u00e4sserung der Pflanzen zu nutzen. Gut zu wissen: Pflanzbew\u00e4sserung mit Regenwasser ist immer zu bevorzugen, da das Wasser weicher ist als Leitungswasser. F\u00fcr kleine Dachterrassen und -g\u00e4rten ist aber wom\u00f6glich ein kleiner Wandtank, der nicht so bauchig ist, die bessere Wahl.<\/p>\n<p><a href=\"https:\/\/www.rekubik.de\/ibc-container\/ibc-hochbeet\/600\/200l-ibc-hochbeet-neuwertig\/rebottled-urban-farming-speicher-solo\"><img loading=\"lazy\" decoding=\"async\" class=\"aligncenter wp-image-4711 size-full\" title=\"IBC Hochbeet Urban Farming Speicher\" src=\"https:\/\/www.rekubik.de\/magazin\/wp-content\/uploads\/2019\/05\/IBC-Hochbeet-Urban-Farming-Speicher.jpg\" alt=\"IBC Hochbeet Urban Farming Speicher\" width=\"800\" height=\"402\" srcset=\"https:\/\/www.rekubik.de\/magazin\/wp-content\/uploads\/2019\/05\/IBC-Hochbeet-Urban-Farming-Speicher.jpg 800w, https:\/\/www.rekubik.de\/magazin\/wp-content\/uploads\/2019\/05\/IBC-Hochbeet-Urban-Farming-Speicher-300x151.jpg 300w, https:\/\/www.rekubik.de\/magazin\/wp-content\/uploads\/2019\/05\/IBC-Hochbeet-Urban-Farming-Speicher-768x386.jpg 768w\" sizes=\"(max-width: 800px) 100vw, 800px\" \/><\/a><\/p>\n<h2>Dachgarten gestalten und dekorieren: Auf die Details kommt es an<\/h2>\n<p style=\"text-align: justify;\">Bei der Gartengestaltung bzw. bei der Gestaltung von Terrassen, Balkon und Dachg\u00e4rten spielen nat\u00fcrlich Accessoires eine nicht zu untersch\u00e4tzende Rolle. So sind etwa Gartenzwerge witzige Deko-Ideen. Aber auch Windspiele und Windr\u00e4der bieten sich f\u00fcr die Deko an. Im Grunde geht alles, was in einem herk\u00f6mmlichen Garten auch geht, um einen Dachgarten zu gestalten. Es kommt lediglich auf den individuellen Geschmack und die eigene Kreativit\u00e4t an. Tun sich zudem unsch\u00f6ne Stellen an der Hauswand auf, kann dies mit einer Verkleidung aus Holz oder Bambus behoben werden. Diese Wandverkleidungen erzielen einen sch\u00f6nen optischen Effekt und k\u00f6nnen so erweitert werden, dass sie au\u00dferdem als Sichtschutz fungieren.<\/p>\n","protected":false},"excerpt":{"rendered":"<p>\u00ab Hochbeete sorgen f\u00fcr eine Oase im Gr\u00fcnen \u00fcber den D\u00e4chern der Stadt \u00bb Einen Dachgarten zu gestalten ist h\u00e4ufig die einzige M\u00f6glichkeit, sich auch in der Stadt eine gr\u00fcne Wohlf\u00fchloase zu schaffen. F\u00fcr das Gestalten des Gartens auf dem Dach oder der Dachterrasse gelten allerdings ein paar andere Regeln als f\u00fcr herk\u00f6mmliche G\u00e4rten. Dabei &hellip;<\/p>\n","protected":false},"author":1,"featured_media":4718,"comment_status":"closed","ping_status":"open","sticky":false,"template":"","format":"standard","meta":{"footnotes":""},"categories":[1],"tags":[134,527,526,47,9,495,7,205,496],"class_list":["post-4705","post","type-post","status-publish","format-standard","has-post-thumbnail","","category-ibc-garten","tag-bewaesserung","tag-dachgarten","tag-dachgarten-gestalten","tag-garten","tag-gartenbewaesserung","tag-hochbeete","tag-ibc","tag-ibc-container","tag-ibc-hochbeet"],"yoast_head":"<!-- This site is optimized with the Yoast SEO plugin v23.5 - https:\/\/yoast.com\/wordpress\/plugins\/seo\/ -->\n<title>Dachgarten gestalten - REKUBIK\u00ae Magazin<\/title>\n<meta name=\"description\" content=\"Das Rekubik Magazin mit wertvollen Tipps zum Anlegen und Gestalten von Dachg\u00e4rten! \u2013 Viele Ideen f\u00fcr Urban Gardening \u2714 Roof Gardening \u2714\" \/>\n<meta name=\"robots\" content=\"index, follow, max-snippet:-1, max-image-preview:large, max-video-preview:-1\" \/>\n<link rel=\"canonical\" href=\"https:\/\/www.rekubik.de\/magazin\/dachgarten-gestalten\/\" \/>\n<meta property=\"og:locale\" content=\"de_DE\" \/>\n<meta property=\"og:type\" content=\"article\" \/>\n<meta property=\"og:title\" content=\"Dachgarten gestalten - REKUBIK\u00ae Magazin\" \/>\n<meta property=\"og:description\" content=\"Das Rekubik Magazin mit wertvollen Tipps zum Anlegen und Gestalten von Dachg\u00e4rten! \u2013 Viele Ideen f\u00fcr Urban Gardening \u2714 Roof Gardening \u2714\" \/>\n<meta property=\"og:url\" content=\"https:\/\/www.rekubik.de\/magazin\/dachgarten-gestalten\/\" \/>\n<meta property=\"og:site_name\" content=\"REKUBIK\u00ae Magazin\" \/>\n<meta property=\"article:published_time\" content=\"2019-05-16T13:55:29+00:00\" \/>\n<meta property=\"article:modified_time\" content=\"2024-10-01T13:53:20+00:00\" \/>\n<meta property=\"og:image\" content=\"https:\/\/www.rekubik.de\/magazin\/wp-content\/uploads\/2019\/05\/Garten.jpg\" \/>\n\t<meta property=\"og:image:width\" content=\"800\" \/>\n\t<meta property=\"og:image:height\" content=\"476\" \/>\n\t<meta property=\"og:image:type\" content=\"image\/jpeg\" \/>\n<meta name=\"author\" content=\"admin\" \/>\n<meta name=\"twitter:card\" content=\"summary_large_image\" \/>\n<meta name=\"twitter:label1\" content=\"Geschrieben von\" \/>\n\t<meta name=\"twitter:data1\" content=\"admin\" \/>\n\t<meta name=\"twitter:label2\" content=\"Gesch\u00e4tzte Lesezeit\" \/>\n\t<meta name=\"twitter:data2\" content=\"8\u00a0Minuten\" \/>\n<script type=\"application\/ld+json\" class=\"yoast-schema-graph\">{\"@context\":\"https:\/\/schema.org\",\"@graph\":[{\"@type\":\"Article\",\"@id\":\"https:\/\/www.rekubik.de\/magazin\/dachgarten-gestalten\/#article\",\"isPartOf\":{\"@id\":\"https:\/\/www.rekubik.de\/magazin\/dachgarten-gestalten\/\"},\"author\":{\"name\":\"admin\",\"@id\":\"https:\/\/www.rekubik.de\/magazin\/#\/schema\/person\/d5faea021aac94edeeb8e47cf06771c7\"},\"headline\":\"Dachgarten gestalten\",\"datePublished\":\"2019-05-16T13:55:29+00:00\",\"dateModified\":\"2024-10-01T13:53:20+00:00\",\"mainEntityOfPage\":{\"@id\":\"https:\/\/www.rekubik.de\/magazin\/dachgarten-gestalten\/\"},\"wordCount\":1397,\"publisher\":{\"@id\":\"https:\/\/www.rekubik.de\/magazin\/#organization\"},\"image\":{\"@id\":\"https:\/\/www.rekubik.de\/magazin\/dachgarten-gestalten\/#primaryimage\"},\"thumbnailUrl\":\"https:\/\/www.rekubik.de\/magazin\/wp-content\/uploads\/2019\/05\/Garten.jpg\",\"keywords\":[\"Bew\u00e4sserung\",\"Dachgarten\",\"Dachgarten gestalten\",\"Garten\",\"Gartenbew\u00e4sserung\",\"Hochbeete\",\"IBC\",\"IBC Container\",\"IBC Hochbeet\"],\"articleSection\":[\"IBC IM GARTEN\"],\"inLanguage\":\"de\"},{\"@type\":\"WebPage\",\"@id\":\"https:\/\/www.rekubik.de\/magazin\/dachgarten-gestalten\/\",\"url\":\"https:\/\/www.rekubik.de\/magazin\/dachgarten-gestalten\/\",\"name\":\"Dachgarten gestalten - REKUBIK\u00ae Magazin\",\"isPartOf\":{\"@id\":\"https:\/\/www.rekubik.de\/magazin\/#website\"},\"primaryImageOfPage\":{\"@id\":\"https:\/\/www.rekubik.de\/magazin\/dachgarten-gestalten\/#primaryimage\"},\"image\":{\"@id\":\"https:\/\/www.rekubik.de\/magazin\/dachgarten-gestalten\/#primaryimage\"},\"thumbnailUrl\":\"https:\/\/www.rekubik.de\/magazin\/wp-content\/uploads\/2019\/05\/Garten.jpg\",\"datePublished\":\"2019-05-16T13:55:29+00:00\",\"dateModified\":\"2024-10-01T13:53:20+00:00\",\"description\":\"Das Rekubik Magazin mit wertvollen Tipps zum Anlegen und Gestalten von Dachg\u00e4rten! \u2013 Viele Ideen f\u00fcr Urban Gardening \u2714 Roof Gardening \u2714\",\"breadcrumb\":{\"@id\":\"https:\/\/www.rekubik.de\/magazin\/dachgarten-gestalten\/#breadcrumb\"},\"inLanguage\":\"de\",\"potentialAction\":[{\"@type\":\"ReadAction\",\"target\":[\"https:\/\/www.rekubik.de\/magazin\/dachgarten-gestalten\/\"]}]},{\"@type\":\"ImageObject\",\"inLanguage\":\"de\",\"@id\":\"https:\/\/www.rekubik.de\/magazin\/dachgarten-gestalten\/#primaryimage\",\"url\":\"https:\/\/www.rekubik.de\/magazin\/wp-content\/uploads\/2019\/05\/Garten.jpg\",\"contentUrl\":\"https:\/\/www.rekubik.de\/magazin\/wp-content\/uploads\/2019\/05\/Garten.jpg\",\"width\":800,\"height\":476,\"caption\":\"\u00a9 seanlockephotography - stock.adobe.com\"},{\"@type\":\"BreadcrumbList\",\"@id\":\"https:\/\/www.rekubik.de\/magazin\/dachgarten-gestalten\/#breadcrumb\",\"itemListElement\":[{\"@type\":\"ListItem\",\"position\":1,\"name\":\"Home\",\"item\":\"https:\/\/www.rekubik.de\/magazin\/\"},{\"@type\":\"ListItem\",\"position\":2,\"name\":\"Dachgarten gestalten\"}]},{\"@type\":\"WebSite\",\"@id\":\"https:\/\/www.rekubik.de\/magazin\/#website\",\"url\":\"https:\/\/www.rekubik.de\/magazin\/\",\"name\":\"REKUBIK\u00ae Magazin\",\"description\":\"\",\"publisher\":{\"@id\":\"https:\/\/www.rekubik.de\/magazin\/#organization\"},\"potentialAction\":[{\"@type\":\"SearchAction\",\"target\":{\"@type\":\"EntryPoint\",\"urlTemplate\":\"https:\/\/www.rekubik.de\/magazin\/?s={search_term_string}\"},\"query-input\":{\"@type\":\"PropertyValueSpecification\",\"valueRequired\":true,\"valueName\":\"search_term_string\"}}],\"inLanguage\":\"de\"},{\"@type\":\"Organization\",\"@id\":\"https:\/\/www.rekubik.de\/magazin\/#organization\",\"name\":\"Rekubik\",\"url\":\"https:\/\/www.rekubik.de\/magazin\/\",\"logo\":{\"@type\":\"ImageObject\",\"inLanguage\":\"de\",\"@id\":\"https:\/\/www.rekubik.de\/magazin\/#\/schema\/logo\/image\/\",\"url\":\"https:\/\/www.rekubik.de\/magazin\/wp-content\/uploads\/2017\/12\/rekubik-LOGO-Shopware.png\",\"contentUrl\":\"https:\/\/www.rekubik.de\/magazin\/wp-content\/uploads\/2017\/12\/rekubik-LOGO-Shopware.png\",\"width\":200,\"height\":50,\"caption\":\"Rekubik\"},\"image\":{\"@id\":\"https:\/\/www.rekubik.de\/magazin\/#\/schema\/logo\/image\/\"}},{\"@type\":\"Person\",\"@id\":\"https:\/\/www.rekubik.de\/magazin\/#\/schema\/person\/d5faea021aac94edeeb8e47cf06771c7\",\"name\":\"admin\",\"image\":{\"@type\":\"ImageObject\",\"inLanguage\":\"de\",\"@id\":\"https:\/\/www.rekubik.de\/magazin\/#\/schema\/person\/image\/\",\"url\":\"https:\/\/secure.gravatar.com\/avatar\/a794a4fe8a9b9c52241597eb381dfa2e?s=96&d=mm&r=g\",\"contentUrl\":\"https:\/\/secure.gravatar.com\/avatar\/a794a4fe8a9b9c52241597eb381dfa2e?s=96&d=mm&r=g\",\"caption\":\"admin\"}}]}<\/script>\n<!-- \/ Yoast SEO plugin. -->","yoast_head_json":{"title":"Dachgarten gestalten - REKUBIK\u00ae Magazin","description":"Das Rekubik Magazin mit wertvollen Tipps zum Anlegen und Gestalten von Dachg\u00e4rten! \u2013 Viele Ideen f\u00fcr Urban Gardening \u2714 Roof Gardening \u2714","robots":{"index":"index","follow":"follow","max-snippet":"max-snippet:-1","max-image-preview":"max-image-preview:large","max-video-preview":"max-video-preview:-1"},"canonical":"https:\/\/www.rekubik.de\/magazin\/dachgarten-gestalten\/","og_locale":"de_DE","og_type":"article","og_title":"Dachgarten gestalten - REKUBIK\u00ae Magazin","og_description":"Das Rekubik Magazin mit wertvollen Tipps zum Anlegen und Gestalten von Dachg\u00e4rten! \u2013 Viele Ideen f\u00fcr Urban Gardening \u2714 Roof Gardening \u2714","og_url":"https:\/\/www.rekubik.de\/magazin\/dachgarten-gestalten\/","og_site_name":"REKUBIK\u00ae Magazin","article_published_time":"2019-05-16T13:55:29+00:00","article_modified_time":"2024-10-01T13:53:20+00:00","og_image":[{"width":800,"height":476,"url":"https:\/\/www.rekubik.de\/magazin\/wp-content\/uploads\/2019\/05\/Garten.jpg","type":"image\/jpeg"}],"author":"admin","twitter_card":"summary_large_image","twitter_misc":{"Geschrieben von":"admin","Gesch\u00e4tzte Lesezeit":"8\u00a0Minuten"},"schema":{"@context":"https:\/\/schema.org","@graph":[{"@type":"Article","@id":"https:\/\/www.rekubik.de\/magazin\/dachgarten-gestalten\/#article","isPartOf":{"@id":"https:\/\/www.rekubik.de\/magazin\/dachgarten-gestalten\/"},"author":{"name":"admin","@id":"https:\/\/www.rekubik.de\/magazin\/#\/schema\/person\/d5faea021aac94edeeb8e47cf06771c7"},"headline":"Dachgarten gestalten","datePublished":"2019-05-16T13:55:29+00:00","dateModified":"2024-10-01T13:53:20+00:00","mainEntityOfPage":{"@id":"https:\/\/www.rekubik.de\/magazin\/dachgarten-gestalten\/"},"wordCount":1397,"publisher":{"@id":"https:\/\/www.rekubik.de\/magazin\/#organization"},"image":{"@id":"https:\/\/www.rekubik.de\/magazin\/dachgarten-gestalten\/#primaryimage"},"thumbnailUrl":"https:\/\/www.rekubik.de\/magazin\/wp-content\/uploads\/2019\/05\/Garten.jpg","keywords":["Bew\u00e4sserung","Dachgarten","Dachgarten gestalten","Garten","Gartenbew\u00e4sserung","Hochbeete","IBC","IBC Container","IBC Hochbeet"],"articleSection":["IBC IM GARTEN"],"inLanguage":"de"},{"@type":"WebPage","@id":"https:\/\/www.rekubik.de\/magazin\/dachgarten-gestalten\/","url":"https:\/\/www.rekubik.de\/magazin\/dachgarten-gestalten\/","name":"Dachgarten gestalten - REKUBIK\u00ae Magazin","isPartOf":{"@id":"https:\/\/www.rekubik.de\/magazin\/#website"},"primaryImageOfPage":{"@id":"https:\/\/www.rekubik.de\/magazin\/dachgarten-gestalten\/#primaryimage"},"image":{"@id":"https:\/\/www.rekubik.de\/magazin\/dachgarten-gestalten\/#primaryimage"},"thumbnailUrl":"https:\/\/www.rekubik.de\/magazin\/wp-content\/uploads\/2019\/05\/Garten.jpg","datePublished":"2019-05-16T13:55:29+00:00","dateModified":"2024-10-01T13:53:20+00:00","description":"Das Rekubik Magazin mit wertvollen Tipps zum Anlegen und Gestalten von Dachg\u00e4rten! \u2013 Viele Ideen f\u00fcr Urban Gardening \u2714 Roof Gardening \u2714","breadcrumb":{"@id":"https:\/\/www.rekubik.de\/magazin\/dachgarten-gestalten\/#breadcrumb"},"inLanguage":"de","potentialAction":[{"@type":"ReadAction","target":["https:\/\/www.rekubik.de\/magazin\/dachgarten-gestalten\/"]}]},{"@type":"ImageObject","inLanguage":"de","@id":"https:\/\/www.rekubik.de\/magazin\/dachgarten-gestalten\/#primaryimage","url":"https:\/\/www.rekubik.de\/magazin\/wp-content\/uploads\/2019\/05\/Garten.jpg","contentUrl":"https:\/\/www.rekubik.de\/magazin\/wp-content\/uploads\/2019\/05\/Garten.jpg","width":800,"height":476,"caption":"\u00a9 seanlockephotography - stock.adobe.com"},{"@type":"BreadcrumbList","@id":"https:\/\/www.rekubik.de\/magazin\/dachgarten-gestalten\/#breadcrumb","itemListElement":[{"@type":"ListItem","position":1,"name":"Home","item":"https:\/\/www.rekubik.de\/magazin\/"},{"@type":"ListItem","position":2,"name":"Dachgarten gestalten"}]},{"@type":"WebSite","@id":"https:\/\/www.rekubik.de\/magazin\/#website","url":"https:\/\/www.rekubik.de\/magazin\/","name":"REKUBIK\u00ae Magazin","description":"","publisher":{"@id":"https:\/\/www.rekubik.de\/magazin\/#organization"},"potentialAction":[{"@type":"SearchAction","target":{"@type":"EntryPoint","urlTemplate":"https:\/\/www.rekubik.de\/magazin\/?s={search_term_string}"},"query-input":{"@type":"PropertyValueSpecification","valueRequired":true,"valueName":"search_term_string"}}],"inLanguage":"de"},{"@type":"Organization","@id":"https:\/\/www.rekubik.de\/magazin\/#organization","name":"Rekubik","url":"https:\/\/www.rekubik.de\/magazin\/","logo":{"@type":"ImageObject","inLanguage":"de","@id":"https:\/\/www.rekubik.de\/magazin\/#\/schema\/logo\/image\/","url":"https:\/\/www.rekubik.de\/magazin\/wp-content\/uploads\/2017\/12\/rekubik-LOGO-Shopware.png","contentUrl":"https:\/\/www.rekubik.de\/magazin\/wp-content\/uploads\/2017\/12\/rekubik-LOGO-Shopware.png","width":200,"height":50,"caption":"Rekubik"},"image":{"@id":"https:\/\/www.rekubik.de\/magazin\/#\/schema\/logo\/image\/"}},{"@type":"Person","@id":"https:\/\/www.rekubik.de\/magazin\/#\/schema\/person\/d5faea021aac94edeeb8e47cf06771c7","name":"admin","image":{"@type":"ImageObject","inLanguage":"de","@id":"https:\/\/www.rekubik.de\/magazin\/#\/schema\/person\/image\/","url":"https:\/\/secure.gravatar.com\/avatar\/a794a4fe8a9b9c52241597eb381dfa2e?s=96&d=mm&r=g","contentUrl":"https:\/\/secure.gravatar.com\/avatar\/a794a4fe8a9b9c52241597eb381dfa2e?s=96&d=mm&r=g","caption":"admin"}}]}},"_links":{"self":[{"href":"https:\/\/www.rekubik.de\/magazin\/wp-json\/wp\/v2\/posts\/4705"}],"collection":[{"href":"https:\/\/www.rekubik.de\/magazin\/wp-json\/wp\/v2\/posts"}],"about":[{"href":"https:\/\/www.rekubik.de\/magazin\/wp-json\/wp\/v2\/types\/post"}],"author":[{"embeddable":true,"href":"https:\/\/www.rekubik.de\/magazin\/wp-json\/wp\/v2\/users\/1"}],"replies":[{"embeddable":true,"href":"https:\/\/www.rekubik.de\/magazin\/wp-json\/wp\/v2\/comments?post=4705"}],"version-history":[{"count":11,"href":"https:\/\/www.rekubik.de\/magazin\/wp-json\/wp\/v2\/posts\/4705\/revisions"}],"predecessor-version":[{"id":22830,"href":"https:\/\/www.rekubik.de\/magazin\/wp-json\/wp\/v2\/posts\/4705\/revisions\/22830"}],"wp:featuredmedia":[{"embeddable":true,"href":"https:\/\/www.rekubik.de\/magazin\/wp-json\/wp\/v2\/media\/4718"}],"wp:attachment":[{"href":"https:\/\/www.rekubik.de\/magazin\/wp-json\/wp\/v2\/media?parent=4705"}],"wp:term":[{"taxonomy":"category","embeddable":true,"href":"https:\/\/www.rekubik.de\/magazin\/wp-json\/wp\/v2\/categories?post=4705"},{"taxonomy":"post_tag","embeddable":true,"href":"https:\/\/www.rekubik.de\/magazin\/wp-json\/wp\/v2\/tags?post=4705"}],"curies":[{"name":"wp","href":"https:\/\/api.w.org\/{rel}","templated":true}]}}