{"id":5721,"date":"2019-09-06T14:07:15","date_gmt":"2019-09-06T12:07:15","guid":{"rendered":"https:\/\/www.rekubik.de\/magazin\/?p=5721"},"modified":"2024-10-01T14:29:37","modified_gmt":"2024-10-01T12:29:37","slug":"heizmantel-fuer-lebensmitteltanks","status":"publish","type":"post","link":"https:\/\/www.rekubik.de\/magazin\/heizmantel-fuer-lebensmitteltanks\/","title":{"rendered":"Heizmantel f\u00fcr Lebensmitteltanks"},"content":{"rendered":"<h2>\u00ab Lebensmittelhygiene durch richtige Temperierung sichern \u00bb<\/h2>\n<p style=\"text-align: justify;\"><strong>Gerade in den Verarbeitungsprozessen der Lebensmittelindustrie spielt die richtige Temperatur der ben\u00f6tigten Zutaten eine nicht zu untersch\u00e4tzende Rolle. Meist besteht ein direkter Zusammenhang zwischen der Viskosit\u00e4t fl\u00fcssiger Lebensmittel und deren Temperatur. Mit einem <\/strong><a href=\"https:\/\/www.rekubik.de\/ibc-zubehoer\/containerheizung\/\"><strong>IBC-Heizmantel<\/strong><\/a><strong> oder einer <\/strong><a href=\"https:\/\/www.rekubik.de\/kanister-zubehoer\/fassheizung\/\"><strong>Fassheizung<\/strong><\/a><strong> l\u00e4sst sich eine konstant hohe Temperatur m\u00fchelos gew\u00e4hrleisten. Was man \u00fcber den Einsatz der Heizm\u00e4ntel wissen sollte und wie diese ganz spezielle Heizung funktioniert, steht hier.<\/strong><\/p>\n<h2>Schutz vor Frost<\/h2>\n<p style=\"text-align: justify;\">Nicht nur im Winter ist ein Mantel f\u00fcr uns Menschen eine feine Sache. Er h\u00e4lt uns nicht nur warm, sondern bewahrt uns zumindest bis zu einem gewissen Grad vor Schnee und Regen. Praktisch und sehr leicht anzuwenden, ist er obendrein. Kein Wunder also, dass auch die Industrie damit begonnen hat, das Mantelprinzip in ihre komplexen Produktionsprozesse zu integrieren. Vor allem die Lebensmittelindustrie tat sich dabei schnell hervor. Fl\u00fcssige Lebensmittel ver\u00e4ndern unter dem Einfluss von K\u00e4lte und W\u00e4rme h\u00e4ufig ihre Konsistenz. Die maschinelle Weiterverarbeitung kann dann schwierig oder sogar unm\u00f6glich werden. Man denke hier nur beispielsweise an Honig. Schon bei einem geringen Absinken der Temperaturen kann er hart oder zumindest sehr z\u00e4hfl\u00fcssig werden. Deshalb tut man gut daran, ihn m\u00f6glichst warm und damit flie\u00dff\u00e4hig zu halten. Und genau an diesem Punkt kommen Heizm\u00e4ntel ins Spiel. Um das Fass oder den <a href=\"https:\/\/www.rekubik.de\/ibc-container\/\">Intermediate Bulk Container (IBC)<\/a> mit Honig gest\u00fclpt halten sie den Beh\u00e4lter schon von Hause aus warm. Allerdings l\u00e4sst sich der Effekt sogar noch deutlich steigern \u2013 und zwar ganz einfach dadurch, indem der Mantel elektronisch erw\u00e4rmt wird.<\/p>\n<p><a href=\"https:\/\/www.rekubik.de\/ibc-zubehoer\/containerheizung\/1000l-ibc-heizmantel-thermostat-230v\"><img loading=\"lazy\" decoding=\"async\" class=\"aligncenter wp-image-3339 size-full\" title=\"1000l IBC Heizmantel Thermostat 0-90\u00b0C (230V)\" src=\"https:\/\/www.rekubik.de\/magazin\/wp-content\/uploads\/2019\/02\/1000l-ibc-heizmantel-thermostat-0-900c-230v.jpg\" alt=\"1000l IBC Heizmantel Thermostat 0-90\u00b0C (230V)\" width=\"500\" height=\"490\" srcset=\"https:\/\/www.rekubik.de\/magazin\/wp-content\/uploads\/2019\/02\/1000l-ibc-heizmantel-thermostat-0-900c-230v.jpg 500w, https:\/\/www.rekubik.de\/magazin\/wp-content\/uploads\/2019\/02\/1000l-ibc-heizmantel-thermostat-0-900c-230v-300x294.jpg 300w\" sizes=\"(max-width: 500px) 100vw, 500px\" \/><\/a><\/p>\n<h2>So funktioniert ein Heizmantel f\u00fcr ein Fass oder einen IBC<\/h2>\n<p style=\"text-align: justify;\">Auf einen Nenner gebracht l\u00e4sst sich sagen: Heizm\u00e4ntel halten warm und k\u00f6nnen einen Beh\u00e4lter dar\u00fcber hinaus auch erw\u00e4rmen. Ein bisschen ist es so wie bei Omas Heizdecke \u2013 wenn es zu kalt im Bett wurde, hat sie die elektrische Decke eingeschaltet und sich dann in sie gekuschelt. Bei einem modernen Heizmantel f\u00fcr fl\u00fcssige Lebensmittel ist es ganz \u00e4hnlich. Der Mantel selbst besteht aus einem w\u00e4rmespeichernden und leicht w\u00e4rmeleitenden Gewebe. Heute handelt es sich dabei zumeist um ein Silikongewebe f\u00fcr den Heizmantel, das mit Glasfasermaterial isoliert wird. Im Mantelgewebe selbst findet sich dann meist noch eine Heizspirale, die f\u00fcr die Erzeugung der W\u00e4rme zust\u00e4ndig ist. Gesteuert wird diese Spirale durch ein Thermostat. Bei hochwertigen Ger\u00e4ten l\u00e4sst sich das Thermostat stufenlos regulieren. \u00dcblich ist dabei ein Spektrum, das zwischen 0 und 200 Grad Celsius liegt. Vor diesem Hintergrund verwundert es dann auch nicht, warum immer wieder von einer Fassheizung die Rede ist. Genau das tut der Mantel n\u00e4mlich \u2013 er beheizt das Fass von au\u00dfen und damit nat\u00fcrlich auch dessen Inhalt. \u00dcber die Temperaturregulierung l\u00e4sst sich folglich auch die gew\u00fcnschte Konsistenz des Lebensmittels im Fass herstellen und aufrechterhalten. Das Prinzip ist also denkbar einfach.<\/p>\n<p><a href=\"https:\/\/www.rekubik.de\/ibc-zubehoer\/containerheizung\/1000l-ibc-heizmantel-thermostat-230v\"><img loading=\"lazy\" decoding=\"async\" class=\"aligncenter wp-image-5725 size-full\" title=\"1000l IBC Heizmantel Thermostat 0-90\u00b0C (230V)\" src=\"https:\/\/www.rekubik.de\/magazin\/wp-content\/uploads\/2019\/09\/ibc-heizmantel-detail-2.jpg\" alt=\"1000l IBC Heizmantel Thermostat 0-90\u00b0C (230V)\" width=\"800\" height=\"669\" srcset=\"https:\/\/www.rekubik.de\/magazin\/wp-content\/uploads\/2019\/09\/ibc-heizmantel-detail-2.jpg 800w, https:\/\/www.rekubik.de\/magazin\/wp-content\/uploads\/2019\/09\/ibc-heizmantel-detail-2-300x251.jpg 300w, https:\/\/www.rekubik.de\/magazin\/wp-content\/uploads\/2019\/09\/ibc-heizmantel-detail-2-768x642.jpg 768w\" sizes=\"(max-width: 800px) 100vw, 800px\" \/><\/a><\/p>\n<h2>Worauf man beim Kauf einer Fassheizung achten sollte<\/h2>\n<p style=\"text-align: justify;\">Jede Heizung weist gewisse Unterschiede auf. Das kennt man von der Zentralheizung aus dem Haus. So verh\u00e4lt es sich auch beim Heizmantel. Mittlerweile gibt es sehr viele Modelle auf dem Markt. Vor dem Kauf sollte man sich deshalb sehr genau dar\u00fcber im Klaren sein, was man eigentlich braucht. Ausgangspunkt der Entscheidungsfindung sind stets die Beh\u00e4lter, in denen die warmzuhaltende Fl\u00fcssigkeit gelagert wird. Damit Heizm\u00e4ntel optimal funktionieren und beim Heizbetrieb m\u00f6glichst Energie verschwenden, muss er passgenau und eng am Beh\u00e4lter anliegen. Es kommt zun\u00e4chst also auf die Form an.<\/p>\n<p><a href=\"https:\/\/www.rekubik.de\/kanister-zubehoer\/fassheizung\/fassheizer-0-bis-120oc-silikonkautschuk-fassguertel-230v\"><img loading=\"lazy\" decoding=\"async\" class=\"alignnone wp-image-5729 \" title=\"Fassheizer 0 bis 120\u00baC Silikonkautschuk Fassg\u00fcrtel (230V)\" src=\"https:\/\/www.rekubik.de\/magazin\/wp-content\/uploads\/2019\/09\/Fassheizer-0-bis-120\u00baC-Silikonkautschuk-Fassg\u00fcrtel-230V.jpg\" alt=\"Fassheizer 0 bis 120\u00baC Silikonkautschuk Fassg\u00fcrtel (230V)\" width=\"246\" height=\"342\" srcset=\"https:\/\/www.rekubik.de\/magazin\/wp-content\/uploads\/2019\/09\/Fassheizer-0-bis-120\u00baC-Silikonkautschuk-Fassg\u00fcrtel-230V.jpg 270w, https:\/\/www.rekubik.de\/magazin\/wp-content\/uploads\/2019\/09\/Fassheizer-0-bis-120\u00baC-Silikonkautschuk-Fassg\u00fcrtel-230V-215x300.jpg 215w\" sizes=\"(max-width: 246px) 100vw, 246px\" \/><\/a>\u00a0 \u00a0<a href=\"https:\/\/www.rekubik.de\/kanister-zubehoer\/fassheizung\/fassheizer-hoechsttemperatur-heizmantel-0-200oc-230v\"><img loading=\"lazy\" decoding=\"async\" class=\"alignnone wp-image-5731 \" title=\"Fassheizer H\u00f6chsttemperatur Heizmantel 0-200\u00baC (230V)\" src=\"https:\/\/www.rekubik.de\/magazin\/wp-content\/uploads\/2019\/09\/Fassheizer-H\u00f6chsttemperatur-Heizmantel-0-200\u00baC-230V.jpg\" alt=\"Fassheizer H\u00f6chsttemperatur Heizmantel 0-200\u00baC (230V)\" width=\"234\" height=\"341\" srcset=\"https:\/\/www.rekubik.de\/magazin\/wp-content\/uploads\/2019\/09\/Fassheizer-H\u00f6chsttemperatur-Heizmantel-0-200\u00baC-230V.jpg 258w, https:\/\/www.rekubik.de\/magazin\/wp-content\/uploads\/2019\/09\/Fassheizer-H\u00f6chsttemperatur-Heizmantel-0-200\u00baC-230V-206x300.jpg 206w\" sizes=\"(max-width: 234px) 100vw, 234px\" \/><\/a>\u00a0 \u00a0<a href=\"https:\/\/www.rekubik.de\/kanister-zubehoer\/fassheizung\/200-liter-fassheizer-0-120oc-heizmantel-fuer-lebensmittel-230v\"><img loading=\"lazy\" decoding=\"async\" class=\"alignnone wp-image-5733 \" title=\"200 Liter Fassheizer 0-120\u00baC Heizmantel f\u00fcr Lebensmittel (230V)\" src=\"https:\/\/www.rekubik.de\/magazin\/wp-content\/uploads\/2019\/09\/200-Liter-Fassheizer-0-120\u00baC-Heizmantel-f\u00fcr-Lebensmittel-230V.jpg\" alt=\"200 Liter Fassheizer 0-120\u00baC Heizmantel f\u00fcr Lebensmittel (230V)\" width=\"251\" height=\"342\" srcset=\"https:\/\/www.rekubik.de\/magazin\/wp-content\/uploads\/2019\/09\/200-Liter-Fassheizer-0-120\u00baC-Heizmantel-f\u00fcr-Lebensmittel-230V.jpg 276w, https:\/\/www.rekubik.de\/magazin\/wp-content\/uploads\/2019\/09\/200-Liter-Fassheizer-0-120\u00baC-Heizmantel-f\u00fcr-Lebensmittel-230V-220x300.jpg 220w\" sizes=\"(max-width: 251px) 100vw, 251px\" \/><\/a><\/p>\n<p style=\"text-align: justify;\">Ein Fass ben\u00f6tigt einen anderen Mantel als etwa ein IBC Container. F\u00fcr unterschiedliche Formen und Gr\u00f6\u00dfen gibt es deshalb auch unterschiedliche Modelle f\u00fcr Fassheizer. Der zweite wichtige Punkt ist die Leistungsf\u00e4higkeit des Ger\u00e4ts. Eine Temperatur von bis zu 200 Grad Celsius l\u00e4sst sich zumindest theoretisch mit jeder dieser Heizungen erzielen. Die Frage ist nur, wie lange das dann dauert. Wenn Schnelligkeit gefragt ist, sollte es auf jeden Fall ein Modell mit einer sehr hohen Leistungskraft sein. Die Leistung ist ebenso abh\u00e4ngig von der Gr\u00f6\u00dfe des Beh\u00e4lters und meist schon darauf abgestellt. Schlussendlich sollte sich die Heizung auch leicht anlegen und abnehmen lassen. Aufwendige Arbeiten in diesem Zusammenhang w\u00fcrden nur die reibungslose Produktion aufhalten. Empfehlenswert sind in diesem Zusammenhang auf jeden Fall Modelle, die einfach nur \u00fcber den Beh\u00e4lter gest\u00fclpt und dann mit simplen Spanngurten befestigt werden.<\/p>\n<h2>Heizm\u00e4ntel und die Verarbeitung von fl\u00fcssigen Lebensmitteln: Immer kommt es auf die Hygiene an<\/h2>\n<p style=\"text-align: justify;\">Wer Lebensmittel verarbeitet, bewegt sich in einem sehr sensiblen Bereich. Penible Sauberkeit und ein H\u00f6chstma\u00df an allgemeiner Hygiene sind absolute Pflicht. Gerade bei fl\u00fcssigen Lebensmitteln ist die Gefahr einer Verschmutzung oder auch Verkeimung n\u00e4mlich gro\u00df. Heizm\u00e4ntel f\u00fcr Lebensmitteltanks m\u00fcssen deshalb stets penibel gereinigt werden &#8211; und zwar am besten nach jedem Gebrauch. In diesem Zusammenhang sollte man sich auch klarmachen, welche gro\u00dfe Bedeutung die Konsistenz der Lebensmittel f\u00fcr ihre Qualit\u00e4t hat. Ein Fassheizer sorgt deshalb nicht nur f\u00fcr eine m\u00f6glichst ungest\u00f6rte Produktion, sondern sch\u00fctzt auch den Inhalt des Fasses. Eine fest gewordene Zuckermelasse beispielsweise w\u00fcrde nicht nur die Maschinen besch\u00e4digen, sondern w\u00e4re auch ungenie\u00dfbar. Kurzum: Jeder dieser ganz speziellen Heizungen sorgt nicht nur f\u00fcr Sicherheit, sondern gerade auch f\u00fcr die so wichtige Qualit\u00e4t.<\/p>\n","protected":false},"excerpt":{"rendered":"<p>\u00ab Lebensmittelhygiene durch richtige Temperierung sichern \u00bb Gerade in den Verarbeitungsprozessen der Lebensmittelindustrie spielt die richtige Temperatur der ben\u00f6tigten Zutaten eine nicht zu untersch\u00e4tzende Rolle. Meist besteht ein direkter Zusammenhang zwischen der Viskosit\u00e4t fl\u00fcssiger Lebensmittel und deren Temperatur. Mit einem IBC-Heizmantel oder einer Fassheizung l\u00e4sst sich eine konstant hohe Temperatur m\u00fchelos gew\u00e4hrleisten. Was man \u00fcber &hellip;<\/p>\n","protected":false},"author":1,"featured_media":5723,"comment_status":"closed","ping_status":"open","sticky":false,"template":"","format":"standard","meta":{"footnotes":""},"categories":[2],"tags":[21,41,638,7,205,639,279,52],"class_list":["post-5721","post","type-post","status-publish","format-standard","has-post-thumbnail","","category-ibc-unternehmen","tag-fassheizung","tag-heizmantel","tag-heizmantel-fuer-lebensmitteltanks","tag-ibc","tag-ibc-container","tag-lagerfaesser","tag-lagerung","tag-lebensmittelindustrie"],"yoast_head":"<!-- This site is optimized with the Yoast SEO plugin v23.5 - https:\/\/yoast.com\/wordpress\/plugins\/seo\/ -->\n<title>Heizmantel f\u00fcr Lebensmitteltanks - REKUBIK\u00ae Magazin<\/title>\n<meta name=\"description\" content=\"Das Rekubik Magazin berichtet \u00fcber den sinnvollen Einsatz von Heizm\u00e4nteln auf Lebensmitteltanks: \u2714Schutz \u2714Frostschutz \u2714UV-Schutz\" \/>\n<meta name=\"robots\" content=\"index, follow, max-snippet:-1, max-image-preview:large, max-video-preview:-1\" \/>\n<link rel=\"canonical\" href=\"https:\/\/www.rekubik.de\/magazin\/heizmantel-fuer-lebensmitteltanks\/\" \/>\n<meta property=\"og:locale\" content=\"de_DE\" \/>\n<meta property=\"og:type\" content=\"article\" \/>\n<meta property=\"og:title\" content=\"Heizmantel f\u00fcr Lebensmitteltanks - REKUBIK\u00ae Magazin\" \/>\n<meta property=\"og:description\" content=\"Das Rekubik Magazin berichtet \u00fcber den sinnvollen Einsatz von Heizm\u00e4nteln auf Lebensmitteltanks: \u2714Schutz \u2714Frostschutz \u2714UV-Schutz\" \/>\n<meta property=\"og:url\" content=\"https:\/\/www.rekubik.de\/magazin\/heizmantel-fuer-lebensmitteltanks\/\" \/>\n<meta property=\"og:site_name\" content=\"REKUBIK\u00ae Magazin\" \/>\n<meta property=\"article:published_time\" content=\"2019-09-06T12:07:15+00:00\" \/>\n<meta property=\"article:modified_time\" content=\"2024-10-01T12:29:37+00:00\" \/>\n<meta property=\"og:image\" content=\"https:\/\/www.rekubik.de\/magazin\/wp-content\/uploads\/2019\/09\/1000l-IBC-Heizmantel-Thermostat-0-90\u00b0C-230V.jpg\" \/>\n\t<meta property=\"og:image:width\" content=\"850\" \/>\n\t<meta property=\"og:image:height\" content=\"546\" \/>\n\t<meta property=\"og:image:type\" content=\"image\/jpeg\" \/>\n<meta name=\"author\" content=\"admin\" \/>\n<meta name=\"twitter:card\" content=\"summary_large_image\" \/>\n<meta name=\"twitter:label1\" content=\"Geschrieben von\" \/>\n\t<meta name=\"twitter:data1\" content=\"admin\" \/>\n\t<meta name=\"twitter:label2\" content=\"Gesch\u00e4tzte Lesezeit\" \/>\n\t<meta name=\"twitter:data2\" content=\"6\u00a0Minuten\" \/>\n<script type=\"application\/ld+json\" class=\"yoast-schema-graph\">{\"@context\":\"https:\/\/schema.org\",\"@graph\":[{\"@type\":\"Article\",\"@id\":\"https:\/\/www.rekubik.de\/magazin\/heizmantel-fuer-lebensmitteltanks\/#article\",\"isPartOf\":{\"@id\":\"https:\/\/www.rekubik.de\/magazin\/heizmantel-fuer-lebensmitteltanks\/\"},\"author\":{\"name\":\"admin\",\"@id\":\"https:\/\/www.rekubik.de\/magazin\/#\/schema\/person\/d5faea021aac94edeeb8e47cf06771c7\"},\"headline\":\"Heizmantel f\u00fcr Lebensmitteltanks\",\"datePublished\":\"2019-09-06T12:07:15+00:00\",\"dateModified\":\"2024-10-01T12:29:37+00:00\",\"mainEntityOfPage\":{\"@id\":\"https:\/\/www.rekubik.de\/magazin\/heizmantel-fuer-lebensmitteltanks\/\"},\"wordCount\":907,\"publisher\":{\"@id\":\"https:\/\/www.rekubik.de\/magazin\/#organization\"},\"image\":{\"@id\":\"https:\/\/www.rekubik.de\/magazin\/heizmantel-fuer-lebensmitteltanks\/#primaryimage\"},\"thumbnailUrl\":\"https:\/\/www.rekubik.de\/magazin\/wp-content\/uploads\/2019\/09\/1000l-IBC-Heizmantel-Thermostat-0-90\u00b0C-230V.jpg\",\"keywords\":[\"Fassheizung\",\"Heizmantel\",\"Heizmantel f\u00fcr Lebensmitteltanks\",\"IBC\",\"IBC Container\",\"Lagerf\u00e4sser\",\"Lagerung\",\"Lebensmittelindustrie\"],\"articleSection\":[\"IBC IN UNTERNEHMEN\"],\"inLanguage\":\"de\"},{\"@type\":\"WebPage\",\"@id\":\"https:\/\/www.rekubik.de\/magazin\/heizmantel-fuer-lebensmitteltanks\/\",\"url\":\"https:\/\/www.rekubik.de\/magazin\/heizmantel-fuer-lebensmitteltanks\/\",\"name\":\"Heizmantel f\u00fcr Lebensmitteltanks - REKUBIK\u00ae Magazin\",\"isPartOf\":{\"@id\":\"https:\/\/www.rekubik.de\/magazin\/#website\"},\"primaryImageOfPage\":{\"@id\":\"https:\/\/www.rekubik.de\/magazin\/heizmantel-fuer-lebensmitteltanks\/#primaryimage\"},\"image\":{\"@id\":\"https:\/\/www.rekubik.de\/magazin\/heizmantel-fuer-lebensmitteltanks\/#primaryimage\"},\"thumbnailUrl\":\"https:\/\/www.rekubik.de\/magazin\/wp-content\/uploads\/2019\/09\/1000l-IBC-Heizmantel-Thermostat-0-90\u00b0C-230V.jpg\",\"datePublished\":\"2019-09-06T12:07:15+00:00\",\"dateModified\":\"2024-10-01T12:29:37+00:00\",\"description\":\"Das Rekubik Magazin berichtet \u00fcber den sinnvollen Einsatz von Heizm\u00e4nteln auf Lebensmitteltanks: \u2714Schutz \u2714Frostschutz \u2714UV-Schutz\",\"breadcrumb\":{\"@id\":\"https:\/\/www.rekubik.de\/magazin\/heizmantel-fuer-lebensmitteltanks\/#breadcrumb\"},\"inLanguage\":\"de\",\"potentialAction\":[{\"@type\":\"ReadAction\",\"target\":[\"https:\/\/www.rekubik.de\/magazin\/heizmantel-fuer-lebensmitteltanks\/\"]}]},{\"@type\":\"ImageObject\",\"inLanguage\":\"de\",\"@id\":\"https:\/\/www.rekubik.de\/magazin\/heizmantel-fuer-lebensmitteltanks\/#primaryimage\",\"url\":\"https:\/\/www.rekubik.de\/magazin\/wp-content\/uploads\/2019\/09\/1000l-IBC-Heizmantel-Thermostat-0-90\u00b0C-230V.jpg\",\"contentUrl\":\"https:\/\/www.rekubik.de\/magazin\/wp-content\/uploads\/2019\/09\/1000l-IBC-Heizmantel-Thermostat-0-90\u00b0C-230V.jpg\",\"width\":850,\"height\":546},{\"@type\":\"BreadcrumbList\",\"@id\":\"https:\/\/www.rekubik.de\/magazin\/heizmantel-fuer-lebensmitteltanks\/#breadcrumb\",\"itemListElement\":[{\"@type\":\"ListItem\",\"position\":1,\"name\":\"Home\",\"item\":\"https:\/\/www.rekubik.de\/magazin\/\"},{\"@type\":\"ListItem\",\"position\":2,\"name\":\"Heizmantel f\u00fcr Lebensmitteltanks\"}]},{\"@type\":\"WebSite\",\"@id\":\"https:\/\/www.rekubik.de\/magazin\/#website\",\"url\":\"https:\/\/www.rekubik.de\/magazin\/\",\"name\":\"REKUBIK\u00ae Magazin\",\"description\":\"\",\"publisher\":{\"@id\":\"https:\/\/www.rekubik.de\/magazin\/#organization\"},\"potentialAction\":[{\"@type\":\"SearchAction\",\"target\":{\"@type\":\"EntryPoint\",\"urlTemplate\":\"https:\/\/www.rekubik.de\/magazin\/?s={search_term_string}\"},\"query-input\":{\"@type\":\"PropertyValueSpecification\",\"valueRequired\":true,\"valueName\":\"search_term_string\"}}],\"inLanguage\":\"de\"},{\"@type\":\"Organization\",\"@id\":\"https:\/\/www.rekubik.de\/magazin\/#organization\",\"name\":\"Rekubik\",\"url\":\"https:\/\/www.rekubik.de\/magazin\/\",\"logo\":{\"@type\":\"ImageObject\",\"inLanguage\":\"de\",\"@id\":\"https:\/\/www.rekubik.de\/magazin\/#\/schema\/logo\/image\/\",\"url\":\"https:\/\/www.rekubik.de\/magazin\/wp-content\/uploads\/2017\/12\/rekubik-LOGO-Shopware.png\",\"contentUrl\":\"https:\/\/www.rekubik.de\/magazin\/wp-content\/uploads\/2017\/12\/rekubik-LOGO-Shopware.png\",\"width\":200,\"height\":50,\"caption\":\"Rekubik\"},\"image\":{\"@id\":\"https:\/\/www.rekubik.de\/magazin\/#\/schema\/logo\/image\/\"}},{\"@type\":\"Person\",\"@id\":\"https:\/\/www.rekubik.de\/magazin\/#\/schema\/person\/d5faea021aac94edeeb8e47cf06771c7\",\"name\":\"admin\",\"image\":{\"@type\":\"ImageObject\",\"inLanguage\":\"de\",\"@id\":\"https:\/\/www.rekubik.de\/magazin\/#\/schema\/person\/image\/\",\"url\":\"https:\/\/secure.gravatar.com\/avatar\/a794a4fe8a9b9c52241597eb381dfa2e?s=96&d=mm&r=g\",\"contentUrl\":\"https:\/\/secure.gravatar.com\/avatar\/a794a4fe8a9b9c52241597eb381dfa2e?s=96&d=mm&r=g\",\"caption\":\"admin\"}}]}<\/script>\n<!-- \/ Yoast SEO plugin. -->","yoast_head_json":{"title":"Heizmantel f\u00fcr Lebensmitteltanks - REKUBIK\u00ae Magazin","description":"Das Rekubik Magazin berichtet \u00fcber den sinnvollen Einsatz von Heizm\u00e4nteln auf Lebensmitteltanks: \u2714Schutz \u2714Frostschutz \u2714UV-Schutz","robots":{"index":"index","follow":"follow","max-snippet":"max-snippet:-1","max-image-preview":"max-image-preview:large","max-video-preview":"max-video-preview:-1"},"canonical":"https:\/\/www.rekubik.de\/magazin\/heizmantel-fuer-lebensmitteltanks\/","og_locale":"de_DE","og_type":"article","og_title":"Heizmantel f\u00fcr Lebensmitteltanks - REKUBIK\u00ae Magazin","og_description":"Das Rekubik Magazin berichtet \u00fcber den sinnvollen Einsatz von Heizm\u00e4nteln auf Lebensmitteltanks: \u2714Schutz \u2714Frostschutz \u2714UV-Schutz","og_url":"https:\/\/www.rekubik.de\/magazin\/heizmantel-fuer-lebensmitteltanks\/","og_site_name":"REKUBIK\u00ae Magazin","article_published_time":"2019-09-06T12:07:15+00:00","article_modified_time":"2024-10-01T12:29:37+00:00","og_image":[{"width":850,"height":546,"url":"https:\/\/www.rekubik.de\/magazin\/wp-content\/uploads\/2019\/09\/1000l-IBC-Heizmantel-Thermostat-0-90\u00b0C-230V.jpg","type":"image\/jpeg"}],"author":"admin","twitter_card":"summary_large_image","twitter_misc":{"Geschrieben von":"admin","Gesch\u00e4tzte Lesezeit":"6\u00a0Minuten"},"schema":{"@context":"https:\/\/schema.org","@graph":[{"@type":"Article","@id":"https:\/\/www.rekubik.de\/magazin\/heizmantel-fuer-lebensmitteltanks\/#article","isPartOf":{"@id":"https:\/\/www.rekubik.de\/magazin\/heizmantel-fuer-lebensmitteltanks\/"},"author":{"name":"admin","@id":"https:\/\/www.rekubik.de\/magazin\/#\/schema\/person\/d5faea021aac94edeeb8e47cf06771c7"},"headline":"Heizmantel f\u00fcr Lebensmitteltanks","datePublished":"2019-09-06T12:07:15+00:00","dateModified":"2024-10-01T12:29:37+00:00","mainEntityOfPage":{"@id":"https:\/\/www.rekubik.de\/magazin\/heizmantel-fuer-lebensmitteltanks\/"},"wordCount":907,"publisher":{"@id":"https:\/\/www.rekubik.de\/magazin\/#organization"},"image":{"@id":"https:\/\/www.rekubik.de\/magazin\/heizmantel-fuer-lebensmitteltanks\/#primaryimage"},"thumbnailUrl":"https:\/\/www.rekubik.de\/magazin\/wp-content\/uploads\/2019\/09\/1000l-IBC-Heizmantel-Thermostat-0-90\u00b0C-230V.jpg","keywords":["Fassheizung","Heizmantel","Heizmantel f\u00fcr Lebensmitteltanks","IBC","IBC Container","Lagerf\u00e4sser","Lagerung","Lebensmittelindustrie"],"articleSection":["IBC IN UNTERNEHMEN"],"inLanguage":"de"},{"@type":"WebPage","@id":"https:\/\/www.rekubik.de\/magazin\/heizmantel-fuer-lebensmitteltanks\/","url":"https:\/\/www.rekubik.de\/magazin\/heizmantel-fuer-lebensmitteltanks\/","name":"Heizmantel f\u00fcr Lebensmitteltanks - REKUBIK\u00ae Magazin","isPartOf":{"@id":"https:\/\/www.rekubik.de\/magazin\/#website"},"primaryImageOfPage":{"@id":"https:\/\/www.rekubik.de\/magazin\/heizmantel-fuer-lebensmitteltanks\/#primaryimage"},"image":{"@id":"https:\/\/www.rekubik.de\/magazin\/heizmantel-fuer-lebensmitteltanks\/#primaryimage"},"thumbnailUrl":"https:\/\/www.rekubik.de\/magazin\/wp-content\/uploads\/2019\/09\/1000l-IBC-Heizmantel-Thermostat-0-90\u00b0C-230V.jpg","datePublished":"2019-09-06T12:07:15+00:00","dateModified":"2024-10-01T12:29:37+00:00","description":"Das Rekubik Magazin berichtet \u00fcber den sinnvollen Einsatz von Heizm\u00e4nteln auf Lebensmitteltanks: \u2714Schutz \u2714Frostschutz \u2714UV-Schutz","breadcrumb":{"@id":"https:\/\/www.rekubik.de\/magazin\/heizmantel-fuer-lebensmitteltanks\/#breadcrumb"},"inLanguage":"de","potentialAction":[{"@type":"ReadAction","target":["https:\/\/www.rekubik.de\/magazin\/heizmantel-fuer-lebensmitteltanks\/"]}]},{"@type":"ImageObject","inLanguage":"de","@id":"https:\/\/www.rekubik.de\/magazin\/heizmantel-fuer-lebensmitteltanks\/#primaryimage","url":"https:\/\/www.rekubik.de\/magazin\/wp-content\/uploads\/2019\/09\/1000l-IBC-Heizmantel-Thermostat-0-90\u00b0C-230V.jpg","contentUrl":"https:\/\/www.rekubik.de\/magazin\/wp-content\/uploads\/2019\/09\/1000l-IBC-Heizmantel-Thermostat-0-90\u00b0C-230V.jpg","width":850,"height":546},{"@type":"BreadcrumbList","@id":"https:\/\/www.rekubik.de\/magazin\/heizmantel-fuer-lebensmitteltanks\/#breadcrumb","itemListElement":[{"@type":"ListItem","position":1,"name":"Home","item":"https:\/\/www.rekubik.de\/magazin\/"},{"@type":"ListItem","position":2,"name":"Heizmantel f\u00fcr Lebensmitteltanks"}]},{"@type":"WebSite","@id":"https:\/\/www.rekubik.de\/magazin\/#website","url":"https:\/\/www.rekubik.de\/magazin\/","name":"REKUBIK\u00ae Magazin","description":"","publisher":{"@id":"https:\/\/www.rekubik.de\/magazin\/#organization"},"potentialAction":[{"@type":"SearchAction","target":{"@type":"EntryPoint","urlTemplate":"https:\/\/www.rekubik.de\/magazin\/?s={search_term_string}"},"query-input":{"@type":"PropertyValueSpecification","valueRequired":true,"valueName":"search_term_string"}}],"inLanguage":"de"},{"@type":"Organization","@id":"https:\/\/www.rekubik.de\/magazin\/#organization","name":"Rekubik","url":"https:\/\/www.rekubik.de\/magazin\/","logo":{"@type":"ImageObject","inLanguage":"de","@id":"https:\/\/www.rekubik.de\/magazin\/#\/schema\/logo\/image\/","url":"https:\/\/www.rekubik.de\/magazin\/wp-content\/uploads\/2017\/12\/rekubik-LOGO-Shopware.png","contentUrl":"https:\/\/www.rekubik.de\/magazin\/wp-content\/uploads\/2017\/12\/rekubik-LOGO-Shopware.png","width":200,"height":50,"caption":"Rekubik"},"image":{"@id":"https:\/\/www.rekubik.de\/magazin\/#\/schema\/logo\/image\/"}},{"@type":"Person","@id":"https:\/\/www.rekubik.de\/magazin\/#\/schema\/person\/d5faea021aac94edeeb8e47cf06771c7","name":"admin","image":{"@type":"ImageObject","inLanguage":"de","@id":"https:\/\/www.rekubik.de\/magazin\/#\/schema\/person\/image\/","url":"https:\/\/secure.gravatar.com\/avatar\/a794a4fe8a9b9c52241597eb381dfa2e?s=96&d=mm&r=g","contentUrl":"https:\/\/secure.gravatar.com\/avatar\/a794a4fe8a9b9c52241597eb381dfa2e?s=96&d=mm&r=g","caption":"admin"}}]}},"_links":{"self":[{"href":"https:\/\/www.rekubik.de\/magazin\/wp-json\/wp\/v2\/posts\/5721"}],"collection":[{"href":"https:\/\/www.rekubik.de\/magazin\/wp-json\/wp\/v2\/posts"}],"about":[{"href":"https:\/\/www.rekubik.de\/magazin\/wp-json\/wp\/v2\/types\/post"}],"author":[{"embeddable":true,"href":"https:\/\/www.rekubik.de\/magazin\/wp-json\/wp\/v2\/users\/1"}],"replies":[{"embeddable":true,"href":"https:\/\/www.rekubik.de\/magazin\/wp-json\/wp\/v2\/comments?post=5721"}],"version-history":[{"count":18,"href":"https:\/\/www.rekubik.de\/magazin\/wp-json\/wp\/v2\/posts\/5721\/revisions"}],"predecessor-version":[{"id":21531,"href":"https:\/\/www.rekubik.de\/magazin\/wp-json\/wp\/v2\/posts\/5721\/revisions\/21531"}],"wp:featuredmedia":[{"embeddable":true,"href":"https:\/\/www.rekubik.de\/magazin\/wp-json\/wp\/v2\/media\/5723"}],"wp:attachment":[{"href":"https:\/\/www.rekubik.de\/magazin\/wp-json\/wp\/v2\/media?parent=5721"}],"wp:term":[{"taxonomy":"category","embeddable":true,"href":"https:\/\/www.rekubik.de\/magazin\/wp-json\/wp\/v2\/categories?post=5721"},{"taxonomy":"post_tag","embeddable":true,"href":"https:\/\/www.rekubik.de\/magazin\/wp-json\/wp\/v2\/tags?post=5721"}],"curies":[{"name":"wp","href":"https:\/\/api.w.org\/{rel}","templated":true}]}}