{"id":6286,"date":"2019-10-09T08:25:55","date_gmt":"2019-10-09T06:25:55","guid":{"rendered":"https:\/\/www.rekubik.de\/magazin\/?p=6286"},"modified":"2024-10-01T14:55:11","modified_gmt":"2024-10-01T12:55:11","slug":"aussergewoehnliche-gartenmoebel","status":"publish","type":"post","link":"https:\/\/www.rekubik.de\/magazin\/aussergewoehnliche-gartenmoebel\/","title":{"rendered":"Au\u00dfergew\u00f6hnliche Gartenm\u00f6bel"},"content":{"rendered":"<h2>\u00ab Der IBC Container mal anders \u00bb<\/h2>\n<p style=\"text-align: justify;\"><strong>Man kennt den <\/strong><a href=\"https:\/\/www.rekubik.de\/ibc-container\/\"><strong>IBC Container<\/strong><\/a><strong> klassisch aus der Industrie oder als Wassertank f\u00fcr den Garten. Immer mehr Heimwerker und T\u00fcftler entdecken aber die Vielseitigkeit des typischen Brauchwassertanks. Hundeh\u00fctten, <\/strong><a href=\"https:\/\/www.rekubik.de\/magazin\/aquaponik\/\"><strong>Aquaponik-Anlagen<\/strong><\/a><strong> oder sogar der <\/strong><a href=\"https:\/\/www.rekubik.de\/magazin\/ibc-pool-bauen\/\"><strong>IBC-Pool<\/strong><\/a><strong> sind klassische Beispiele daf\u00fcr, wie kreativ und umfangreich die kultigen Wassertanks eingesetzt werden k\u00f6nnen. Nat\u00fcrlich passt ein Wassertank auch wunderbar als au\u00dfergew\u00f6hnliches Gartenm\u00f6bel, dass sich v\u00f6llig der Norm enthebt und somit besonders kreativ im Garten, aber nat\u00fcrlich auch in der Gastronomie seinen Mehrzweck findet.<\/strong><\/p>\n<h2>Von der Gartenbew\u00e4sserung zur kreativen Ablagefl\u00e4che<\/h2>\n<p style=\"text-align: justify;\">Der Intermediate Bulk Container ist l\u00e4ngst in sehr vielen G\u00e4rten zu finden. Dort dient er meist als Wassertank f\u00fcr die Gartenbew\u00e4sserung. Insbesondere die Regenwassernutzung ist mit ihm geradezu ein Kinderspiel. Auf den ersten Blick k\u00f6nnen sich wohl nur sehr wenige Menschen vorstellen, dass dieser schn\u00f6de Tank sich auch als schickes M\u00f6bel f\u00fcr den Garten nutzen l\u00e4sst. Sein kaltes Industriedesign wirkt auf den ersten Blick jedenfalls wenig einladend oder gar freundlich. Dennoch lassen sich aus Gartentanks ohne viel Aufwand au\u00dfergew\u00f6hnliche Gartenm\u00f6bel machen, die dann tats\u00e4chlich auch das Pr\u00e4dikat au\u00dfergew\u00f6hnlich verdienen. So kann ein <a href=\"https:\/\/www.rekubik.de\/ibc-container\/gebrauchte-ibc\/\">gebrauchter Wassertank<\/a> beispielsweise in einen Tisch umgewandelt werden, der dann garantiert Eindruck macht. Er eignet sich aber auch sonst als gestaltendes Element im Garten. So lassen aus mehreren Gartentanks etwa Trennelemente konstruieren, die bestimmte Bereiche des Gartens voneinander abgrenzen. Wird die Tankblase des Gebindes dabei von innen mit <a href=\"https:\/\/www.rekubik.de\/ibc-container\/led-kubik\/\">LEDs in unterschiedlichen Farben<\/a> beleuchtet, entsteht definitiv ein Highlight im Garten, das einen an lauen Sommerabenden verzaubert und auf jeder Gartenparty f\u00fcr eine ganz besondere Atmosph\u00e4re sorgt.<\/p>\n<p><a href=\"https:\/\/www.rekubik.de\/ibc-container\/led-kubik\/600l-ibc-led-kubik-stehtisch-auf-pe-palette\"><img loading=\"lazy\" decoding=\"async\" class=\"aligncenter wp-image-6294\" title=\"LED Kubik\u00ae Stehtisch\" src=\"https:\/\/www.rekubik.de\/magazin\/wp-content\/uploads\/2020\/10\/IBC-Container-mit-Tischplatte.jpg\" alt=\"LED Kubik\u00ae Stehtisch\" width=\"467\" height=\"452\" srcset=\"https:\/\/www.rekubik.de\/magazin\/wp-content\/uploads\/2020\/10\/IBC-Container-mit-Tischplatte.jpg 768w, https:\/\/www.rekubik.de\/magazin\/wp-content\/uploads\/2020\/10\/IBC-Container-mit-Tischplatte-300x290.jpg 300w\" sizes=\"(max-width: 467px) 100vw, 467px\" \/><\/a><\/p>\n<h2>Der au\u00dfergew\u00f6hnliche Gartentisch<\/h2>\n<p style=\"text-align: justify;\">Die Vorstellung, dass sich ausgerechnet in einem Lagertank au\u00dfergew\u00f6hnliche Gartenm\u00f6bel verbergen, mag f\u00fcr so manchen zun\u00e4chst etwas absurd klingen. Das Ensemble aus Tankblase, Gitterbox und Europalette wirkt n\u00e4mlich alles andere als gem\u00fctlich oder gar optisch reizvoll. Aber gerade der Dreh, aus einem schn\u00f6den Industrieprodukt, das zugegebenerma\u00dfen ziemlich unansehnlich ist, etwas ganz anderes, neues zu kreieren, entfaltet durchaus seine Wirkung. Es ist der spezielle Kontrast, der dabei den besonderen Reiz ausmacht. Nun l\u00e4sst sich so ein Container nat\u00fcrlich nicht zu einem Gartenstuhl oder einer gem\u00fctlichen Liege umfunktionieren. Was sich jedoch sehr leicht realisieren l\u00e4sst, ist ein Tisch. Der IBC selbst dient dabei als Unterbau, auf den einfach nur eine Tischplatte in der passenden Gr\u00f6\u00dfe aufgelegt wird. Ist die Platte aus Holz oder einem Kunststoff schwer genug, muss sie meistens noch nicht einmal befestigt werden. Entsprechende Platten gibt es in jedem Baumarkt oder auch schon extra f\u00fcr Intermediate Bulk Container zugeschnitten.<\/p>\n<p>\u00a0 \u00a0<img loading=\"lazy\" decoding=\"async\" class=\"alignnone wp-image-6296\" title=\"Tischplatte f\u00fcr IBC Container als Stehtisch\" src=\"https:\/\/www.rekubik.de\/magazin\/wp-content\/uploads\/2020\/10\/LED-Kubik-R-Tischplatte-1592bc3ecb4647-1.jpg\" alt=\"Tischplatte f\u00fcr IBC Container als Stehtisch\" width=\"550\" height=\"167\" srcset=\"https:\/\/www.rekubik.de\/magazin\/wp-content\/uploads\/2020\/10\/LED-Kubik-R-Tischplatte-1592bc3ecb4647-1.jpg 768w, https:\/\/www.rekubik.de\/magazin\/wp-content\/uploads\/2020\/10\/LED-Kubik-R-Tischplatte-1592bc3ecb4647-1-300x91.jpg 300w\" sizes=\"(max-width: 550px) 100vw, 550px\" \/> \u00a0 \u00a0 <img loading=\"lazy\" decoding=\"async\" class=\"alignnone wp-image-6304\" title=\"LED Leuchteinheit f\u00fcr IBC Container\" src=\"https:\/\/www.rekubik.de\/magazin\/wp-content\/uploads\/2020\/10\/LED-Leuchteinheit-f\u00fcr-IBC-Container-1.jpg\" alt=\"LED Leuchteinheit f\u00fcr IBC Container\" width=\"140\" height=\"287\" srcset=\"https:\/\/www.rekubik.de\/magazin\/wp-content\/uploads\/2020\/10\/LED-Leuchteinheit-f\u00fcr-IBC-Container-1.jpg 374w, https:\/\/www.rekubik.de\/magazin\/wp-content\/uploads\/2020\/10\/LED-Leuchteinheit-f\u00fcr-IBC-Container-1-146x300.jpg 146w\" sizes=\"(max-width: 140px) 100vw, 140px\" \/><\/p>\n<p style=\"text-align: justify;\">Der Tisch, der auf diese Weise entstanden ist, kann dann im Garten beispielsweise als au\u00dfergew\u00f6hnlicher Stehtisch verwendet werden. Er kann beim nachmitt\u00e4glichen Kaffeetrinken ebenso verwendet werden wie bei der abendlichen Gartenparty. F\u00fcr letztere bietet es sich au\u00dferdem an, das Gartenm\u00f6bel zu beleuchten. Dazu besorgt man sich einfach einen speziellen Satz an LED-Leuchten und baut diesen dann in die Tankblase ein. Die Beleuchtung findet dann von innen heraus statt und bestrahlt alle vier Seiten gleichm\u00e4\u00dfig in unterschiedlichen, in einem gewissen Rhythmus wechselnden Farben. Der Zugang findet dabei \u00fcber die Einf\u00fcll\u00f6ffnung statt, das Kabel kann durch den Auslaufstutzen nach drau\u00dfen gef\u00fchrt werden. Der Einbau ist sehr leicht und schnell erledigt. Wer es noch bequemer mag greift am besten auf einen IBC zur\u00fcck, in dem die LED-Einheit in der Tankblase bereist vorinstalliert ist. Solche Komplettl\u00f6sungen firmieren beispielsweise unter der Bezeichnung LED Kubik. Und noch ein kleiner Hinweis: Mehrere Tanks lassen sich aneinandergereiht zu einem langen Tisch kombinieren. Sie k\u00f6nnen auch als au\u00dfergew\u00f6hnliche Bar oder Tresen verwendet werden. Empfehlenswert ist dann allerdings eine durchgehende Tischplatte. Einen IBC-Container als au\u00dfergew\u00f6hnliches Gartenm\u00f6bel zu nutzen, ist ein echter Hingucker und bringt einen Hauch von industriellem Chic auf jedes Gartengrundst\u00fcck. Dieser moderne Designansatz steht im Kontrast zu herk\u00f6mmlichen Gartenm\u00f6beln und zieht die Blicke auf sich, indem er einen unkonventionellen und trendigen Look schafft. Der Tisch ist weit mehr als nur ein praktisches Element; er ist eine Leinwand f\u00fcr pers\u00f6nliche Ausdrucksformen und bietet als Gartenm\u00f6bel vielf\u00e4ltige Gestaltungsm\u00f6glichkeiten. Die Au\u00dfenfl\u00e4che des Containers eignet sich hervorragend, um kreative Ideen zum Leben zu erwecken. Mit Farben, Beleuchtung und verschiedenen Dekorationen l\u00e4sst sich der Gartentisch individuell anpassen und kann so zum Ausdruck der eigenen Pers\u00f6nlichkeit werden. \u00dcber seine praktische Funktion als Tisch hinaus wird das als au\u00dfergew\u00f6hnliches Gartenm\u00f6bel umfunktionierte Gebinde somit zum Statement-Piece, das den Gartenbesitzer als jemanden ausweist, der Kreativit\u00e4t sch\u00e4tzt und zugleich Wert auf Nachhaltigkeit und innovatives Design legt. Es ist diese Kombination aus \u00c4sthetik und Funktion, die den IBC-Tisch zu einem au\u00dfergew\u00f6hnlichen Gartenm\u00f6bel macht, das sowohl im Alltag n\u00fctzlich ist als auch bei jeder Gartenparty zum Gespr\u00e4chsthema wird.<\/p>\n<p>\u00a0 <a href=\"https:\/\/www.rekubik.de\/ibc-container\/gitterboxen\/ibc-gitterbox-auf-stahlpalette-gebraucht\"><img loading=\"lazy\" decoding=\"async\" class=\"alignnone wp-image-6314\" title=\"IBC Gitterbox auf Stahlpalette\" src=\"https:\/\/www.rekubik.de\/magazin\/wp-content\/uploads\/2020\/10\/IBC-Gitterbox-auf-Stahlpalette-1.jpg\" alt=\"IBC Gitterbox auf Stahlpalette\" width=\"324\" height=\"323\" srcset=\"https:\/\/www.rekubik.de\/magazin\/wp-content\/uploads\/2020\/10\/IBC-Gitterbox-auf-Stahlpalette-1.jpg 400w, https:\/\/www.rekubik.de\/magazin\/wp-content\/uploads\/2020\/10\/IBC-Gitterbox-auf-Stahlpalette-1-300x300.jpg 300w, https:\/\/www.rekubik.de\/magazin\/wp-content\/uploads\/2020\/10\/IBC-Gitterbox-auf-Stahlpalette-1-150x150.jpg 150w\" sizes=\"(max-width: 324px) 100vw, 324px\" \/><\/a> \u00a0 \u00a0 \u00a0 \u00a0<a href=\"https:\/\/www.rekubik.de\/ibc-container\/led-kubik\/1000l-ibc-led-kubik-stehtisch-auf-pe-palette\"><img loading=\"lazy\" decoding=\"async\" class=\"wp-image-6300 alignnone\" title=\"LED Kubik\u00ae Stehtisch\" src=\"https:\/\/www.rekubik.de\/magazin\/wp-content\/uploads\/2020\/10\/LED-Kubik-R-IBC-Container-mit-Tischplatte1.jpg\" alt=\"LED Kubik\u00ae Stehtisch\" width=\"389\" height=\"312\" srcset=\"https:\/\/www.rekubik.de\/magazin\/wp-content\/uploads\/2020\/10\/LED-Kubik-R-IBC-Container-mit-Tischplatte1.jpg 768w, https:\/\/www.rekubik.de\/magazin\/wp-content\/uploads\/2020\/10\/LED-Kubik-R-IBC-Container-mit-Tischplatte1-300x241.jpg 300w\" sizes=\"(max-width: 389px) 100vw, 389px\" \/><\/a><\/p>\n<h2>Raffinierte Trennelemente f\u00fcr jeden Garten<\/h2>\n<p style=\"text-align: justify;\">IBCs lassen sich nicht nur zu Tischen umgestalten, sie k\u00f6nnen im Garten auch als au\u00dfergew\u00f6hnliche Trennelemente genutzt werden. Zu denken w\u00e4re hier beispielsweise an eine Trennung zwischen dem Beetbereich und der Rasenfl\u00e4che, oder dem Terrassenbereich und Gem\u00fcsebeet. Dazu reiht man einfach mehrere Tanks im jeweiligen Grenzbereich aneinander. Sie funktionieren dann wie ein Raumteiler in der Wohnung. M\u00f6glich ist es auch, mehrere Container \u00fcbereinander zu stapeln. So entsteht eine kleine Mauer, die auch als Sichtschutz dienen kann. Selbstverst\u00e4ndlich m\u00fcssen die Intermediate Bulk Container aufgeh\u00fcbscht werden. Auch hier ist eine Beleuchtung m\u00f6glich \u2013 entweder durch den Selbsteinbau oder durch einen LED Kubik. Abends und nachts l\u00e4sst sich dann der Garten wundervoll illuminieren. Jede Wette, dass dieser Anblick dem von Gartenfackeln oder Lampions Konkurrenz macht. Reizvoll ist es aber auch, den Boden um die Container herum mit nach oben ranken Pflanzen zu best\u00fccken. Die Gitterboxen bieten sich mit ihren L\u00e4ngs- und Querstreben ja als au\u00dfergew\u00f6hnliche Rankhilfen geradezu an. Efeu oder wilder Wein sind eine ideale Bepflanzungsm\u00f6glichkeit, die dem Container einen weiteren Mehrwert zugutekommen l\u00e4sst.<\/p>\n<p><img loading=\"lazy\" decoding=\"async\" class=\"aligncenter size-full wp-image-6308\" src=\"https:\/\/www.rekubik.de\/magazin\/wp-content\/uploads\/2020\/10\/IBC-Wand.jpg\" alt=\"\" width=\"800\" height=\"533\" srcset=\"https:\/\/www.rekubik.de\/magazin\/wp-content\/uploads\/2020\/10\/IBC-Wand.jpg 800w, https:\/\/www.rekubik.de\/magazin\/wp-content\/uploads\/2020\/10\/IBC-Wand-300x200.jpg 300w, https:\/\/www.rekubik.de\/magazin\/wp-content\/uploads\/2020\/10\/IBC-Wand-768x512.jpg 768w\" sizes=\"(max-width: 800px) 100vw, 800px\" \/><\/p>\n<h2>Au\u00dfergew\u00f6hnliche Gartenm\u00f6bel f\u00fcr eine raffinierte Gartengestaltung<\/h2>\n<p style=\"text-align: justify;\">Gartenm\u00f6bel geh\u00f6ren zu jedem Garten praktisch dazu. Sie sind in jedem Bau- oder Gartenfachmarkt zu bekommen. Die wenigsten von ihnen w\u00fcrde man jedoch als au\u00dfergew\u00f6hnliche Gartenm\u00f6bel bezeichnen. Viele davon sind eher gleichf\u00f6rmig nach den immer gleichen Vorgaben gestaltet. Wer sich auf IBCs bei der Gartengestaltung einl\u00e4sst, geht hingegen einen vollkommen anderen Weg. Er beweist damit nicht nur Kreativit\u00e4t und Individualit\u00e4t, sondern auch ein klein wenig Mut. Mitunter l\u00e4sst sich auch aus einem bereits vorhandenen Tanks ein schickes M\u00f6bel machen. Und wenn es ganz gut l\u00e4uft, ist sogar eine Doppelnutzung m\u00f6glich. Abh\u00e4ngig vom Standort kann so beispielsweise ein Regenwassertank bei Bedarf auch als Tisch genutzt werden.<\/p>\n","protected":false},"excerpt":{"rendered":"<p>\u00ab Der IBC Container mal anders \u00bb Man kennt den IBC Container klassisch aus der Industrie oder als Wassertank f\u00fcr den Garten. Immer mehr Heimwerker und T\u00fcftler entdecken aber die Vielseitigkeit des typischen Brauchwassertanks. Hundeh\u00fctten, Aquaponik-Anlagen oder sogar der IBC-Pool sind klassische Beispiele daf\u00fcr, wie kreativ und umfangreich die kultigen Wassertanks eingesetzt werden k\u00f6nnen. Nat\u00fcrlich &hellip;<\/p>\n","protected":false},"author":1,"featured_media":6292,"comment_status":"closed","ping_status":"open","sticky":false,"template":"","format":"standard","meta":{"footnotes":""},"categories":[1],"tags":[686,47,691,690,7,687,625,90,688,689,12],"class_list":["post-6286","post","type-post","status-publish","format-standard","has-post-thumbnail","","category-ibc-garten","tag-aussergewoehnliche-gartenmoebel","tag-garten","tag-gartengestaltung","tag-gartentisch","tag-ibc","tag-kreativ","tag-kubik","tag-led","tag-praktisch","tag-tisch","tag-wassertank"],"yoast_head":"<!-- This site is optimized with the Yoast SEO plugin v23.5 - https:\/\/yoast.com\/wordpress\/plugins\/seo\/ -->\n<title>Au\u00dfergew\u00f6hnliche Gartenm\u00f6bel - REKUBIK\u00ae Magazin<\/title>\n<meta name=\"description\" content=\"IBC Container als sch\u00f6ne, au\u00dfergew\u00f6hnliche Gartenm\u00f6bel \u2013 unm\u00f6glich? Das Magazin von Rekubik beweist Ihnen das Gegenteil!\" \/>\n<meta name=\"robots\" content=\"index, follow, max-snippet:-1, max-image-preview:large, max-video-preview:-1\" \/>\n<link rel=\"canonical\" href=\"https:\/\/www.rekubik.de\/magazin\/aussergewoehnliche-gartenmoebel\/\" \/>\n<meta property=\"og:locale\" content=\"de_DE\" \/>\n<meta property=\"og:type\" content=\"article\" \/>\n<meta property=\"og:title\" content=\"Au\u00dfergew\u00f6hnliche Gartenm\u00f6bel - REKUBIK\u00ae Magazin\" \/>\n<meta property=\"og:description\" content=\"IBC Container als sch\u00f6ne, au\u00dfergew\u00f6hnliche Gartenm\u00f6bel \u2013 unm\u00f6glich? Das Magazin von Rekubik beweist Ihnen das Gegenteil!\" \/>\n<meta property=\"og:url\" content=\"https:\/\/www.rekubik.de\/magazin\/aussergewoehnliche-gartenmoebel\/\" \/>\n<meta property=\"og:site_name\" content=\"REKUBIK\u00ae Magazin\" \/>\n<meta property=\"article:published_time\" content=\"2019-10-09T06:25:55+00:00\" \/>\n<meta property=\"article:modified_time\" content=\"2024-10-01T12:55:11+00:00\" \/>\n<meta property=\"og:image\" content=\"https:\/\/www.rekubik.de\/magazin\/wp-content\/uploads\/2020\/10\/Au\u00dfergew\u00f6hnliche-Gartenm\u00f6bel.jpg\" \/>\n\t<meta property=\"og:image:width\" content=\"800\" \/>\n\t<meta property=\"og:image:height\" content=\"433\" \/>\n\t<meta property=\"og:image:type\" content=\"image\/jpeg\" \/>\n<meta name=\"author\" content=\"admin\" \/>\n<meta name=\"twitter:card\" content=\"summary_large_image\" \/>\n<meta name=\"twitter:label1\" content=\"Geschrieben von\" \/>\n\t<meta name=\"twitter:data1\" content=\"admin\" \/>\n\t<meta name=\"twitter:label2\" content=\"Gesch\u00e4tzte Lesezeit\" \/>\n\t<meta name=\"twitter:data2\" content=\"8\u00a0Minuten\" \/>\n<script type=\"application\/ld+json\" class=\"yoast-schema-graph\">{\"@context\":\"https:\/\/schema.org\",\"@graph\":[{\"@type\":\"Article\",\"@id\":\"https:\/\/www.rekubik.de\/magazin\/aussergewoehnliche-gartenmoebel\/#article\",\"isPartOf\":{\"@id\":\"https:\/\/www.rekubik.de\/magazin\/aussergewoehnliche-gartenmoebel\/\"},\"author\":{\"name\":\"admin\",\"@id\":\"https:\/\/www.rekubik.de\/magazin\/#\/schema\/person\/d5faea021aac94edeeb8e47cf06771c7\"},\"headline\":\"Au\u00dfergew\u00f6hnliche Gartenm\u00f6bel\",\"datePublished\":\"2019-10-09T06:25:55+00:00\",\"dateModified\":\"2024-10-01T12:55:11+00:00\",\"mainEntityOfPage\":{\"@id\":\"https:\/\/www.rekubik.de\/magazin\/aussergewoehnliche-gartenmoebel\/\"},\"wordCount\":1163,\"publisher\":{\"@id\":\"https:\/\/www.rekubik.de\/magazin\/#organization\"},\"image\":{\"@id\":\"https:\/\/www.rekubik.de\/magazin\/aussergewoehnliche-gartenmoebel\/#primaryimage\"},\"thumbnailUrl\":\"https:\/\/www.rekubik.de\/magazin\/wp-content\/uploads\/2020\/10\/Au\u00dfergew\u00f6hnliche-Gartenm\u00f6bel.jpg\",\"keywords\":[\"Au\u00dfergew\u00f6hnliche Gartenm\u00f6bel\",\"Garten\",\"Gartengestaltung\",\"Gartentisch\",\"IBC\",\"kreativ\",\"Kubik\",\"LED\",\"praktisch\",\"Tisch\",\"Wassertank\"],\"articleSection\":[\"IBC IM GARTEN\"],\"inLanguage\":\"de\"},{\"@type\":\"WebPage\",\"@id\":\"https:\/\/www.rekubik.de\/magazin\/aussergewoehnliche-gartenmoebel\/\",\"url\":\"https:\/\/www.rekubik.de\/magazin\/aussergewoehnliche-gartenmoebel\/\",\"name\":\"Au\u00dfergew\u00f6hnliche Gartenm\u00f6bel - REKUBIK\u00ae Magazin\",\"isPartOf\":{\"@id\":\"https:\/\/www.rekubik.de\/magazin\/#website\"},\"primaryImageOfPage\":{\"@id\":\"https:\/\/www.rekubik.de\/magazin\/aussergewoehnliche-gartenmoebel\/#primaryimage\"},\"image\":{\"@id\":\"https:\/\/www.rekubik.de\/magazin\/aussergewoehnliche-gartenmoebel\/#primaryimage\"},\"thumbnailUrl\":\"https:\/\/www.rekubik.de\/magazin\/wp-content\/uploads\/2020\/10\/Au\u00dfergew\u00f6hnliche-Gartenm\u00f6bel.jpg\",\"datePublished\":\"2019-10-09T06:25:55+00:00\",\"dateModified\":\"2024-10-01T12:55:11+00:00\",\"description\":\"IBC Container als sch\u00f6ne, au\u00dfergew\u00f6hnliche Gartenm\u00f6bel \u2013 unm\u00f6glich? Das Magazin von Rekubik beweist Ihnen das Gegenteil!\",\"breadcrumb\":{\"@id\":\"https:\/\/www.rekubik.de\/magazin\/aussergewoehnliche-gartenmoebel\/#breadcrumb\"},\"inLanguage\":\"de\",\"potentialAction\":[{\"@type\":\"ReadAction\",\"target\":[\"https:\/\/www.rekubik.de\/magazin\/aussergewoehnliche-gartenmoebel\/\"]}]},{\"@type\":\"ImageObject\",\"inLanguage\":\"de\",\"@id\":\"https:\/\/www.rekubik.de\/magazin\/aussergewoehnliche-gartenmoebel\/#primaryimage\",\"url\":\"https:\/\/www.rekubik.de\/magazin\/wp-content\/uploads\/2020\/10\/Au\u00dfergew\u00f6hnliche-Gartenm\u00f6bel.jpg\",\"contentUrl\":\"https:\/\/www.rekubik.de\/magazin\/wp-content\/uploads\/2020\/10\/Au\u00dfergew\u00f6hnliche-Gartenm\u00f6bel.jpg\",\"width\":800,\"height\":433,\"caption\":\"\u00a9 winyu - stock.adobe.com\"},{\"@type\":\"BreadcrumbList\",\"@id\":\"https:\/\/www.rekubik.de\/magazin\/aussergewoehnliche-gartenmoebel\/#breadcrumb\",\"itemListElement\":[{\"@type\":\"ListItem\",\"position\":1,\"name\":\"Home\",\"item\":\"https:\/\/www.rekubik.de\/magazin\/\"},{\"@type\":\"ListItem\",\"position\":2,\"name\":\"Au\u00dfergew\u00f6hnliche Gartenm\u00f6bel\"}]},{\"@type\":\"WebSite\",\"@id\":\"https:\/\/www.rekubik.de\/magazin\/#website\",\"url\":\"https:\/\/www.rekubik.de\/magazin\/\",\"name\":\"REKUBIK\u00ae Magazin\",\"description\":\"\",\"publisher\":{\"@id\":\"https:\/\/www.rekubik.de\/magazin\/#organization\"},\"potentialAction\":[{\"@type\":\"SearchAction\",\"target\":{\"@type\":\"EntryPoint\",\"urlTemplate\":\"https:\/\/www.rekubik.de\/magazin\/?s={search_term_string}\"},\"query-input\":{\"@type\":\"PropertyValueSpecification\",\"valueRequired\":true,\"valueName\":\"search_term_string\"}}],\"inLanguage\":\"de\"},{\"@type\":\"Organization\",\"@id\":\"https:\/\/www.rekubik.de\/magazin\/#organization\",\"name\":\"Rekubik\",\"url\":\"https:\/\/www.rekubik.de\/magazin\/\",\"logo\":{\"@type\":\"ImageObject\",\"inLanguage\":\"de\",\"@id\":\"https:\/\/www.rekubik.de\/magazin\/#\/schema\/logo\/image\/\",\"url\":\"https:\/\/www.rekubik.de\/magazin\/wp-content\/uploads\/2017\/12\/rekubik-LOGO-Shopware.png\",\"contentUrl\":\"https:\/\/www.rekubik.de\/magazin\/wp-content\/uploads\/2017\/12\/rekubik-LOGO-Shopware.png\",\"width\":200,\"height\":50,\"caption\":\"Rekubik\"},\"image\":{\"@id\":\"https:\/\/www.rekubik.de\/magazin\/#\/schema\/logo\/image\/\"}},{\"@type\":\"Person\",\"@id\":\"https:\/\/www.rekubik.de\/magazin\/#\/schema\/person\/d5faea021aac94edeeb8e47cf06771c7\",\"name\":\"admin\",\"image\":{\"@type\":\"ImageObject\",\"inLanguage\":\"de\",\"@id\":\"https:\/\/www.rekubik.de\/magazin\/#\/schema\/person\/image\/\",\"url\":\"https:\/\/secure.gravatar.com\/avatar\/a794a4fe8a9b9c52241597eb381dfa2e?s=96&d=mm&r=g\",\"contentUrl\":\"https:\/\/secure.gravatar.com\/avatar\/a794a4fe8a9b9c52241597eb381dfa2e?s=96&d=mm&r=g\",\"caption\":\"admin\"}}]}<\/script>\n<!-- \/ Yoast SEO plugin. -->","yoast_head_json":{"title":"Au\u00dfergew\u00f6hnliche Gartenm\u00f6bel - REKUBIK\u00ae Magazin","description":"IBC Container als sch\u00f6ne, au\u00dfergew\u00f6hnliche Gartenm\u00f6bel \u2013 unm\u00f6glich? Das Magazin von Rekubik beweist Ihnen das Gegenteil!","robots":{"index":"index","follow":"follow","max-snippet":"max-snippet:-1","max-image-preview":"max-image-preview:large","max-video-preview":"max-video-preview:-1"},"canonical":"https:\/\/www.rekubik.de\/magazin\/aussergewoehnliche-gartenmoebel\/","og_locale":"de_DE","og_type":"article","og_title":"Au\u00dfergew\u00f6hnliche Gartenm\u00f6bel - REKUBIK\u00ae Magazin","og_description":"IBC Container als sch\u00f6ne, au\u00dfergew\u00f6hnliche Gartenm\u00f6bel \u2013 unm\u00f6glich? Das Magazin von Rekubik beweist Ihnen das Gegenteil!","og_url":"https:\/\/www.rekubik.de\/magazin\/aussergewoehnliche-gartenmoebel\/","og_site_name":"REKUBIK\u00ae Magazin","article_published_time":"2019-10-09T06:25:55+00:00","article_modified_time":"2024-10-01T12:55:11+00:00","og_image":[{"width":800,"height":433,"url":"https:\/\/www.rekubik.de\/magazin\/wp-content\/uploads\/2020\/10\/Au\u00dfergew\u00f6hnliche-Gartenm\u00f6bel.jpg","type":"image\/jpeg"}],"author":"admin","twitter_card":"summary_large_image","twitter_misc":{"Geschrieben von":"admin","Gesch\u00e4tzte Lesezeit":"8\u00a0Minuten"},"schema":{"@context":"https:\/\/schema.org","@graph":[{"@type":"Article","@id":"https:\/\/www.rekubik.de\/magazin\/aussergewoehnliche-gartenmoebel\/#article","isPartOf":{"@id":"https:\/\/www.rekubik.de\/magazin\/aussergewoehnliche-gartenmoebel\/"},"author":{"name":"admin","@id":"https:\/\/www.rekubik.de\/magazin\/#\/schema\/person\/d5faea021aac94edeeb8e47cf06771c7"},"headline":"Au\u00dfergew\u00f6hnliche Gartenm\u00f6bel","datePublished":"2019-10-09T06:25:55+00:00","dateModified":"2024-10-01T12:55:11+00:00","mainEntityOfPage":{"@id":"https:\/\/www.rekubik.de\/magazin\/aussergewoehnliche-gartenmoebel\/"},"wordCount":1163,"publisher":{"@id":"https:\/\/www.rekubik.de\/magazin\/#organization"},"image":{"@id":"https:\/\/www.rekubik.de\/magazin\/aussergewoehnliche-gartenmoebel\/#primaryimage"},"thumbnailUrl":"https:\/\/www.rekubik.de\/magazin\/wp-content\/uploads\/2020\/10\/Au\u00dfergew\u00f6hnliche-Gartenm\u00f6bel.jpg","keywords":["Au\u00dfergew\u00f6hnliche Gartenm\u00f6bel","Garten","Gartengestaltung","Gartentisch","IBC","kreativ","Kubik","LED","praktisch","Tisch","Wassertank"],"articleSection":["IBC IM GARTEN"],"inLanguage":"de"},{"@type":"WebPage","@id":"https:\/\/www.rekubik.de\/magazin\/aussergewoehnliche-gartenmoebel\/","url":"https:\/\/www.rekubik.de\/magazin\/aussergewoehnliche-gartenmoebel\/","name":"Au\u00dfergew\u00f6hnliche Gartenm\u00f6bel - REKUBIK\u00ae Magazin","isPartOf":{"@id":"https:\/\/www.rekubik.de\/magazin\/#website"},"primaryImageOfPage":{"@id":"https:\/\/www.rekubik.de\/magazin\/aussergewoehnliche-gartenmoebel\/#primaryimage"},"image":{"@id":"https:\/\/www.rekubik.de\/magazin\/aussergewoehnliche-gartenmoebel\/#primaryimage"},"thumbnailUrl":"https:\/\/www.rekubik.de\/magazin\/wp-content\/uploads\/2020\/10\/Au\u00dfergew\u00f6hnliche-Gartenm\u00f6bel.jpg","datePublished":"2019-10-09T06:25:55+00:00","dateModified":"2024-10-01T12:55:11+00:00","description":"IBC Container als sch\u00f6ne, au\u00dfergew\u00f6hnliche Gartenm\u00f6bel \u2013 unm\u00f6glich? Das Magazin von Rekubik beweist Ihnen das Gegenteil!","breadcrumb":{"@id":"https:\/\/www.rekubik.de\/magazin\/aussergewoehnliche-gartenmoebel\/#breadcrumb"},"inLanguage":"de","potentialAction":[{"@type":"ReadAction","target":["https:\/\/www.rekubik.de\/magazin\/aussergewoehnliche-gartenmoebel\/"]}]},{"@type":"ImageObject","inLanguage":"de","@id":"https:\/\/www.rekubik.de\/magazin\/aussergewoehnliche-gartenmoebel\/#primaryimage","url":"https:\/\/www.rekubik.de\/magazin\/wp-content\/uploads\/2020\/10\/Au\u00dfergew\u00f6hnliche-Gartenm\u00f6bel.jpg","contentUrl":"https:\/\/www.rekubik.de\/magazin\/wp-content\/uploads\/2020\/10\/Au\u00dfergew\u00f6hnliche-Gartenm\u00f6bel.jpg","width":800,"height":433,"caption":"\u00a9 winyu - stock.adobe.com"},{"@type":"BreadcrumbList","@id":"https:\/\/www.rekubik.de\/magazin\/aussergewoehnliche-gartenmoebel\/#breadcrumb","itemListElement":[{"@type":"ListItem","position":1,"name":"Home","item":"https:\/\/www.rekubik.de\/magazin\/"},{"@type":"ListItem","position":2,"name":"Au\u00dfergew\u00f6hnliche Gartenm\u00f6bel"}]},{"@type":"WebSite","@id":"https:\/\/www.rekubik.de\/magazin\/#website","url":"https:\/\/www.rekubik.de\/magazin\/","name":"REKUBIK\u00ae Magazin","description":"","publisher":{"@id":"https:\/\/www.rekubik.de\/magazin\/#organization"},"potentialAction":[{"@type":"SearchAction","target":{"@type":"EntryPoint","urlTemplate":"https:\/\/www.rekubik.de\/magazin\/?s={search_term_string}"},"query-input":{"@type":"PropertyValueSpecification","valueRequired":true,"valueName":"search_term_string"}}],"inLanguage":"de"},{"@type":"Organization","@id":"https:\/\/www.rekubik.de\/magazin\/#organization","name":"Rekubik","url":"https:\/\/www.rekubik.de\/magazin\/","logo":{"@type":"ImageObject","inLanguage":"de","@id":"https:\/\/www.rekubik.de\/magazin\/#\/schema\/logo\/image\/","url":"https:\/\/www.rekubik.de\/magazin\/wp-content\/uploads\/2017\/12\/rekubik-LOGO-Shopware.png","contentUrl":"https:\/\/www.rekubik.de\/magazin\/wp-content\/uploads\/2017\/12\/rekubik-LOGO-Shopware.png","width":200,"height":50,"caption":"Rekubik"},"image":{"@id":"https:\/\/www.rekubik.de\/magazin\/#\/schema\/logo\/image\/"}},{"@type":"Person","@id":"https:\/\/www.rekubik.de\/magazin\/#\/schema\/person\/d5faea021aac94edeeb8e47cf06771c7","name":"admin","image":{"@type":"ImageObject","inLanguage":"de","@id":"https:\/\/www.rekubik.de\/magazin\/#\/schema\/person\/image\/","url":"https:\/\/secure.gravatar.com\/avatar\/a794a4fe8a9b9c52241597eb381dfa2e?s=96&d=mm&r=g","contentUrl":"https:\/\/secure.gravatar.com\/avatar\/a794a4fe8a9b9c52241597eb381dfa2e?s=96&d=mm&r=g","caption":"admin"}}]}},"_links":{"self":[{"href":"https:\/\/www.rekubik.de\/magazin\/wp-json\/wp\/v2\/posts\/6286"}],"collection":[{"href":"https:\/\/www.rekubik.de\/magazin\/wp-json\/wp\/v2\/posts"}],"about":[{"href":"https:\/\/www.rekubik.de\/magazin\/wp-json\/wp\/v2\/types\/post"}],"author":[{"embeddable":true,"href":"https:\/\/www.rekubik.de\/magazin\/wp-json\/wp\/v2\/users\/1"}],"replies":[{"embeddable":true,"href":"https:\/\/www.rekubik.de\/magazin\/wp-json\/wp\/v2\/comments?post=6286"}],"version-history":[{"count":38,"href":"https:\/\/www.rekubik.de\/magazin\/wp-json\/wp\/v2\/posts\/6286\/revisions"}],"predecessor-version":[{"id":21931,"href":"https:\/\/www.rekubik.de\/magazin\/wp-json\/wp\/v2\/posts\/6286\/revisions\/21931"}],"wp:featuredmedia":[{"embeddable":true,"href":"https:\/\/www.rekubik.de\/magazin\/wp-json\/wp\/v2\/media\/6292"}],"wp:attachment":[{"href":"https:\/\/www.rekubik.de\/magazin\/wp-json\/wp\/v2\/media?parent=6286"}],"wp:term":[{"taxonomy":"category","embeddable":true,"href":"https:\/\/www.rekubik.de\/magazin\/wp-json\/wp\/v2\/categories?post=6286"},{"taxonomy":"post_tag","embeddable":true,"href":"https:\/\/www.rekubik.de\/magazin\/wp-json\/wp\/v2\/tags?post=6286"}],"curies":[{"name":"wp","href":"https:\/\/api.w.org\/{rel}","templated":true}]}}