{"id":6374,"date":"2019-10-18T10:41:46","date_gmt":"2019-10-18T08:41:46","guid":{"rendered":"https:\/\/www.rekubik.de\/magazin\/?p=6374"},"modified":"2024-10-01T15:43:29","modified_gmt":"2024-10-01T13:43:29","slug":"lebensmittelechte-kanister","status":"publish","type":"post","link":"https:\/\/www.rekubik.de\/magazin\/lebensmittelechte-kanister\/","title":{"rendered":"Lebensmittelechte Kanister f\u00fcr Getr\u00e4nke"},"content":{"rendered":"<h2>\u00ab Getr\u00e4nke industriell und privat platzsparend lagern \u00bb<\/h2>\n<p style=\"text-align: justify;\"><strong>Heute sind wir es gew\u00f6hnt, nahezu an jedem Ort und jederzeit auf Getr\u00e4nke zur\u00fcckgreifen zu k\u00f6nnen. Ob bei der Arbeit, zu Hause, im Urlaub oder sogar beim Camping an entlegensten Orten \u2013 immer steht ausreichend Fl\u00fcssigkeit zur Versorgung zur Verf\u00fcgung. Dabei stellen gerade Lebensmittel, wozu Getr\u00e4nkeprodukte unstrittig zu z\u00e4hlen sind, ganz besondere Anforderungen an Transport und Lagerung. Denn Getr\u00e4nkekanister m\u00fcssen nicht nur Lebensmittelechte <\/strong><a href=\"https:\/\/www.rekubik.de\/kanister-zubehoer\/kanister-faesser\/\"><strong>Kanister<\/strong><\/a><strong> sein, sie m\u00fcssen dar\u00fcber hinaus auch f\u00fcr den Getr\u00e4nketransport in Auto oder LKW besondere Voraussetzungen mit sich bringen, um einfach und effizient gehandhabt werden zu k\u00f6nnen.<\/strong><\/p>\n<h2>Wie Getr\u00e4nke lagern?<\/h2>\n<p style=\"text-align: justify;\">Am einfachsten ist es nat\u00fcrlich, fl\u00fcssige Lebensmittel im Tetrapak oder in Flaschen aufzubewahren und zu transportieren. Allerdings haben diese in der privaten Anwendung am verbreitetsten Methoden zahlreiche Nachteile. Die einzelnen Gebinde fassen jeweils nur sehr geringe Fl\u00fcssigkeitsmengen, so dass das Verh\u00e4ltnis von Fl\u00fcssigkeit zu Gesamtvolumen sehr ung\u00fcnstig ausf\u00e4llt. In lebensechten Kanistern dagegen, speziell auch Getr\u00e4nkekanister genannt, werden weit gr\u00f6\u00dfere Volumina gefasst, so dass ein deutlich positiveres Verh\u00e4ltnis von transportiertem Volumen zu Gesamtvolumen des Gebindes entsteht. Optimal sind hier beispielsweise <a href=\"https:\/\/www.rekubik.de\/ibc-zubehoer\/\">IBC Container<\/a>, die bis zu einigen Kubikmeter fassen k\u00f6nnen, ohne dabei die Handhabbarkeit per Flurf\u00f6rderfahrzeug etc. nachteilig zu beeinflussen. Weitere Nachteile der bekannten Haushaltsverpackungen sind der hohe Aufwand, da es sich entweder um Einwegverpackungen handelt oder aber aufw\u00e4ndige Reinigungsprozeduren erforderlich sind, um beispielsweise Flaschen lebensmittelecht zu erhalten. Die Reinigung ist zwar auch bei Gro\u00dfgebinden erforderlich, allerdings l\u00e4sst sich ein Intermediate Bulk Container weit einfacher und mit weniger Aufwand reinigen, als es bei einer Vielzahl an kleinvolumigen, enghalsigen Glasflaschen der Fall ist. Zuletzt darf festgehalten werden, dass Tetrapaks, Flaschen und auch Getr\u00e4nkedosen effektiv nur in Verbindung mit weiteren Transportutensilien, also Paletten, Kartons etc. zu transportieren sind. Kanister oder auch ein transportabler Wassertank kommen dagegen ohne separat zu handhabende Umverpackungen aus und sparen somit Material, Zeit und letztlich Geld.<\/p>\n<figure id=\"attachment_6378\" aria-describedby=\"caption-attachment-6378\" style=\"width: 800px\" class=\"wp-caption aligncenter\"><img loading=\"lazy\" decoding=\"async\" class=\"wp-image-6378 size-full\" title=\"Kanister f\u00fcr Nutzwasser oder Trinkwasser beim Campen\" src=\"https:\/\/www.rekubik.de\/magazin\/wp-content\/uploads\/2019\/10\/Kanister-mit-Wasser.jpg\" alt=\"Kanister f\u00fcr Nutzwasser oder Trinkwasser beim Campen\" width=\"800\" height=\"531\" srcset=\"https:\/\/www.rekubik.de\/magazin\/wp-content\/uploads\/2019\/10\/Kanister-mit-Wasser.jpg 800w, https:\/\/www.rekubik.de\/magazin\/wp-content\/uploads\/2019\/10\/Kanister-mit-Wasser-300x199.jpg 300w, https:\/\/www.rekubik.de\/magazin\/wp-content\/uploads\/2019\/10\/Kanister-mit-Wasser-768x510.jpg 768w, https:\/\/www.rekubik.de\/magazin\/wp-content\/uploads\/2019\/10\/Kanister-mit-Wasser-352x233.jpg 352w\" sizes=\"(max-width: 800px) 100vw, 800px\" \/><figcaption id=\"caption-attachment-6378\" class=\"wp-caption-text\">\u00a9 Karl Allen Lugmayer &#8211; stock.adobe.com<\/figcaption><\/figure>\n<h2>Anforderungen an die Kanisterlagerung f\u00fcr Getr\u00e4nke<\/h2>\n<p style=\"text-align: justify;\">Nat\u00fcrlich ist auch die Lagerung von Getr\u00e4nken im lebensmittelechten Kanister nicht v\u00f6llig frei von zu beachtenden Punkten und auch m\u00f6glichen Problemstellungen. Lebensmittelechte Kanister aus Kunststoff sollen diese Eigenschaft nicht nur \u00fcber einen begrenzten Zeitraum, sondern idealerweise dauerhaft beibehalten. Wichtig ist daher, dass das Beh\u00e4ltermaterial keine Ver\u00e4nderung durch die Einwirkung von Wind und Wetter, Temperatur, Schmutz oder auch UV-Licht durchl\u00e4uft, die zu einem Entfall der Lebensmitteleignung f\u00fchr. Ebenso darf das gelagerte Getr\u00e4nk keine nachteilige Ver\u00e4nderung durchlaufen. Au\u00dferdem sollen die Kunststoffkanister praktikabel und effizient lagerbar, also in erster Linie platzsparend und mit g\u00e4ngigen Hilfsger\u00e4ten handhabbar sein.<\/p>\n<p><a href=\"https:\/\/www.rekubik.de\/kanister-zubehoer\/kanister-faesser\/kanister-mit-schraubverschluss\"><img loading=\"lazy\" decoding=\"async\" class=\"aligncenter wp-image-6380 size-full\" title=\"Kanister mit Schraubverschluss\" src=\"https:\/\/www.rekubik.de\/magazin\/wp-content\/uploads\/2019\/10\/Kanister-mit-Schraubverschluss.jpg\" alt=\"Kanister mit Schraubverschluss\" width=\"750\" height=\"644\" srcset=\"https:\/\/www.rekubik.de\/magazin\/wp-content\/uploads\/2019\/10\/Kanister-mit-Schraubverschluss.jpg 750w, https:\/\/www.rekubik.de\/magazin\/wp-content\/uploads\/2019\/10\/Kanister-mit-Schraubverschluss-300x258.jpg 300w\" sizes=\"(max-width: 750px) 100vw, 750px\" \/><\/a><\/p>\n<h2>Das m\u00fcssen lebensmittelechte Kanister leisten<\/h2>\n<p style=\"text-align: justify;\">Doch wo genau liegt die Schwierigkeit f\u00fcr die Beh\u00e4ltnisse? Die mechanischen Anforderungen sind durch Getr\u00e4nkekanister beispielsweise durch den Einsatz der IBC Beh\u00e4lter einfach in den Griff zu bekommen. Schwieriger wird es dagegen bei den chemischen Charakteristika. Ein Getr\u00e4nkekanister darf auch unter hoher Temperatur und UV-Lichteinstrahlung keinerlei Stoffe an den Inhalt abgeben. Dazu z\u00e4hlen vor allem in Beschichtungen oder dem Material selbst enthaltene Weichmacher und andere chemische Zusatzstoffe. Andererseits darf der Inhalt sich nicht in Poren des Beh\u00e4ltermaterials ablagern. Andernfalls steht zu bef\u00fcrchten, dass ein fr\u00fcher gelagerter Inhalt zuk\u00fcnftige Fl\u00fcssigkeiten kontaminiert und ver\u00e4ndert. Auch hier punktet ein IBC Tank durch eine geschlossene Materialoberfl\u00e4che und gute M\u00f6glichkeiten zur Reinigung.<\/p>\n<figure id=\"attachment_6383\" aria-describedby=\"caption-attachment-6383\" style=\"width: 800px\" class=\"wp-caption aligncenter\"><img loading=\"lazy\" decoding=\"async\" class=\"wp-image-6383 size-full\" title=\"Welche Anforderungen werden an lebensmittelechte Kanister gestellt?\" src=\"https:\/\/www.rekubik.de\/magazin\/wp-content\/uploads\/2019\/10\/Kunststoffkanister.jpg\" alt=\"Welche Anforderungen werden an lebensmittelechte Kanister gestellt?\" width=\"800\" height=\"600\" srcset=\"https:\/\/www.rekubik.de\/magazin\/wp-content\/uploads\/2019\/10\/Kunststoffkanister.jpg 800w, https:\/\/www.rekubik.de\/magazin\/wp-content\/uploads\/2019\/10\/Kunststoffkanister-300x225.jpg 300w, https:\/\/www.rekubik.de\/magazin\/wp-content\/uploads\/2019\/10\/Kunststoffkanister-768x576.jpg 768w\" sizes=\"(max-width: 800px) 100vw, 800px\" \/><figcaption id=\"caption-attachment-6383\" class=\"wp-caption-text\">\u00a9 Frank-Peter Funke &#8211; stock.adobe.com<\/figcaption><\/figure>\n<h2>Lagern und Transportieren \u2013 zus\u00e4tzliche Anforderungen<\/h2>\n<p style=\"text-align: justify;\">Es ist davon auszugehen, dass neben der Lagerung der Getr\u00e4nke auch der Getr\u00e4nketransport ohne Umf\u00fcllen in andere Gebinde in einem praktikablen Rahmen m\u00f6glich sein soll. Da aber bereits das Lagern mit gewissen Bewegungen vom oder zum Lagerort etc. verbunden ist, ist auch die M\u00f6glichkeit eines Transports im LKW in aller Regel f\u00fcr lebensmittelechte Kanister kein Problem. Lediglich die M\u00f6glichkeit zur Sicherung der Gebinde auf dem Fahrzeug ist zus\u00e4tzlich zu beachten.<\/p>\n<h2>Spezielle Anforderungen der Industrie an Getr\u00e4nkekanister<\/h2>\n<p style=\"text-align: justify;\">Speziell f\u00fcr die Lebensmittel- und Verpackungsindustrie sind einige Aspekte der Lager- und Transportgebinde ausschlaggebend, die m\u00f6glicherweise im privaten Umfeld bei Camping oder Selberversorgung nur eine untergeordnete Rolle spielen. So m\u00fcssen Kanister und andere <a href=\"https:\/\/www.rekubik.de\/industrie-lagertechnik\/\">Industrieverpackungen<\/a> hier nat\u00fcrlich lebensmittelecht sein, das aber auch f\u00fcr einen m\u00f6glichst langen Zeitraum mit unz\u00e4hligen Be- und Entleerungszyklen so beibehalten. Lebensmittelechte Kanister m\u00fcssen auch industriellen Reinigungsverfahren dauerhaft standhalten, ohne die Qualit\u00e4t der Lagerg\u00fcter schleichend zu verschlechtern. Au\u00dferdem muss der Getr\u00e4nketransport mittels industrieller Gro\u00dfger\u00e4te m\u00f6glich sein, ohne einer erh\u00f6hten Vorsicht zum Schutz der Gebinde zu bed\u00fcrfen.<\/p>\n<figure id=\"attachment_6385\" aria-describedby=\"caption-attachment-6385\" style=\"width: 800px\" class=\"wp-caption aligncenter\"><img loading=\"lazy\" decoding=\"async\" class=\"wp-image-6385 size-full\" title=\"Getr\u00e4nkekanister\" src=\"https:\/\/www.rekubik.de\/magazin\/wp-content\/uploads\/2019\/10\/Kanister-f\u00fcr-Lebensmittel.jpg\" alt=\"Getr\u00e4nkekanister\" width=\"800\" height=\"456\" srcset=\"https:\/\/www.rekubik.de\/magazin\/wp-content\/uploads\/2019\/10\/Kanister-f\u00fcr-Lebensmittel.jpg 800w, https:\/\/www.rekubik.de\/magazin\/wp-content\/uploads\/2019\/10\/Kanister-f\u00fcr-Lebensmittel-300x171.jpg 300w, https:\/\/www.rekubik.de\/magazin\/wp-content\/uploads\/2019\/10\/Kanister-f\u00fcr-Lebensmittel-768x438.jpg 768w\" sizes=\"(max-width: 800px) 100vw, 800px\" \/><figcaption id=\"caption-attachment-6385\" class=\"wp-caption-text\">\u00a9 customdesigner &#8211; stock.adobe.com<\/figcaption><\/figure>\n<h2>Darauf kommt es beim privaten Getr\u00e4nkekanister aus Kunststoff an<\/h2>\n<p style=\"text-align: justify;\">Obwohl auch im privaten Bereich selbstverst\u00e4ndlich grunds\u00e4tzlich dieselben Anforderungen an einen Kunststoffkanister f\u00fcr Getr\u00e4nke gestellt werden wie in der Industrie, f\u00e4llt doch die Gewichtung der einzelnen Aspekte deutlich anders aus. Zwar muss das Gef\u00e4\u00df auch privat lebensmittelecht sein. Allerdings fallen die Wechselintervalle deutlich geringer aus und auch m\u00f6gliche unkritische Verf\u00e4rbungen oder Ver\u00e4nderungen des Materials d\u00fcrften weniger st\u00f6rend empfunden werden. Ob sonstiger Urlaub oder speziell Camping, auch der Transport d\u00fcrfte weniger Wert auf eine m\u00f6glichst effiziente und robuste Handhabung legen. Stattdessen sollte ein Camping Kanister m\u00f6glichst leicht und platzsparend sein. Eine einfache Reinigung verbessert die Ver\u00e4nderung des F\u00fcllguts und leicht zu bedienende und zugleich sichere Anschl\u00fcsse erlaubt eine simple Handhabung. So kann das Thema der Getr\u00e4nkeversorgung beim Camping auf einen Schlag wegen guter L\u00f6sungen gedanklich in den Hintergrund treten.<\/p>\n<h2>Die Nutzung zu Hause<\/h2>\n<p style=\"text-align: justify;\">Auch abseits von Camping und Urlaub im Allgemeinen finden sich im privaten Umfeld zahlreiche Einsatzm\u00f6glichkeiten f\u00fcr lebensmittelecht ausgef\u00fchrte Getr\u00e4nkecontainer. Man denke nur an Selbstversorger, die den eigenen Saft aufbewahren oder sogar zu Most oder Wein weiterveredeln wollen. Aber auch andere Getr\u00e4nke lagern sich in gr\u00f6\u00dferen Gebinden h\u00e4ufig besser, weil platzsparender, als unz\u00e4hlige Einzelflaschen. So kann beispielsweise Milch im kleineren Kanister direkt vom Bauer oder Wein vom Erzeuger erworben werden.<\/p>\n<figure id=\"attachment_6387\" aria-describedby=\"caption-attachment-6387\" style=\"width: 800px\" class=\"wp-caption aligncenter\"><img loading=\"lazy\" decoding=\"async\" class=\"wp-image-6387 size-full\" title=\"Kanister sind zu Hause vielseitig nutzbar\" src=\"https:\/\/www.rekubik.de\/magazin\/wp-content\/uploads\/2019\/10\/Stehender-Kanister.jpg\" alt=\"Kanister sind zu Hause vielseitig nutzbar\" width=\"800\" height=\"534\" srcset=\"https:\/\/www.rekubik.de\/magazin\/wp-content\/uploads\/2019\/10\/Stehender-Kanister.jpg 800w, https:\/\/www.rekubik.de\/magazin\/wp-content\/uploads\/2019\/10\/Stehender-Kanister-300x200.jpg 300w, https:\/\/www.rekubik.de\/magazin\/wp-content\/uploads\/2019\/10\/Stehender-Kanister-768x513.jpg 768w\" sizes=\"(max-width: 800px) 100vw, 800px\" \/><figcaption id=\"caption-attachment-6387\" class=\"wp-caption-text\">\u00a9 evannovostro &#8211; stock.adobe.com<\/figcaption><\/figure>\n<h2>Der Camping Kanister<\/h2>\n<p style=\"text-align: justify;\">Ein ganz besonderer Beh\u00e4lter ist der Camping Kanister. Durch die Besonderheiten des Umfelds beim Camping werden an ihn ebenfalls besondere Anforderungen gestellt. Beim Camping im Urlaub soll das Leben auf vereinfachte Form im Zelt, Wohnmobil oder Wohnwagen erfolgen. Da Leitungsanschl\u00fcsse nicht oder nur tempor\u00e4r vorhanden sind, sind lebensmittelechte Kanister von besonderer Bedeutung. Diese dienen einerseits f\u00fcr Getr\u00e4nke, andererseits aber auch als Wassertank f\u00fcr das t\u00e4gliche Brauchwasser. Da der Getr\u00e4nketransport beim Camping oft ganz oder teilweise zu Fu\u00df erfolgt, sollten die Beh\u00e4lter hierf\u00fcr besonders leicht und einfach in der Handhabung gestaltet sein. Weiterhin erlaubt eine einfache Reinigung eine flexible Nutzung beim Zelten, so dass heute Frischwasser und Morgen ein anderes Lebensmittel in Abh\u00e4ngigkeit des t\u00e4glichen Bedarfs gelagert werden kann.<\/p>\n","protected":false},"excerpt":{"rendered":"<p>\u00ab Getr\u00e4nke industriell und privat platzsparend lagern \u00bb Heute sind wir es gew\u00f6hnt, nahezu an jedem Ort und jederzeit auf Getr\u00e4nke zur\u00fcckgreifen zu k\u00f6nnen. Ob bei der Arbeit, zu Hause, im Urlaub oder sogar beim Camping an entlegensten Orten \u2013 immer steht ausreichend Fl\u00fcssigkeit zur Versorgung zur Verf\u00fcgung. Dabei stellen gerade Lebensmittel, wozu Getr\u00e4nkeprodukte unstrittig &hellip;<\/p>\n","protected":false},"author":1,"featured_media":6376,"comment_status":"closed","ping_status":"open","sticky":false,"template":"","format":"standard","meta":{"footnotes":""},"categories":[3],"tags":[195,697,699,696,698],"class_list":["post-6374","post","type-post","status-publish","format-standard","has-post-thumbnail","","category-ibc-kreativ","tag-kanister","tag-kunststoff-kanister","tag-lebensmittel-lagern","tag-lebensmittelechte-kanister","tag-lebensmittellagerung"],"yoast_head":"<!-- This site is optimized with the Yoast SEO plugin v23.5 - https:\/\/yoast.com\/wordpress\/plugins\/seo\/ -->\n<title>Lebensmittelechte Kanister f\u00fcr Getr\u00e4nke - REKUBIK\u00ae Magazin<\/title>\n<meta name=\"description\" content=\"Wie lassen sich lebensmittelechte Kanister f\u00fcr Getr\u00e4nkelagerung und -transport einsetzen? \u2013 Erfahren Sie mehr dar\u00fcber im REKUBIK Magazin!\" \/>\n<meta name=\"robots\" content=\"index, follow, max-snippet:-1, max-image-preview:large, max-video-preview:-1\" \/>\n<link rel=\"canonical\" href=\"https:\/\/www.rekubik.de\/magazin\/lebensmittelechte-kanister\/\" \/>\n<meta property=\"og:locale\" content=\"de_DE\" \/>\n<meta property=\"og:type\" content=\"article\" \/>\n<meta property=\"og:title\" content=\"Lebensmittelechte Kanister f\u00fcr Getr\u00e4nke - REKUBIK\u00ae Magazin\" \/>\n<meta property=\"og:description\" content=\"Wie lassen sich lebensmittelechte Kanister f\u00fcr Getr\u00e4nkelagerung und -transport einsetzen? \u2013 Erfahren Sie mehr dar\u00fcber im REKUBIK Magazin!\" \/>\n<meta property=\"og:url\" content=\"https:\/\/www.rekubik.de\/magazin\/lebensmittelechte-kanister\/\" \/>\n<meta property=\"og:site_name\" content=\"REKUBIK\u00ae Magazin\" \/>\n<meta property=\"article:published_time\" content=\"2019-10-18T08:41:46+00:00\" \/>\n<meta property=\"article:modified_time\" content=\"2024-10-01T13:43:29+00:00\" \/>\n<meta property=\"og:image\" content=\"https:\/\/www.rekubik.de\/magazin\/wp-content\/uploads\/2019\/10\/Kanister.jpg\" \/>\n\t<meta property=\"og:image:width\" content=\"800\" \/>\n\t<meta property=\"og:image:height\" content=\"461\" \/>\n\t<meta property=\"og:image:type\" content=\"image\/jpeg\" \/>\n<meta name=\"author\" content=\"admin\" \/>\n<meta name=\"twitter:card\" content=\"summary_large_image\" \/>\n<meta name=\"twitter:label1\" content=\"Geschrieben von\" \/>\n\t<meta name=\"twitter:data1\" content=\"admin\" \/>\n\t<meta name=\"twitter:label2\" content=\"Gesch\u00e4tzte Lesezeit\" \/>\n\t<meta name=\"twitter:data2\" content=\"6\u00a0Minuten\" \/>\n<script type=\"application\/ld+json\" class=\"yoast-schema-graph\">{\"@context\":\"https:\/\/schema.org\",\"@graph\":[{\"@type\":\"Article\",\"@id\":\"https:\/\/www.rekubik.de\/magazin\/lebensmittelechte-kanister\/#article\",\"isPartOf\":{\"@id\":\"https:\/\/www.rekubik.de\/magazin\/lebensmittelechte-kanister\/\"},\"author\":{\"name\":\"admin\",\"@id\":\"https:\/\/www.rekubik.de\/magazin\/#\/schema\/person\/d5faea021aac94edeeb8e47cf06771c7\"},\"headline\":\"Lebensmittelechte Kanister f\u00fcr Getr\u00e4nke\",\"datePublished\":\"2019-10-18T08:41:46+00:00\",\"dateModified\":\"2024-10-01T13:43:29+00:00\",\"mainEntityOfPage\":{\"@id\":\"https:\/\/www.rekubik.de\/magazin\/lebensmittelechte-kanister\/\"},\"wordCount\":1202,\"publisher\":{\"@id\":\"https:\/\/www.rekubik.de\/magazin\/#organization\"},\"image\":{\"@id\":\"https:\/\/www.rekubik.de\/magazin\/lebensmittelechte-kanister\/#primaryimage\"},\"thumbnailUrl\":\"https:\/\/www.rekubik.de\/magazin\/wp-content\/uploads\/2019\/10\/Kanister.jpg\",\"keywords\":[\"Kanister\",\"Kunststoff Kanister\",\"Lebensmittel lagern\",\"Lebensmittelechte Kanister\",\"Lebensmittellagerung\"],\"articleSection\":[\"IBC KREATIV\"],\"inLanguage\":\"de\"},{\"@type\":\"WebPage\",\"@id\":\"https:\/\/www.rekubik.de\/magazin\/lebensmittelechte-kanister\/\",\"url\":\"https:\/\/www.rekubik.de\/magazin\/lebensmittelechte-kanister\/\",\"name\":\"Lebensmittelechte Kanister f\u00fcr Getr\u00e4nke - REKUBIK\u00ae Magazin\",\"isPartOf\":{\"@id\":\"https:\/\/www.rekubik.de\/magazin\/#website\"},\"primaryImageOfPage\":{\"@id\":\"https:\/\/www.rekubik.de\/magazin\/lebensmittelechte-kanister\/#primaryimage\"},\"image\":{\"@id\":\"https:\/\/www.rekubik.de\/magazin\/lebensmittelechte-kanister\/#primaryimage\"},\"thumbnailUrl\":\"https:\/\/www.rekubik.de\/magazin\/wp-content\/uploads\/2019\/10\/Kanister.jpg\",\"datePublished\":\"2019-10-18T08:41:46+00:00\",\"dateModified\":\"2024-10-01T13:43:29+00:00\",\"description\":\"Wie lassen sich lebensmittelechte Kanister f\u00fcr Getr\u00e4nkelagerung und -transport einsetzen? \u2013 Erfahren Sie mehr dar\u00fcber im REKUBIK Magazin!\",\"breadcrumb\":{\"@id\":\"https:\/\/www.rekubik.de\/magazin\/lebensmittelechte-kanister\/#breadcrumb\"},\"inLanguage\":\"de\",\"potentialAction\":[{\"@type\":\"ReadAction\",\"target\":[\"https:\/\/www.rekubik.de\/magazin\/lebensmittelechte-kanister\/\"]}]},{\"@type\":\"ImageObject\",\"inLanguage\":\"de\",\"@id\":\"https:\/\/www.rekubik.de\/magazin\/lebensmittelechte-kanister\/#primaryimage\",\"url\":\"https:\/\/www.rekubik.de\/magazin\/wp-content\/uploads\/2019\/10\/Kanister.jpg\",\"contentUrl\":\"https:\/\/www.rekubik.de\/magazin\/wp-content\/uploads\/2019\/10\/Kanister.jpg\",\"width\":800,\"height\":461,\"caption\":\"\u00a9 wellphoto - stock.adobe.com\"},{\"@type\":\"BreadcrumbList\",\"@id\":\"https:\/\/www.rekubik.de\/magazin\/lebensmittelechte-kanister\/#breadcrumb\",\"itemListElement\":[{\"@type\":\"ListItem\",\"position\":1,\"name\":\"Home\",\"item\":\"https:\/\/www.rekubik.de\/magazin\/\"},{\"@type\":\"ListItem\",\"position\":2,\"name\":\"Lebensmittelechte Kanister f\u00fcr Getr\u00e4nke\"}]},{\"@type\":\"WebSite\",\"@id\":\"https:\/\/www.rekubik.de\/magazin\/#website\",\"url\":\"https:\/\/www.rekubik.de\/magazin\/\",\"name\":\"REKUBIK\u00ae Magazin\",\"description\":\"\",\"publisher\":{\"@id\":\"https:\/\/www.rekubik.de\/magazin\/#organization\"},\"potentialAction\":[{\"@type\":\"SearchAction\",\"target\":{\"@type\":\"EntryPoint\",\"urlTemplate\":\"https:\/\/www.rekubik.de\/magazin\/?s={search_term_string}\"},\"query-input\":{\"@type\":\"PropertyValueSpecification\",\"valueRequired\":true,\"valueName\":\"search_term_string\"}}],\"inLanguage\":\"de\"},{\"@type\":\"Organization\",\"@id\":\"https:\/\/www.rekubik.de\/magazin\/#organization\",\"name\":\"Rekubik\",\"url\":\"https:\/\/www.rekubik.de\/magazin\/\",\"logo\":{\"@type\":\"ImageObject\",\"inLanguage\":\"de\",\"@id\":\"https:\/\/www.rekubik.de\/magazin\/#\/schema\/logo\/image\/\",\"url\":\"https:\/\/www.rekubik.de\/magazin\/wp-content\/uploads\/2017\/12\/rekubik-LOGO-Shopware.png\",\"contentUrl\":\"https:\/\/www.rekubik.de\/magazin\/wp-content\/uploads\/2017\/12\/rekubik-LOGO-Shopware.png\",\"width\":200,\"height\":50,\"caption\":\"Rekubik\"},\"image\":{\"@id\":\"https:\/\/www.rekubik.de\/magazin\/#\/schema\/logo\/image\/\"}},{\"@type\":\"Person\",\"@id\":\"https:\/\/www.rekubik.de\/magazin\/#\/schema\/person\/d5faea021aac94edeeb8e47cf06771c7\",\"name\":\"admin\",\"image\":{\"@type\":\"ImageObject\",\"inLanguage\":\"de\",\"@id\":\"https:\/\/www.rekubik.de\/magazin\/#\/schema\/person\/image\/\",\"url\":\"https:\/\/secure.gravatar.com\/avatar\/a794a4fe8a9b9c52241597eb381dfa2e?s=96&d=mm&r=g\",\"contentUrl\":\"https:\/\/secure.gravatar.com\/avatar\/a794a4fe8a9b9c52241597eb381dfa2e?s=96&d=mm&r=g\",\"caption\":\"admin\"}}]}<\/script>\n<!-- \/ Yoast SEO plugin. -->","yoast_head_json":{"title":"Lebensmittelechte Kanister f\u00fcr Getr\u00e4nke - REKUBIK\u00ae Magazin","description":"Wie lassen sich lebensmittelechte Kanister f\u00fcr Getr\u00e4nkelagerung und -transport einsetzen? \u2013 Erfahren Sie mehr dar\u00fcber im REKUBIK Magazin!","robots":{"index":"index","follow":"follow","max-snippet":"max-snippet:-1","max-image-preview":"max-image-preview:large","max-video-preview":"max-video-preview:-1"},"canonical":"https:\/\/www.rekubik.de\/magazin\/lebensmittelechte-kanister\/","og_locale":"de_DE","og_type":"article","og_title":"Lebensmittelechte Kanister f\u00fcr Getr\u00e4nke - REKUBIK\u00ae Magazin","og_description":"Wie lassen sich lebensmittelechte Kanister f\u00fcr Getr\u00e4nkelagerung und -transport einsetzen? \u2013 Erfahren Sie mehr dar\u00fcber im REKUBIK Magazin!","og_url":"https:\/\/www.rekubik.de\/magazin\/lebensmittelechte-kanister\/","og_site_name":"REKUBIK\u00ae Magazin","article_published_time":"2019-10-18T08:41:46+00:00","article_modified_time":"2024-10-01T13:43:29+00:00","og_image":[{"width":800,"height":461,"url":"https:\/\/www.rekubik.de\/magazin\/wp-content\/uploads\/2019\/10\/Kanister.jpg","type":"image\/jpeg"}],"author":"admin","twitter_card":"summary_large_image","twitter_misc":{"Geschrieben von":"admin","Gesch\u00e4tzte Lesezeit":"6\u00a0Minuten"},"schema":{"@context":"https:\/\/schema.org","@graph":[{"@type":"Article","@id":"https:\/\/www.rekubik.de\/magazin\/lebensmittelechte-kanister\/#article","isPartOf":{"@id":"https:\/\/www.rekubik.de\/magazin\/lebensmittelechte-kanister\/"},"author":{"name":"admin","@id":"https:\/\/www.rekubik.de\/magazin\/#\/schema\/person\/d5faea021aac94edeeb8e47cf06771c7"},"headline":"Lebensmittelechte Kanister f\u00fcr Getr\u00e4nke","datePublished":"2019-10-18T08:41:46+00:00","dateModified":"2024-10-01T13:43:29+00:00","mainEntityOfPage":{"@id":"https:\/\/www.rekubik.de\/magazin\/lebensmittelechte-kanister\/"},"wordCount":1202,"publisher":{"@id":"https:\/\/www.rekubik.de\/magazin\/#organization"},"image":{"@id":"https:\/\/www.rekubik.de\/magazin\/lebensmittelechte-kanister\/#primaryimage"},"thumbnailUrl":"https:\/\/www.rekubik.de\/magazin\/wp-content\/uploads\/2019\/10\/Kanister.jpg","keywords":["Kanister","Kunststoff Kanister","Lebensmittel lagern","Lebensmittelechte Kanister","Lebensmittellagerung"],"articleSection":["IBC KREATIV"],"inLanguage":"de"},{"@type":"WebPage","@id":"https:\/\/www.rekubik.de\/magazin\/lebensmittelechte-kanister\/","url":"https:\/\/www.rekubik.de\/magazin\/lebensmittelechte-kanister\/","name":"Lebensmittelechte Kanister f\u00fcr Getr\u00e4nke - REKUBIK\u00ae Magazin","isPartOf":{"@id":"https:\/\/www.rekubik.de\/magazin\/#website"},"primaryImageOfPage":{"@id":"https:\/\/www.rekubik.de\/magazin\/lebensmittelechte-kanister\/#primaryimage"},"image":{"@id":"https:\/\/www.rekubik.de\/magazin\/lebensmittelechte-kanister\/#primaryimage"},"thumbnailUrl":"https:\/\/www.rekubik.de\/magazin\/wp-content\/uploads\/2019\/10\/Kanister.jpg","datePublished":"2019-10-18T08:41:46+00:00","dateModified":"2024-10-01T13:43:29+00:00","description":"Wie lassen sich lebensmittelechte Kanister f\u00fcr Getr\u00e4nkelagerung und -transport einsetzen? \u2013 Erfahren Sie mehr dar\u00fcber im REKUBIK Magazin!","breadcrumb":{"@id":"https:\/\/www.rekubik.de\/magazin\/lebensmittelechte-kanister\/#breadcrumb"},"inLanguage":"de","potentialAction":[{"@type":"ReadAction","target":["https:\/\/www.rekubik.de\/magazin\/lebensmittelechte-kanister\/"]}]},{"@type":"ImageObject","inLanguage":"de","@id":"https:\/\/www.rekubik.de\/magazin\/lebensmittelechte-kanister\/#primaryimage","url":"https:\/\/www.rekubik.de\/magazin\/wp-content\/uploads\/2019\/10\/Kanister.jpg","contentUrl":"https:\/\/www.rekubik.de\/magazin\/wp-content\/uploads\/2019\/10\/Kanister.jpg","width":800,"height":461,"caption":"\u00a9 wellphoto - stock.adobe.com"},{"@type":"BreadcrumbList","@id":"https:\/\/www.rekubik.de\/magazin\/lebensmittelechte-kanister\/#breadcrumb","itemListElement":[{"@type":"ListItem","position":1,"name":"Home","item":"https:\/\/www.rekubik.de\/magazin\/"},{"@type":"ListItem","position":2,"name":"Lebensmittelechte Kanister f\u00fcr Getr\u00e4nke"}]},{"@type":"WebSite","@id":"https:\/\/www.rekubik.de\/magazin\/#website","url":"https:\/\/www.rekubik.de\/magazin\/","name":"REKUBIK\u00ae Magazin","description":"","publisher":{"@id":"https:\/\/www.rekubik.de\/magazin\/#organization"},"potentialAction":[{"@type":"SearchAction","target":{"@type":"EntryPoint","urlTemplate":"https:\/\/www.rekubik.de\/magazin\/?s={search_term_string}"},"query-input":{"@type":"PropertyValueSpecification","valueRequired":true,"valueName":"search_term_string"}}],"inLanguage":"de"},{"@type":"Organization","@id":"https:\/\/www.rekubik.de\/magazin\/#organization","name":"Rekubik","url":"https:\/\/www.rekubik.de\/magazin\/","logo":{"@type":"ImageObject","inLanguage":"de","@id":"https:\/\/www.rekubik.de\/magazin\/#\/schema\/logo\/image\/","url":"https:\/\/www.rekubik.de\/magazin\/wp-content\/uploads\/2017\/12\/rekubik-LOGO-Shopware.png","contentUrl":"https:\/\/www.rekubik.de\/magazin\/wp-content\/uploads\/2017\/12\/rekubik-LOGO-Shopware.png","width":200,"height":50,"caption":"Rekubik"},"image":{"@id":"https:\/\/www.rekubik.de\/magazin\/#\/schema\/logo\/image\/"}},{"@type":"Person","@id":"https:\/\/www.rekubik.de\/magazin\/#\/schema\/person\/d5faea021aac94edeeb8e47cf06771c7","name":"admin","image":{"@type":"ImageObject","inLanguage":"de","@id":"https:\/\/www.rekubik.de\/magazin\/#\/schema\/person\/image\/","url":"https:\/\/secure.gravatar.com\/avatar\/a794a4fe8a9b9c52241597eb381dfa2e?s=96&d=mm&r=g","contentUrl":"https:\/\/secure.gravatar.com\/avatar\/a794a4fe8a9b9c52241597eb381dfa2e?s=96&d=mm&r=g","caption":"admin"}}]}},"_links":{"self":[{"href":"https:\/\/www.rekubik.de\/magazin\/wp-json\/wp\/v2\/posts\/6374"}],"collection":[{"href":"https:\/\/www.rekubik.de\/magazin\/wp-json\/wp\/v2\/posts"}],"about":[{"href":"https:\/\/www.rekubik.de\/magazin\/wp-json\/wp\/v2\/types\/post"}],"author":[{"embeddable":true,"href":"https:\/\/www.rekubik.de\/magazin\/wp-json\/wp\/v2\/users\/1"}],"replies":[{"embeddable":true,"href":"https:\/\/www.rekubik.de\/magazin\/wp-json\/wp\/v2\/comments?post=6374"}],"version-history":[{"count":12,"href":"https:\/\/www.rekubik.de\/magazin\/wp-json\/wp\/v2\/posts\/6374\/revisions"}],"predecessor-version":[{"id":22567,"href":"https:\/\/www.rekubik.de\/magazin\/wp-json\/wp\/v2\/posts\/6374\/revisions\/22567"}],"wp:featuredmedia":[{"embeddable":true,"href":"https:\/\/www.rekubik.de\/magazin\/wp-json\/wp\/v2\/media\/6376"}],"wp:attachment":[{"href":"https:\/\/www.rekubik.de\/magazin\/wp-json\/wp\/v2\/media?parent=6374"}],"wp:term":[{"taxonomy":"category","embeddable":true,"href":"https:\/\/www.rekubik.de\/magazin\/wp-json\/wp\/v2\/categories?post=6374"},{"taxonomy":"post_tag","embeddable":true,"href":"https:\/\/www.rekubik.de\/magazin\/wp-json\/wp\/v2\/tags?post=6374"}],"curies":[{"name":"wp","href":"https:\/\/api.w.org\/{rel}","templated":true}]}}