{"id":6392,"date":"2019-10-19T16:02:04","date_gmt":"2019-10-19T14:02:04","guid":{"rendered":"https:\/\/www.rekubik.de\/magazin\/?p=6392"},"modified":"2024-10-01T15:56:02","modified_gmt":"2024-10-01T13:56:02","slug":"ventilkaesten-im-garten","status":"publish","type":"post","link":"https:\/\/www.rekubik.de\/magazin\/ventilkaesten-im-garten\/","title":{"rendered":"Ventilk\u00e4sten im Garten"},"content":{"rendered":"<p><strong>Denkt man an die Wasserversorgung f\u00fcr den heimischen Nutz- oder Ziergarten, denken viele Menschen sicherlich zuallererst an ein <\/strong><a href=\"https:\/\/www.rekubik.de\/zisterne-abwassertank\/regenspeicher\/\"><strong>klassisches Regenfass<\/strong><\/a><strong>, eine <\/strong><a href=\"https:\/\/www.rekubik.de\/bewaesserung\/pumpe\/\"><strong>Pumpe<\/strong><\/a><strong> und einen <\/strong><a href=\"https:\/\/www.rekubik.de\/bewaesserung\/schlauch-rohr\/\"><strong>Gartenschlauch<\/strong><\/a><strong>. Vielleicht findet sich in den \u00dcberlegungen auch eine Gie\u00dfkanne wieder. Was dagegen kaum Jemand unter seinen Ersten Gedanken finden d\u00fcrfte, sind <\/strong><a href=\"https:\/\/www.rekubik.de\/bewaesserung\/ventilbox\/\"><strong>Ventilk\u00e4sten<\/strong><\/a><strong>. Diese speziell f\u00fcr die <\/strong><a href=\"https:\/\/www.rekubik.de\/bewaesserung\/ventilbox\/\"><strong>Wasserverteilung im Garten<\/strong><\/a><strong> vorgesehenen Geh\u00e4use f\u00fcr Ventile unterschiedlichster Verwendung sind landl\u00e4ufig nur wenig bekannt, bieten jedoch einen erheblichen Mehrwert. Wie vielseitig ein Ventilkasten tats\u00e4chlich sein kann, erfahren Sie hier bei uns. <\/strong><\/p>\n<h2>Was sind Ventilk\u00e4sten?<\/h2>\n<p style=\"text-align: justify;\">Obwohl man Ventile zun\u00e4chst eher an Maschinen und vor allem dem Auto vermutet, lassen sie sich im modernen Garten ebenfalls sinnvoll einsetzen. Da ein Ventil an sich immer eine h\u00f6here Anf\u00e4lligkeit f\u00fcr Wind und Wetter, sowie Frost, Eis und Schmutz aufweist, wird es sinnvollerweise im Garten nicht frei und ungesch\u00fctzt verbaut. Stattdessen bieten sogenannte Ventilk\u00e4sten eine sichere Einhausung, um Regel- und Steuerventile gesch\u00fctzt am gew\u00fcnschten Ort zu platzieren. Je nach Typ lassen sich diese praktischen Geh\u00e4use entweder freizug\u00e4nglich oberirdisch aufstellen. Alternativ k\u00f6nnen Sie aber auch, einem Bodentank im Gewerbebau vergleichbar, unterirdisch eingegraben und somit nochmals gesch\u00fctzter und zugleich noch weniger st\u00f6rend untergebracht werden. Dann ist f\u00fcr den Gartennutzer nur noch der Revisionsdeckel ersichtlich, \u00fcber den die untergebrachten Ventilbauteile zug\u00e4nglich und bedienbar sind.<\/p>\n<p><a href=\"https:\/\/www.rekubik.de\/bewaesserung\/ventilbox\/ventilkasten-rechteckig-jumbo-14\"><img loading=\"lazy\" decoding=\"async\" class=\"alignnone wp-image-6394 \" title=\"Ventilkasten rechteckig &quot;Jumbo&quot; 14&quot;\" src=\"https:\/\/www.rekubik.de\/magazin\/wp-content\/uploads\/2019\/10\/Ventilkasten-rechteckig-JUMBO-14.jpg\" alt=\"Ventilkasten rechteckig JUMBO 14&quot;\" width=\"369\" height=\"266\" srcset=\"https:\/\/www.rekubik.de\/magazin\/wp-content\/uploads\/2019\/10\/Ventilkasten-rechteckig-JUMBO-14.jpg 350w, https:\/\/www.rekubik.de\/magazin\/wp-content\/uploads\/2019\/10\/Ventilkasten-rechteckig-JUMBO-14-300x216.jpg 300w\" sizes=\"(max-width: 369px) 100vw, 369px\" \/><\/a>\u00a0 \u00a0 \u00a0 \u00a0 \u00a0 \u00a0 \u00a0 \u00a0 \u00a0 <a href=\"https:\/\/www.rekubik.de\/bewaesserung\/ventilbox\/ventilkasten-rechteckig-standard-12\"><img loading=\"lazy\" decoding=\"async\" class=\"alignnone wp-image-6396\" title=\"Ventilkasten rechteckig &quot;Standard&quot; 12&quot;\" src=\"https:\/\/www.rekubik.de\/magazin\/wp-content\/uploads\/2019\/10\/Ventilkasten-rechteckig-STANDARD-12.jpg\" alt=\"Ventilkasten rechteckig STANDARD 12&quot;\" width=\"308\" height=\"268\" srcset=\"https:\/\/www.rekubik.de\/magazin\/wp-content\/uploads\/2019\/10\/Ventilkasten-rechteckig-STANDARD-12.jpg 350w, https:\/\/www.rekubik.de\/magazin\/wp-content\/uploads\/2019\/10\/Ventilkasten-rechteckig-STANDARD-12-300x261.jpg 300w\" sizes=\"(max-width: 308px) 100vw, 308px\" \/><\/a><\/p>\n<h2>Wof\u00fcr ben\u00f6tigt man Ventilk\u00e4sten im Garten?<\/h2>\n<p style=\"text-align: justify;\">Ventilgeh\u00e4use sind zwar nicht zwingend f\u00fcr jede <a href=\"https:\/\/www.rekubik.de\/bewaesserung\/\">Wasserinstallation im heimischen Gartenareal<\/a> erforderlich, sie macht aber viele Aspekte deutlich einfacher. Bei den meisten technischen Vorrichtungen im privaten Freibereich ist der Fall, dass diese zwar hilfreich und daher gew\u00fcnscht sind, dass man sie aber eigentlich nicht sehen m\u00f6chte. Ein einfaches Geh\u00e4use l\u00e4sst sich ober- wie unterirdisch weit einfacher verstecken, als eine Vielzahl an Leitungsanschl\u00fcssen mit H\u00e4hnen und Hebeln. Weiterhin bieten moderne Konstruktionen zwar Ventilbauteile hoher Widerstandsf\u00e4higkeit, dem dauerhaften Angriff von Temperaturwechseln und UV-Strahlung der Sonne sind aber insbesondere die Dichtungen auch heute noch nicht gewachsen. Durch die zus\u00e4tzliche Schutzh\u00fclle in Form des Ventilgeh\u00e4uses werden diese Faktoren entweder vollst\u00e4ndig eliminiert, oder aber zumindest auf ein vertretbares Ma\u00df reduziert. Sowohl die allgemeine Funktionalit\u00e4t als auch die Lebensdauer der Verteilereinrichtungen wird so deutlich gesteigert.<\/p>\n<p>\u00a0 \u00a0 \u00a0 \u00a0 <a href=\"https:\/\/www.rekubik.de\/bewaesserung\/ventilbox\/ventilkasten-rund-large-10\"><img loading=\"lazy\" decoding=\"async\" class=\"alignnone wp-image-6402 size-full\" title=\"Ventilkasten rund &quot;Large&quot; 10&quot;\" src=\"https:\/\/www.rekubik.de\/magazin\/wp-content\/uploads\/2019\/10\/Ventilkasten-rund-LARGE-10.jpg\" alt=\"Ventilkasten rund LARGE 10&quot;\" width=\"350\" height=\"299\" srcset=\"https:\/\/www.rekubik.de\/magazin\/wp-content\/uploads\/2019\/10\/Ventilkasten-rund-LARGE-10.jpg 350w, https:\/\/www.rekubik.de\/magazin\/wp-content\/uploads\/2019\/10\/Ventilkasten-rund-LARGE-10-300x256.jpg 300w\" sizes=\"(max-width: 350px) 100vw, 350px\" \/><\/a> \u00a0 \u00a0 \u00a0 \u00a0 \u00a0<a href=\"https:\/\/www.rekubik.de\/bewaesserung\/ventilbox\/ventilkasten-rund-mini-6\"><img loading=\"lazy\" decoding=\"async\" class=\"alignnone wp-image-6403 size-full\" title=\"Ventilkasten rund &quot;Mini&quot; 6&quot;\" src=\"https:\/\/www.rekubik.de\/magazin\/wp-content\/uploads\/2019\/10\/Ventilkasten-rund-MINI-6.jpg\" alt=\"Ventilkasten rund MINI 6&quot;\" width=\"319\" height=\"300\" srcset=\"https:\/\/www.rekubik.de\/magazin\/wp-content\/uploads\/2019\/10\/Ventilkasten-rund-MINI-6.jpg 319w, https:\/\/www.rekubik.de\/magazin\/wp-content\/uploads\/2019\/10\/Ventilkasten-rund-MINI-6-300x282.jpg 300w\" sizes=\"(max-width: 319px) 100vw, 319px\" \/><\/a><\/p>\n<h2>Unterschiedliche Nutzungen von Ventilboxen<\/h2>\n<p style=\"text-align: justify;\">Die M\u00f6glichkeiten, die Ventilk\u00e4sten im Garten bieten, sind enorm. Zuallererst erlauben sie nat\u00fcrlich eine Verteilung von Wasser, also eine gezielte und strukturierte Verlegung von Wasserleitungen f\u00fcr die Bew\u00e4sserung. Durch den Eingriff am einzelnen Ventil lassen sich Teilbereiche zu- oder abschalten, was die Leckagegefahr minimiert und den winterlichen Frostschutz erheblich vereinfacht. Spezieller wird der Einsatz der Ventilboxen dagegen bei besonderen Anwendungen. So l\u00e4sst sich im Geh\u00e4use beispielsweise auch die Steuerung fest verbauter Bew\u00e4sserungssysteme, wie etwa <a href=\"https:\/\/www.rekubik.de\/bewaesserung\/tropfbewaesserung\/\">Tropfleitungen<\/a>, installieren. Gesch\u00fctzt und dennoch gut zug\u00e4nglich kann so f\u00fcr jeden Bew\u00e4sserungskreislauf die Intensit\u00e4t separat eingeregelt werden. Zuletzt lassen sich in den praktischen Geh\u00e4usen aber auch neben den Steuereinrichtungen f\u00fcr die Bew\u00e4sserung zugleich andere Medien wettergesch\u00fctzt unterbringen. So kann beispielsweise die Stromversorgung mit oder ohne Bezug zur Bew\u00e4sserung an den klar definierten Zugriffspunkten im Au\u00dfenbereich platziert und einfach zugegangen werden k\u00f6nnen.<\/p>\n<p><a href=\"https:\/\/www.rekubik.de\/bewaesserung\/tropfbewaesserung\/tropfrohr-drip-pipe\/16mm-100m-dripline-tropfrohr-tropfabstand-33cm\"><img loading=\"lazy\" decoding=\"async\" class=\"aligncenter wp-image-6406 size-full\" title=\"16mm (100m) Dripline Tropfrohr Tropfabstand 33cm\" src=\"https:\/\/www.rekubik.de\/magazin\/wp-content\/uploads\/2019\/10\/16mm-100m-Dripline-Tropfrohr-Tropfabstand-33cm.jpg\" alt=\"16mm (100m) Dripline Tropfrohr Tropfabstand 33cm\" width=\"600\" height=\"388\" srcset=\"https:\/\/www.rekubik.de\/magazin\/wp-content\/uploads\/2019\/10\/16mm-100m-Dripline-Tropfrohr-Tropfabstand-33cm.jpg 600w, https:\/\/www.rekubik.de\/magazin\/wp-content\/uploads\/2019\/10\/16mm-100m-Dripline-Tropfrohr-Tropfabstand-33cm-300x194.jpg 300w\" sizes=\"(max-width: 600px) 100vw, 600px\" \/><\/a><\/p>\n<h3>Der unsichtbare Wasseranschluss im Hausgarten<\/h3>\n<p style=\"text-align: justify;\">Nicht jede Bew\u00e4sserung mit mehreren Entnahmestellen ist auf Ventilk\u00e4sten im Garten angewiesen. Sie k\u00f6nnen aber durch die Regulierbarkeit einzelner Str\u00e4nge beispielsweise Gartenpumpen unn\u00f6tig machen, da durch gezielte Abschaltungen der Druck einzelner Leitungsabschnitte gesteigert werden kann. Au\u00dferdem verschaffen die Einrichtungen nat\u00fcrlich ein zus\u00e4tzliches Ma\u00df an Komfort und M\u00f6glichkeiten. Wo eine simple Stichleitung alle Teilbereiche jederzeit unter Druck bel\u00e4sst, kann durch Ventilboxen individuell auf jeden Abnehmer reagiert werden.<\/p>\n<h3>Die Steuerung f\u00fcr das Bew\u00e4sserungssystem<\/h3>\n<p style=\"text-align: justify;\">Ein Ventilkasten kann neben dem simplen Gartenanschluss nat\u00fcrlich auch sehr spezifisch seine Vorteile entfalten. In Kombination mit einem Bew\u00e4sserungssystem wird die Ventilbox zum elementaren Steuerungselement f\u00fcr den Privatgarten. Die Blumen brauchen mehr Wasser als die Str\u00e4ucher? Kein Problem. Ein Griff in die im Boden eingelassene Box erlaubt eine gezielte Regulierung der Gie\u00dfmenge ohne aufw\u00e4ndige Manipulationen an den Tropfleitungen selbst.<\/p>\n<figure id=\"attachment_6410\" aria-describedby=\"caption-attachment-6410\" style=\"width: 800px\" class=\"wp-caption aligncenter\"><img loading=\"lazy\" decoding=\"async\" class=\"wp-image-6410 size-full\" title=\"Ventil im Garten (ungesch\u00fctzt)\" src=\"https:\/\/www.rekubik.de\/magazin\/wp-content\/uploads\/2019\/10\/Ventil.jpg\" alt=\"Ventil im Garten (ungesch\u00fctzt)\" width=\"800\" height=\"600\" srcset=\"https:\/\/www.rekubik.de\/magazin\/wp-content\/uploads\/2019\/10\/Ventil.jpg 800w, https:\/\/www.rekubik.de\/magazin\/wp-content\/uploads\/2019\/10\/Ventil-300x225.jpg 300w, https:\/\/www.rekubik.de\/magazin\/wp-content\/uploads\/2019\/10\/Ventil-768x576.jpg 768w\" sizes=\"(max-width: 800px) 100vw, 800px\" \/><figcaption id=\"caption-attachment-6410\" class=\"wp-caption-text\">\u00a9 vectorass &#8211; stock.adobe.com<\/figcaption><\/figure>\n<h3>Die Kombination mit Gartenpumpen &#8211; ein Ger\u00e4t &#8211; unz\u00e4hlige Abnahmestationen<\/h3>\n<p style=\"text-align: justify;\">Ventilk\u00e4sten im Garten m\u00fcssen aber nicht immer an die feste Frischwasserinstallation angebunden werden. Ganz im Gegenteil in Kombination mit Gartenpumpen l\u00e4sst sich beispielsweise in einem <a href=\"https:\/\/www.rekubik.de\/ibc-container\/\">IBC Container<\/a> gesammeltes Niederschlagswasser in das vorhandene Bew\u00e4sserungssystem einspeisen. Der Vorteil liegt im geringen Installationsaufwand, sowie einer reversiblen und jederzeit leicht anpassbaren Technik. <a href=\"https:\/\/www.rekubik.de\/ibc-zubehoer\/\">IBC Zubeh\u00f6r<\/a> harmoniert sehr gut mit der Einrichtung, so dass Ventile und Anschl\u00fcsse problemlos kombiniert werden k\u00f6nnen. Verwenden Sie auf diese Weise eine Pumpe wechselnd f\u00fcr unterschiedliche Bew\u00e4sserungstechnik.<\/p>\n<h2>Die Ventilbox als sinnvolle Erg\u00e4nzung zum Wassertank<\/h2>\n<p style=\"text-align: justify;\">Ein Wassertank, beispielsweise ein Intermediate Bulk Container, erlaubt das einfache und kosteng\u00fcnstige Sammeln von Niederschlagswasser. Kosteng\u00fcnstig muss gerade hier dagegen keinen Verzicht auf Komfort bedeuten! Direkt vom IBC Beh\u00e4lter abgenommen, kann das Wasser \u00fcber den Ventilkasten zu allen erforderlichen Endverbrauchern geleitet werden. Die Ventilbox \u00fcbernimmt dabei sowohl die Steuerung, als auch die Regulierung der Wasserstr\u00f6me. \u00dcber eine Pumpe mit ausreichend Druck versorgt, kann jeder Bereich Ihres Gartens mit einem Ventil beliebig versorgt oder tempor\u00e4r von der Versorgung abgekoppelt werden. So gelingt Ihnen eine individuelle Anpassung der Wasserverteilung.<\/p>\n","protected":false},"excerpt":{"rendered":"<p>Denkt man an die Wasserversorgung f\u00fcr den heimischen Nutz- oder Ziergarten, denken viele Menschen sicherlich zuallererst an ein klassisches Regenfass, eine Pumpe und einen Gartenschlauch. Vielleicht findet sich in den \u00dcberlegungen auch eine Gie\u00dfkanne wieder. Was dagegen kaum Jemand unter seinen Ersten Gedanken finden d\u00fcrfte, sind Ventilk\u00e4sten. Diese speziell f\u00fcr die Wasserverteilung im Garten vorgesehenen &hellip;<\/p>\n","protected":false},"author":1,"featured_media":6408,"comment_status":"closed","ping_status":"open","sticky":false,"template":"","format":"standard","meta":{"footnotes":""},"categories":[1],"tags":[47,389,703,216,702],"class_list":["post-6392","post","type-post","status-publish","format-standard","has-post-thumbnail","","category-ibc-garten","tag-garten","tag-gartenzubehoer","tag-ventile","tag-ventilkaesten","tag-ventilkaesten-im-garten"],"yoast_head":"<!-- This site is optimized with the Yoast SEO plugin v23.5 - https:\/\/yoast.com\/wordpress\/plugins\/seo\/ -->\n<title>Ventilk\u00e4sten im Garten - REKUBIK\u00ae Magazin<\/title>\n<meta name=\"description\" content=\"Das Rekubik Magazin erkl\u00e4rt den gro\u00dfen Nutzen von Ventilk\u00e4sten in eigenen Garten! \u2013 Mehr zu Mehrwehrt\u2714 Einsatz\u2714 Installation\u2714 erfahren!\" \/>\n<meta name=\"robots\" content=\"index, follow, max-snippet:-1, max-image-preview:large, max-video-preview:-1\" \/>\n<link rel=\"canonical\" href=\"https:\/\/www.rekubik.de\/magazin\/ventilkaesten-im-garten\/\" \/>\n<meta property=\"og:locale\" content=\"de_DE\" \/>\n<meta property=\"og:type\" content=\"article\" \/>\n<meta property=\"og:title\" content=\"Ventilk\u00e4sten im Garten - REKUBIK\u00ae Magazin\" \/>\n<meta property=\"og:description\" content=\"Das Rekubik Magazin erkl\u00e4rt den gro\u00dfen Nutzen von Ventilk\u00e4sten in eigenen Garten! \u2013 Mehr zu Mehrwehrt\u2714 Einsatz\u2714 Installation\u2714 erfahren!\" \/>\n<meta property=\"og:url\" content=\"https:\/\/www.rekubik.de\/magazin\/ventilkaesten-im-garten\/\" \/>\n<meta property=\"og:site_name\" content=\"REKUBIK\u00ae Magazin\" \/>\n<meta property=\"article:published_time\" content=\"2019-10-19T14:02:04+00:00\" \/>\n<meta property=\"article:modified_time\" content=\"2024-10-01T13:56:02+00:00\" \/>\n<meta property=\"og:image\" content=\"https:\/\/www.rekubik.de\/magazin\/wp-content\/uploads\/2019\/10\/Ventile.jpg\" \/>\n\t<meta property=\"og:image:width\" content=\"800\" \/>\n\t<meta property=\"og:image:height\" content=\"468\" \/>\n\t<meta property=\"og:image:type\" content=\"image\/jpeg\" \/>\n<meta name=\"author\" content=\"admin\" \/>\n<meta name=\"twitter:card\" content=\"summary_large_image\" \/>\n<meta name=\"twitter:label1\" content=\"Geschrieben von\" \/>\n\t<meta name=\"twitter:data1\" content=\"admin\" \/>\n\t<meta name=\"twitter:label2\" content=\"Gesch\u00e4tzte Lesezeit\" \/>\n\t<meta name=\"twitter:data2\" content=\"5\u00a0Minuten\" \/>\n<script type=\"application\/ld+json\" class=\"yoast-schema-graph\">{\"@context\":\"https:\/\/schema.org\",\"@graph\":[{\"@type\":\"Article\",\"@id\":\"https:\/\/www.rekubik.de\/magazin\/ventilkaesten-im-garten\/#article\",\"isPartOf\":{\"@id\":\"https:\/\/www.rekubik.de\/magazin\/ventilkaesten-im-garten\/\"},\"author\":{\"name\":\"admin\",\"@id\":\"https:\/\/www.rekubik.de\/magazin\/#\/schema\/person\/d5faea021aac94edeeb8e47cf06771c7\"},\"headline\":\"Ventilk\u00e4sten im Garten\",\"datePublished\":\"2019-10-19T14:02:04+00:00\",\"dateModified\":\"2024-10-01T13:56:02+00:00\",\"mainEntityOfPage\":{\"@id\":\"https:\/\/www.rekubik.de\/magazin\/ventilkaesten-im-garten\/\"},\"wordCount\":909,\"publisher\":{\"@id\":\"https:\/\/www.rekubik.de\/magazin\/#organization\"},\"image\":{\"@id\":\"https:\/\/www.rekubik.de\/magazin\/ventilkaesten-im-garten\/#primaryimage\"},\"thumbnailUrl\":\"https:\/\/www.rekubik.de\/magazin\/wp-content\/uploads\/2019\/10\/Ventile.jpg\",\"keywords\":[\"Garten\",\"Gartenzubeh\u00f6r\",\"Ventile\",\"Ventilk\u00e4sten\",\"Ventilk\u00e4sten im Garten\"],\"articleSection\":[\"IBC IM GARTEN\"],\"inLanguage\":\"de\"},{\"@type\":\"WebPage\",\"@id\":\"https:\/\/www.rekubik.de\/magazin\/ventilkaesten-im-garten\/\",\"url\":\"https:\/\/www.rekubik.de\/magazin\/ventilkaesten-im-garten\/\",\"name\":\"Ventilk\u00e4sten im Garten - REKUBIK\u00ae Magazin\",\"isPartOf\":{\"@id\":\"https:\/\/www.rekubik.de\/magazin\/#website\"},\"primaryImageOfPage\":{\"@id\":\"https:\/\/www.rekubik.de\/magazin\/ventilkaesten-im-garten\/#primaryimage\"},\"image\":{\"@id\":\"https:\/\/www.rekubik.de\/magazin\/ventilkaesten-im-garten\/#primaryimage\"},\"thumbnailUrl\":\"https:\/\/www.rekubik.de\/magazin\/wp-content\/uploads\/2019\/10\/Ventile.jpg\",\"datePublished\":\"2019-10-19T14:02:04+00:00\",\"dateModified\":\"2024-10-01T13:56:02+00:00\",\"description\":\"Das Rekubik Magazin erkl\u00e4rt den gro\u00dfen Nutzen von Ventilk\u00e4sten in eigenen Garten! \u2013 Mehr zu Mehrwehrt\u2714 Einsatz\u2714 Installation\u2714 erfahren!\",\"breadcrumb\":{\"@id\":\"https:\/\/www.rekubik.de\/magazin\/ventilkaesten-im-garten\/#breadcrumb\"},\"inLanguage\":\"de\",\"potentialAction\":[{\"@type\":\"ReadAction\",\"target\":[\"https:\/\/www.rekubik.de\/magazin\/ventilkaesten-im-garten\/\"]}]},{\"@type\":\"ImageObject\",\"inLanguage\":\"de\",\"@id\":\"https:\/\/www.rekubik.de\/magazin\/ventilkaesten-im-garten\/#primaryimage\",\"url\":\"https:\/\/www.rekubik.de\/magazin\/wp-content\/uploads\/2019\/10\/Ventile.jpg\",\"contentUrl\":\"https:\/\/www.rekubik.de\/magazin\/wp-content\/uploads\/2019\/10\/Ventile.jpg\",\"width\":800,\"height\":468,\"caption\":\"\u00a9 Umaporn Y. - stock.adobe.com\"},{\"@type\":\"BreadcrumbList\",\"@id\":\"https:\/\/www.rekubik.de\/magazin\/ventilkaesten-im-garten\/#breadcrumb\",\"itemListElement\":[{\"@type\":\"ListItem\",\"position\":1,\"name\":\"Home\",\"item\":\"https:\/\/www.rekubik.de\/magazin\/\"},{\"@type\":\"ListItem\",\"position\":2,\"name\":\"Ventilk\u00e4sten im Garten\"}]},{\"@type\":\"WebSite\",\"@id\":\"https:\/\/www.rekubik.de\/magazin\/#website\",\"url\":\"https:\/\/www.rekubik.de\/magazin\/\",\"name\":\"REKUBIK\u00ae Magazin\",\"description\":\"\",\"publisher\":{\"@id\":\"https:\/\/www.rekubik.de\/magazin\/#organization\"},\"potentialAction\":[{\"@type\":\"SearchAction\",\"target\":{\"@type\":\"EntryPoint\",\"urlTemplate\":\"https:\/\/www.rekubik.de\/magazin\/?s={search_term_string}\"},\"query-input\":{\"@type\":\"PropertyValueSpecification\",\"valueRequired\":true,\"valueName\":\"search_term_string\"}}],\"inLanguage\":\"de\"},{\"@type\":\"Organization\",\"@id\":\"https:\/\/www.rekubik.de\/magazin\/#organization\",\"name\":\"Rekubik\",\"url\":\"https:\/\/www.rekubik.de\/magazin\/\",\"logo\":{\"@type\":\"ImageObject\",\"inLanguage\":\"de\",\"@id\":\"https:\/\/www.rekubik.de\/magazin\/#\/schema\/logo\/image\/\",\"url\":\"https:\/\/www.rekubik.de\/magazin\/wp-content\/uploads\/2017\/12\/rekubik-LOGO-Shopware.png\",\"contentUrl\":\"https:\/\/www.rekubik.de\/magazin\/wp-content\/uploads\/2017\/12\/rekubik-LOGO-Shopware.png\",\"width\":200,\"height\":50,\"caption\":\"Rekubik\"},\"image\":{\"@id\":\"https:\/\/www.rekubik.de\/magazin\/#\/schema\/logo\/image\/\"}},{\"@type\":\"Person\",\"@id\":\"https:\/\/www.rekubik.de\/magazin\/#\/schema\/person\/d5faea021aac94edeeb8e47cf06771c7\",\"name\":\"admin\",\"image\":{\"@type\":\"ImageObject\",\"inLanguage\":\"de\",\"@id\":\"https:\/\/www.rekubik.de\/magazin\/#\/schema\/person\/image\/\",\"url\":\"https:\/\/secure.gravatar.com\/avatar\/a794a4fe8a9b9c52241597eb381dfa2e?s=96&d=mm&r=g\",\"contentUrl\":\"https:\/\/secure.gravatar.com\/avatar\/a794a4fe8a9b9c52241597eb381dfa2e?s=96&d=mm&r=g\",\"caption\":\"admin\"}}]}<\/script>\n<!-- \/ Yoast SEO plugin. -->","yoast_head_json":{"title":"Ventilk\u00e4sten im Garten - REKUBIK\u00ae Magazin","description":"Das Rekubik Magazin erkl\u00e4rt den gro\u00dfen Nutzen von Ventilk\u00e4sten in eigenen Garten! \u2013 Mehr zu Mehrwehrt\u2714 Einsatz\u2714 Installation\u2714 erfahren!","robots":{"index":"index","follow":"follow","max-snippet":"max-snippet:-1","max-image-preview":"max-image-preview:large","max-video-preview":"max-video-preview:-1"},"canonical":"https:\/\/www.rekubik.de\/magazin\/ventilkaesten-im-garten\/","og_locale":"de_DE","og_type":"article","og_title":"Ventilk\u00e4sten im Garten - REKUBIK\u00ae Magazin","og_description":"Das Rekubik Magazin erkl\u00e4rt den gro\u00dfen Nutzen von Ventilk\u00e4sten in eigenen Garten! \u2013 Mehr zu Mehrwehrt\u2714 Einsatz\u2714 Installation\u2714 erfahren!","og_url":"https:\/\/www.rekubik.de\/magazin\/ventilkaesten-im-garten\/","og_site_name":"REKUBIK\u00ae Magazin","article_published_time":"2019-10-19T14:02:04+00:00","article_modified_time":"2024-10-01T13:56:02+00:00","og_image":[{"width":800,"height":468,"url":"https:\/\/www.rekubik.de\/magazin\/wp-content\/uploads\/2019\/10\/Ventile.jpg","type":"image\/jpeg"}],"author":"admin","twitter_card":"summary_large_image","twitter_misc":{"Geschrieben von":"admin","Gesch\u00e4tzte Lesezeit":"5\u00a0Minuten"},"schema":{"@context":"https:\/\/schema.org","@graph":[{"@type":"Article","@id":"https:\/\/www.rekubik.de\/magazin\/ventilkaesten-im-garten\/#article","isPartOf":{"@id":"https:\/\/www.rekubik.de\/magazin\/ventilkaesten-im-garten\/"},"author":{"name":"admin","@id":"https:\/\/www.rekubik.de\/magazin\/#\/schema\/person\/d5faea021aac94edeeb8e47cf06771c7"},"headline":"Ventilk\u00e4sten im Garten","datePublished":"2019-10-19T14:02:04+00:00","dateModified":"2024-10-01T13:56:02+00:00","mainEntityOfPage":{"@id":"https:\/\/www.rekubik.de\/magazin\/ventilkaesten-im-garten\/"},"wordCount":909,"publisher":{"@id":"https:\/\/www.rekubik.de\/magazin\/#organization"},"image":{"@id":"https:\/\/www.rekubik.de\/magazin\/ventilkaesten-im-garten\/#primaryimage"},"thumbnailUrl":"https:\/\/www.rekubik.de\/magazin\/wp-content\/uploads\/2019\/10\/Ventile.jpg","keywords":["Garten","Gartenzubeh\u00f6r","Ventile","Ventilk\u00e4sten","Ventilk\u00e4sten im Garten"],"articleSection":["IBC IM GARTEN"],"inLanguage":"de"},{"@type":"WebPage","@id":"https:\/\/www.rekubik.de\/magazin\/ventilkaesten-im-garten\/","url":"https:\/\/www.rekubik.de\/magazin\/ventilkaesten-im-garten\/","name":"Ventilk\u00e4sten im Garten - REKUBIK\u00ae Magazin","isPartOf":{"@id":"https:\/\/www.rekubik.de\/magazin\/#website"},"primaryImageOfPage":{"@id":"https:\/\/www.rekubik.de\/magazin\/ventilkaesten-im-garten\/#primaryimage"},"image":{"@id":"https:\/\/www.rekubik.de\/magazin\/ventilkaesten-im-garten\/#primaryimage"},"thumbnailUrl":"https:\/\/www.rekubik.de\/magazin\/wp-content\/uploads\/2019\/10\/Ventile.jpg","datePublished":"2019-10-19T14:02:04+00:00","dateModified":"2024-10-01T13:56:02+00:00","description":"Das Rekubik Magazin erkl\u00e4rt den gro\u00dfen Nutzen von Ventilk\u00e4sten in eigenen Garten! \u2013 Mehr zu Mehrwehrt\u2714 Einsatz\u2714 Installation\u2714 erfahren!","breadcrumb":{"@id":"https:\/\/www.rekubik.de\/magazin\/ventilkaesten-im-garten\/#breadcrumb"},"inLanguage":"de","potentialAction":[{"@type":"ReadAction","target":["https:\/\/www.rekubik.de\/magazin\/ventilkaesten-im-garten\/"]}]},{"@type":"ImageObject","inLanguage":"de","@id":"https:\/\/www.rekubik.de\/magazin\/ventilkaesten-im-garten\/#primaryimage","url":"https:\/\/www.rekubik.de\/magazin\/wp-content\/uploads\/2019\/10\/Ventile.jpg","contentUrl":"https:\/\/www.rekubik.de\/magazin\/wp-content\/uploads\/2019\/10\/Ventile.jpg","width":800,"height":468,"caption":"\u00a9 Umaporn Y. - stock.adobe.com"},{"@type":"BreadcrumbList","@id":"https:\/\/www.rekubik.de\/magazin\/ventilkaesten-im-garten\/#breadcrumb","itemListElement":[{"@type":"ListItem","position":1,"name":"Home","item":"https:\/\/www.rekubik.de\/magazin\/"},{"@type":"ListItem","position":2,"name":"Ventilk\u00e4sten im Garten"}]},{"@type":"WebSite","@id":"https:\/\/www.rekubik.de\/magazin\/#website","url":"https:\/\/www.rekubik.de\/magazin\/","name":"REKUBIK\u00ae Magazin","description":"","publisher":{"@id":"https:\/\/www.rekubik.de\/magazin\/#organization"},"potentialAction":[{"@type":"SearchAction","target":{"@type":"EntryPoint","urlTemplate":"https:\/\/www.rekubik.de\/magazin\/?s={search_term_string}"},"query-input":{"@type":"PropertyValueSpecification","valueRequired":true,"valueName":"search_term_string"}}],"inLanguage":"de"},{"@type":"Organization","@id":"https:\/\/www.rekubik.de\/magazin\/#organization","name":"Rekubik","url":"https:\/\/www.rekubik.de\/magazin\/","logo":{"@type":"ImageObject","inLanguage":"de","@id":"https:\/\/www.rekubik.de\/magazin\/#\/schema\/logo\/image\/","url":"https:\/\/www.rekubik.de\/magazin\/wp-content\/uploads\/2017\/12\/rekubik-LOGO-Shopware.png","contentUrl":"https:\/\/www.rekubik.de\/magazin\/wp-content\/uploads\/2017\/12\/rekubik-LOGO-Shopware.png","width":200,"height":50,"caption":"Rekubik"},"image":{"@id":"https:\/\/www.rekubik.de\/magazin\/#\/schema\/logo\/image\/"}},{"@type":"Person","@id":"https:\/\/www.rekubik.de\/magazin\/#\/schema\/person\/d5faea021aac94edeeb8e47cf06771c7","name":"admin","image":{"@type":"ImageObject","inLanguage":"de","@id":"https:\/\/www.rekubik.de\/magazin\/#\/schema\/person\/image\/","url":"https:\/\/secure.gravatar.com\/avatar\/a794a4fe8a9b9c52241597eb381dfa2e?s=96&d=mm&r=g","contentUrl":"https:\/\/secure.gravatar.com\/avatar\/a794a4fe8a9b9c52241597eb381dfa2e?s=96&d=mm&r=g","caption":"admin"}}]}},"_links":{"self":[{"href":"https:\/\/www.rekubik.de\/magazin\/wp-json\/wp\/v2\/posts\/6392"}],"collection":[{"href":"https:\/\/www.rekubik.de\/magazin\/wp-json\/wp\/v2\/posts"}],"about":[{"href":"https:\/\/www.rekubik.de\/magazin\/wp-json\/wp\/v2\/types\/post"}],"author":[{"embeddable":true,"href":"https:\/\/www.rekubik.de\/magazin\/wp-json\/wp\/v2\/users\/1"}],"replies":[{"embeddable":true,"href":"https:\/\/www.rekubik.de\/magazin\/wp-json\/wp\/v2\/comments?post=6392"}],"version-history":[{"count":16,"href":"https:\/\/www.rekubik.de\/magazin\/wp-json\/wp\/v2\/posts\/6392\/revisions"}],"predecessor-version":[{"id":22959,"href":"https:\/\/www.rekubik.de\/magazin\/wp-json\/wp\/v2\/posts\/6392\/revisions\/22959"}],"wp:featuredmedia":[{"embeddable":true,"href":"https:\/\/www.rekubik.de\/magazin\/wp-json\/wp\/v2\/media\/6408"}],"wp:attachment":[{"href":"https:\/\/www.rekubik.de\/magazin\/wp-json\/wp\/v2\/media?parent=6392"}],"wp:term":[{"taxonomy":"category","embeddable":true,"href":"https:\/\/www.rekubik.de\/magazin\/wp-json\/wp\/v2\/categories?post=6392"},{"taxonomy":"post_tag","embeddable":true,"href":"https:\/\/www.rekubik.de\/magazin\/wp-json\/wp\/v2\/tags?post=6392"}],"curies":[{"name":"wp","href":"https:\/\/api.w.org\/{rel}","templated":true}]}}