{"id":8507,"date":"2020-04-03T13:42:58","date_gmt":"2020-04-03T11:42:58","guid":{"rendered":"https:\/\/www.rekubik.de\/magazin\/?p=8507"},"modified":"2020-04-04T13:17:56","modified_gmt":"2020-04-04T11:17:56","slug":"das-maischefass-im-einsatz","status":"publish","type":"post","link":"https:\/\/www.rekubik.de\/magazin\/das-maischefass-im-einsatz\/","title":{"rendered":"Das Maischefass im Einsatz"},"content":{"rendered":"<p style=\"text-align: justify;\"><b><span data-contrast=\"auto\">Wer Most oder Wein selbst herstellen m\u00f6chte, kommt um das sogenannte Maischen nicht herum. Daf\u00fcr braucht es ein geeignetes Gef\u00e4\u00df, das vor allem dicht sein muss und h\u00f6chsten hygienischen Anspr\u00fcchen gerecht wird. Ideal ist ein\u00a0<\/span><\/b><a href=\"https:\/\/www.rekubik.de\/kanister-zubehoer\/kanister-faesser\/\"><b><span data-contrast=\"none\">spezielles Maischefass aus einem hochwertigen Kunststoff<\/span><\/b><\/a><b><span data-contrast=\"auto\">. Was so ein Fass auszeichnet, was es kann und wie es am besten genutzt wird, k\u00f6nnen Sie hier lesen.<\/span><\/b><span data-ccp-props=\"{&quot;201341983&quot;:0,&quot;335559739&quot;:160,&quot;335559740&quot;:259}\">\u00a0<\/span><\/p>\n<h2><span data-contrast=\"auto\">Selbermachen liegt voll im Trend<\/span><span data-contrast=\"auto\">\u2026<\/span><span data-contrast=\"auto\">\u00a0<\/span><span data-ccp-props=\"{&quot;201341983&quot;:0,&quot;335559739&quot;:160,&quot;335559740&quot;:259}\">\u00a0<\/span><\/h2>\n<p style=\"text-align: justify;\"><span data-contrast=\"auto\">\u2026<\/span><span data-contrast=\"auto\">gerade wenn es um Nahrungs- und Genussmittel geht. Vorbei jedenfalls die Zeiten, in denen es den meisten Menschen vollkommen egal war, wie ein Produkt hergestellt wurde. Heute will man wissen, was genau vor allem Nahrungsmittel enthalten. Dar\u00fcber hinaus entdecken viele Leute auch mehr und mehr, wie befriedigend es sein kann, etwas selbst herzustellen, statt es einfach fertig im Supermarkt zu kaufen. Nehmen wir Wein<\/span><span data-contrast=\"auto\">\u00a0als Beispiel<\/span><span data-contrast=\"auto\">. Sicher, kaum jemand wird sich an klassischen Wei\u00df- oder Rotwein<\/span><span data-contrast=\"auto\">\u00a0aus Trauben<\/span><span data-contrast=\"auto\">\u00a0heranwagen. Daf\u00fcr ist n\u00e4mlich unglaublich viel an Know<\/span><span data-contrast=\"auto\">&#8211;<\/span><span data-contrast=\"auto\">how notwendig, das man in der Regel nur als ausgebildeter Winzer hat. Fruchtweine\u00a0<\/span><span data-contrast=\"auto\">oder<\/span><span data-contrast=\"auto\">\u00a0Most lassen\u00a0<\/span><span data-contrast=\"auto\">sich hingegen relativ einfach realisieren. Dabei spielt eine Rolle, dass dazu gleich die Fr\u00fcchte aus dem\u00a0<\/span><span data-contrast=\"auto\">eigenen Garten verwendet werden k\u00f6nnen. Klar, dass das Selbermachen von Wein nicht ohne geeignetes Zubeh\u00f6r geht. Eine besondere Rolle spielt dabei das sogenannte Maischefass. In ihm spielt sich n\u00e4mlich das ab, was das Weinmachen im Kern auszeichnet.<\/span><span data-ccp-props=\"{&quot;201341983&quot;:0,&quot;335559739&quot;:160,&quot;335559740&quot;:259}\">\u00a0<\/span><\/p>\n<figure id=\"attachment_8512\" aria-describedby=\"caption-attachment-8512\" style=\"width: 800px\" class=\"wp-caption aligncenter\"><img loading=\"lazy\" decoding=\"async\" class=\"wp-image-8512 size-full\" title=\"Im Maischefass findet die G\u00e4rung, also der \u00dcbergang von der Frucht zum Wein statt\" src=\"https:\/\/www.rekubik.de\/magazin\/wp-content\/uploads\/2021\/04\/Fermentierung.jpg\" alt=\"Maischefass von oben\" width=\"800\" height=\"533\" srcset=\"https:\/\/www.rekubik.de\/magazin\/wp-content\/uploads\/2021\/04\/Fermentierung.jpg 800w, https:\/\/www.rekubik.de\/magazin\/wp-content\/uploads\/2021\/04\/Fermentierung-300x200.jpg 300w, https:\/\/www.rekubik.de\/magazin\/wp-content\/uploads\/2021\/04\/Fermentierung-768x512.jpg 768w\" sizes=\"(max-width: 800px) 100vw, 800px\" \/><figcaption id=\"caption-attachment-8512\" class=\"wp-caption-text\">\u00a9 OceanProd &#8211; stock.adobe.com<\/figcaption><\/figure>\n<h2><span data-contrast=\"auto\">Maischen\u00a0<\/span><span data-contrast=\"auto\">\u2013<\/span><span data-contrast=\"auto\">\u00a0eine uralte Technik, ohne die viele Getr\u00e4nke nicht denkbar w\u00e4ren<\/span><span data-ccp-props=\"{&quot;201341983&quot;:0,&quot;335559739&quot;:160,&quot;335559740&quot;:259}\">\u00a0<\/span><\/h2>\n<p style=\"text-align: justify;\"><span data-contrast=\"auto\">Egal, ob nun die Herstellung von Bier, Fruchtwein, Most, Whiskey oder Obstbr\u00e4nden\u00a0<\/span><span data-contrast=\"auto\">\u2013<\/span><span data-contrast=\"auto\">\u00a0ohne Maischen geht es nicht. Dabei handelt es sich um eine uralte Arbeitstechnik, bei der Rohstoffe<\/span><span data-contrast=\"auto\">,<\/span><span data-contrast=\"auto\">\u00a0wie etwa zerkleinerte Fr\u00fcchte mit Reinzuchthefe vermischt werden, um einen G\u00e4rprozess in Gang zu setzen. Dabei muss zwischen zwei Arten unterschieden werden. Entweder wird wie bei der Bierherstellung die St\u00e4rke im Getreide in Zucker umgewandelt oder der in Fr\u00fcchten enthaltene Zucker wird direkt zu Alkohol vergoren. Bei Getreiden ist es in diesem Zusammenhang notwendig, Wasser zuzugeben. Bei Fr\u00fcchten reicht hingegen der Fruchtsaft vollkommen aus. Das Maischen findet grunds\u00e4tzlich in einem ausreichend gro\u00dfen Gef\u00e4\u00df statt. \u00dcber viele Jahrhunderte hinweg wurden daf\u00fcr F\u00e4sser bzw. Holzf\u00e4sser verwendet. Heute kommt vor allem im privaten Bereich meist ein Kunststofffass zum Einsatz. Dieses Fass nennt man dann auch folgerichtig Maischefass.<\/span><span data-ccp-props=\"{&quot;201341983&quot;:0,&quot;335559739&quot;:160,&quot;335559740&quot;:259}\">\u00a0<\/span><\/p>\n<figure id=\"attachment_8517\" aria-describedby=\"caption-attachment-8517\" style=\"width: 800px\" class=\"wp-caption aligncenter\"><img loading=\"lazy\" decoding=\"async\" class=\"wp-image-8517 size-full\" title=\"Das Hinzuf\u00fcgen von Hefekulturen bewirkt den G\u00e4rungsprozess\" src=\"https:\/\/www.rekubik.de\/magazin\/wp-content\/uploads\/2021\/04\/Apfelmaische-im-Kupferkessel.jpg\" alt=\"Maischefass innen\" width=\"800\" height=\"533\" srcset=\"https:\/\/www.rekubik.de\/magazin\/wp-content\/uploads\/2021\/04\/Apfelmaische-im-Kupferkessel.jpg 800w, https:\/\/www.rekubik.de\/magazin\/wp-content\/uploads\/2021\/04\/Apfelmaische-im-Kupferkessel-300x200.jpg 300w, https:\/\/www.rekubik.de\/magazin\/wp-content\/uploads\/2021\/04\/Apfelmaische-im-Kupferkessel-768x512.jpg 768w\" sizes=\"(max-width: 800px) 100vw, 800px\" \/><figcaption id=\"caption-attachment-8517\" class=\"wp-caption-text\">\u00a9 bevisphoto &#8211; stock.adobe.com<\/figcaption><\/figure>\n<h2><span data-contrast=\"auto\">Kunststofff\u00e4sser als perfekte Maischef\u00e4sser f\u00fcr Hobby-Wein- und Biermacher<\/span><span data-ccp-props=\"{&quot;201341983&quot;:0,&quot;335559739&quot;:160,&quot;335559740&quot;:259}\">\u00a0<\/span><\/h2>\n<p style=\"text-align: justify;\"><span data-contrast=\"auto\">F\u00e4sser spielen beim Weinmachen grunds\u00e4tzlich eine gro\u00dfe Rolle. Das gilt \u00fcbrigens auch, wenn Bier in kleinen Mengen selbst produziert oder Most gekeltert werden soll. Fr\u00fcher war dabei ein Holzfass erste Wahl. Der Grund daf\u00fcr: Die meisten Keller, in denen die F\u00e4sser zwangsl\u00e4ufig gelagert wurden, waren feucht und gleichbleibend k\u00fchl. Das Holz kam mit diese<\/span><span data-contrast=\"auto\">n<\/span><span data-contrast=\"auto\">\u00a0Bedingungen geradezu perfekt zurecht. Heute sind die Keller in den H\u00e4usern deutlich w\u00e4rmer und vor allem viel trockener. Ein\u00a0<\/span><span data-contrast=\"auto\">Holzfass w\u00fcrde da sehr schnell austrocknen und unter Umst\u00e4nden sogar undicht werden. F\u00fcr die private Produktion im eigenen Haus ist deshalb ein Kunststofffass viel besser geeignet. W\u00e4rme und Trockenheit k\u00f6nnen Kunststofff\u00e4ssern in der Regel nichts anhaben. Sie bleiben durchg\u00e4ngig dicht. Dar\u00fcber hinaus haben sie den Vorteil, dass sie deutlich geringeres Eigengewicht aufweisen als Holzf\u00e4sser. Gerade bei einem eventuell notwendigen Transport ist das ein wichtiges Kriterium. Dass es sie dar\u00fcber hinaus auch noch deutlich g\u00fcnstiger sind, ist ebenfalls ein wichtiger Faktor.<\/span><span data-ccp-props=\"{&quot;201341983&quot;:0,&quot;335559739&quot;:160,&quot;335559740&quot;:259}\">\u00a0<\/span><\/p>\n<p>\u00a0 \u00a0<a href=\"https:\/\/www.rekubik.de\/kanister-zubehoer\/kanister-faesser\/weithalsfass-maischefass-mit-spannring\"><img loading=\"lazy\" decoding=\"async\" class=\"alignnone wp-image-8521 \" title=\"Weithalsfass Maischefass mit Spannring\" src=\"https:\/\/www.rekubik.de\/magazin\/wp-content\/uploads\/2021\/04\/Verschluss-Deckelfass-mit-PE-Spannring-UN-X-1.jpg\" alt=\"Weithalsfass Maischefass mit Spannring\" width=\"329\" height=\"329\" srcset=\"https:\/\/www.rekubik.de\/magazin\/wp-content\/uploads\/2021\/04\/Verschluss-Deckelfass-mit-PE-Spannring-UN-X-1.jpg 300w, https:\/\/www.rekubik.de\/magazin\/wp-content\/uploads\/2021\/04\/Verschluss-Deckelfass-mit-PE-Spannring-UN-X-1-150x150.jpg 150w\" sizes=\"(max-width: 329px) 100vw, 329px\" \/><\/a>\u00a0 \u00a0<a href=\"https:\/\/www.rekubik.de\/kanister-zubehoer\/kanister-faesser\/weithalsfass-maischefass-mit-spannring\"><img loading=\"lazy\" decoding=\"async\" class=\"wp-image-8519 size-full alignnone\" title=\"Weithalsfass Maischefass mit Spannring\" src=\"https:\/\/www.rekubik.de\/magazin\/wp-content\/uploads\/2021\/04\/Weithalsfass-Maischefass-mit-Spannring2-1.jpg\" alt=\"Weithalsfass Maischefass mit Spannring\" width=\"400\" height=\"536\" srcset=\"https:\/\/www.rekubik.de\/magazin\/wp-content\/uploads\/2021\/04\/Weithalsfass-Maischefass-mit-Spannring2-1.jpg 400w, https:\/\/www.rekubik.de\/magazin\/wp-content\/uploads\/2021\/04\/Weithalsfass-Maischefass-mit-Spannring2-1-224x300.jpg 224w\" sizes=\"(max-width: 400px) 100vw, 400px\" \/><\/a><\/p>\n<p style=\"text-align: justify;\"><span data-contrast=\"auto\">Ein Maischefass aus Kunststoff sollte unbedingt als Weithalsfass konzipiert sein. Dadurch lassen sich beispielsweise gr\u00f6\u00dfere Fruchtst\u00fccke um einiges leichter einf\u00fcllen. Dar\u00fcber hinaus erm\u00f6glicht es ein Weithalsfass auch, die Maische bei Bedarf umzur\u00fchren. Geradezu essenziell ist im \u00dcbrigen ein fest verschlie\u00dfbarer Deckel. L\u00e4sst sich dieser dann auch noch mit einem Spannring aus Metall sichern, ist eine optimale Dichte gew\u00e4hrleistet\u00a0<\/span><span data-contrast=\"auto\">\u2013<\/span><span data-contrast=\"auto\">\u00a0und zwar auch bei Transporten aller Art. Ein derartiges Kunststofffass und der dazugeh\u00f6rige Deckel werden heute meistens aus High Density Polyethylen (HDPE) hergestellt. Dabei handelt es sich um einen sehr robusten, widerstandsf\u00e4higen Kunststoff, der auch mit drastischen Temperaturschwankungen gut zurechtkommt.\u00a0<\/span><span data-ccp-props=\"{&quot;201341983&quot;:0,&quot;335559739&quot;:160,&quot;335559740&quot;:259}\">\u00a0<\/span><\/p>\n<h2><span data-contrast=\"auto\">Auf was es bei einem Maischefass sonst noch ankommt<\/span><span data-ccp-props=\"{&quot;201341983&quot;:0,&quot;335559739&quot;:160,&quot;335559740&quot;:259}\">\u00a0<\/span><\/h2>\n<p style=\"text-align: justify;\"><span data-contrast=\"auto\">Es klingt vielleicht banal, aber ein Maischefass sollte unbedingt gro\u00df genug sein. Typischerweise wird diese<\/span><span data-contrast=\"auto\">s<\/span><span data-contrast=\"auto\">\u00a0Fass\u00a0<\/span><span data-contrast=\"auto\">als<\/span><span data-contrast=\"auto\">\u00a030<\/span><span data-contrast=\"auto\">&#8211;<\/span><span data-contrast=\"auto\">, 60<\/span><span data-contrast=\"auto\">&#8211;<\/span><span data-contrast=\"auto\">, 120<\/span><span data-contrast=\"auto\">&#8211;<\/span><span data-contrast=\"auto\">, 150<\/span><span data-contrast=\"auto\">&#8211;<\/span><span data-contrast=\"auto\">\u00a0und 220<\/span><span data-contrast=\"auto\">&#8211;<\/span><span data-contrast=\"auto\">Liter<\/span><span data-contrast=\"auto\">-V<\/span><span data-contrast=\"auto\">ariante<\/span><span data-contrast=\"auto\">\u00a0angeboten. Dabei muss immer ber\u00fccksichtigt werden, dass so ein Fass nicht bis zum Rand hin gef\u00fcllt sein darf. Es muss vielmehr ein Zwischenraum bleiben, in den sich die Fl\u00fcssigkeit bei der G\u00e4rung hin ausdehnen kann. Auf\u00a0<\/span><span data-contrast=\"auto\">gar keinen<\/span><span data-contrast=\"auto\">\u00a0Fall darf das Maischefass \u00fcberf\u00fcllt werden. Zwar nicht unbedingt notwendig, aber doch von Vorteil ist eine konische Formgebung hin zum Boden. Auf diese Weise lassen sich vor allem gro\u00dfe und damit auch sehr schwere Maischef\u00e4sser leichter bewegen. Ganz \u00e4hnlich verh\u00e4lt es sich mit Griffen, die an der Seite angebracht wurden. Sie sind allerdings meist nur bei kleineren F\u00e4ssern zu finden.<\/span><\/p>\n<p><a href=\"https:\/\/www.rekubik.de\/kanister-zubehoer\/kanister-faesser\/weithalsfass-maischefass-mit-spannring\"><img loading=\"lazy\" decoding=\"async\" class=\"aligncenter wp-image-8514\" title=\"Weithalsfass Maischefass mit Spannring\" src=\"https:\/\/www.rekubik.de\/magazin\/wp-content\/uploads\/2021\/04\/Weithalsfass-Maischefass-mit-Spannring-1.jpg\" alt=\"Weithalsfass Maischefass mit Spannring\" width=\"620\" height=\"464\" srcset=\"https:\/\/www.rekubik.de\/magazin\/wp-content\/uploads\/2021\/04\/Weithalsfass-Maischefass-mit-Spannring-1.jpg 800w, https:\/\/www.rekubik.de\/magazin\/wp-content\/uploads\/2021\/04\/Weithalsfass-Maischefass-mit-Spannring-1-300x225.jpg 300w, https:\/\/www.rekubik.de\/magazin\/wp-content\/uploads\/2021\/04\/Weithalsfass-Maischefass-mit-Spannring-1-768x575.jpg 768w\" sizes=\"(max-width: 620px) 100vw, 620px\" \/><\/a><\/p>\n<p style=\"text-align: justify;\"><span data-contrast=\"auto\">Wer ein Maischefass kauft sollte zudem unbedingt darauf achten, dass es als lebensmittelecht klassifiziert ist. Nur dann ist gew\u00e4hrleistet, dass der Kunststoff nicht mit dem Inhalt reagiert. Sollte dies n\u00e4mlich der Fall sein, w\u00fcrde bestenfalls der Geschmack des Inhalt<\/span><span data-contrast=\"auto\">s\u00a0<\/span><span data-contrast=\"auto\">beeintr\u00e4chtigt. Im schlimmsten Fall k\u00f6nnen sogar erhebliche gesundheitliche Beeintr\u00e4chtigungen drohen. Und ja, auch sonst kommt der Hygiene eine gro\u00dfe Bedeutung zu. Ein Kunststofffass machte eine relativ einfache Reinigung problemlos m\u00f6glich. Grund daf\u00fcr ist die sehr glatte und sehr dichte Oberfl\u00e4che innen wie au\u00dfen. Zu empfehlen ist eine gr\u00fcndliche Reinigung \u00fcbrigens nach der Leerung des Fasses wie auch vor der\u00a0<\/span><span data-contrast=\"auto\">Wiederbef\u00fcllung<\/span><span data-contrast=\"auto\">.<\/span><span data-ccp-props=\"{&quot;201341983&quot;:0,&quot;335559739&quot;:160,&quot;335559740&quot;:259}\">\u00a0<\/span><\/p>\n","protected":false},"excerpt":{"rendered":"<p>Wer Most oder Wein selbst herstellen m\u00f6chte, kommt um das sogenannte Maischen nicht herum. Daf\u00fcr braucht es ein geeignetes Gef\u00e4\u00df, das vor allem dicht sein muss und h\u00f6chsten hygienischen Anspr\u00fcchen gerecht wird. Ideal ist ein\u00a0spezielles Maischefass aus einem hochwertigen Kunststoff. Was so ein Fass auszeichnet, was es kann und wie es am besten genutzt wird, &hellip;<\/p>\n","protected":false},"author":1,"featured_media":8509,"comment_status":"closed","ping_status":"open","sticky":false,"template":"","format":"standard","meta":{"footnotes":""},"categories":[2],"tags":[144,945,946,944,943,942,947],"class_list":["post-8507","post","type-post","status-publish","format-standard","has-post-thumbnail","","category-ibc-unternehmen","tag-do-it-yourself","tag-gaerungsprozess","tag-hefekulturen","tag-hobby-wein-und-biermacher","tag-kunststofffaesser","tag-maischefass-im-einsatz","tag-weithalsfass-mit-spannring"],"yoast_head":"<!-- This site is optimized with the Yoast SEO plugin v23.5 - https:\/\/yoast.com\/wordpress\/plugins\/seo\/ -->\n<title>Das Maischefass im Einsatz - REKUBIK\u00ae Magazin<\/title>\n<meta name=\"description\" content=\"Das Rekubik Magazin befasst sich heute mit der \u2714Herstellung \u2714Reifung \u2714Lagerung von Apfelwein, Most oder neuem Wein! Mehr zum Maischefass!\" \/>\n<meta name=\"robots\" content=\"index, follow, max-snippet:-1, max-image-preview:large, max-video-preview:-1\" \/>\n<link rel=\"canonical\" href=\"https:\/\/www.rekubik.de\/magazin\/das-maischefass-im-einsatz\/\" \/>\n<meta property=\"og:locale\" content=\"de_DE\" \/>\n<meta property=\"og:type\" content=\"article\" \/>\n<meta property=\"og:title\" content=\"Das Maischefass im Einsatz - REKUBIK\u00ae Magazin\" \/>\n<meta property=\"og:description\" content=\"Das Rekubik Magazin befasst sich heute mit der \u2714Herstellung \u2714Reifung \u2714Lagerung von Apfelwein, Most oder neuem Wein! Mehr zum Maischefass!\" \/>\n<meta property=\"og:url\" content=\"https:\/\/www.rekubik.de\/magazin\/das-maischefass-im-einsatz\/\" \/>\n<meta property=\"og:site_name\" content=\"REKUBIK\u00ae Magazin\" \/>\n<meta property=\"article:published_time\" content=\"2020-04-03T11:42:58+00:00\" \/>\n<meta property=\"article:modified_time\" content=\"2020-04-04T11:17:56+00:00\" \/>\n<meta property=\"og:image\" content=\"https:\/\/www.rekubik.de\/magazin\/wp-content\/uploads\/2021\/04\/Maischeerstellung.jpg\" \/>\n\t<meta property=\"og:image:width\" content=\"800\" \/>\n\t<meta property=\"og:image:height\" content=\"475\" \/>\n\t<meta property=\"og:image:type\" content=\"image\/jpeg\" \/>\n<meta name=\"author\" content=\"admin\" \/>\n<meta name=\"twitter:card\" content=\"summary_large_image\" \/>\n<meta name=\"twitter:label1\" content=\"Geschrieben von\" \/>\n\t<meta name=\"twitter:data1\" content=\"admin\" \/>\n\t<meta name=\"twitter:label2\" content=\"Gesch\u00e4tzte Lesezeit\" \/>\n\t<meta name=\"twitter:data2\" content=\"5\u00a0Minuten\" \/>\n<script type=\"application\/ld+json\" class=\"yoast-schema-graph\">{\"@context\":\"https:\/\/schema.org\",\"@graph\":[{\"@type\":\"Article\",\"@id\":\"https:\/\/www.rekubik.de\/magazin\/das-maischefass-im-einsatz\/#article\",\"isPartOf\":{\"@id\":\"https:\/\/www.rekubik.de\/magazin\/das-maischefass-im-einsatz\/\"},\"author\":{\"name\":\"admin\",\"@id\":\"https:\/\/www.rekubik.de\/magazin\/#\/schema\/person\/d5faea021aac94edeeb8e47cf06771c7\"},\"headline\":\"Das Maischefass im Einsatz\",\"datePublished\":\"2020-04-03T11:42:58+00:00\",\"dateModified\":\"2020-04-04T11:17:56+00:00\",\"mainEntityOfPage\":{\"@id\":\"https:\/\/www.rekubik.de\/magazin\/das-maischefass-im-einsatz\/\"},\"wordCount\":969,\"publisher\":{\"@id\":\"https:\/\/www.rekubik.de\/magazin\/#organization\"},\"image\":{\"@id\":\"https:\/\/www.rekubik.de\/magazin\/das-maischefass-im-einsatz\/#primaryimage\"},\"thumbnailUrl\":\"https:\/\/www.rekubik.de\/magazin\/wp-content\/uploads\/2021\/04\/Maischeerstellung.jpg\",\"keywords\":[\"Do-it-yourself\",\"G\u00e4rungsprozess\",\"Hefekulturen\",\"Hobby-Wein- und Biermacher\",\"Kunststofff\u00e4sser\",\"Maischefass im Einsatz\",\"Weithalsfass mit Spannring\"],\"articleSection\":[\"IBC IN UNTERNEHMEN\"],\"inLanguage\":\"de\"},{\"@type\":\"WebPage\",\"@id\":\"https:\/\/www.rekubik.de\/magazin\/das-maischefass-im-einsatz\/\",\"url\":\"https:\/\/www.rekubik.de\/magazin\/das-maischefass-im-einsatz\/\",\"name\":\"Das Maischefass im Einsatz - REKUBIK\u00ae Magazin\",\"isPartOf\":{\"@id\":\"https:\/\/www.rekubik.de\/magazin\/#website\"},\"primaryImageOfPage\":{\"@id\":\"https:\/\/www.rekubik.de\/magazin\/das-maischefass-im-einsatz\/#primaryimage\"},\"image\":{\"@id\":\"https:\/\/www.rekubik.de\/magazin\/das-maischefass-im-einsatz\/#primaryimage\"},\"thumbnailUrl\":\"https:\/\/www.rekubik.de\/magazin\/wp-content\/uploads\/2021\/04\/Maischeerstellung.jpg\",\"datePublished\":\"2020-04-03T11:42:58+00:00\",\"dateModified\":\"2020-04-04T11:17:56+00:00\",\"description\":\"Das Rekubik Magazin befasst sich heute mit der \u2714Herstellung \u2714Reifung \u2714Lagerung von Apfelwein, Most oder neuem Wein! Mehr zum Maischefass!\",\"breadcrumb\":{\"@id\":\"https:\/\/www.rekubik.de\/magazin\/das-maischefass-im-einsatz\/#breadcrumb\"},\"inLanguage\":\"de\",\"potentialAction\":[{\"@type\":\"ReadAction\",\"target\":[\"https:\/\/www.rekubik.de\/magazin\/das-maischefass-im-einsatz\/\"]}]},{\"@type\":\"ImageObject\",\"inLanguage\":\"de\",\"@id\":\"https:\/\/www.rekubik.de\/magazin\/das-maischefass-im-einsatz\/#primaryimage\",\"url\":\"https:\/\/www.rekubik.de\/magazin\/wp-content\/uploads\/2021\/04\/Maischeerstellung.jpg\",\"contentUrl\":\"https:\/\/www.rekubik.de\/magazin\/wp-content\/uploads\/2021\/04\/Maischeerstellung.jpg\",\"width\":800,\"height\":475},{\"@type\":\"BreadcrumbList\",\"@id\":\"https:\/\/www.rekubik.de\/magazin\/das-maischefass-im-einsatz\/#breadcrumb\",\"itemListElement\":[{\"@type\":\"ListItem\",\"position\":1,\"name\":\"Home\",\"item\":\"https:\/\/www.rekubik.de\/magazin\/\"},{\"@type\":\"ListItem\",\"position\":2,\"name\":\"Das Maischefass im Einsatz\"}]},{\"@type\":\"WebSite\",\"@id\":\"https:\/\/www.rekubik.de\/magazin\/#website\",\"url\":\"https:\/\/www.rekubik.de\/magazin\/\",\"name\":\"REKUBIK\u00ae Magazin\",\"description\":\"\",\"publisher\":{\"@id\":\"https:\/\/www.rekubik.de\/magazin\/#organization\"},\"potentialAction\":[{\"@type\":\"SearchAction\",\"target\":{\"@type\":\"EntryPoint\",\"urlTemplate\":\"https:\/\/www.rekubik.de\/magazin\/?s={search_term_string}\"},\"query-input\":{\"@type\":\"PropertyValueSpecification\",\"valueRequired\":true,\"valueName\":\"search_term_string\"}}],\"inLanguage\":\"de\"},{\"@type\":\"Organization\",\"@id\":\"https:\/\/www.rekubik.de\/magazin\/#organization\",\"name\":\"Rekubik\",\"url\":\"https:\/\/www.rekubik.de\/magazin\/\",\"logo\":{\"@type\":\"ImageObject\",\"inLanguage\":\"de\",\"@id\":\"https:\/\/www.rekubik.de\/magazin\/#\/schema\/logo\/image\/\",\"url\":\"https:\/\/www.rekubik.de\/magazin\/wp-content\/uploads\/2017\/12\/rekubik-LOGO-Shopware.png\",\"contentUrl\":\"https:\/\/www.rekubik.de\/magazin\/wp-content\/uploads\/2017\/12\/rekubik-LOGO-Shopware.png\",\"width\":200,\"height\":50,\"caption\":\"Rekubik\"},\"image\":{\"@id\":\"https:\/\/www.rekubik.de\/magazin\/#\/schema\/logo\/image\/\"}},{\"@type\":\"Person\",\"@id\":\"https:\/\/www.rekubik.de\/magazin\/#\/schema\/person\/d5faea021aac94edeeb8e47cf06771c7\",\"name\":\"admin\",\"image\":{\"@type\":\"ImageObject\",\"inLanguage\":\"de\",\"@id\":\"https:\/\/www.rekubik.de\/magazin\/#\/schema\/person\/image\/\",\"url\":\"https:\/\/secure.gravatar.com\/avatar\/a794a4fe8a9b9c52241597eb381dfa2e?s=96&d=mm&r=g\",\"contentUrl\":\"https:\/\/secure.gravatar.com\/avatar\/a794a4fe8a9b9c52241597eb381dfa2e?s=96&d=mm&r=g\",\"caption\":\"admin\"}}]}<\/script>\n<!-- \/ Yoast SEO plugin. -->","yoast_head_json":{"title":"Das Maischefass im Einsatz - REKUBIK\u00ae Magazin","description":"Das Rekubik Magazin befasst sich heute mit der \u2714Herstellung \u2714Reifung \u2714Lagerung von Apfelwein, Most oder neuem Wein! Mehr zum Maischefass!","robots":{"index":"index","follow":"follow","max-snippet":"max-snippet:-1","max-image-preview":"max-image-preview:large","max-video-preview":"max-video-preview:-1"},"canonical":"https:\/\/www.rekubik.de\/magazin\/das-maischefass-im-einsatz\/","og_locale":"de_DE","og_type":"article","og_title":"Das Maischefass im Einsatz - REKUBIK\u00ae Magazin","og_description":"Das Rekubik Magazin befasst sich heute mit der \u2714Herstellung \u2714Reifung \u2714Lagerung von Apfelwein, Most oder neuem Wein! Mehr zum Maischefass!","og_url":"https:\/\/www.rekubik.de\/magazin\/das-maischefass-im-einsatz\/","og_site_name":"REKUBIK\u00ae Magazin","article_published_time":"2020-04-03T11:42:58+00:00","article_modified_time":"2020-04-04T11:17:56+00:00","og_image":[{"width":800,"height":475,"url":"https:\/\/www.rekubik.de\/magazin\/wp-content\/uploads\/2021\/04\/Maischeerstellung.jpg","type":"image\/jpeg"}],"author":"admin","twitter_card":"summary_large_image","twitter_misc":{"Geschrieben von":"admin","Gesch\u00e4tzte Lesezeit":"5\u00a0Minuten"},"schema":{"@context":"https:\/\/schema.org","@graph":[{"@type":"Article","@id":"https:\/\/www.rekubik.de\/magazin\/das-maischefass-im-einsatz\/#article","isPartOf":{"@id":"https:\/\/www.rekubik.de\/magazin\/das-maischefass-im-einsatz\/"},"author":{"name":"admin","@id":"https:\/\/www.rekubik.de\/magazin\/#\/schema\/person\/d5faea021aac94edeeb8e47cf06771c7"},"headline":"Das Maischefass im Einsatz","datePublished":"2020-04-03T11:42:58+00:00","dateModified":"2020-04-04T11:17:56+00:00","mainEntityOfPage":{"@id":"https:\/\/www.rekubik.de\/magazin\/das-maischefass-im-einsatz\/"},"wordCount":969,"publisher":{"@id":"https:\/\/www.rekubik.de\/magazin\/#organization"},"image":{"@id":"https:\/\/www.rekubik.de\/magazin\/das-maischefass-im-einsatz\/#primaryimage"},"thumbnailUrl":"https:\/\/www.rekubik.de\/magazin\/wp-content\/uploads\/2021\/04\/Maischeerstellung.jpg","keywords":["Do-it-yourself","G\u00e4rungsprozess","Hefekulturen","Hobby-Wein- und Biermacher","Kunststofff\u00e4sser","Maischefass im Einsatz","Weithalsfass mit Spannring"],"articleSection":["IBC IN UNTERNEHMEN"],"inLanguage":"de"},{"@type":"WebPage","@id":"https:\/\/www.rekubik.de\/magazin\/das-maischefass-im-einsatz\/","url":"https:\/\/www.rekubik.de\/magazin\/das-maischefass-im-einsatz\/","name":"Das Maischefass im Einsatz - REKUBIK\u00ae Magazin","isPartOf":{"@id":"https:\/\/www.rekubik.de\/magazin\/#website"},"primaryImageOfPage":{"@id":"https:\/\/www.rekubik.de\/magazin\/das-maischefass-im-einsatz\/#primaryimage"},"image":{"@id":"https:\/\/www.rekubik.de\/magazin\/das-maischefass-im-einsatz\/#primaryimage"},"thumbnailUrl":"https:\/\/www.rekubik.de\/magazin\/wp-content\/uploads\/2021\/04\/Maischeerstellung.jpg","datePublished":"2020-04-03T11:42:58+00:00","dateModified":"2020-04-04T11:17:56+00:00","description":"Das Rekubik Magazin befasst sich heute mit der \u2714Herstellung \u2714Reifung \u2714Lagerung von Apfelwein, Most oder neuem Wein! Mehr zum Maischefass!","breadcrumb":{"@id":"https:\/\/www.rekubik.de\/magazin\/das-maischefass-im-einsatz\/#breadcrumb"},"inLanguage":"de","potentialAction":[{"@type":"ReadAction","target":["https:\/\/www.rekubik.de\/magazin\/das-maischefass-im-einsatz\/"]}]},{"@type":"ImageObject","inLanguage":"de","@id":"https:\/\/www.rekubik.de\/magazin\/das-maischefass-im-einsatz\/#primaryimage","url":"https:\/\/www.rekubik.de\/magazin\/wp-content\/uploads\/2021\/04\/Maischeerstellung.jpg","contentUrl":"https:\/\/www.rekubik.de\/magazin\/wp-content\/uploads\/2021\/04\/Maischeerstellung.jpg","width":800,"height":475},{"@type":"BreadcrumbList","@id":"https:\/\/www.rekubik.de\/magazin\/das-maischefass-im-einsatz\/#breadcrumb","itemListElement":[{"@type":"ListItem","position":1,"name":"Home","item":"https:\/\/www.rekubik.de\/magazin\/"},{"@type":"ListItem","position":2,"name":"Das Maischefass im Einsatz"}]},{"@type":"WebSite","@id":"https:\/\/www.rekubik.de\/magazin\/#website","url":"https:\/\/www.rekubik.de\/magazin\/","name":"REKUBIK\u00ae Magazin","description":"","publisher":{"@id":"https:\/\/www.rekubik.de\/magazin\/#organization"},"potentialAction":[{"@type":"SearchAction","target":{"@type":"EntryPoint","urlTemplate":"https:\/\/www.rekubik.de\/magazin\/?s={search_term_string}"},"query-input":{"@type":"PropertyValueSpecification","valueRequired":true,"valueName":"search_term_string"}}],"inLanguage":"de"},{"@type":"Organization","@id":"https:\/\/www.rekubik.de\/magazin\/#organization","name":"Rekubik","url":"https:\/\/www.rekubik.de\/magazin\/","logo":{"@type":"ImageObject","inLanguage":"de","@id":"https:\/\/www.rekubik.de\/magazin\/#\/schema\/logo\/image\/","url":"https:\/\/www.rekubik.de\/magazin\/wp-content\/uploads\/2017\/12\/rekubik-LOGO-Shopware.png","contentUrl":"https:\/\/www.rekubik.de\/magazin\/wp-content\/uploads\/2017\/12\/rekubik-LOGO-Shopware.png","width":200,"height":50,"caption":"Rekubik"},"image":{"@id":"https:\/\/www.rekubik.de\/magazin\/#\/schema\/logo\/image\/"}},{"@type":"Person","@id":"https:\/\/www.rekubik.de\/magazin\/#\/schema\/person\/d5faea021aac94edeeb8e47cf06771c7","name":"admin","image":{"@type":"ImageObject","inLanguage":"de","@id":"https:\/\/www.rekubik.de\/magazin\/#\/schema\/person\/image\/","url":"https:\/\/secure.gravatar.com\/avatar\/a794a4fe8a9b9c52241597eb381dfa2e?s=96&d=mm&r=g","contentUrl":"https:\/\/secure.gravatar.com\/avatar\/a794a4fe8a9b9c52241597eb381dfa2e?s=96&d=mm&r=g","caption":"admin"}}]}},"_links":{"self":[{"href":"https:\/\/www.rekubik.de\/magazin\/wp-json\/wp\/v2\/posts\/8507"}],"collection":[{"href":"https:\/\/www.rekubik.de\/magazin\/wp-json\/wp\/v2\/posts"}],"about":[{"href":"https:\/\/www.rekubik.de\/magazin\/wp-json\/wp\/v2\/types\/post"}],"author":[{"embeddable":true,"href":"https:\/\/www.rekubik.de\/magazin\/wp-json\/wp\/v2\/users\/1"}],"replies":[{"embeddable":true,"href":"https:\/\/www.rekubik.de\/magazin\/wp-json\/wp\/v2\/comments?post=8507"}],"version-history":[{"count":19,"href":"https:\/\/www.rekubik.de\/magazin\/wp-json\/wp\/v2\/posts\/8507\/revisions"}],"predecessor-version":[{"id":8532,"href":"https:\/\/www.rekubik.de\/magazin\/wp-json\/wp\/v2\/posts\/8507\/revisions\/8532"}],"wp:featuredmedia":[{"embeddable":true,"href":"https:\/\/www.rekubik.de\/magazin\/wp-json\/wp\/v2\/media\/8509"}],"wp:attachment":[{"href":"https:\/\/www.rekubik.de\/magazin\/wp-json\/wp\/v2\/media?parent=8507"}],"wp:term":[{"taxonomy":"category","embeddable":true,"href":"https:\/\/www.rekubik.de\/magazin\/wp-json\/wp\/v2\/categories?post=8507"},{"taxonomy":"post_tag","embeddable":true,"href":"https:\/\/www.rekubik.de\/magazin\/wp-json\/wp\/v2\/tags?post=8507"}],"curies":[{"name":"wp","href":"https:\/\/api.w.org\/{rel}","templated":true}]}}